{"id":63982,"date":"2021-03-17T17:51:15","date_gmt":"2021-03-17T17:51:15","guid":{"rendered":"https:\/\/www.altominho.tv\/site\/?p=63982"},"modified":"2021-03-17T17:51:17","modified_gmt":"2021-03-17T17:51:17","slug":"casos-ativos-sobem-para-192-no-alto-minho","status":"publish","type":"post","link":"https:\/\/www.altominho.tv\/site\/2021\/03\/17\/casos-ativos-sobem-para-192-no-alto-minho\/","title":{"rendered":"Casos ativos sobem para 192 no Alto Minho"},"content":{"rendered":"<p><strong>A regi\u00e3o do Alto Minho registou desde a passada segunda-feira mais uma morte associada \u00e0 Covid-19, 79 novas infe\u00e7\u00f5es e 48 recuperados. H\u00e1 agora 192 casos ativos de infe\u00e7\u00e3o.<\/strong><\/p>\n<p>Segundo os dados divulgados esta quarta-feira pela Unidade Local de Sa\u00fade do Alto Minho (ULSAM), foi registada uma v\u00edtima mortal no concelho de Caminha, que somou tamb\u00e9m um novo caso de infe\u00e7\u00e3o e duas recupera\u00e7\u00f5es. H\u00e1 quatro casos ativos.<\/p>\n<p>O concelho de Viana do Castelo contabilizou mais 67 casos de infe\u00e7\u00e3o, 28 recuperados e conta agora com 143 casos ativos.<\/p>\n<p>O n\u00famero de casos ativos voltou a diminuir em Ponte de Lima. Com mais duas infe\u00e7\u00f5es e sete recuperados nos \u00faltimos dois dias, h\u00e1 agora 16 infetados neste concelho.<\/p>\n<p>O concelho de Arcos de Valdevez registou mais um caso de infe\u00e7\u00e3o e quatro recuperados. O n\u00famero de casos ativos diminuiu para 12.<\/p>\n<p>Em Vila Nova de Cerveira foi registado mais um caso de infe\u00e7\u00e3o e o concelho tem agora seis infe\u00e7\u00f5es ativas.<\/p>\n<p>Sem novos casos de infe\u00e7\u00e3o, o concelho de Melga\u00e7o registou uma recupera\u00e7\u00e3o e o n\u00famero de infetados desceu para tr\u00eas.<\/p>\n<p>Ponte da Barca tem mais duas infe\u00e7\u00f5es, num total de tr\u00eas casos ativos.<\/p>\n<p>Mon\u00e7\u00e3o registou dois novos casos de infe\u00e7\u00e3o e quatro recuperados. H\u00e1 apenas dois infetados neste concelho.<\/p>\n<p>O concelho de Valen\u00e7a registou tr\u00eas casos de Covid-19 e dois recuperados. Neste momento, tem dois casos ativos.<\/p>\n<p>N\u00e3o h\u00e1 registo de novos casos em Paredes de Coura, que continua com um caso ativo.<\/p>\n<div class=\"entry-content\">\n<p>Desde o in\u00edcio da pandemia, o distrito de Viana do Castelo registou um total de 17.890 casos, 17.291 recuperados e 407 \u00f3bitos.<\/p>\n<\/div>\n<div class=\"entry-content\">\u00a0<\/div>\n\n\n<figure class=\"wp-block-image size-large\"><img loading=\"lazy\" decoding=\"async\" width=\"1024\" height=\"672\" src=\"https:\/\/www.altominho.tv\/site\/wp-content\/uploads\/2021\/03\/Tabela-1024x672.png\" alt=\"\" class=\"wp-image-63984\" srcset=\"https:\/\/www.altominho.tv\/site\/wp-content\/uploads\/2021\/03\/Tabela-1024x672.png 1024w, https:\/\/www.altominho.tv\/site\/wp-content\/uploads\/2021\/03\/Tabela-660x433.png 660w, https:\/\/www.altominho.tv\/site\/wp-content\/uploads\/2021\/03\/Tabela-768x504.png 768w, https:\/\/www.altominho.tv\/site\/wp-content\/uploads\/2021\/03\/Tabela-370x243.png 370w, https:\/\/www.altominho.tv\/site\/wp-content\/uploads\/2021\/03\/Tabela-270x177.png 270w, https:\/\/www.altominho.tv\/site\/wp-content\/uploads\/2021\/03\/Tabela-570x374.png 570w, https:\/\/www.altominho.tv\/site\/wp-content\/uploads\/2021\/03\/Tabela-740x486.png 740w, https:\/\/www.altominho.tv\/site\/wp-content\/uploads\/2021\/03\/Tabela.png 1126w\" sizes=\"auto, (max-width: 1024px) 100vw, 1024px\" \/><\/figure>\n\n\n\n<figure class=\"wp-block-image size-large\"><img loading=\"lazy\" decoding=\"async\" width=\"1024\" height=\"583\" src=\"https:\/\/www.altominho.tv\/site\/wp-content\/uploads\/2021\/03\/Grafico-2-1024x583.jpg\" alt=\"\" class=\"wp-image-63983\" srcset=\"https:\/\/www.altominho.tv\/site\/wp-content\/uploads\/2021\/03\/Grafico-2-1024x583.jpg 1024w, https:\/\/www.altominho.tv\/site\/wp-content\/uploads\/2021\/03\/Grafico-2-761x433.jpg 761w, https:\/\/www.altominho.tv\/site\/wp-content\/uploads\/2021\/03\/Grafico-2-768x437.jpg 768w, https:\/\/www.altominho.tv\/site\/wp-content\/uploads\/2021\/03\/Grafico-2-370x210.jpg 370w, https:\/\/www.altominho.tv\/site\/wp-content\/uploads\/2021\/03\/Grafico-2-270x154.jpg 270w, https:\/\/www.altominho.tv\/site\/wp-content\/uploads\/2021\/03\/Grafico-2-570x324.jpg 570w, https:\/\/www.altominho.tv\/site\/wp-content\/uploads\/2021\/03\/Grafico-2-740x421.jpg 740w, https:\/\/www.altominho.tv\/site\/wp-content\/uploads\/2021\/03\/Grafico-2.jpg 1125w\" sizes=\"auto, (max-width: 1024px) 100vw, 1024px\" \/><\/figure>\n","protected":false},"excerpt":{"rendered":"<p>A regi\u00e3o do Alto Minho registou desde a passada segunda-feira mais uma morte associada \u00e0 Covid-19, 79 novas infe\u00e7\u00f5es e 48 recuperados. H\u00e1 agora 192 casos ativos de infe\u00e7\u00e3o. Segundo os dados divulgados esta quarta-feira pela Unidade Local de Sa\u00fade do Alto Minho (ULSAM), foi registada uma v\u00edtima mortal no concelho de Caminha, que somou [&hellip;]<\/p>\n","protected":false},"author":12,"featured_media":62669,"comment_status":"closed","ping_status":"closed","sticky":false,"template":"","format":"standard","meta":{"_exactmetrics_skip_tracking":false,"_exactmetrics_sitenote_active":false,"_exactmetrics_sitenote_note":"","_exactmetrics_sitenote_category":0,"footnotes":""},"categories":[73],"tags":[26,27],"class_list":["post-63982","post","type-post","status-publish","format-standard","has-post-thumbnail","hentry","category-alto-minho","tag-saude","tag-sociedade"],"yoast_head":"<!-- This site is optimized with the Yoast SEO Premium plugin v27.4 (Yoast SEO v27.4) - https:\/\/yoast.com\/product\/yoast-seo-premium-wordpress\/ -->\n<title>Casos ativos sobem para 192 no Alto Minho<\/title>\n<meta name=\"robots\" content=\"index, follow, max-snippet:-1, max-image-preview:large, max-video-preview:-1\" \/>\n<link rel=\"canonical\" href=\"https:\/\/www.altominho.tv\/site\/2021\/03\/17\/casos-ativos-sobem-para-192-no-alto-minho\/\" \/>\n<meta property=\"og:locale\" content=\"pt_PT\" \/>\n<meta property=\"og:type\" content=\"article\" \/>\n<meta property=\"og:title\" content=\"Casos ativos sobem para 192 no Alto Minho\" \/>\n<meta property=\"og:description\" content=\"A regi\u00e3o do Alto Minho registou desde a passada segunda-feira mais uma morte associada \u00e0 Covid-19, 79 novas infe\u00e7\u00f5es e 48 recuperados. H\u00e1 agora 192 casos ativos de infe\u00e7\u00e3o. Segundo os dados divulgados esta quarta-feira pela Unidade Local de Sa\u00fade do Alto Minho (ULSAM), foi registada uma v\u00edtima mortal no concelho de Caminha, que somou [&hellip;]\" \/>\n<meta property=\"og:url\" content=\"https:\/\/www.altominho.tv\/site\/2021\/03\/17\/casos-ativos-sobem-para-192-no-alto-minho\/\" \/>\n<meta property=\"og:site_name\" content=\"Altominho.tv\" \/>\n<meta property=\"article:publisher\" content=\"https:\/\/www.facebook.com\/altominhotv\" \/>\n<meta property=\"article:published_time\" content=\"2021-03-17T17:51:15+00:00\" \/>\n<meta property=\"article:modified_time\" content=\"2021-03-17T17:51:17+00:00\" \/>\n<meta property=\"og:image\" content=\"https:\/\/www.altominho.tv\/site\/wp-content\/uploads\/2021\/02\/Alto-Minho-1.jpg\" \/>\n\t<meta property=\"og:image:width\" content=\"740\" \/>\n\t<meta property=\"og:image:height\" content=\"493\" \/>\n\t<meta property=\"og:image:type\" content=\"image\/jpeg\" \/>\n<meta name=\"author\" content=\"Andreia Ferreira\" \/>\n<meta name=\"twitter:card\" content=\"summary_large_image\" \/>\n<meta name=\"twitter:creator\" content=\"@altominhoTV\" \/>\n<meta name=\"twitter:site\" content=\"@altominhoTV\" \/>\n<meta name=\"twitter:label1\" content=\"Escrito por\" \/>\n\t<meta name=\"twitter:data1\" content=\"Andreia Ferreira\" \/>\n\t<meta name=\"twitter:label2\" content=\"Tempo estimado de leitura\" \/>\n\t<meta name=\"twitter:data2\" content=\"1 minuto\" \/>\n<script type=\"application\/ld+json\" class=\"yoast-schema-graph\">{\"@context\":\"https:\\\/\\\/schema.org\",\"@graph\":[{\"@type\":\"Article\",\"@id\":\"https:\\\/\\\/www.altominho.tv\\\/site\\\/2021\\\/03\\\/17\\\/casos-ativos-sobem-para-192-no-alto-minho\\\/#article\",\"isPartOf\":{\"@id\":\"https:\\\/\\\/www.altominho.tv\\\/site\\\/2021\\\/03\\\/17\\\/casos-ativos-sobem-para-192-no-alto-minho\\\/\"},\"author\":{\"name\":\"Andreia Ferreira\",\"@id\":\"https:\\\/\\\/www.altominho.tv\\\/site\\\/#\\\/schema\\\/person\\\/d9be4265364723f14ea8e0d56a1d38cd\"},\"headline\":\"Casos ativos sobem para 192 no Alto Minho\",\"datePublished\":\"2021-03-17T17:51:15+00:00\",\"dateModified\":\"2021-03-17T17:51:17+00:00\",\"mainEntityOfPage\":{\"@id\":\"https:\\\/\\\/www.altominho.tv\\\/site\\\/2021\\\/03\\\/17\\\/casos-ativos-sobem-para-192-no-alto-minho\\\/\"},\"wordCount\":289,\"image\":{\"@id\":\"https:\\\/\\\/www.altominho.tv\\\/site\\\/2021\\\/03\\\/17\\\/casos-ativos-sobem-para-192-no-alto-minho\\\/#primaryimage\"},\"thumbnailUrl\":\"https:\\\/\\\/www.altominho.tv\\\/site\\\/wp-content\\\/uploads\\\/2021\\\/02\\\/Alto-Minho-1.jpg\",\"keywords\":[\"Sa\u00fade\",\"Sociedade\"],\"articleSection\":[\"Alto Minho\"],\"inLanguage\":\"pt-PT\",\"copyrightYear\":\"2021\",\"copyrightHolder\":{\"@id\":\"https:\\\/\\\/www.altominho.tv\\\/site\\\/#organization\"}},{\"@type\":\"WebPage\",\"@id\":\"https:\\\/\\\/www.altominho.tv\\\/site\\\/2021\\\/03\\\/17\\\/casos-ativos-sobem-para-192-no-alto-minho\\\/\",\"url\":\"https:\\\/\\\/www.altominho.tv\\\/site\\\/2021\\\/03\\\/17\\\/casos-ativos-sobem-para-192-no-alto-minho\\\/\",\"name\":\"Casos ativos sobem para 192 no Alto Minho\",\"isPartOf\":{\"@id\":\"https:\\\/\\\/www.altominho.tv\\\/site\\\/#website\"},\"primaryImageOfPage\":{\"@id\":\"https:\\\/\\\/www.altominho.tv\\\/site\\\/2021\\\/03\\\/17\\\/casos-ativos-sobem-para-192-no-alto-minho\\\/#primaryimage\"},\"image\":{\"@id\":\"https:\\\/\\\/www.altominho.tv\\\/site\\\/2021\\\/03\\\/17\\\/casos-ativos-sobem-para-192-no-alto-minho\\\/#primaryimage\"},\"thumbnailUrl\":\"https:\\\/\\\/www.altominho.tv\\\/site\\\/wp-content\\\/uploads\\\/2021\\\/02\\\/Alto-Minho-1.jpg\",\"datePublished\":\"2021-03-17T17:51:15+00:00\",\"dateModified\":\"2021-03-17T17:51:17+00:00\",\"author\":{\"@id\":\"https:\\\/\\\/www.altominho.tv\\\/site\\\/#\\\/schema\\\/person\\\/d9be4265364723f14ea8e0d56a1d38cd\"},\"breadcrumb\":{\"@id\":\"https:\\\/\\\/www.altominho.tv\\\/site\\\/2021\\\/03\\\/17\\\/casos-ativos-sobem-para-192-no-alto-minho\\\/#breadcrumb\"},\"inLanguage\":\"pt-PT\",\"potentialAction\":[{\"@type\":\"ReadAction\",\"target\":[\"https:\\\/\\\/www.altominho.tv\\\/site\\\/2021\\\/03\\\/17\\\/casos-ativos-sobem-para-192-no-alto-minho\\\/\"]}]},{\"@type\":\"ImageObject\",\"inLanguage\":\"pt-PT\",\"@id\":\"https:\\\/\\\/www.altominho.tv\\\/site\\\/2021\\\/03\\\/17\\\/casos-ativos-sobem-para-192-no-alto-minho\\\/#primaryimage\",\"url\":\"https:\\\/\\\/www.altominho.tv\\\/site\\\/wp-content\\\/uploads\\\/2021\\\/02\\\/Alto-Minho-1.jpg\",\"contentUrl\":\"https:\\\/\\\/www.altominho.tv\\\/site\\\/wp-content\\\/uploads\\\/2021\\\/02\\\/Alto-Minho-1.jpg\",\"width\":740,\"height\":493},{\"@type\":\"BreadcrumbList\",\"@id\":\"https:\\\/\\\/www.altominho.tv\\\/site\\\/2021\\\/03\\\/17\\\/casos-ativos-sobem-para-192-no-alto-minho\\\/#breadcrumb\",\"itemListElement\":[{\"@type\":\"ListItem\",\"position\":1,\"name\":\"In\u00edcio\",\"item\":\"https:\\\/\\\/www.altominho.tv\\\/site\\\/\"},{\"@type\":\"ListItem\",\"position\":2,\"name\":\"Casos ativos sobem para 192 no Alto Minho\"}]},{\"@type\":\"WebSite\",\"@id\":\"https:\\\/\\\/www.altominho.tv\\\/site\\\/#website\",\"url\":\"https:\\\/\\\/www.altominho.tv\\\/site\\\/\",\"name\":\"Altominho.tv\",\"description\":\"A sua regi\u00e3o \u00e0 dist\u00e2ncia de um clique...\",\"potentialAction\":[{\"@type\":\"SearchAction\",\"target\":{\"@type\":\"EntryPoint\",\"urlTemplate\":\"https:\\\/\\\/www.altominho.tv\\\/site\\\/?s={search_term_string}\"},\"query-input\":{\"@type\":\"PropertyValueSpecification\",\"valueRequired\":true,\"valueName\":\"search_term_string\"}}],\"inLanguage\":\"pt-PT\"},{\"@type\":\"Person\",\"@id\":\"https:\\\/\\\/www.altominho.tv\\\/site\\\/#\\\/schema\\\/person\\\/d9be4265364723f14ea8e0d56a1d38cd\",\"name\":\"Andreia Ferreira\",\"image\":{\"@type\":\"ImageObject\",\"inLanguage\":\"pt-PT\",\"@id\":\"https:\\\/\\\/www.altominho.tv\\\/site\\\/wp-content\\\/uploads\\\/2021\\\/01\\\/AndreiaFerreira-150x150.jpg\",\"url\":\"https:\\\/\\\/www.altominho.tv\\\/site\\\/wp-content\\\/uploads\\\/2021\\\/01\\\/AndreiaFerreira-150x150.jpg\",\"contentUrl\":\"https:\\\/\\\/www.altominho.tv\\\/site\\\/wp-content\\\/uploads\\\/2021\\\/01\\\/AndreiaFerreira-150x150.jpg\",\"caption\":\"Andreia Ferreira\"},\"url\":\"https:\\\/\\\/www.altominho.tv\\\/site\\\/author\\\/andreiaferreira\\\/\"}]}<\/script>\n<!-- \/ Yoast SEO Premium plugin. -->","yoast_head_json":{"title":"Casos ativos sobem para 192 no Alto Minho","robots":{"index":"index","follow":"follow","max-snippet":"max-snippet:-1","max-image-preview":"max-image-preview:large","max-video-preview":"max-video-preview:-1"},"canonical":"https:\/\/www.altominho.tv\/site\/2021\/03\/17\/casos-ativos-sobem-para-192-no-alto-minho\/","og_locale":"pt_PT","og_type":"article","og_title":"Casos ativos sobem para 192 no Alto Minho","og_description":"A regi\u00e3o do Alto Minho registou desde a passada segunda-feira mais uma morte associada \u00e0 Covid-19, 79 novas infe\u00e7\u00f5es e 48 recuperados. H\u00e1 agora 192 casos ativos de infe\u00e7\u00e3o. Segundo os dados divulgados esta quarta-feira pela Unidade Local de Sa\u00fade do Alto Minho (ULSAM), foi registada uma v\u00edtima mortal no concelho de Caminha, que somou [&hellip;]","og_url":"https:\/\/www.altominho.tv\/site\/2021\/03\/17\/casos-ativos-sobem-para-192-no-alto-minho\/","og_site_name":"Altominho.tv","article_publisher":"https:\/\/www.facebook.com\/altominhotv","article_published_time":"2021-03-17T17:51:15+00:00","article_modified_time":"2021-03-17T17:51:17+00:00","og_image":[{"width":740,"height":493,"url":"https:\/\/www.altominho.tv\/site\/wp-content\/uploads\/2021\/02\/Alto-Minho-1.jpg","type":"image\/jpeg"}],"author":"Andreia Ferreira","twitter_card":"summary_large_image","twitter_creator":"@altominhoTV","twitter_site":"@altominhoTV","twitter_misc":{"Escrito por":"Andreia Ferreira","Tempo estimado de leitura":"1 minuto"},"schema":{"@context":"https:\/\/schema.org","@graph":[{"@type":"Article","@id":"https:\/\/www.altominho.tv\/site\/2021\/03\/17\/casos-ativos-sobem-para-192-no-alto-minho\/#article","isPartOf":{"@id":"https:\/\/www.altominho.tv\/site\/2021\/03\/17\/casos-ativos-sobem-para-192-no-alto-minho\/"},"author":{"name":"Andreia Ferreira","@id":"https:\/\/www.altominho.tv\/site\/#\/schema\/person\/d9be4265364723f14ea8e0d56a1d38cd"},"headline":"Casos ativos sobem para 192 no Alto Minho","datePublished":"2021-03-17T17:51:15+00:00","dateModified":"2021-03-17T17:51:17+00:00","mainEntityOfPage":{"@id":"https:\/\/www.altominho.tv\/site\/2021\/03\/17\/casos-ativos-sobem-para-192-no-alto-minho\/"},"wordCount":289,"image":{"@id":"https:\/\/www.altominho.tv\/site\/2021\/03\/17\/casos-ativos-sobem-para-192-no-alto-minho\/#primaryimage"},"thumbnailUrl":"https:\/\/www.altominho.tv\/site\/wp-content\/uploads\/2021\/02\/Alto-Minho-1.jpg","keywords":["Sa\u00fade","Sociedade"],"articleSection":["Alto Minho"],"inLanguage":"pt-PT","copyrightYear":"2021","copyrightHolder":{"@id":"https:\/\/www.altominho.tv\/site\/#organization"}},{"@type":"WebPage","@id":"https:\/\/www.altominho.tv\/site\/2021\/03\/17\/casos-ativos-sobem-para-192-no-alto-minho\/","url":"https:\/\/www.altominho.tv\/site\/2021\/03\/17\/casos-ativos-sobem-para-192-no-alto-minho\/","name":"Casos ativos sobem para 192 no Alto Minho","isPartOf":{"@id":"https:\/\/www.altominho.tv\/site\/#website"},"primaryImageOfPage":{"@id":"https:\/\/www.altominho.tv\/site\/2021\/03\/17\/casos-ativos-sobem-para-192-no-alto-minho\/#primaryimage"},"image":{"@id":"https:\/\/www.altominho.tv\/site\/2021\/03\/17\/casos-ativos-sobem-para-192-no-alto-minho\/#primaryimage"},"thumbnailUrl":"https:\/\/www.altominho.tv\/site\/wp-content\/uploads\/2021\/02\/Alto-Minho-1.jpg","datePublished":"2021-03-17T17:51:15+00:00","dateModified":"2021-03-17T17:51:17+00:00","author":{"@id":"https:\/\/www.altominho.tv\/site\/#\/schema\/person\/d9be4265364723f14ea8e0d56a1d38cd"},"breadcrumb":{"@id":"https:\/\/www.altominho.tv\/site\/2021\/03\/17\/casos-ativos-sobem-para-192-no-alto-minho\/#breadcrumb"},"inLanguage":"pt-PT","potentialAction":[{"@type":"ReadAction","target":["https:\/\/www.altominho.tv\/site\/2021\/03\/17\/casos-ativos-sobem-para-192-no-alto-minho\/"]}]},{"@type":"ImageObject","inLanguage":"pt-PT","@id":"https:\/\/www.altominho.tv\/site\/2021\/03\/17\/casos-ativos-sobem-para-192-no-alto-minho\/#primaryimage","url":"https:\/\/www.altominho.tv\/site\/wp-content\/uploads\/2021\/02\/Alto-Minho-1.jpg","contentUrl":"https:\/\/www.altominho.tv\/site\/wp-content\/uploads\/2021\/02\/Alto-Minho-1.jpg","width":740,"height":493},{"@type":"BreadcrumbList","@id":"https:\/\/www.altominho.tv\/site\/2021\/03\/17\/casos-ativos-sobem-para-192-no-alto-minho\/#breadcrumb","itemListElement":[{"@type":"ListItem","position":1,"name":"In\u00edcio","item":"https:\/\/www.altominho.tv\/site\/"},{"@type":"ListItem","position":2,"name":"Casos ativos sobem para 192 no Alto Minho"}]},{"@type":"WebSite","@id":"https:\/\/www.altominho.tv\/site\/#website","url":"https:\/\/www.altominho.tv\/site\/","name":"Altominho.tv","description":"A sua regi\u00e3o \u00e0 dist\u00e2ncia de um clique...","potentialAction":[{"@type":"SearchAction","target":{"@type":"EntryPoint","urlTemplate":"https:\/\/www.altominho.tv\/site\/?s={search_term_string}"},"query-input":{"@type":"PropertyValueSpecification","valueRequired":true,"valueName":"search_term_string"}}],"inLanguage":"pt-PT"},{"@type":"Person","@id":"https:\/\/www.altominho.tv\/site\/#\/schema\/person\/d9be4265364723f14ea8e0d56a1d38cd","name":"Andreia Ferreira","image":{"@type":"ImageObject","inLanguage":"pt-PT","@id":"https:\/\/www.altominho.tv\/site\/wp-content\/uploads\/2021\/01\/AndreiaFerreira-150x150.jpg","url":"https:\/\/www.altominho.tv\/site\/wp-content\/uploads\/2021\/01\/AndreiaFerreira-150x150.jpg","contentUrl":"https:\/\/www.altominho.tv\/site\/wp-content\/uploads\/2021\/01\/AndreiaFerreira-150x150.jpg","caption":"Andreia Ferreira"},"url":"https:\/\/www.altominho.tv\/site\/author\/andreiaferreira\/"}]}},"_links":{"self":[{"href":"https:\/\/www.altominho.tv\/site\/wp-json\/wp\/v2\/posts\/63982","targetHints":{"allow":["GET"]}}],"collection":[{"href":"https:\/\/www.altominho.tv\/site\/wp-json\/wp\/v2\/posts"}],"about":[{"href":"https:\/\/www.altominho.tv\/site\/wp-json\/wp\/v2\/types\/post"}],"author":[{"embeddable":true,"href":"https:\/\/www.altominho.tv\/site\/wp-json\/wp\/v2\/users\/12"}],"replies":[{"embeddable":true,"href":"https:\/\/www.altominho.tv\/site\/wp-json\/wp\/v2\/comments?post=63982"}],"version-history":[{"count":0,"href":"https:\/\/www.altominho.tv\/site\/wp-json\/wp\/v2\/posts\/63982\/revisions"}],"wp:featuredmedia":[{"embeddable":true,"href":"https:\/\/www.altominho.tv\/site\/wp-json\/wp\/v2\/media\/62669"}],"wp:attachment":[{"href":"https:\/\/www.altominho.tv\/site\/wp-json\/wp\/v2\/media?parent=63982"}],"wp:term":[{"taxonomy":"category","embeddable":true,"href":"https:\/\/www.altominho.tv\/site\/wp-json\/wp\/v2\/categories?post=63982"},{"taxonomy":"post_tag","embeddable":true,"href":"https:\/\/www.altominho.tv\/site\/wp-json\/wp\/v2\/tags?post=63982"}],"curies":[{"name":"wp","href":"https:\/\/api.w.org\/{rel}","templated":true}]}}