{"id":63977,"date":"2021-03-17T16:08:01","date_gmt":"2021-03-17T16:08:01","guid":{"rendered":"https:\/\/www.altominho.tv\/site\/?p=63977"},"modified":"2021-03-17T16:19:54","modified_gmt":"2021-03-17T16:19:54","slug":"homem-ferido-com-grave-gravidade-devido-a-eucalipto","status":"publish","type":"post","link":"https:\/\/www.altominho.tv\/site\/2021\/03\/17\/homem-ferido-com-grave-gravidade-devido-a-eucalipto\/","title":{"rendered":"Homem ferido com gravidade durante abate de eucaliptos"},"content":{"rendered":"<p>Um homem de 70 ficou hoje em estado grave, em Paredes de Coura, quando procedia ao abate de eucaliptos num terreno e &#8220;um tronco rolou, passando-lhe por cima&#8221;, disse \u00e0 Lusa o comandante dos Bombeiros Volunt\u00e1rios.<\/p>\n<p>Segundo Cl\u00e1udio Rocha, o homem &#8220;foi transportado ao hospital de Viana do Castelo pelos Bombeiros de Paredes de Coura, com acompanhamento da Viatura de Emerg\u00eancia M\u00e9dica (VMER) estacionada naquela unidade hospital e pela ambul\u00e2ncia de Suporte Imediato de Vida (SIV) de Ponte de Lima&#8221;.<\/p>\n<p>O alerta foi dado &#8220;pelo filho do homem que, com outra pessoa, acompanhava a v\u00edtima na opera\u00e7\u00e3o de abate de \u00e1rvores numa bou\u00e7a&#8221;, no lugar de Penim, freguesia de Cunha, concelho de Paredes de Coura, distrito de Viana do Castelo.<\/p>\n<p>O alerta foi dado cerca das 09:20. Ao local compareceram quatro operacionais e duas viaturas dos bombeiros de Paredes de Coura, mais os meios do INEM e da GNR.<\/p>\n","protected":false},"excerpt":{"rendered":"<p>Um homem de 70 ficou hoje em estado grave, em Paredes de Coura, quando procedia ao abate de eucaliptos num terreno e &#8220;um tronco rolou, passando-lhe por cima&#8221;, disse \u00e0 Lusa o comandante dos Bombeiros Volunt\u00e1rios. Segundo Cl\u00e1udio Rocha, o homem &#8220;foi transportado ao hospital de Viana do Castelo pelos Bombeiros de Paredes de Coura, [&hellip;]<\/p>\n","protected":false},"author":10,"featured_media":63105,"comment_status":"closed","ping_status":"closed","sticky":false,"template":"","format":"standard","meta":{"_exactmetrics_skip_tracking":false,"_exactmetrics_sitenote_active":false,"_exactmetrics_sitenote_note":"","_exactmetrics_sitenote_category":0,"footnotes":""},"categories":[10],"tags":[27],"class_list":["post-63977","post","type-post","status-publish","format-standard","has-post-thumbnail","hentry","category-paredes-de-coura","tag-sociedade"],"yoast_head":"<!-- This site is optimized with the Yoast SEO Premium plugin v27.4 (Yoast SEO v27.4) - https:\/\/yoast.com\/product\/yoast-seo-premium-wordpress\/ -->\n<title>Homem ferido com gravidade durante abate de eucaliptos<\/title>\n<meta name=\"robots\" content=\"index, follow, max-snippet:-1, max-image-preview:large, max-video-preview:-1\" \/>\n<link rel=\"canonical\" href=\"https:\/\/www.altominho.tv\/site\/2021\/03\/17\/homem-ferido-com-grave-gravidade-devido-a-eucalipto\/\" \/>\n<meta property=\"og:locale\" content=\"pt_PT\" \/>\n<meta property=\"og:type\" content=\"article\" \/>\n<meta property=\"og:title\" content=\"Homem ferido com gravidade durante abate de eucaliptos\" \/>\n<meta property=\"og:description\" content=\"Um homem de 70 ficou hoje em estado grave, em Paredes de Coura, quando procedia ao abate de eucaliptos num terreno e &#8220;um tronco rolou, passando-lhe por cima&#8221;, disse \u00e0 Lusa o comandante dos Bombeiros Volunt\u00e1rios. Segundo Cl\u00e1udio Rocha, o homem &#8220;foi transportado ao hospital de Viana do Castelo pelos Bombeiros de Paredes de Coura, [&hellip;]\" \/>\n<meta property=\"og:url\" content=\"https:\/\/www.altominho.tv\/site\/2021\/03\/17\/homem-ferido-com-grave-gravidade-devido-a-eucalipto\/\" \/>\n<meta property=\"og:site_name\" content=\"Altominho.tv\" \/>\n<meta property=\"article:publisher\" content=\"https:\/\/www.facebook.com\/altominhotv\" \/>\n<meta property=\"article:published_time\" content=\"2021-03-17T16:08:01+00:00\" \/>\n<meta property=\"article:modified_time\" content=\"2021-03-17T16:19:54+00:00\" \/>\n<meta property=\"og:image\" content=\"https:\/\/www.altominho.tv\/site\/wp-content\/uploads\/2021\/02\/Completada-Rede-Nacional-de-Ambula\u0302ncias-1-e1614444367287.jpg\" \/>\n\t<meta property=\"og:image:width\" content=\"866\" \/>\n\t<meta property=\"og:image:height\" content=\"469\" \/>\n\t<meta property=\"og:image:type\" content=\"image\/jpeg\" \/>\n<meta name=\"author\" content=\"Andreia Barreiro\" \/>\n<meta name=\"twitter:card\" content=\"summary_large_image\" \/>\n<meta name=\"twitter:creator\" content=\"@altominhoTV\" \/>\n<meta name=\"twitter:site\" content=\"@altominhoTV\" \/>\n<meta name=\"twitter:label1\" content=\"Escrito por\" \/>\n\t<meta name=\"twitter:data1\" content=\"Andreia Barreiro\" \/>\n\t<meta name=\"twitter:label2\" content=\"Tempo estimado de leitura\" \/>\n\t<meta name=\"twitter:data2\" content=\"1 minuto\" \/>\n<script type=\"application\/ld+json\" class=\"yoast-schema-graph\">{\"@context\":\"https:\\\/\\\/schema.org\",\"@graph\":[{\"@type\":\"Article\",\"@id\":\"https:\\\/\\\/www.altominho.tv\\\/site\\\/2021\\\/03\\\/17\\\/homem-ferido-com-grave-gravidade-devido-a-eucalipto\\\/#article\",\"isPartOf\":{\"@id\":\"https:\\\/\\\/www.altominho.tv\\\/site\\\/2021\\\/03\\\/17\\\/homem-ferido-com-grave-gravidade-devido-a-eucalipto\\\/\"},\"author\":{\"name\":\"Andreia Barreiro\",\"@id\":\"https:\\\/\\\/www.altominho.tv\\\/site\\\/#\\\/schema\\\/person\\\/4fa0996d8841f9d6cbb84eb43c555c2c\"},\"headline\":\"Homem ferido com gravidade durante abate de eucaliptos\",\"datePublished\":\"2021-03-17T16:08:01+00:00\",\"dateModified\":\"2021-03-17T16:19:54+00:00\",\"mainEntityOfPage\":{\"@id\":\"https:\\\/\\\/www.altominho.tv\\\/site\\\/2021\\\/03\\\/17\\\/homem-ferido-com-grave-gravidade-devido-a-eucalipto\\\/\"},\"wordCount\":162,\"image\":{\"@id\":\"https:\\\/\\\/www.altominho.tv\\\/site\\\/2021\\\/03\\\/17\\\/homem-ferido-com-grave-gravidade-devido-a-eucalipto\\\/#primaryimage\"},\"thumbnailUrl\":\"https:\\\/\\\/www.altominho.tv\\\/site\\\/wp-content\\\/uploads\\\/2021\\\/02\\\/Completada-Rede-Nacional-de-Ambula\u0302ncias-1-e1614444367287.jpg\",\"keywords\":[\"Sociedade\"],\"articleSection\":[\"Paredes de Coura\"],\"inLanguage\":\"pt-PT\",\"copyrightYear\":\"2021\",\"copyrightHolder\":{\"@id\":\"https:\\\/\\\/www.altominho.tv\\\/site\\\/#organization\"}},{\"@type\":\"WebPage\",\"@id\":\"https:\\\/\\\/www.altominho.tv\\\/site\\\/2021\\\/03\\\/17\\\/homem-ferido-com-grave-gravidade-devido-a-eucalipto\\\/\",\"url\":\"https:\\\/\\\/www.altominho.tv\\\/site\\\/2021\\\/03\\\/17\\\/homem-ferido-com-grave-gravidade-devido-a-eucalipto\\\/\",\"name\":\"Homem ferido com gravidade durante abate de eucaliptos\",\"isPartOf\":{\"@id\":\"https:\\\/\\\/www.altominho.tv\\\/site\\\/#website\"},\"primaryImageOfPage\":{\"@id\":\"https:\\\/\\\/www.altominho.tv\\\/site\\\/2021\\\/03\\\/17\\\/homem-ferido-com-grave-gravidade-devido-a-eucalipto\\\/#primaryimage\"},\"image\":{\"@id\":\"https:\\\/\\\/www.altominho.tv\\\/site\\\/2021\\\/03\\\/17\\\/homem-ferido-com-grave-gravidade-devido-a-eucalipto\\\/#primaryimage\"},\"thumbnailUrl\":\"https:\\\/\\\/www.altominho.tv\\\/site\\\/wp-content\\\/uploads\\\/2021\\\/02\\\/Completada-Rede-Nacional-de-Ambula\u0302ncias-1-e1614444367287.jpg\",\"datePublished\":\"2021-03-17T16:08:01+00:00\",\"dateModified\":\"2021-03-17T16:19:54+00:00\",\"author\":{\"@id\":\"https:\\\/\\\/www.altominho.tv\\\/site\\\/#\\\/schema\\\/person\\\/4fa0996d8841f9d6cbb84eb43c555c2c\"},\"breadcrumb\":{\"@id\":\"https:\\\/\\\/www.altominho.tv\\\/site\\\/2021\\\/03\\\/17\\\/homem-ferido-com-grave-gravidade-devido-a-eucalipto\\\/#breadcrumb\"},\"inLanguage\":\"pt-PT\",\"potentialAction\":[{\"@type\":\"ReadAction\",\"target\":[\"https:\\\/\\\/www.altominho.tv\\\/site\\\/2021\\\/03\\\/17\\\/homem-ferido-com-grave-gravidade-devido-a-eucalipto\\\/\"]}]},{\"@type\":\"ImageObject\",\"inLanguage\":\"pt-PT\",\"@id\":\"https:\\\/\\\/www.altominho.tv\\\/site\\\/2021\\\/03\\\/17\\\/homem-ferido-com-grave-gravidade-devido-a-eucalipto\\\/#primaryimage\",\"url\":\"https:\\\/\\\/www.altominho.tv\\\/site\\\/wp-content\\\/uploads\\\/2021\\\/02\\\/Completada-Rede-Nacional-de-Ambula\u0302ncias-1-e1614444367287.jpg\",\"contentUrl\":\"https:\\\/\\\/www.altominho.tv\\\/site\\\/wp-content\\\/uploads\\\/2021\\\/02\\\/Completada-Rede-Nacional-de-Ambula\u0302ncias-1-e1614444367287.jpg\",\"width\":866,\"height\":469},{\"@type\":\"BreadcrumbList\",\"@id\":\"https:\\\/\\\/www.altominho.tv\\\/site\\\/2021\\\/03\\\/17\\\/homem-ferido-com-grave-gravidade-devido-a-eucalipto\\\/#breadcrumb\",\"itemListElement\":[{\"@type\":\"ListItem\",\"position\":1,\"name\":\"In\u00edcio\",\"item\":\"https:\\\/\\\/www.altominho.tv\\\/site\\\/\"},{\"@type\":\"ListItem\",\"position\":2,\"name\":\"Homem ferido com gravidade durante abate de eucaliptos\"}]},{\"@type\":\"WebSite\",\"@id\":\"https:\\\/\\\/www.altominho.tv\\\/site\\\/#website\",\"url\":\"https:\\\/\\\/www.altominho.tv\\\/site\\\/\",\"name\":\"Altominho.tv\",\"description\":\"A sua regi\u00e3o \u00e0 dist\u00e2ncia de um clique...\",\"potentialAction\":[{\"@type\":\"SearchAction\",\"target\":{\"@type\":\"EntryPoint\",\"urlTemplate\":\"https:\\\/\\\/www.altominho.tv\\\/site\\\/?s={search_term_string}\"},\"query-input\":{\"@type\":\"PropertyValueSpecification\",\"valueRequired\":true,\"valueName\":\"search_term_string\"}}],\"inLanguage\":\"pt-PT\"},{\"@type\":\"Person\",\"@id\":\"https:\\\/\\\/www.altominho.tv\\\/site\\\/#\\\/schema\\\/person\\\/4fa0996d8841f9d6cbb84eb43c555c2c\",\"name\":\"Andreia Barreiro\",\"image\":{\"@type\":\"ImageObject\",\"inLanguage\":\"pt-PT\",\"@id\":\"https:\\\/\\\/www.altominho.tv\\\/site\\\/wp-content\\\/uploads\\\/2021\\\/01\\\/132443895_3480358142084005_3574327946369834311_o-150x150.jpg\",\"url\":\"https:\\\/\\\/www.altominho.tv\\\/site\\\/wp-content\\\/uploads\\\/2021\\\/01\\\/132443895_3480358142084005_3574327946369834311_o-150x150.jpg\",\"contentUrl\":\"https:\\\/\\\/www.altominho.tv\\\/site\\\/wp-content\\\/uploads\\\/2021\\\/01\\\/132443895_3480358142084005_3574327946369834311_o-150x150.jpg\",\"caption\":\"Andreia Barreiro\"},\"url\":\"https:\\\/\\\/www.altominho.tv\\\/site\\\/author\\\/andreiabarreiro\\\/\"}]}<\/script>\n<!-- \/ Yoast SEO Premium plugin. -->","yoast_head_json":{"title":"Homem ferido com gravidade durante abate de eucaliptos","robots":{"index":"index","follow":"follow","max-snippet":"max-snippet:-1","max-image-preview":"max-image-preview:large","max-video-preview":"max-video-preview:-1"},"canonical":"https:\/\/www.altominho.tv\/site\/2021\/03\/17\/homem-ferido-com-grave-gravidade-devido-a-eucalipto\/","og_locale":"pt_PT","og_type":"article","og_title":"Homem ferido com gravidade durante abate de eucaliptos","og_description":"Um homem de 70 ficou hoje em estado grave, em Paredes de Coura, quando procedia ao abate de eucaliptos num terreno e &#8220;um tronco rolou, passando-lhe por cima&#8221;, disse \u00e0 Lusa o comandante dos Bombeiros Volunt\u00e1rios. Segundo Cl\u00e1udio Rocha, o homem &#8220;foi transportado ao hospital de Viana do Castelo pelos Bombeiros de Paredes de Coura, [&hellip;]","og_url":"https:\/\/www.altominho.tv\/site\/2021\/03\/17\/homem-ferido-com-grave-gravidade-devido-a-eucalipto\/","og_site_name":"Altominho.tv","article_publisher":"https:\/\/www.facebook.com\/altominhotv","article_published_time":"2021-03-17T16:08:01+00:00","article_modified_time":"2021-03-17T16:19:54+00:00","og_image":[{"width":866,"height":469,"url":"https:\/\/www.altominho.tv\/site\/wp-content\/uploads\/2021\/02\/Completada-Rede-Nacional-de-Ambula\u0302ncias-1-e1614444367287.jpg","type":"image\/jpeg"}],"author":"Andreia Barreiro","twitter_card":"summary_large_image","twitter_creator":"@altominhoTV","twitter_site":"@altominhoTV","twitter_misc":{"Escrito por":"Andreia Barreiro","Tempo estimado de leitura":"1 minuto"},"schema":{"@context":"https:\/\/schema.org","@graph":[{"@type":"Article","@id":"https:\/\/www.altominho.tv\/site\/2021\/03\/17\/homem-ferido-com-grave-gravidade-devido-a-eucalipto\/#article","isPartOf":{"@id":"https:\/\/www.altominho.tv\/site\/2021\/03\/17\/homem-ferido-com-grave-gravidade-devido-a-eucalipto\/"},"author":{"name":"Andreia Barreiro","@id":"https:\/\/www.altominho.tv\/site\/#\/schema\/person\/4fa0996d8841f9d6cbb84eb43c555c2c"},"headline":"Homem ferido com gravidade durante abate de eucaliptos","datePublished":"2021-03-17T16:08:01+00:00","dateModified":"2021-03-17T16:19:54+00:00","mainEntityOfPage":{"@id":"https:\/\/www.altominho.tv\/site\/2021\/03\/17\/homem-ferido-com-grave-gravidade-devido-a-eucalipto\/"},"wordCount":162,"image":{"@id":"https:\/\/www.altominho.tv\/site\/2021\/03\/17\/homem-ferido-com-grave-gravidade-devido-a-eucalipto\/#primaryimage"},"thumbnailUrl":"https:\/\/www.altominho.tv\/site\/wp-content\/uploads\/2021\/02\/Completada-Rede-Nacional-de-Ambula\u0302ncias-1-e1614444367287.jpg","keywords":["Sociedade"],"articleSection":["Paredes de Coura"],"inLanguage":"pt-PT","copyrightYear":"2021","copyrightHolder":{"@id":"https:\/\/www.altominho.tv\/site\/#organization"}},{"@type":"WebPage","@id":"https:\/\/www.altominho.tv\/site\/2021\/03\/17\/homem-ferido-com-grave-gravidade-devido-a-eucalipto\/","url":"https:\/\/www.altominho.tv\/site\/2021\/03\/17\/homem-ferido-com-grave-gravidade-devido-a-eucalipto\/","name":"Homem ferido com gravidade durante abate de eucaliptos","isPartOf":{"@id":"https:\/\/www.altominho.tv\/site\/#website"},"primaryImageOfPage":{"@id":"https:\/\/www.altominho.tv\/site\/2021\/03\/17\/homem-ferido-com-grave-gravidade-devido-a-eucalipto\/#primaryimage"},"image":{"@id":"https:\/\/www.altominho.tv\/site\/2021\/03\/17\/homem-ferido-com-grave-gravidade-devido-a-eucalipto\/#primaryimage"},"thumbnailUrl":"https:\/\/www.altominho.tv\/site\/wp-content\/uploads\/2021\/02\/Completada-Rede-Nacional-de-Ambula\u0302ncias-1-e1614444367287.jpg","datePublished":"2021-03-17T16:08:01+00:00","dateModified":"2021-03-17T16:19:54+00:00","author":{"@id":"https:\/\/www.altominho.tv\/site\/#\/schema\/person\/4fa0996d8841f9d6cbb84eb43c555c2c"},"breadcrumb":{"@id":"https:\/\/www.altominho.tv\/site\/2021\/03\/17\/homem-ferido-com-grave-gravidade-devido-a-eucalipto\/#breadcrumb"},"inLanguage":"pt-PT","potentialAction":[{"@type":"ReadAction","target":["https:\/\/www.altominho.tv\/site\/2021\/03\/17\/homem-ferido-com-grave-gravidade-devido-a-eucalipto\/"]}]},{"@type":"ImageObject","inLanguage":"pt-PT","@id":"https:\/\/www.altominho.tv\/site\/2021\/03\/17\/homem-ferido-com-grave-gravidade-devido-a-eucalipto\/#primaryimage","url":"https:\/\/www.altominho.tv\/site\/wp-content\/uploads\/2021\/02\/Completada-Rede-Nacional-de-Ambula\u0302ncias-1-e1614444367287.jpg","contentUrl":"https:\/\/www.altominho.tv\/site\/wp-content\/uploads\/2021\/02\/Completada-Rede-Nacional-de-Ambula\u0302ncias-1-e1614444367287.jpg","width":866,"height":469},{"@type":"BreadcrumbList","@id":"https:\/\/www.altominho.tv\/site\/2021\/03\/17\/homem-ferido-com-grave-gravidade-devido-a-eucalipto\/#breadcrumb","itemListElement":[{"@type":"ListItem","position":1,"name":"In\u00edcio","item":"https:\/\/www.altominho.tv\/site\/"},{"@type":"ListItem","position":2,"name":"Homem ferido com gravidade durante abate de eucaliptos"}]},{"@type":"WebSite","@id":"https:\/\/www.altominho.tv\/site\/#website","url":"https:\/\/www.altominho.tv\/site\/","name":"Altominho.tv","description":"A sua regi\u00e3o \u00e0 dist\u00e2ncia de um clique...","potentialAction":[{"@type":"SearchAction","target":{"@type":"EntryPoint","urlTemplate":"https:\/\/www.altominho.tv\/site\/?s={search_term_string}"},"query-input":{"@type":"PropertyValueSpecification","valueRequired":true,"valueName":"search_term_string"}}],"inLanguage":"pt-PT"},{"@type":"Person","@id":"https:\/\/www.altominho.tv\/site\/#\/schema\/person\/4fa0996d8841f9d6cbb84eb43c555c2c","name":"Andreia Barreiro","image":{"@type":"ImageObject","inLanguage":"pt-PT","@id":"https:\/\/www.altominho.tv\/site\/wp-content\/uploads\/2021\/01\/132443895_3480358142084005_3574327946369834311_o-150x150.jpg","url":"https:\/\/www.altominho.tv\/site\/wp-content\/uploads\/2021\/01\/132443895_3480358142084005_3574327946369834311_o-150x150.jpg","contentUrl":"https:\/\/www.altominho.tv\/site\/wp-content\/uploads\/2021\/01\/132443895_3480358142084005_3574327946369834311_o-150x150.jpg","caption":"Andreia Barreiro"},"url":"https:\/\/www.altominho.tv\/site\/author\/andreiabarreiro\/"}]}},"_links":{"self":[{"href":"https:\/\/www.altominho.tv\/site\/wp-json\/wp\/v2\/posts\/63977","targetHints":{"allow":["GET"]}}],"collection":[{"href":"https:\/\/www.altominho.tv\/site\/wp-json\/wp\/v2\/posts"}],"about":[{"href":"https:\/\/www.altominho.tv\/site\/wp-json\/wp\/v2\/types\/post"}],"author":[{"embeddable":true,"href":"https:\/\/www.altominho.tv\/site\/wp-json\/wp\/v2\/users\/10"}],"replies":[{"embeddable":true,"href":"https:\/\/www.altominho.tv\/site\/wp-json\/wp\/v2\/comments?post=63977"}],"version-history":[{"count":0,"href":"https:\/\/www.altominho.tv\/site\/wp-json\/wp\/v2\/posts\/63977\/revisions"}],"wp:featuredmedia":[{"embeddable":true,"href":"https:\/\/www.altominho.tv\/site\/wp-json\/wp\/v2\/media\/63105"}],"wp:attachment":[{"href":"https:\/\/www.altominho.tv\/site\/wp-json\/wp\/v2\/media?parent=63977"}],"wp:term":[{"taxonomy":"category","embeddable":true,"href":"https:\/\/www.altominho.tv\/site\/wp-json\/wp\/v2\/categories?post=63977"},{"taxonomy":"post_tag","embeddable":true,"href":"https:\/\/www.altominho.tv\/site\/wp-json\/wp\/v2\/tags?post=63977"}],"curies":[{"name":"wp","href":"https:\/\/api.w.org\/{rel}","templated":true}]}}