{"id":63943,"date":"2021-03-17T09:06:31","date_gmt":"2021-03-17T09:06:31","guid":{"rendered":"https:\/\/www.altominho.tv\/site\/?p=63943"},"modified":"2022-01-17T14:25:00","modified_gmt":"2022-01-17T14:25:00","slug":"costa-hoje-no-parlamento-com-desconfinamento-vacinacao-e-resposta-a-crise-na-agenda","status":"publish","type":"post","link":"https:\/\/www.altominho.tv\/site\/2021\/03\/17\/costa-hoje-no-parlamento-com-desconfinamento-vacinacao-e-resposta-a-crise-na-agenda\/","title":{"rendered":"Costa hoje no parlamento com desconfinamento, vacina\u00e7\u00e3o e resposta \u00e0 crise na agenda"},"content":{"rendered":"\n<p>O primeiro-ministro participa hoje, no parlamento, num debate sobre pol\u00edtica geral, numa altura em que Portugal inicia um processo de desconfinamento e em que a vacina\u00e7\u00e3o e a resposta \u00e0 crise provocada pela covid-19 s\u00e3o temas centrais.<\/p>\n\n\n\n<p>Esta ser\u00e1 a terceira vez que Ant\u00f3nio Costa estar\u00e1 na presente na Assembleia da Rep\u00fablica num debate sobre pol\u00edtica geral &#8211; um novo modelo que surgiu esta sess\u00e3o legislativa na sequ\u00eancia de um acordo PS\/PSD e que substituiu os debates quinzenais de cerca de hora e meia que se realizavam desde 2008.<\/p>\n\n\n\n<p>O debate sobre pol\u00edtica geral de hoje, que tem uma periodicidade bimestral, ter\u00e1 duas rondas de perguntas ao primeiro-ministro, num total de tr\u00eas horas, e ser\u00e1 aberto pelo Bloco de Esquerda, seguindo-se o PSD, PCP, CDS-PP, PAN, PEV, Chega, Iniciativa Liberal e PS.<\/p>\n\n\n\n<p>O \u00faltimo debate sobre pol\u00edtica geral aconteceu em 19 janeiro, numa fase em que o n\u00famero de infe\u00e7\u00f5es com o novo coronav\u00edrus crescia em Portugal de forma exponencial e em que partidos como o PSD defendiam o imediato encerramento de todas as aulas presenciais. Essa possibilidade foi admitida por Ant\u00f3nio Costa logo no decurso do pr\u00f3prio debate e, dois dias depois, o Governo tomou a decis\u00e3o de fechar todos os estabelecimentos de ensino.<\/p>\n\n\n\n<p>Longe da situa\u00e7\u00e3o que se verificava em janeiro, Portugal apresenta agora menos de 100 casos de covid-19 por 100 mil habitantes e regista um \u00edndice de transmissibilidade abaixo de 1, mais precisamente nos 0,83.<\/p>\n\n\n\n<p>Desta forma, hoje, o debate dever\u00e1 j\u00e1 centrar-se em torno do plano de desconfinamento apresentado na semana passada pelo primeiro-ministro. Um plano que Ant\u00f3nio Costa disse que iria evoluir &#8220;a conta-gotas&#8221; e que passou j\u00e1 pela abertura de creches, ensino pr\u00e9-escolar, escolas do primeiro ciclo do b\u00e1sico na passada segunda-feira &#8211; dia em que tamb\u00e9m reabriram o com\u00e9rcio ao postigo e estabelecimentos de est\u00e9tica como cabeleireiros.<\/p>\n\n\n\n<p>O plano prev\u00ea novas fases de reabertura em 05, 19 de abril e 03 de maio, mas as medidas podem ser revistas se Portugal ultrapassar os 120 novos casos de infe\u00e7\u00e3o pelo novo coronav\u00edrus por dia por 100 mil habitantes a 14 dias, ou, ainda, se o \u00edndice de transmissibilidade (Rt) do v\u00edrus SARS-CoV-2 ultrapassar 1.<\/p>\n\n\n\n<p>A desloca\u00e7\u00e3o entre concelhos para a generalidade da popula\u00e7\u00e3o continua interdita nos dois pr\u00f3ximos fins de semana e na semana da P\u00e1scoa (26 de mar\u00e7o a 05 de abril), e o dever de recolhimento domicili\u00e1rio vigora at\u00e9 \u00e0 P\u00e1scoa.<\/p>\n\n\n\n<p>Em rela\u00e7\u00e3o ao plano de vacina\u00e7\u00e3o, que tem sido marcado por sucessivos atrasos na entrega de vacinas por parte de algumas multinacionais farmac\u00eauticas \u00e0 Uni\u00e3o Europeia, Portugal, tal como Espanha, It\u00e1lia, Alemanha, entre outros pa\u00edses, decidiu na segunda-feira suspender temporariamente a administra\u00e7\u00e3o da vacina da AstraZeneca.<\/p>\n\n\n\n<p>Na ter\u00e7a-feira, no Porto, o primeiro-ministro observou que a vacina da farmac\u00eautica AstraZeneca foi suspensa em Portugal por &#8220;uma mera precau\u00e7\u00e3o&#8221; e manifestou a sua convic\u00e7\u00e3o de que estar\u00e1 &#8220;tudo esclarecido&#8221; em termos de condi\u00e7\u00f5es de seguran\u00e7a at\u00e9 ao final desta semana.<\/p>\n\n\n\n<p>&#8220;\u00c9 preciso que as pessoas compreendam o que est\u00e1 a ocorrer: Estas suspens\u00f5es s\u00e3o meramente provis\u00f3rias. A Organiza\u00e7\u00e3o Mundial de Sa\u00fade est\u00e1 a fazer uma reaprecia\u00e7\u00e3o dos dados, a Ag\u00eancia Europeia do Medicamento vai pronunciar-se at\u00e9 ao final da semana e \u00e9 por uma mera precau\u00e7\u00e3o que esta decis\u00e3o foi tomada&#8221;, justificou Ant\u00f3nio Costa.<\/p>\n\n\n\n<p>O debate sobre pol\u00edtica geral de hoje dever\u00e1 tamb\u00e9m ser marcado pelas exig\u00eancias das for\u00e7as pol\u00edticas \u00e0 esquerda e \u00e0 direita do Governo no sentido de serem aumentados e desburocratizados os apoios econ\u00f3micos e sociais de resposta aos efeitos da crise provocada pela pandemia de covid-19.<\/p>\n\n\n\n<p>Na sexta-feira, o ministro de Estado e da Economia, Pedro Siza Vieira, apresentou um novo programa de medidas de apoio \u00e0s empresas e de prote\u00e7\u00e3o do emprego que estimou valerem no seu conjunto cerca de sete mil milh\u00f5es de euros.<\/p>\n\n\n\n<p>&#8220;A isto acrescem tamb\u00e9m apoios importantes nos setores do desporto e da cultura&#8221;, acrescentou o mesmo membro do Governo.<\/p>\n","protected":false},"excerpt":{"rendered":"<p>O primeiro-ministro participa hoje, no parlamento, num debate sobre pol\u00edtica geral, numa altura em que Portugal inicia um processo de desconfinamento e em que a vacina\u00e7\u00e3o e a resposta \u00e0 crise provocada pela covid-19 s\u00e3o temas centrais. Esta ser\u00e1 a terceira vez que Ant\u00f3nio Costa estar\u00e1 na presente na Assembleia da Rep\u00fablica num debate sobre [&hellip;]<\/p>\n","protected":false},"author":16,"featured_media":63025,"comment_status":"closed","ping_status":"closed","sticky":false,"template":"","format":"standard","meta":{"_exactmetrics_skip_tracking":false,"_exactmetrics_sitenote_active":false,"_exactmetrics_sitenote_note":"","_exactmetrics_sitenote_category":0,"footnotes":""},"categories":[42722],"tags":[56326,26],"class_list":["post-63943","post","type-post","status-publish","format-standard","has-post-thumbnail","hentry","category-covid-19","tag-politica","tag-saude"],"yoast_head":"<!-- This site is optimized with the Yoast SEO Premium plugin v27.4 (Yoast SEO v27.4) - https:\/\/yoast.com\/product\/yoast-seo-premium-wordpress\/ -->\n<title>Costa hoje no parlamento com desconfinamento, vacina\u00e7\u00e3o e resposta \u00e0 crise na agenda<\/title>\n<meta name=\"robots\" content=\"index, follow, max-snippet:-1, max-image-preview:large, max-video-preview:-1\" \/>\n<link rel=\"canonical\" href=\"https:\/\/www.altominho.tv\/site\/2021\/03\/17\/costa-hoje-no-parlamento-com-desconfinamento-vacinacao-e-resposta-a-crise-na-agenda\/\" \/>\n<meta property=\"og:locale\" content=\"pt_PT\" \/>\n<meta property=\"og:type\" content=\"article\" \/>\n<meta property=\"og:title\" content=\"Costa hoje no parlamento com desconfinamento, vacina\u00e7\u00e3o e resposta \u00e0 crise na agenda\" \/>\n<meta property=\"og:description\" content=\"O primeiro-ministro participa hoje, no parlamento, num debate sobre pol\u00edtica geral, numa altura em que Portugal inicia um processo de desconfinamento e em que a vacina\u00e7\u00e3o e a resposta \u00e0 crise provocada pela covid-19 s\u00e3o temas centrais. Esta ser\u00e1 a terceira vez que Ant\u00f3nio Costa estar\u00e1 na presente na Assembleia da Rep\u00fablica num debate sobre [&hellip;]\" \/>\n<meta property=\"og:url\" content=\"https:\/\/www.altominho.tv\/site\/2021\/03\/17\/costa-hoje-no-parlamento-com-desconfinamento-vacinacao-e-resposta-a-crise-na-agenda\/\" \/>\n<meta property=\"og:site_name\" content=\"Altominho.tv\" \/>\n<meta property=\"article:publisher\" content=\"https:\/\/www.facebook.com\/altominhotv\" \/>\n<meta property=\"article:published_time\" content=\"2021-03-17T09:06:31+00:00\" \/>\n<meta property=\"article:modified_time\" content=\"2022-01-17T14:25:00+00:00\" \/>\n<meta property=\"og:image\" content=\"https:\/\/www.altominho.tv\/site\/wp-content\/uploads\/2021\/02\/pm.jpg\" \/>\n\t<meta property=\"og:image:width\" content=\"800\" \/>\n\t<meta property=\"og:image:height\" content=\"533\" \/>\n\t<meta property=\"og:image:type\" content=\"image\/jpeg\" \/>\n<meta name=\"author\" content=\"Andreia Cunha | Lusa\" \/>\n<meta name=\"twitter:card\" content=\"summary_large_image\" \/>\n<meta name=\"twitter:creator\" content=\"@altominhoTV\" \/>\n<meta name=\"twitter:site\" content=\"@altominhoTV\" \/>\n<meta name=\"twitter:label1\" content=\"Escrito por\" \/>\n\t<meta name=\"twitter:data1\" content=\"Andreia Cunha | Lusa\" \/>\n\t<meta name=\"twitter:label2\" content=\"Tempo estimado de leitura\" \/>\n\t<meta name=\"twitter:data2\" content=\"3 minutos\" \/>\n<script type=\"application\/ld+json\" class=\"yoast-schema-graph\">{\"@context\":\"https:\\\/\\\/schema.org\",\"@graph\":[{\"@type\":\"Article\",\"@id\":\"https:\\\/\\\/www.altominho.tv\\\/site\\\/2021\\\/03\\\/17\\\/costa-hoje-no-parlamento-com-desconfinamento-vacinacao-e-resposta-a-crise-na-agenda\\\/#article\",\"isPartOf\":{\"@id\":\"https:\\\/\\\/www.altominho.tv\\\/site\\\/2021\\\/03\\\/17\\\/costa-hoje-no-parlamento-com-desconfinamento-vacinacao-e-resposta-a-crise-na-agenda\\\/\"},\"author\":{\"name\":\"Andreia Cunha | Lusa\",\"@id\":\"https:\\\/\\\/www.altominho.tv\\\/site\\\/#\\\/schema\\\/person\\\/dbaf181c01b51ff40c9f461a905d321e\"},\"headline\":\"Costa hoje no parlamento com desconfinamento, vacina\u00e7\u00e3o e resposta \u00e0 crise na agenda\",\"datePublished\":\"2021-03-17T09:06:31+00:00\",\"dateModified\":\"2022-01-17T14:25:00+00:00\",\"mainEntityOfPage\":{\"@id\":\"https:\\\/\\\/www.altominho.tv\\\/site\\\/2021\\\/03\\\/17\\\/costa-hoje-no-parlamento-com-desconfinamento-vacinacao-e-resposta-a-crise-na-agenda\\\/\"},\"wordCount\":705,\"image\":{\"@id\":\"https:\\\/\\\/www.altominho.tv\\\/site\\\/2021\\\/03\\\/17\\\/costa-hoje-no-parlamento-com-desconfinamento-vacinacao-e-resposta-a-crise-na-agenda\\\/#primaryimage\"},\"thumbnailUrl\":\"https:\\\/\\\/www.altominho.tv\\\/site\\\/wp-content\\\/uploads\\\/2021\\\/02\\\/pm.jpg\",\"keywords\":[\"Pol\u00edtica\",\"Sa\u00fade\"],\"articleSection\":[\"Coronav\u00edrus\"],\"inLanguage\":\"pt-PT\",\"copyrightYear\":\"2021\",\"copyrightHolder\":{\"@id\":\"https:\\\/\\\/www.altominho.tv\\\/site\\\/#organization\"}},{\"@type\":\"WebPage\",\"@id\":\"https:\\\/\\\/www.altominho.tv\\\/site\\\/2021\\\/03\\\/17\\\/costa-hoje-no-parlamento-com-desconfinamento-vacinacao-e-resposta-a-crise-na-agenda\\\/\",\"url\":\"https:\\\/\\\/www.altominho.tv\\\/site\\\/2021\\\/03\\\/17\\\/costa-hoje-no-parlamento-com-desconfinamento-vacinacao-e-resposta-a-crise-na-agenda\\\/\",\"name\":\"Costa hoje no parlamento com desconfinamento, vacina\u00e7\u00e3o e resposta \u00e0 crise na agenda\",\"isPartOf\":{\"@id\":\"https:\\\/\\\/www.altominho.tv\\\/site\\\/#website\"},\"primaryImageOfPage\":{\"@id\":\"https:\\\/\\\/www.altominho.tv\\\/site\\\/2021\\\/03\\\/17\\\/costa-hoje-no-parlamento-com-desconfinamento-vacinacao-e-resposta-a-crise-na-agenda\\\/#primaryimage\"},\"image\":{\"@id\":\"https:\\\/\\\/www.altominho.tv\\\/site\\\/2021\\\/03\\\/17\\\/costa-hoje-no-parlamento-com-desconfinamento-vacinacao-e-resposta-a-crise-na-agenda\\\/#primaryimage\"},\"thumbnailUrl\":\"https:\\\/\\\/www.altominho.tv\\\/site\\\/wp-content\\\/uploads\\\/2021\\\/02\\\/pm.jpg\",\"datePublished\":\"2021-03-17T09:06:31+00:00\",\"dateModified\":\"2022-01-17T14:25:00+00:00\",\"author\":{\"@id\":\"https:\\\/\\\/www.altominho.tv\\\/site\\\/#\\\/schema\\\/person\\\/dbaf181c01b51ff40c9f461a905d321e\"},\"breadcrumb\":{\"@id\":\"https:\\\/\\\/www.altominho.tv\\\/site\\\/2021\\\/03\\\/17\\\/costa-hoje-no-parlamento-com-desconfinamento-vacinacao-e-resposta-a-crise-na-agenda\\\/#breadcrumb\"},\"inLanguage\":\"pt-PT\",\"potentialAction\":[{\"@type\":\"ReadAction\",\"target\":[\"https:\\\/\\\/www.altominho.tv\\\/site\\\/2021\\\/03\\\/17\\\/costa-hoje-no-parlamento-com-desconfinamento-vacinacao-e-resposta-a-crise-na-agenda\\\/\"]}]},{\"@type\":\"ImageObject\",\"inLanguage\":\"pt-PT\",\"@id\":\"https:\\\/\\\/www.altominho.tv\\\/site\\\/2021\\\/03\\\/17\\\/costa-hoje-no-parlamento-com-desconfinamento-vacinacao-e-resposta-a-crise-na-agenda\\\/#primaryimage\",\"url\":\"https:\\\/\\\/www.altominho.tv\\\/site\\\/wp-content\\\/uploads\\\/2021\\\/02\\\/pm.jpg\",\"contentUrl\":\"https:\\\/\\\/www.altominho.tv\\\/site\\\/wp-content\\\/uploads\\\/2021\\\/02\\\/pm.jpg\",\"width\":800,\"height\":533},{\"@type\":\"BreadcrumbList\",\"@id\":\"https:\\\/\\\/www.altominho.tv\\\/site\\\/2021\\\/03\\\/17\\\/costa-hoje-no-parlamento-com-desconfinamento-vacinacao-e-resposta-a-crise-na-agenda\\\/#breadcrumb\",\"itemListElement\":[{\"@type\":\"ListItem\",\"position\":1,\"name\":\"In\u00edcio\",\"item\":\"https:\\\/\\\/www.altominho.tv\\\/site\\\/\"},{\"@type\":\"ListItem\",\"position\":2,\"name\":\"Costa hoje no parlamento com desconfinamento, vacina\u00e7\u00e3o e resposta \u00e0 crise na agenda\"}]},{\"@type\":\"WebSite\",\"@id\":\"https:\\\/\\\/www.altominho.tv\\\/site\\\/#website\",\"url\":\"https:\\\/\\\/www.altominho.tv\\\/site\\\/\",\"name\":\"Altominho.tv\",\"description\":\"A sua regi\u00e3o \u00e0 dist\u00e2ncia de um clique...\",\"potentialAction\":[{\"@type\":\"SearchAction\",\"target\":{\"@type\":\"EntryPoint\",\"urlTemplate\":\"https:\\\/\\\/www.altominho.tv\\\/site\\\/?s={search_term_string}\"},\"query-input\":{\"@type\":\"PropertyValueSpecification\",\"valueRequired\":true,\"valueName\":\"search_term_string\"}}],\"inLanguage\":\"pt-PT\"},{\"@type\":\"Person\",\"@id\":\"https:\\\/\\\/www.altominho.tv\\\/site\\\/#\\\/schema\\\/person\\\/dbaf181c01b51ff40c9f461a905d321e\",\"name\":\"Andreia Cunha | Lusa\",\"image\":{\"@type\":\"ImageObject\",\"inLanguage\":\"pt-PT\",\"@id\":\"https:\\\/\\\/www.altominho.tv\\\/site\\\/wp-content\\\/uploads\\\/2017\\\/11\\\/Andreia_Cunha-1-150x150.jpg\",\"url\":\"https:\\\/\\\/www.altominho.tv\\\/site\\\/wp-content\\\/uploads\\\/2017\\\/11\\\/Andreia_Cunha-1-150x150.jpg\",\"contentUrl\":\"https:\\\/\\\/www.altominho.tv\\\/site\\\/wp-content\\\/uploads\\\/2017\\\/11\\\/Andreia_Cunha-1-150x150.jpg\",\"caption\":\"Andreia Cunha | Lusa\"},\"sameAs\":[\"https:\\\/\\\/www.altominho.tv\\\/site\"],\"url\":\"https:\\\/\\\/www.altominho.tv\\\/site\\\/author\\\/andreiacunhalusa\\\/\"}]}<\/script>\n<!-- \/ Yoast SEO Premium plugin. -->","yoast_head_json":{"title":"Costa hoje no parlamento com desconfinamento, vacina\u00e7\u00e3o e resposta \u00e0 crise na agenda","robots":{"index":"index","follow":"follow","max-snippet":"max-snippet:-1","max-image-preview":"max-image-preview:large","max-video-preview":"max-video-preview:-1"},"canonical":"https:\/\/www.altominho.tv\/site\/2021\/03\/17\/costa-hoje-no-parlamento-com-desconfinamento-vacinacao-e-resposta-a-crise-na-agenda\/","og_locale":"pt_PT","og_type":"article","og_title":"Costa hoje no parlamento com desconfinamento, vacina\u00e7\u00e3o e resposta \u00e0 crise na agenda","og_description":"O primeiro-ministro participa hoje, no parlamento, num debate sobre pol\u00edtica geral, numa altura em que Portugal inicia um processo de desconfinamento e em que a vacina\u00e7\u00e3o e a resposta \u00e0 crise provocada pela covid-19 s\u00e3o temas centrais. Esta ser\u00e1 a terceira vez que Ant\u00f3nio Costa estar\u00e1 na presente na Assembleia da Rep\u00fablica num debate sobre [&hellip;]","og_url":"https:\/\/www.altominho.tv\/site\/2021\/03\/17\/costa-hoje-no-parlamento-com-desconfinamento-vacinacao-e-resposta-a-crise-na-agenda\/","og_site_name":"Altominho.tv","article_publisher":"https:\/\/www.facebook.com\/altominhotv","article_published_time":"2021-03-17T09:06:31+00:00","article_modified_time":"2022-01-17T14:25:00+00:00","og_image":[{"width":800,"height":533,"url":"https:\/\/www.altominho.tv\/site\/wp-content\/uploads\/2021\/02\/pm.jpg","type":"image\/jpeg"}],"author":"Andreia Cunha | Lusa","twitter_card":"summary_large_image","twitter_creator":"@altominhoTV","twitter_site":"@altominhoTV","twitter_misc":{"Escrito por":"Andreia Cunha | Lusa","Tempo estimado de leitura":"3 minutos"},"schema":{"@context":"https:\/\/schema.org","@graph":[{"@type":"Article","@id":"https:\/\/www.altominho.tv\/site\/2021\/03\/17\/costa-hoje-no-parlamento-com-desconfinamento-vacinacao-e-resposta-a-crise-na-agenda\/#article","isPartOf":{"@id":"https:\/\/www.altominho.tv\/site\/2021\/03\/17\/costa-hoje-no-parlamento-com-desconfinamento-vacinacao-e-resposta-a-crise-na-agenda\/"},"author":{"name":"Andreia Cunha | Lusa","@id":"https:\/\/www.altominho.tv\/site\/#\/schema\/person\/dbaf181c01b51ff40c9f461a905d321e"},"headline":"Costa hoje no parlamento com desconfinamento, vacina\u00e7\u00e3o e resposta \u00e0 crise na agenda","datePublished":"2021-03-17T09:06:31+00:00","dateModified":"2022-01-17T14:25:00+00:00","mainEntityOfPage":{"@id":"https:\/\/www.altominho.tv\/site\/2021\/03\/17\/costa-hoje-no-parlamento-com-desconfinamento-vacinacao-e-resposta-a-crise-na-agenda\/"},"wordCount":705,"image":{"@id":"https:\/\/www.altominho.tv\/site\/2021\/03\/17\/costa-hoje-no-parlamento-com-desconfinamento-vacinacao-e-resposta-a-crise-na-agenda\/#primaryimage"},"thumbnailUrl":"https:\/\/www.altominho.tv\/site\/wp-content\/uploads\/2021\/02\/pm.jpg","keywords":["Pol\u00edtica","Sa\u00fade"],"articleSection":["Coronav\u00edrus"],"inLanguage":"pt-PT","copyrightYear":"2021","copyrightHolder":{"@id":"https:\/\/www.altominho.tv\/site\/#organization"}},{"@type":"WebPage","@id":"https:\/\/www.altominho.tv\/site\/2021\/03\/17\/costa-hoje-no-parlamento-com-desconfinamento-vacinacao-e-resposta-a-crise-na-agenda\/","url":"https:\/\/www.altominho.tv\/site\/2021\/03\/17\/costa-hoje-no-parlamento-com-desconfinamento-vacinacao-e-resposta-a-crise-na-agenda\/","name":"Costa hoje no parlamento com desconfinamento, vacina\u00e7\u00e3o e resposta \u00e0 crise na agenda","isPartOf":{"@id":"https:\/\/www.altominho.tv\/site\/#website"},"primaryImageOfPage":{"@id":"https:\/\/www.altominho.tv\/site\/2021\/03\/17\/costa-hoje-no-parlamento-com-desconfinamento-vacinacao-e-resposta-a-crise-na-agenda\/#primaryimage"},"image":{"@id":"https:\/\/www.altominho.tv\/site\/2021\/03\/17\/costa-hoje-no-parlamento-com-desconfinamento-vacinacao-e-resposta-a-crise-na-agenda\/#primaryimage"},"thumbnailUrl":"https:\/\/www.altominho.tv\/site\/wp-content\/uploads\/2021\/02\/pm.jpg","datePublished":"2021-03-17T09:06:31+00:00","dateModified":"2022-01-17T14:25:00+00:00","author":{"@id":"https:\/\/www.altominho.tv\/site\/#\/schema\/person\/dbaf181c01b51ff40c9f461a905d321e"},"breadcrumb":{"@id":"https:\/\/www.altominho.tv\/site\/2021\/03\/17\/costa-hoje-no-parlamento-com-desconfinamento-vacinacao-e-resposta-a-crise-na-agenda\/#breadcrumb"},"inLanguage":"pt-PT","potentialAction":[{"@type":"ReadAction","target":["https:\/\/www.altominho.tv\/site\/2021\/03\/17\/costa-hoje-no-parlamento-com-desconfinamento-vacinacao-e-resposta-a-crise-na-agenda\/"]}]},{"@type":"ImageObject","inLanguage":"pt-PT","@id":"https:\/\/www.altominho.tv\/site\/2021\/03\/17\/costa-hoje-no-parlamento-com-desconfinamento-vacinacao-e-resposta-a-crise-na-agenda\/#primaryimage","url":"https:\/\/www.altominho.tv\/site\/wp-content\/uploads\/2021\/02\/pm.jpg","contentUrl":"https:\/\/www.altominho.tv\/site\/wp-content\/uploads\/2021\/02\/pm.jpg","width":800,"height":533},{"@type":"BreadcrumbList","@id":"https:\/\/www.altominho.tv\/site\/2021\/03\/17\/costa-hoje-no-parlamento-com-desconfinamento-vacinacao-e-resposta-a-crise-na-agenda\/#breadcrumb","itemListElement":[{"@type":"ListItem","position":1,"name":"In\u00edcio","item":"https:\/\/www.altominho.tv\/site\/"},{"@type":"ListItem","position":2,"name":"Costa hoje no parlamento com desconfinamento, vacina\u00e7\u00e3o e resposta \u00e0 crise na agenda"}]},{"@type":"WebSite","@id":"https:\/\/www.altominho.tv\/site\/#website","url":"https:\/\/www.altominho.tv\/site\/","name":"Altominho.tv","description":"A sua regi\u00e3o \u00e0 dist\u00e2ncia de um clique...","potentialAction":[{"@type":"SearchAction","target":{"@type":"EntryPoint","urlTemplate":"https:\/\/www.altominho.tv\/site\/?s={search_term_string}"},"query-input":{"@type":"PropertyValueSpecification","valueRequired":true,"valueName":"search_term_string"}}],"inLanguage":"pt-PT"},{"@type":"Person","@id":"https:\/\/www.altominho.tv\/site\/#\/schema\/person\/dbaf181c01b51ff40c9f461a905d321e","name":"Andreia Cunha | Lusa","image":{"@type":"ImageObject","inLanguage":"pt-PT","@id":"https:\/\/www.altominho.tv\/site\/wp-content\/uploads\/2017\/11\/Andreia_Cunha-1-150x150.jpg","url":"https:\/\/www.altominho.tv\/site\/wp-content\/uploads\/2017\/11\/Andreia_Cunha-1-150x150.jpg","contentUrl":"https:\/\/www.altominho.tv\/site\/wp-content\/uploads\/2017\/11\/Andreia_Cunha-1-150x150.jpg","caption":"Andreia Cunha | Lusa"},"sameAs":["https:\/\/www.altominho.tv\/site"],"url":"https:\/\/www.altominho.tv\/site\/author\/andreiacunhalusa\/"}]}},"_links":{"self":[{"href":"https:\/\/www.altominho.tv\/site\/wp-json\/wp\/v2\/posts\/63943","targetHints":{"allow":["GET"]}}],"collection":[{"href":"https:\/\/www.altominho.tv\/site\/wp-json\/wp\/v2\/posts"}],"about":[{"href":"https:\/\/www.altominho.tv\/site\/wp-json\/wp\/v2\/types\/post"}],"author":[{"embeddable":true,"href":"https:\/\/www.altominho.tv\/site\/wp-json\/wp\/v2\/users\/16"}],"replies":[{"embeddable":true,"href":"https:\/\/www.altominho.tv\/site\/wp-json\/wp\/v2\/comments?post=63943"}],"version-history":[{"count":0,"href":"https:\/\/www.altominho.tv\/site\/wp-json\/wp\/v2\/posts\/63943\/revisions"}],"wp:featuredmedia":[{"embeddable":true,"href":"https:\/\/www.altominho.tv\/site\/wp-json\/wp\/v2\/media\/63025"}],"wp:attachment":[{"href":"https:\/\/www.altominho.tv\/site\/wp-json\/wp\/v2\/media?parent=63943"}],"wp:term":[{"taxonomy":"category","embeddable":true,"href":"https:\/\/www.altominho.tv\/site\/wp-json\/wp\/v2\/categories?post=63943"},{"taxonomy":"post_tag","embeddable":true,"href":"https:\/\/www.altominho.tv\/site\/wp-json\/wp\/v2\/tags?post=63943"}],"curies":[{"name":"wp","href":"https:\/\/api.w.org\/{rel}","templated":true}]}}