{"id":63902,"date":"2021-03-15T23:42:02","date_gmt":"2021-03-15T23:42:02","guid":{"rendered":"https:\/\/www.altominho.tv\/site\/?p=63902"},"modified":"2021-03-15T23:42:08","modified_gmt":"2021-03-15T23:42:08","slug":"alto-minho-regista-mais-58-recuperados-no-total-ha-162-casos-ativos","status":"publish","type":"post","link":"https:\/\/www.altominho.tv\/site\/2021\/03\/15\/alto-minho-regista-mais-58-recuperados-no-total-ha-162-casos-ativos\/","title":{"rendered":"Alto Minho regista mais 58 recuperados. No total h\u00e1 162 casos ativos"},"content":{"rendered":"\n<p><strong>A regi\u00e3o do Alto Minho registou desde a passada sexta-feira mais duas mortes associadas \u00e0 Covid-19, 35 novas infe\u00e7\u00f5es e 58 recuperados. No total, h\u00e1 162 casos ativos, uma diminui\u00e7\u00e3o face aos 187 anteriores. <\/strong><\/p>\n\n\n\n<p>Segundo os dados divulgados esta segunda-feira pela Unidade Local de Sa\u00fade do Alto Minho (ULSAM), as v\u00edtimas mortais foram registadas no concelho de Caminha e no concelho de Valen\u00e7a.<\/p>\n\n\n\n<p>O concelho de Arcos de Valdevez tem agora 15 casos ativos, um decr\u00e9scimo de cinco, em rela\u00e7\u00e3o ao relat\u00f3rio anterior. <\/p>\n\n\n\n<p>Em Caminha n\u00e3o foi registado qualquer caso de infe\u00e7\u00e3o nos \u00faltimos dias, e h\u00e1 mais seis recuperados. Caminha tem agora seis casos ativos.<\/p>\n\n\n\n<p>Em Melga\u00e7o foi registado apenas um novo caso de infe\u00e7\u00e3o, e h\u00e1 mais cinco recuperados. S\u00e3o agora quatro casos ativos neste concelho.<\/p>\n\n\n\n<p>O concelho de Viana do Castelo tem agora 104 casos ativos, sendo que na sexta-feira tinha 99.<\/p>\n\n\n\n<p>O n\u00famero de casos ativos voltou a diminuir em Ponte de Lima, sendo agora 21.<\/p>\n\n\n\n<p>No concelho de Vila Nova de Cerveira n\u00e3o foi registado qualquer caso de infe\u00e7\u00e3o e h\u00e1 mais tr\u00eas recuperados a registar. S\u00e3o agora cinco casos ativos neste concelho.<\/p>\n\n\n\n<p>Em Mon\u00e7\u00e3o\u00a0foram registados dois novos casos de infe\u00e7\u00e3o e h\u00e1 mais quatro recuperados. S\u00e3o agora quatro casos ativos em Mon\u00e7\u00e3o.<\/p>\n\n\n\n<p>Paredes de Coura n\u00e3o registou qualquer caso de infe\u00e7\u00e3o estes dias, e tamb\u00e9m n\u00e3o houve recuperados,<strong> <\/strong>mantendo-se apenas um caso ativo neste concelho.<\/p>\n\n\n\n<p>Em Ponte da Barca h\u00e1 um caso ativo.<\/p>\n\n\n\n<p>O concelho de Valen\u00e7a tem agora apenas um caso ativo.<\/p>\n\n\n\n<p>O Alto Minho tem agora 162 casos ativos.<\/p>\n\n\n\n<p>Desde o in\u00edcio da pandemia, o Alto Minho regista 17.811 casos confirmados, 17.243 casos recuperados e 406 \u00f3bitos registados.<\/p>\n","protected":false},"excerpt":{"rendered":"<p>A regi\u00e3o do Alto Minho registou desde a passada sexta-feira mais duas mortes associadas \u00e0 Covid-19, 35 novas infe\u00e7\u00f5es e 58 recuperados. No total, h\u00e1 162 casos ativos, uma diminui\u00e7\u00e3o face aos 187 anteriores. Segundo os dados divulgados esta segunda-feira pela Unidade Local de Sa\u00fade do Alto Minho (ULSAM), as v\u00edtimas mortais foram registadas no [&hellip;]<\/p>\n","protected":false},"author":7,"featured_media":63904,"comment_status":"closed","ping_status":"closed","sticky":false,"template":"","format":"standard","meta":{"_exactmetrics_skip_tracking":false,"_exactmetrics_sitenote_active":false,"_exactmetrics_sitenote_note":"","_exactmetrics_sitenote_category":0,"footnotes":""},"categories":[73],"tags":[26],"class_list":["post-63902","post","type-post","status-publish","format-standard","has-post-thumbnail","hentry","category-alto-minho","tag-saude"],"yoast_head":"<!-- This site is optimized with the Yoast SEO Premium plugin v27.4 (Yoast SEO v27.4) - https:\/\/yoast.com\/product\/yoast-seo-premium-wordpress\/ -->\n<title>Alto Minho regista mais 58 recuperados. No total h\u00e1 162 casos ativos<\/title>\n<meta name=\"robots\" content=\"index, follow, max-snippet:-1, max-image-preview:large, max-video-preview:-1\" \/>\n<link rel=\"canonical\" href=\"https:\/\/www.altominho.tv\/site\/2021\/03\/15\/alto-minho-regista-mais-58-recuperados-no-total-ha-162-casos-ativos\/\" \/>\n<meta property=\"og:locale\" content=\"pt_PT\" \/>\n<meta property=\"og:type\" content=\"article\" \/>\n<meta property=\"og:title\" content=\"Alto Minho regista mais 58 recuperados. No total h\u00e1 162 casos ativos\" \/>\n<meta property=\"og:description\" content=\"A regi\u00e3o do Alto Minho registou desde a passada sexta-feira mais duas mortes associadas \u00e0 Covid-19, 35 novas infe\u00e7\u00f5es e 58 recuperados. No total, h\u00e1 162 casos ativos, uma diminui\u00e7\u00e3o face aos 187 anteriores. Segundo os dados divulgados esta segunda-feira pela Unidade Local de Sa\u00fade do Alto Minho (ULSAM), as v\u00edtimas mortais foram registadas no [&hellip;]\" \/>\n<meta property=\"og:url\" content=\"https:\/\/www.altominho.tv\/site\/2021\/03\/15\/alto-minho-regista-mais-58-recuperados-no-total-ha-162-casos-ativos\/\" \/>\n<meta property=\"og:site_name\" content=\"Altominho.tv\" \/>\n<meta property=\"article:publisher\" content=\"https:\/\/www.facebook.com\/altominhotv\" \/>\n<meta property=\"article:published_time\" content=\"2021-03-15T23:42:02+00:00\" \/>\n<meta property=\"article:modified_time\" content=\"2021-03-15T23:42:08+00:00\" \/>\n<meta property=\"og:image\" content=\"https:\/\/www.altominho.tv\/site\/wp-content\/uploads\/2021\/03\/ulsam_ATV-1.jpg\" \/>\n\t<meta property=\"og:image:width\" content=\"940\" \/>\n\t<meta property=\"og:image:height\" content=\"490\" \/>\n\t<meta property=\"og:image:type\" content=\"image\/jpeg\" \/>\n<meta name=\"author\" content=\"Andreia Cunha\" \/>\n<meta name=\"twitter:card\" content=\"summary_large_image\" \/>\n<meta name=\"twitter:creator\" content=\"@altominhoTV\" \/>\n<meta name=\"twitter:site\" content=\"@altominhoTV\" \/>\n<meta name=\"twitter:label1\" content=\"Escrito por\" \/>\n\t<meta name=\"twitter:data1\" content=\"Andreia Cunha\" \/>\n\t<meta name=\"twitter:label2\" content=\"Tempo estimado de leitura\" \/>\n\t<meta name=\"twitter:data2\" content=\"1 minuto\" \/>\n<script type=\"application\/ld+json\" class=\"yoast-schema-graph\">{\"@context\":\"https:\\\/\\\/schema.org\",\"@graph\":[{\"@type\":\"Article\",\"@id\":\"https:\\\/\\\/www.altominho.tv\\\/site\\\/2021\\\/03\\\/15\\\/alto-minho-regista-mais-58-recuperados-no-total-ha-162-casos-ativos\\\/#article\",\"isPartOf\":{\"@id\":\"https:\\\/\\\/www.altominho.tv\\\/site\\\/2021\\\/03\\\/15\\\/alto-minho-regista-mais-58-recuperados-no-total-ha-162-casos-ativos\\\/\"},\"author\":{\"name\":\"Andreia Cunha\",\"@id\":\"https:\\\/\\\/www.altominho.tv\\\/site\\\/#\\\/schema\\\/person\\\/a0e4ef6d041f98ca284393d8f1d97153\"},\"headline\":\"Alto Minho regista mais 58 recuperados. No total h\u00e1 162 casos ativos\",\"datePublished\":\"2021-03-15T23:42:02+00:00\",\"dateModified\":\"2021-03-15T23:42:08+00:00\",\"mainEntityOfPage\":{\"@id\":\"https:\\\/\\\/www.altominho.tv\\\/site\\\/2021\\\/03\\\/15\\\/alto-minho-regista-mais-58-recuperados-no-total-ha-162-casos-ativos\\\/\"},\"wordCount\":303,\"image\":{\"@id\":\"https:\\\/\\\/www.altominho.tv\\\/site\\\/2021\\\/03\\\/15\\\/alto-minho-regista-mais-58-recuperados-no-total-ha-162-casos-ativos\\\/#primaryimage\"},\"thumbnailUrl\":\"https:\\\/\\\/www.altominho.tv\\\/site\\\/wp-content\\\/uploads\\\/2021\\\/03\\\/ulsam_ATV-1.jpg\",\"keywords\":[\"Sa\u00fade\"],\"articleSection\":[\"Alto Minho\"],\"inLanguage\":\"pt-PT\",\"copyrightYear\":\"2021\",\"copyrightHolder\":{\"@id\":\"https:\\\/\\\/www.altominho.tv\\\/site\\\/#organization\"}},{\"@type\":\"WebPage\",\"@id\":\"https:\\\/\\\/www.altominho.tv\\\/site\\\/2021\\\/03\\\/15\\\/alto-minho-regista-mais-58-recuperados-no-total-ha-162-casos-ativos\\\/\",\"url\":\"https:\\\/\\\/www.altominho.tv\\\/site\\\/2021\\\/03\\\/15\\\/alto-minho-regista-mais-58-recuperados-no-total-ha-162-casos-ativos\\\/\",\"name\":\"Alto Minho regista mais 58 recuperados. No total h\u00e1 162 casos ativos\",\"isPartOf\":{\"@id\":\"https:\\\/\\\/www.altominho.tv\\\/site\\\/#website\"},\"primaryImageOfPage\":{\"@id\":\"https:\\\/\\\/www.altominho.tv\\\/site\\\/2021\\\/03\\\/15\\\/alto-minho-regista-mais-58-recuperados-no-total-ha-162-casos-ativos\\\/#primaryimage\"},\"image\":{\"@id\":\"https:\\\/\\\/www.altominho.tv\\\/site\\\/2021\\\/03\\\/15\\\/alto-minho-regista-mais-58-recuperados-no-total-ha-162-casos-ativos\\\/#primaryimage\"},\"thumbnailUrl\":\"https:\\\/\\\/www.altominho.tv\\\/site\\\/wp-content\\\/uploads\\\/2021\\\/03\\\/ulsam_ATV-1.jpg\",\"datePublished\":\"2021-03-15T23:42:02+00:00\",\"dateModified\":\"2021-03-15T23:42:08+00:00\",\"author\":{\"@id\":\"https:\\\/\\\/www.altominho.tv\\\/site\\\/#\\\/schema\\\/person\\\/a0e4ef6d041f98ca284393d8f1d97153\"},\"breadcrumb\":{\"@id\":\"https:\\\/\\\/www.altominho.tv\\\/site\\\/2021\\\/03\\\/15\\\/alto-minho-regista-mais-58-recuperados-no-total-ha-162-casos-ativos\\\/#breadcrumb\"},\"inLanguage\":\"pt-PT\",\"potentialAction\":[{\"@type\":\"ReadAction\",\"target\":[\"https:\\\/\\\/www.altominho.tv\\\/site\\\/2021\\\/03\\\/15\\\/alto-minho-regista-mais-58-recuperados-no-total-ha-162-casos-ativos\\\/\"]}]},{\"@type\":\"ImageObject\",\"inLanguage\":\"pt-PT\",\"@id\":\"https:\\\/\\\/www.altominho.tv\\\/site\\\/2021\\\/03\\\/15\\\/alto-minho-regista-mais-58-recuperados-no-total-ha-162-casos-ativos\\\/#primaryimage\",\"url\":\"https:\\\/\\\/www.altominho.tv\\\/site\\\/wp-content\\\/uploads\\\/2021\\\/03\\\/ulsam_ATV-1.jpg\",\"contentUrl\":\"https:\\\/\\\/www.altominho.tv\\\/site\\\/wp-content\\\/uploads\\\/2021\\\/03\\\/ulsam_ATV-1.jpg\",\"width\":940,\"height\":490},{\"@type\":\"BreadcrumbList\",\"@id\":\"https:\\\/\\\/www.altominho.tv\\\/site\\\/2021\\\/03\\\/15\\\/alto-minho-regista-mais-58-recuperados-no-total-ha-162-casos-ativos\\\/#breadcrumb\",\"itemListElement\":[{\"@type\":\"ListItem\",\"position\":1,\"name\":\"In\u00edcio\",\"item\":\"https:\\\/\\\/www.altominho.tv\\\/site\\\/\"},{\"@type\":\"ListItem\",\"position\":2,\"name\":\"Alto Minho regista mais 58 recuperados. No total h\u00e1 162 casos ativos\"}]},{\"@type\":\"WebSite\",\"@id\":\"https:\\\/\\\/www.altominho.tv\\\/site\\\/#website\",\"url\":\"https:\\\/\\\/www.altominho.tv\\\/site\\\/\",\"name\":\"Altominho.tv\",\"description\":\"A sua regi\u00e3o \u00e0 dist\u00e2ncia de um clique...\",\"potentialAction\":[{\"@type\":\"SearchAction\",\"target\":{\"@type\":\"EntryPoint\",\"urlTemplate\":\"https:\\\/\\\/www.altominho.tv\\\/site\\\/?s={search_term_string}\"},\"query-input\":{\"@type\":\"PropertyValueSpecification\",\"valueRequired\":true,\"valueName\":\"search_term_string\"}}],\"inLanguage\":\"pt-PT\"},{\"@type\":\"Person\",\"@id\":\"https:\\\/\\\/www.altominho.tv\\\/site\\\/#\\\/schema\\\/person\\\/a0e4ef6d041f98ca284393d8f1d97153\",\"name\":\"Andreia Cunha\",\"image\":{\"@type\":\"ImageObject\",\"inLanguage\":\"pt-PT\",\"@id\":\"https:\\\/\\\/www.altominho.tv\\\/site\\\/wp-content\\\/uploads\\\/2017\\\/11\\\/Andreia_Cunha-1-150x150.jpg\",\"url\":\"https:\\\/\\\/www.altominho.tv\\\/site\\\/wp-content\\\/uploads\\\/2017\\\/11\\\/Andreia_Cunha-1-150x150.jpg\",\"contentUrl\":\"https:\\\/\\\/www.altominho.tv\\\/site\\\/wp-content\\\/uploads\\\/2017\\\/11\\\/Andreia_Cunha-1-150x150.jpg\",\"caption\":\"Andreia Cunha\"},\"url\":\"https:\\\/\\\/www.altominho.tv\\\/site\\\/author\\\/andreiacunha\\\/\"}]}<\/script>\n<!-- \/ Yoast SEO Premium plugin. -->","yoast_head_json":{"title":"Alto Minho regista mais 58 recuperados. No total h\u00e1 162 casos ativos","robots":{"index":"index","follow":"follow","max-snippet":"max-snippet:-1","max-image-preview":"max-image-preview:large","max-video-preview":"max-video-preview:-1"},"canonical":"https:\/\/www.altominho.tv\/site\/2021\/03\/15\/alto-minho-regista-mais-58-recuperados-no-total-ha-162-casos-ativos\/","og_locale":"pt_PT","og_type":"article","og_title":"Alto Minho regista mais 58 recuperados. No total h\u00e1 162 casos ativos","og_description":"A regi\u00e3o do Alto Minho registou desde a passada sexta-feira mais duas mortes associadas \u00e0 Covid-19, 35 novas infe\u00e7\u00f5es e 58 recuperados. No total, h\u00e1 162 casos ativos, uma diminui\u00e7\u00e3o face aos 187 anteriores. Segundo os dados divulgados esta segunda-feira pela Unidade Local de Sa\u00fade do Alto Minho (ULSAM), as v\u00edtimas mortais foram registadas no [&hellip;]","og_url":"https:\/\/www.altominho.tv\/site\/2021\/03\/15\/alto-minho-regista-mais-58-recuperados-no-total-ha-162-casos-ativos\/","og_site_name":"Altominho.tv","article_publisher":"https:\/\/www.facebook.com\/altominhotv","article_published_time":"2021-03-15T23:42:02+00:00","article_modified_time":"2021-03-15T23:42:08+00:00","og_image":[{"width":940,"height":490,"url":"https:\/\/www.altominho.tv\/site\/wp-content\/uploads\/2021\/03\/ulsam_ATV-1.jpg","type":"image\/jpeg"}],"author":"Andreia Cunha","twitter_card":"summary_large_image","twitter_creator":"@altominhoTV","twitter_site":"@altominhoTV","twitter_misc":{"Escrito por":"Andreia Cunha","Tempo estimado de leitura":"1 minuto"},"schema":{"@context":"https:\/\/schema.org","@graph":[{"@type":"Article","@id":"https:\/\/www.altominho.tv\/site\/2021\/03\/15\/alto-minho-regista-mais-58-recuperados-no-total-ha-162-casos-ativos\/#article","isPartOf":{"@id":"https:\/\/www.altominho.tv\/site\/2021\/03\/15\/alto-minho-regista-mais-58-recuperados-no-total-ha-162-casos-ativos\/"},"author":{"name":"Andreia Cunha","@id":"https:\/\/www.altominho.tv\/site\/#\/schema\/person\/a0e4ef6d041f98ca284393d8f1d97153"},"headline":"Alto Minho regista mais 58 recuperados. No total h\u00e1 162 casos ativos","datePublished":"2021-03-15T23:42:02+00:00","dateModified":"2021-03-15T23:42:08+00:00","mainEntityOfPage":{"@id":"https:\/\/www.altominho.tv\/site\/2021\/03\/15\/alto-minho-regista-mais-58-recuperados-no-total-ha-162-casos-ativos\/"},"wordCount":303,"image":{"@id":"https:\/\/www.altominho.tv\/site\/2021\/03\/15\/alto-minho-regista-mais-58-recuperados-no-total-ha-162-casos-ativos\/#primaryimage"},"thumbnailUrl":"https:\/\/www.altominho.tv\/site\/wp-content\/uploads\/2021\/03\/ulsam_ATV-1.jpg","keywords":["Sa\u00fade"],"articleSection":["Alto Minho"],"inLanguage":"pt-PT","copyrightYear":"2021","copyrightHolder":{"@id":"https:\/\/www.altominho.tv\/site\/#organization"}},{"@type":"WebPage","@id":"https:\/\/www.altominho.tv\/site\/2021\/03\/15\/alto-minho-regista-mais-58-recuperados-no-total-ha-162-casos-ativos\/","url":"https:\/\/www.altominho.tv\/site\/2021\/03\/15\/alto-minho-regista-mais-58-recuperados-no-total-ha-162-casos-ativos\/","name":"Alto Minho regista mais 58 recuperados. No total h\u00e1 162 casos ativos","isPartOf":{"@id":"https:\/\/www.altominho.tv\/site\/#website"},"primaryImageOfPage":{"@id":"https:\/\/www.altominho.tv\/site\/2021\/03\/15\/alto-minho-regista-mais-58-recuperados-no-total-ha-162-casos-ativos\/#primaryimage"},"image":{"@id":"https:\/\/www.altominho.tv\/site\/2021\/03\/15\/alto-minho-regista-mais-58-recuperados-no-total-ha-162-casos-ativos\/#primaryimage"},"thumbnailUrl":"https:\/\/www.altominho.tv\/site\/wp-content\/uploads\/2021\/03\/ulsam_ATV-1.jpg","datePublished":"2021-03-15T23:42:02+00:00","dateModified":"2021-03-15T23:42:08+00:00","author":{"@id":"https:\/\/www.altominho.tv\/site\/#\/schema\/person\/a0e4ef6d041f98ca284393d8f1d97153"},"breadcrumb":{"@id":"https:\/\/www.altominho.tv\/site\/2021\/03\/15\/alto-minho-regista-mais-58-recuperados-no-total-ha-162-casos-ativos\/#breadcrumb"},"inLanguage":"pt-PT","potentialAction":[{"@type":"ReadAction","target":["https:\/\/www.altominho.tv\/site\/2021\/03\/15\/alto-minho-regista-mais-58-recuperados-no-total-ha-162-casos-ativos\/"]}]},{"@type":"ImageObject","inLanguage":"pt-PT","@id":"https:\/\/www.altominho.tv\/site\/2021\/03\/15\/alto-minho-regista-mais-58-recuperados-no-total-ha-162-casos-ativos\/#primaryimage","url":"https:\/\/www.altominho.tv\/site\/wp-content\/uploads\/2021\/03\/ulsam_ATV-1.jpg","contentUrl":"https:\/\/www.altominho.tv\/site\/wp-content\/uploads\/2021\/03\/ulsam_ATV-1.jpg","width":940,"height":490},{"@type":"BreadcrumbList","@id":"https:\/\/www.altominho.tv\/site\/2021\/03\/15\/alto-minho-regista-mais-58-recuperados-no-total-ha-162-casos-ativos\/#breadcrumb","itemListElement":[{"@type":"ListItem","position":1,"name":"In\u00edcio","item":"https:\/\/www.altominho.tv\/site\/"},{"@type":"ListItem","position":2,"name":"Alto Minho regista mais 58 recuperados. No total h\u00e1 162 casos ativos"}]},{"@type":"WebSite","@id":"https:\/\/www.altominho.tv\/site\/#website","url":"https:\/\/www.altominho.tv\/site\/","name":"Altominho.tv","description":"A sua regi\u00e3o \u00e0 dist\u00e2ncia de um clique...","potentialAction":[{"@type":"SearchAction","target":{"@type":"EntryPoint","urlTemplate":"https:\/\/www.altominho.tv\/site\/?s={search_term_string}"},"query-input":{"@type":"PropertyValueSpecification","valueRequired":true,"valueName":"search_term_string"}}],"inLanguage":"pt-PT"},{"@type":"Person","@id":"https:\/\/www.altominho.tv\/site\/#\/schema\/person\/a0e4ef6d041f98ca284393d8f1d97153","name":"Andreia Cunha","image":{"@type":"ImageObject","inLanguage":"pt-PT","@id":"https:\/\/www.altominho.tv\/site\/wp-content\/uploads\/2017\/11\/Andreia_Cunha-1-150x150.jpg","url":"https:\/\/www.altominho.tv\/site\/wp-content\/uploads\/2017\/11\/Andreia_Cunha-1-150x150.jpg","contentUrl":"https:\/\/www.altominho.tv\/site\/wp-content\/uploads\/2017\/11\/Andreia_Cunha-1-150x150.jpg","caption":"Andreia Cunha"},"url":"https:\/\/www.altominho.tv\/site\/author\/andreiacunha\/"}]}},"_links":{"self":[{"href":"https:\/\/www.altominho.tv\/site\/wp-json\/wp\/v2\/posts\/63902","targetHints":{"allow":["GET"]}}],"collection":[{"href":"https:\/\/www.altominho.tv\/site\/wp-json\/wp\/v2\/posts"}],"about":[{"href":"https:\/\/www.altominho.tv\/site\/wp-json\/wp\/v2\/types\/post"}],"author":[{"embeddable":true,"href":"https:\/\/www.altominho.tv\/site\/wp-json\/wp\/v2\/users\/7"}],"replies":[{"embeddable":true,"href":"https:\/\/www.altominho.tv\/site\/wp-json\/wp\/v2\/comments?post=63902"}],"version-history":[{"count":0,"href":"https:\/\/www.altominho.tv\/site\/wp-json\/wp\/v2\/posts\/63902\/revisions"}],"wp:featuredmedia":[{"embeddable":true,"href":"https:\/\/www.altominho.tv\/site\/wp-json\/wp\/v2\/media\/63904"}],"wp:attachment":[{"href":"https:\/\/www.altominho.tv\/site\/wp-json\/wp\/v2\/media?parent=63902"}],"wp:term":[{"taxonomy":"category","embeddable":true,"href":"https:\/\/www.altominho.tv\/site\/wp-json\/wp\/v2\/categories?post=63902"},{"taxonomy":"post_tag","embeddable":true,"href":"https:\/\/www.altominho.tv\/site\/wp-json\/wp\/v2\/tags?post=63902"}],"curies":[{"name":"wp","href":"https:\/\/api.w.org\/{rel}","templated":true}]}}