{"id":63868,"date":"2021-03-15T10:29:43","date_gmt":"2021-03-15T10:29:43","guid":{"rendered":"https:\/\/www.altominho.tv\/site\/?p=63868"},"modified":"2021-03-15T10:29:47","modified_gmt":"2021-03-15T10:29:47","slug":"controlo-de-fronteiras-terrestres-e-fluviais-vai-manter-se-ate-05-de-abril","status":"publish","type":"post","link":"https:\/\/www.altominho.tv\/site\/2021\/03\/15\/controlo-de-fronteiras-terrestres-e-fluviais-vai-manter-se-ate-05-de-abril\/","title":{"rendered":"Controlo de fronteiras terrestres e fluviais vai manter-se at\u00e9 05 de abril"},"content":{"rendered":"<p>O controlo de pessoas nas fronteiras terrestres e fluviais vai manter-se at\u00e9 05 de abril devido \u00e0 situa\u00e7\u00e3o epidemiol\u00f3gica em Portugal e Espanha, mantendo-se os pontos de passagem autorizados (PPA) e os hor\u00e1rios estabelecidos no per\u00edodo anterior.<\/p>\n<p>Em comunicado, o Minist\u00e9rio da Administra\u00e7\u00e3o Interna (MAI) adianta que a partir das 00:00 de quarta-feira mant\u00e9m-se limitada a circula\u00e7\u00e3o entre Portugal e Espanha ao transporte internacional de mercadorias, de trabalhadores transfronteiri\u00e7os e de car\u00e1ter sazonal devidamente documentados, e de ve\u00edculos de emerg\u00eancia e socorro e servi\u00e7o de urg\u00eancia.<\/p>\n<p>O MAI adianta que se mant\u00e9m suspensa a circula\u00e7\u00e3o ferrovi\u00e1ria transfronteiri\u00e7a, exceto para transporte de mercadorias, bem como o transporte fluvial entre Portugal e Espanha.<br \/>\n\u201cEstas limita\u00e7\u00f5es n\u00e3o impedem a entrada em Portugal de cidad\u00e3os nacionais e de titulares de autoriza\u00e7\u00e3o de resid\u00eancia em Portugal, bem como a sa\u00edda de cidad\u00e3os residentes noutros pa\u00edses\u201d, esclarece o MAI.<\/p>\n<p>Na nota, o MAI adianta tamb\u00e9m que no \u00e2mbito da reposi\u00e7\u00e3o tempor\u00e1ria do controlo de pessoas nas fronteiras com Espanha, o Servi\u00e7o de Estrangeiros e Fronteiras (SEF) e a GNR controlaram, entre os dias 31 de janeiro e 12 de mar\u00e7o, um total de 494.430 cidad\u00e3os e 416.230 viaturas nos PPA.<\/p>\n<p>Deste total de 494.430 cidad\u00e3os, 3.664 foram impedidos de circular pelos pontos de passagem autorizados.<\/p>\n<p>As recusas de circula\u00e7\u00e3o verificaram-se em Valen\u00e7a (1.181), Castro Marim (720), Caia (671), Vila Verde da Raia (317), Vilar Formoso (253), Quintanilha (110), Vila Verde de Ficalho (107), Mon\u00e7\u00e3o (70), Marv\u00e3o (59), Melga\u00e7o (41), Ponte da Barca (34), Miranda do Douro (32), Monfortinho (27), Barrancos (18), Montalegre (15), Mour\u00e3o (oito), Vinhais (um).<\/p>\n<p>A GNR controlou 416.230 viaturas, das quais 184.051 pesados de mercadorias e 232.179 viaturas ligeiras.<\/p>\n<p>Nos pontos de passagem n\u00e3o autorizados, a GNR reencaminhou 236 viaturas para os PPA.<\/p>\n<p>O primeiro-ministro portugu\u00eas, Ant\u00f3nio Costa, disse na quinta-feira que apesar dos n\u00edveis da pandemia em Portugal e Espanha permitirem a reabertura da fronteira, ela vai manter-se encerrada at\u00e9 \u00e0 P\u00e1scoa para evitar as tradicionais desloca\u00e7\u00f5es de pessoas na \u201csemana santa\u201d entre os dois pa\u00edses.<\/p>\n<p>A pandemia de covid-19 provocou, pelo menos, 2.649.334 mortos no mundo, resultantes de mais de 119,4 milh\u00f5es de casos de infe\u00e7\u00e3o, segundo um balan\u00e7o feito pela ag\u00eancia francesa AFP.<\/p>\n<p>Em Portugal, morreram 16.684 pessoas dos 814.257 casos de infe\u00e7\u00e3o confirmados, de acordo com o boletim mais recente da Dire\u00e7\u00e3o-Geral da Sa\u00fade.<\/p>\n<p>A doen\u00e7a \u00e9 transmitida por um novo coronav\u00edrus detetado no final de 2019, em Wuhan, uma cidade do centro da China.<\/p>\n","protected":false},"excerpt":{"rendered":"<p>O controlo de pessoas nas fronteiras terrestres e fluviais vai manter-se at\u00e9 05 de abril devido \u00e0 situa\u00e7\u00e3o epidemiol\u00f3gica em Portugal e Espanha, mantendo-se os pontos de passagem autorizados (PPA) e os hor\u00e1rios estabelecidos no per\u00edodo anterior. Em comunicado, o Minist\u00e9rio da Administra\u00e7\u00e3o Interna (MAI) adianta que a partir das 00:00 de quarta-feira mant\u00e9m-se limitada [&hellip;]<\/p>\n","protected":false},"author":13,"featured_media":63869,"comment_status":"closed","ping_status":"closed","sticky":false,"template":"","format":"standard","meta":{"_exactmetrics_skip_tracking":false,"_exactmetrics_sitenote_active":false,"_exactmetrics_sitenote_note":"","_exactmetrics_sitenote_category":0,"footnotes":""},"categories":[73],"tags":[27],"class_list":["post-63868","post","type-post","status-publish","format-standard","has-post-thumbnail","hentry","category-alto-minho","tag-sociedade"],"yoast_head":"<!-- This site is optimized with the Yoast SEO Premium plugin v27.4 (Yoast SEO v27.4) - https:\/\/yoast.com\/product\/yoast-seo-premium-wordpress\/ -->\n<title>Controlo de fronteiras terrestres e fluviais vai manter-se at\u00e9 05 de abril<\/title>\n<meta name=\"robots\" content=\"index, follow, max-snippet:-1, max-image-preview:large, max-video-preview:-1\" \/>\n<link rel=\"canonical\" href=\"https:\/\/www.altominho.tv\/site\/2021\/03\/15\/controlo-de-fronteiras-terrestres-e-fluviais-vai-manter-se-ate-05-de-abril\/\" \/>\n<meta property=\"og:locale\" content=\"pt_PT\" \/>\n<meta property=\"og:type\" content=\"article\" \/>\n<meta property=\"og:title\" content=\"Controlo de fronteiras terrestres e fluviais vai manter-se at\u00e9 05 de abril\" \/>\n<meta property=\"og:description\" content=\"O controlo de pessoas nas fronteiras terrestres e fluviais vai manter-se at\u00e9 05 de abril devido \u00e0 situa\u00e7\u00e3o epidemiol\u00f3gica em Portugal e Espanha, mantendo-se os pontos de passagem autorizados (PPA) e os hor\u00e1rios estabelecidos no per\u00edodo anterior. Em comunicado, o Minist\u00e9rio da Administra\u00e7\u00e3o Interna (MAI) adianta que a partir das 00:00 de quarta-feira mant\u00e9m-se limitada [&hellip;]\" \/>\n<meta property=\"og:url\" content=\"https:\/\/www.altominho.tv\/site\/2021\/03\/15\/controlo-de-fronteiras-terrestres-e-fluviais-vai-manter-se-ate-05-de-abril\/\" \/>\n<meta property=\"og:site_name\" content=\"Altominho.tv\" \/>\n<meta property=\"article:publisher\" content=\"https:\/\/www.facebook.com\/altominhotv\" \/>\n<meta property=\"article:published_time\" content=\"2021-03-15T10:29:43+00:00\" \/>\n<meta property=\"article:modified_time\" content=\"2021-03-15T10:29:47+00:00\" \/>\n<meta property=\"og:image\" content=\"https:\/\/www.altominho.tv\/site\/wp-content\/uploads\/2021\/03\/Fronteira_valenc\u0327a_.jpg\" \/>\n\t<meta property=\"og:image:width\" content=\"1768\" \/>\n\t<meta property=\"og:image:height\" content=\"995\" \/>\n\t<meta property=\"og:image:type\" content=\"image\/jpeg\" \/>\n<meta name=\"author\" content=\"Lusa\" \/>\n<meta name=\"twitter:card\" content=\"summary_large_image\" \/>\n<meta name=\"twitter:creator\" content=\"@altominhoTV\" \/>\n<meta name=\"twitter:site\" content=\"@altominhoTV\" \/>\n<meta name=\"twitter:label1\" content=\"Escrito por\" \/>\n\t<meta name=\"twitter:data1\" content=\"Lusa\" \/>\n\t<meta name=\"twitter:label2\" content=\"Tempo estimado de leitura\" \/>\n\t<meta name=\"twitter:data2\" content=\"2 minutos\" \/>\n<script type=\"application\/ld+json\" class=\"yoast-schema-graph\">{\"@context\":\"https:\\\/\\\/schema.org\",\"@graph\":[{\"@type\":\"Article\",\"@id\":\"https:\\\/\\\/www.altominho.tv\\\/site\\\/2021\\\/03\\\/15\\\/controlo-de-fronteiras-terrestres-e-fluviais-vai-manter-se-ate-05-de-abril\\\/#article\",\"isPartOf\":{\"@id\":\"https:\\\/\\\/www.altominho.tv\\\/site\\\/2021\\\/03\\\/15\\\/controlo-de-fronteiras-terrestres-e-fluviais-vai-manter-se-ate-05-de-abril\\\/\"},\"author\":{\"name\":\"Lusa\",\"@id\":\"https:\\\/\\\/www.altominho.tv\\\/site\\\/#\\\/schema\\\/person\\\/63f693da3e1899361cbe955c46f3232e\"},\"headline\":\"Controlo de fronteiras terrestres e fluviais vai manter-se at\u00e9 05 de abril\",\"datePublished\":\"2021-03-15T10:29:43+00:00\",\"dateModified\":\"2021-03-15T10:29:47+00:00\",\"mainEntityOfPage\":{\"@id\":\"https:\\\/\\\/www.altominho.tv\\\/site\\\/2021\\\/03\\\/15\\\/controlo-de-fronteiras-terrestres-e-fluviais-vai-manter-se-ate-05-de-abril\\\/\"},\"wordCount\":437,\"image\":{\"@id\":\"https:\\\/\\\/www.altominho.tv\\\/site\\\/2021\\\/03\\\/15\\\/controlo-de-fronteiras-terrestres-e-fluviais-vai-manter-se-ate-05-de-abril\\\/#primaryimage\"},\"thumbnailUrl\":\"https:\\\/\\\/www.altominho.tv\\\/site\\\/wp-content\\\/uploads\\\/2021\\\/03\\\/Fronteira_valenc\u0327a_.jpg\",\"keywords\":[\"Sociedade\"],\"articleSection\":[\"Alto Minho\"],\"inLanguage\":\"pt-PT\",\"copyrightYear\":\"2021\",\"copyrightHolder\":{\"@id\":\"https:\\\/\\\/www.altominho.tv\\\/site\\\/#organization\"}},{\"@type\":\"WebPage\",\"@id\":\"https:\\\/\\\/www.altominho.tv\\\/site\\\/2021\\\/03\\\/15\\\/controlo-de-fronteiras-terrestres-e-fluviais-vai-manter-se-ate-05-de-abril\\\/\",\"url\":\"https:\\\/\\\/www.altominho.tv\\\/site\\\/2021\\\/03\\\/15\\\/controlo-de-fronteiras-terrestres-e-fluviais-vai-manter-se-ate-05-de-abril\\\/\",\"name\":\"Controlo de fronteiras terrestres e fluviais vai manter-se at\u00e9 05 de abril\",\"isPartOf\":{\"@id\":\"https:\\\/\\\/www.altominho.tv\\\/site\\\/#website\"},\"primaryImageOfPage\":{\"@id\":\"https:\\\/\\\/www.altominho.tv\\\/site\\\/2021\\\/03\\\/15\\\/controlo-de-fronteiras-terrestres-e-fluviais-vai-manter-se-ate-05-de-abril\\\/#primaryimage\"},\"image\":{\"@id\":\"https:\\\/\\\/www.altominho.tv\\\/site\\\/2021\\\/03\\\/15\\\/controlo-de-fronteiras-terrestres-e-fluviais-vai-manter-se-ate-05-de-abril\\\/#primaryimage\"},\"thumbnailUrl\":\"https:\\\/\\\/www.altominho.tv\\\/site\\\/wp-content\\\/uploads\\\/2021\\\/03\\\/Fronteira_valenc\u0327a_.jpg\",\"datePublished\":\"2021-03-15T10:29:43+00:00\",\"dateModified\":\"2021-03-15T10:29:47+00:00\",\"author\":{\"@id\":\"https:\\\/\\\/www.altominho.tv\\\/site\\\/#\\\/schema\\\/person\\\/63f693da3e1899361cbe955c46f3232e\"},\"breadcrumb\":{\"@id\":\"https:\\\/\\\/www.altominho.tv\\\/site\\\/2021\\\/03\\\/15\\\/controlo-de-fronteiras-terrestres-e-fluviais-vai-manter-se-ate-05-de-abril\\\/#breadcrumb\"},\"inLanguage\":\"pt-PT\",\"potentialAction\":[{\"@type\":\"ReadAction\",\"target\":[\"https:\\\/\\\/www.altominho.tv\\\/site\\\/2021\\\/03\\\/15\\\/controlo-de-fronteiras-terrestres-e-fluviais-vai-manter-se-ate-05-de-abril\\\/\"]}]},{\"@type\":\"ImageObject\",\"inLanguage\":\"pt-PT\",\"@id\":\"https:\\\/\\\/www.altominho.tv\\\/site\\\/2021\\\/03\\\/15\\\/controlo-de-fronteiras-terrestres-e-fluviais-vai-manter-se-ate-05-de-abril\\\/#primaryimage\",\"url\":\"https:\\\/\\\/www.altominho.tv\\\/site\\\/wp-content\\\/uploads\\\/2021\\\/03\\\/Fronteira_valenc\u0327a_.jpg\",\"contentUrl\":\"https:\\\/\\\/www.altominho.tv\\\/site\\\/wp-content\\\/uploads\\\/2021\\\/03\\\/Fronteira_valenc\u0327a_.jpg\",\"width\":1768,\"height\":995},{\"@type\":\"BreadcrumbList\",\"@id\":\"https:\\\/\\\/www.altominho.tv\\\/site\\\/2021\\\/03\\\/15\\\/controlo-de-fronteiras-terrestres-e-fluviais-vai-manter-se-ate-05-de-abril\\\/#breadcrumb\",\"itemListElement\":[{\"@type\":\"ListItem\",\"position\":1,\"name\":\"In\u00edcio\",\"item\":\"https:\\\/\\\/www.altominho.tv\\\/site\\\/\"},{\"@type\":\"ListItem\",\"position\":2,\"name\":\"Controlo de fronteiras terrestres e fluviais vai manter-se at\u00e9 05 de abril\"}]},{\"@type\":\"WebSite\",\"@id\":\"https:\\\/\\\/www.altominho.tv\\\/site\\\/#website\",\"url\":\"https:\\\/\\\/www.altominho.tv\\\/site\\\/\",\"name\":\"Altominho.tv\",\"description\":\"A sua regi\u00e3o \u00e0 dist\u00e2ncia de um clique...\",\"potentialAction\":[{\"@type\":\"SearchAction\",\"target\":{\"@type\":\"EntryPoint\",\"urlTemplate\":\"https:\\\/\\\/www.altominho.tv\\\/site\\\/?s={search_term_string}\"},\"query-input\":{\"@type\":\"PropertyValueSpecification\",\"valueRequired\":true,\"valueName\":\"search_term_string\"}}],\"inLanguage\":\"pt-PT\"},{\"@type\":\"Person\",\"@id\":\"https:\\\/\\\/www.altominho.tv\\\/site\\\/#\\\/schema\\\/person\\\/63f693da3e1899361cbe955c46f3232e\",\"name\":\"Lusa\",\"image\":{\"@type\":\"ImageObject\",\"inLanguage\":\"pt-PT\",\"@id\":\"https:\\\/\\\/www.altominho.tv\\\/site\\\/wp-content\\\/uploads\\\/2019\\\/08\\\/LUSA_Logo.gif\",\"url\":\"https:\\\/\\\/www.altominho.tv\\\/site\\\/wp-content\\\/uploads\\\/2019\\\/08\\\/LUSA_Logo.gif\",\"contentUrl\":\"https:\\\/\\\/www.altominho.tv\\\/site\\\/wp-content\\\/uploads\\\/2019\\\/08\\\/LUSA_Logo.gif\",\"caption\":\"Lusa\"},\"sameAs\":[\"http:\\\/\\\/\\\/\\\/www.altominho.tv\\\/site\"],\"url\":\"https:\\\/\\\/www.altominho.tv\\\/site\\\/author\\\/lusa\\\/\"}]}<\/script>\n<!-- \/ Yoast SEO Premium plugin. -->","yoast_head_json":{"title":"Controlo de fronteiras terrestres e fluviais vai manter-se at\u00e9 05 de abril","robots":{"index":"index","follow":"follow","max-snippet":"max-snippet:-1","max-image-preview":"max-image-preview:large","max-video-preview":"max-video-preview:-1"},"canonical":"https:\/\/www.altominho.tv\/site\/2021\/03\/15\/controlo-de-fronteiras-terrestres-e-fluviais-vai-manter-se-ate-05-de-abril\/","og_locale":"pt_PT","og_type":"article","og_title":"Controlo de fronteiras terrestres e fluviais vai manter-se at\u00e9 05 de abril","og_description":"O controlo de pessoas nas fronteiras terrestres e fluviais vai manter-se at\u00e9 05 de abril devido \u00e0 situa\u00e7\u00e3o epidemiol\u00f3gica em Portugal e Espanha, mantendo-se os pontos de passagem autorizados (PPA) e os hor\u00e1rios estabelecidos no per\u00edodo anterior. Em comunicado, o Minist\u00e9rio da Administra\u00e7\u00e3o Interna (MAI) adianta que a partir das 00:00 de quarta-feira mant\u00e9m-se limitada [&hellip;]","og_url":"https:\/\/www.altominho.tv\/site\/2021\/03\/15\/controlo-de-fronteiras-terrestres-e-fluviais-vai-manter-se-ate-05-de-abril\/","og_site_name":"Altominho.tv","article_publisher":"https:\/\/www.facebook.com\/altominhotv","article_published_time":"2021-03-15T10:29:43+00:00","article_modified_time":"2021-03-15T10:29:47+00:00","og_image":[{"width":1768,"height":995,"url":"https:\/\/www.altominho.tv\/site\/wp-content\/uploads\/2021\/03\/Fronteira_valenc\u0327a_.jpg","type":"image\/jpeg"}],"author":"Lusa","twitter_card":"summary_large_image","twitter_creator":"@altominhoTV","twitter_site":"@altominhoTV","twitter_misc":{"Escrito por":"Lusa","Tempo estimado de leitura":"2 minutos"},"schema":{"@context":"https:\/\/schema.org","@graph":[{"@type":"Article","@id":"https:\/\/www.altominho.tv\/site\/2021\/03\/15\/controlo-de-fronteiras-terrestres-e-fluviais-vai-manter-se-ate-05-de-abril\/#article","isPartOf":{"@id":"https:\/\/www.altominho.tv\/site\/2021\/03\/15\/controlo-de-fronteiras-terrestres-e-fluviais-vai-manter-se-ate-05-de-abril\/"},"author":{"name":"Lusa","@id":"https:\/\/www.altominho.tv\/site\/#\/schema\/person\/63f693da3e1899361cbe955c46f3232e"},"headline":"Controlo de fronteiras terrestres e fluviais vai manter-se at\u00e9 05 de abril","datePublished":"2021-03-15T10:29:43+00:00","dateModified":"2021-03-15T10:29:47+00:00","mainEntityOfPage":{"@id":"https:\/\/www.altominho.tv\/site\/2021\/03\/15\/controlo-de-fronteiras-terrestres-e-fluviais-vai-manter-se-ate-05-de-abril\/"},"wordCount":437,"image":{"@id":"https:\/\/www.altominho.tv\/site\/2021\/03\/15\/controlo-de-fronteiras-terrestres-e-fluviais-vai-manter-se-ate-05-de-abril\/#primaryimage"},"thumbnailUrl":"https:\/\/www.altominho.tv\/site\/wp-content\/uploads\/2021\/03\/Fronteira_valenc\u0327a_.jpg","keywords":["Sociedade"],"articleSection":["Alto Minho"],"inLanguage":"pt-PT","copyrightYear":"2021","copyrightHolder":{"@id":"https:\/\/www.altominho.tv\/site\/#organization"}},{"@type":"WebPage","@id":"https:\/\/www.altominho.tv\/site\/2021\/03\/15\/controlo-de-fronteiras-terrestres-e-fluviais-vai-manter-se-ate-05-de-abril\/","url":"https:\/\/www.altominho.tv\/site\/2021\/03\/15\/controlo-de-fronteiras-terrestres-e-fluviais-vai-manter-se-ate-05-de-abril\/","name":"Controlo de fronteiras terrestres e fluviais vai manter-se at\u00e9 05 de abril","isPartOf":{"@id":"https:\/\/www.altominho.tv\/site\/#website"},"primaryImageOfPage":{"@id":"https:\/\/www.altominho.tv\/site\/2021\/03\/15\/controlo-de-fronteiras-terrestres-e-fluviais-vai-manter-se-ate-05-de-abril\/#primaryimage"},"image":{"@id":"https:\/\/www.altominho.tv\/site\/2021\/03\/15\/controlo-de-fronteiras-terrestres-e-fluviais-vai-manter-se-ate-05-de-abril\/#primaryimage"},"thumbnailUrl":"https:\/\/www.altominho.tv\/site\/wp-content\/uploads\/2021\/03\/Fronteira_valenc\u0327a_.jpg","datePublished":"2021-03-15T10:29:43+00:00","dateModified":"2021-03-15T10:29:47+00:00","author":{"@id":"https:\/\/www.altominho.tv\/site\/#\/schema\/person\/63f693da3e1899361cbe955c46f3232e"},"breadcrumb":{"@id":"https:\/\/www.altominho.tv\/site\/2021\/03\/15\/controlo-de-fronteiras-terrestres-e-fluviais-vai-manter-se-ate-05-de-abril\/#breadcrumb"},"inLanguage":"pt-PT","potentialAction":[{"@type":"ReadAction","target":["https:\/\/www.altominho.tv\/site\/2021\/03\/15\/controlo-de-fronteiras-terrestres-e-fluviais-vai-manter-se-ate-05-de-abril\/"]}]},{"@type":"ImageObject","inLanguage":"pt-PT","@id":"https:\/\/www.altominho.tv\/site\/2021\/03\/15\/controlo-de-fronteiras-terrestres-e-fluviais-vai-manter-se-ate-05-de-abril\/#primaryimage","url":"https:\/\/www.altominho.tv\/site\/wp-content\/uploads\/2021\/03\/Fronteira_valenc\u0327a_.jpg","contentUrl":"https:\/\/www.altominho.tv\/site\/wp-content\/uploads\/2021\/03\/Fronteira_valenc\u0327a_.jpg","width":1768,"height":995},{"@type":"BreadcrumbList","@id":"https:\/\/www.altominho.tv\/site\/2021\/03\/15\/controlo-de-fronteiras-terrestres-e-fluviais-vai-manter-se-ate-05-de-abril\/#breadcrumb","itemListElement":[{"@type":"ListItem","position":1,"name":"In\u00edcio","item":"https:\/\/www.altominho.tv\/site\/"},{"@type":"ListItem","position":2,"name":"Controlo de fronteiras terrestres e fluviais vai manter-se at\u00e9 05 de abril"}]},{"@type":"WebSite","@id":"https:\/\/www.altominho.tv\/site\/#website","url":"https:\/\/www.altominho.tv\/site\/","name":"Altominho.tv","description":"A sua regi\u00e3o \u00e0 dist\u00e2ncia de um clique...","potentialAction":[{"@type":"SearchAction","target":{"@type":"EntryPoint","urlTemplate":"https:\/\/www.altominho.tv\/site\/?s={search_term_string}"},"query-input":{"@type":"PropertyValueSpecification","valueRequired":true,"valueName":"search_term_string"}}],"inLanguage":"pt-PT"},{"@type":"Person","@id":"https:\/\/www.altominho.tv\/site\/#\/schema\/person\/63f693da3e1899361cbe955c46f3232e","name":"Lusa","image":{"@type":"ImageObject","inLanguage":"pt-PT","@id":"https:\/\/www.altominho.tv\/site\/wp-content\/uploads\/2019\/08\/LUSA_Logo.gif","url":"https:\/\/www.altominho.tv\/site\/wp-content\/uploads\/2019\/08\/LUSA_Logo.gif","contentUrl":"https:\/\/www.altominho.tv\/site\/wp-content\/uploads\/2019\/08\/LUSA_Logo.gif","caption":"Lusa"},"sameAs":["http:\/\/\/\/www.altominho.tv\/site"],"url":"https:\/\/www.altominho.tv\/site\/author\/lusa\/"}]}},"_links":{"self":[{"href":"https:\/\/www.altominho.tv\/site\/wp-json\/wp\/v2\/posts\/63868","targetHints":{"allow":["GET"]}}],"collection":[{"href":"https:\/\/www.altominho.tv\/site\/wp-json\/wp\/v2\/posts"}],"about":[{"href":"https:\/\/www.altominho.tv\/site\/wp-json\/wp\/v2\/types\/post"}],"author":[{"embeddable":true,"href":"https:\/\/www.altominho.tv\/site\/wp-json\/wp\/v2\/users\/13"}],"replies":[{"embeddable":true,"href":"https:\/\/www.altominho.tv\/site\/wp-json\/wp\/v2\/comments?post=63868"}],"version-history":[{"count":0,"href":"https:\/\/www.altominho.tv\/site\/wp-json\/wp\/v2\/posts\/63868\/revisions"}],"wp:featuredmedia":[{"embeddable":true,"href":"https:\/\/www.altominho.tv\/site\/wp-json\/wp\/v2\/media\/63869"}],"wp:attachment":[{"href":"https:\/\/www.altominho.tv\/site\/wp-json\/wp\/v2\/media?parent=63868"}],"wp:term":[{"taxonomy":"category","embeddable":true,"href":"https:\/\/www.altominho.tv\/site\/wp-json\/wp\/v2\/categories?post=63868"},{"taxonomy":"post_tag","embeddable":true,"href":"https:\/\/www.altominho.tv\/site\/wp-json\/wp\/v2\/tags?post=63868"}],"curies":[{"name":"wp","href":"https:\/\/api.w.org\/{rel}","templated":true}]}}