{"id":63852,"date":"2021-03-14T13:21:44","date_gmt":"2021-03-14T13:21:44","guid":{"rendered":"https:\/\/www.altominho.tv\/site\/?p=63852"},"modified":"2021-03-14T13:21:52","modified_gmt":"2021-03-14T13:21:52","slug":"pcp-recomenda-ao-governo-reversao-da-empresa-aguas-do-alto-minho","status":"publish","type":"post","link":"https:\/\/www.altominho.tv\/site\/2021\/03\/14\/pcp-recomenda-ao-governo-reversao-da-empresa-aguas-do-alto-minho\/","title":{"rendered":"PCP recomenda ao Governo revers\u00e3o da empresa \u00c1guas do Alto Minho"},"content":{"rendered":"\n<p>O PCP enviou ao Parlamento um projeto de resolu\u00e7\u00e3o a recomendar ao Governo a revers\u00e3o da empresa \u00c1guas do Alto Minho (AdAm) e a devolu\u00e7\u00e3o das redes de de \u00e1gua e saneamento \u00e0 gest\u00e3o municipal, foi hoje divulgado.<\/p>\n\n\n\n<p>Em comunicado hoje enviado \u00e0 ag\u00eancia Lusa, o grupo parlamentar do PCP adiantou que &#8220;j\u00e1 foi enviado para a Assembleia da Rep\u00fablica&#8221; o projeto de resolu\u00e7\u00e3o recomendando ao Governo a &#8220;revers\u00e3o do processo de constitui\u00e7\u00e3o&#8221; da empresa que gere as redes de abastecimento de \u00e1gua em baixa e de saneamento b\u00e1sico de sete dos 10 concelhos do distrito de Viana do Castelo, e o &#8220;retorno do controlo da \u00e1gua aos munic\u00edpios da regi\u00e3o&#8221;.<\/p>\n\n\n\n<p>O projeto visa que o Governo tome as &#8220;medidas necess\u00e1rias para a dissolu\u00e7\u00e3o da empresa \u00c1guas do Alto Minho e para a revers\u00e3o integral para os munic\u00edpios dos servi\u00e7os assegurados&#8221; pela mesma.<\/p>\n\n\n\n<p>Os comunistas pretendem ainda que o Governo &#8220;tome as medidas necess\u00e1rias para assegurar o retorno de todos os montantes cobrados indevidamente e em excesso, a todos os consumidores, num prazo m\u00e1ximo de dois meses&#8221;.<\/p>\n\n\n\n<p>Por outro lado, tem por objetivo que o Governo &#8220;promova, no \u00e2mbito das suas compet\u00eancias, medidas de apoio aos sistemas que favore\u00e7am uma pol\u00edtica de pre\u00e7os e tarifas que assegure a todos o acesso \u00e0 \u00e1gua e saneamento, em condi\u00e7\u00f5es de igualdade e que n\u00e3o penalize as fam\u00edlias e as popula\u00e7\u00f5es&#8221;.<\/p>\n\n\n\n<p>Visa ainda ver garantidos todos os postos de trabalho e direitos laborais dos funcion\u00e1rios da AdAM e que o Governo &#8220;assuma as devidas ila\u00e7\u00f5es deste processo e ponha fim a uma pol\u00edtica de intrus\u00e3o em \u00e1rea de compet\u00eancia das autarquias locais&#8221;.<\/p>\n\n\n\n<p>&#8220;Assegurando, no \u00e2mbito dos instrumentos de financiamento dispon\u00edveis para o pa\u00eds, fundos para o Ciclo Urbano da \u00c1gua, sem discrimina\u00e7\u00e3o e sem qualquer imposi\u00e7\u00e3o de modelo de organiza\u00e7\u00e3o ou agrega\u00e7\u00e3o&#8221;, sustenta o grupo parlamentar do PCP.<\/p>\n\n\n\n<p>Em fevereiro, a Dire\u00e7\u00e3o da Organiza\u00e7\u00e3o Regional de Viana do Castelo (DORVIC) do PCP de Viana do Castelo iniciou uma campanha que visa a revers\u00e3o da cria\u00e7\u00e3o da AdAM e devolu\u00e7\u00e3o da gest\u00e3o das redes de \u00e1gua e saneamento aos munic\u00edpios da regi\u00e3o.<\/p>\n\n\n\n<p>&#8220;A campanha tem o lema &#8216;Erros, desculpas, tarifas, mentiras. Basta. Recuperar a \u00e1gua como um bem p\u00fablico&#8217;. Al\u00e9m das redes sociais, incluiu outras a\u00e7\u00f5es como distribui\u00e7\u00e3o de documentos \u00e0 popula\u00e7\u00e3o, cartazes, faixas, para ajudar na mobiliza\u00e7\u00e3o das pessoas.<\/p>\n\n\n\n<p>A AdAM \u00e9 detida em 51% pela \u00c1guas de Portugal (AdP) e em 49% pelos munic\u00edpios de Arcos de Valdevez (PSD), Caminha (PS), Paredes de Coura (PS), Ponte de Lima (CDS-PP), Valen\u00e7a (PSD), Viana do Castelo (PS) e Vila Nova de Cerveira (Movimento independente PenCe &#8211; Pensar Cerveira), que comp\u00f5em a Comunidade Intermunicipal (CIM) do Alto Minho.<br>Tr\u00eas concelhos do distrito &#8211; Ponte da Barca (PSD), Mon\u00e7\u00e3o (PSD) e Melga\u00e7o (PS) &#8211; reprovaram a constitui\u00e7\u00e3o daquela parceria.<\/p>\n\n\n\n<p>A nova empresa come\u00e7ou a operar em janeiro de 2020, &#8220;dimensionada para fornecer mais de nove milh\u00f5es de metros c\u00fabicos de \u00e1gua pot\u00e1vel, por ano, e para recolher e tratar mais de seis milh\u00f5es de metros c\u00fabicos de \u00e1gua residual, por ano, a cerca de 70 mil clientes&#8221;.<\/p>\n\n\n\n<p>Em janeiro deste ano, a AdAM anunciou o in\u00edcio da regulariza\u00e7\u00e3o de consumos n\u00e3o faturados em 2020, na sequ\u00eancia de erros que afetaram 15 mil consumidores.<\/p>\n\n\n\n<p>A constitui\u00e7\u00e3o da empresa tem sido contestada por v\u00e1rios partidos e pela popula\u00e7\u00e3o, que se queixam do aumento &#8220;exponencial&#8221; das tarifas e do &#8220;mau&#8221; funcionamento dos servi\u00e7os, reclamando a sua revers\u00e3o e a devolu\u00e7\u00e3o da gest\u00e3o daquelas redes a cada um dos munic\u00edpios.<\/p>\n","protected":false},"excerpt":{"rendered":"<p>O PCP enviou ao Parlamento um projeto de resolu\u00e7\u00e3o a recomendar ao Governo a revers\u00e3o da empresa \u00c1guas do Alto Minho (AdAm) e a devolu\u00e7\u00e3o das redes de de \u00e1gua e saneamento \u00e0 gest\u00e3o municipal, foi hoje divulgado. Em comunicado hoje enviado \u00e0 ag\u00eancia Lusa, o grupo parlamentar do PCP adiantou que &#8220;j\u00e1 foi enviado [&hellip;]<\/p>\n","protected":false},"author":13,"featured_media":63438,"comment_status":"closed","ping_status":"closed","sticky":false,"template":"","format":"standard","meta":{"_exactmetrics_skip_tracking":false,"_exactmetrics_sitenote_active":false,"_exactmetrics_sitenote_note":"","_exactmetrics_sitenote_category":0,"footnotes":""},"categories":[73],"tags":[27],"class_list":["post-63852","post","type-post","status-publish","format-standard","has-post-thumbnail","hentry","category-alto-minho","tag-sociedade"],"yoast_head":"<!-- This site is optimized with the Yoast SEO Premium plugin v27.4 (Yoast SEO v27.4) - https:\/\/yoast.com\/product\/yoast-seo-premium-wordpress\/ -->\n<title>PCP recomenda ao Governo revers\u00e3o da empresa \u00c1guas do Alto Minho<\/title>\n<meta name=\"robots\" content=\"index, follow, max-snippet:-1, max-image-preview:large, max-video-preview:-1\" \/>\n<link rel=\"canonical\" href=\"https:\/\/www.altominho.tv\/site\/2021\/03\/14\/pcp-recomenda-ao-governo-reversao-da-empresa-aguas-do-alto-minho\/\" \/>\n<meta property=\"og:locale\" content=\"pt_PT\" \/>\n<meta property=\"og:type\" content=\"article\" \/>\n<meta property=\"og:title\" content=\"PCP recomenda ao Governo revers\u00e3o da empresa \u00c1guas do Alto Minho\" \/>\n<meta property=\"og:description\" content=\"O PCP enviou ao Parlamento um projeto de resolu\u00e7\u00e3o a recomendar ao Governo a revers\u00e3o da empresa \u00c1guas do Alto Minho (AdAm) e a devolu\u00e7\u00e3o das redes de de \u00e1gua e saneamento \u00e0 gest\u00e3o municipal, foi hoje divulgado. Em comunicado hoje enviado \u00e0 ag\u00eancia Lusa, o grupo parlamentar do PCP adiantou que &#8220;j\u00e1 foi enviado [&hellip;]\" \/>\n<meta property=\"og:url\" content=\"https:\/\/www.altominho.tv\/site\/2021\/03\/14\/pcp-recomenda-ao-governo-reversao-da-empresa-aguas-do-alto-minho\/\" \/>\n<meta property=\"og:site_name\" content=\"Altominho.tv\" \/>\n<meta property=\"article:publisher\" content=\"https:\/\/www.facebook.com\/altominhotv\" \/>\n<meta property=\"article:published_time\" content=\"2021-03-14T13:21:44+00:00\" \/>\n<meta property=\"article:modified_time\" content=\"2021-03-14T13:21:52+00:00\" \/>\n<meta property=\"og:image\" content=\"https:\/\/www.altominho.tv\/site\/wp-content\/uploads\/2021\/03\/aguas-1.jpg\" \/>\n\t<meta property=\"og:image:width\" content=\"1920\" \/>\n\t<meta property=\"og:image:height\" content=\"1080\" \/>\n\t<meta property=\"og:image:type\" content=\"image\/jpeg\" \/>\n<meta name=\"author\" content=\"Lusa\" \/>\n<meta name=\"twitter:card\" content=\"summary_large_image\" \/>\n<meta name=\"twitter:creator\" content=\"@altominhoTV\" \/>\n<meta name=\"twitter:site\" content=\"@altominhoTV\" \/>\n<meta name=\"twitter:label1\" content=\"Escrito por\" \/>\n\t<meta name=\"twitter:data1\" content=\"Lusa\" \/>\n\t<meta name=\"twitter:label2\" content=\"Tempo estimado de leitura\" \/>\n\t<meta name=\"twitter:data2\" content=\"3 minutos\" \/>\n<script type=\"application\/ld+json\" class=\"yoast-schema-graph\">{\"@context\":\"https:\\\/\\\/schema.org\",\"@graph\":[{\"@type\":\"Article\",\"@id\":\"https:\\\/\\\/www.altominho.tv\\\/site\\\/2021\\\/03\\\/14\\\/pcp-recomenda-ao-governo-reversao-da-empresa-aguas-do-alto-minho\\\/#article\",\"isPartOf\":{\"@id\":\"https:\\\/\\\/www.altominho.tv\\\/site\\\/2021\\\/03\\\/14\\\/pcp-recomenda-ao-governo-reversao-da-empresa-aguas-do-alto-minho\\\/\"},\"author\":{\"name\":\"Lusa\",\"@id\":\"https:\\\/\\\/www.altominho.tv\\\/site\\\/#\\\/schema\\\/person\\\/63f693da3e1899361cbe955c46f3232e\"},\"headline\":\"PCP recomenda ao Governo revers\u00e3o da empresa \u00c1guas do Alto Minho\",\"datePublished\":\"2021-03-14T13:21:44+00:00\",\"dateModified\":\"2021-03-14T13:21:52+00:00\",\"mainEntityOfPage\":{\"@id\":\"https:\\\/\\\/www.altominho.tv\\\/site\\\/2021\\\/03\\\/14\\\/pcp-recomenda-ao-governo-reversao-da-empresa-aguas-do-alto-minho\\\/\"},\"wordCount\":657,\"image\":{\"@id\":\"https:\\\/\\\/www.altominho.tv\\\/site\\\/2021\\\/03\\\/14\\\/pcp-recomenda-ao-governo-reversao-da-empresa-aguas-do-alto-minho\\\/#primaryimage\"},\"thumbnailUrl\":\"https:\\\/\\\/www.altominho.tv\\\/site\\\/wp-content\\\/uploads\\\/2021\\\/03\\\/aguas-1.jpg\",\"keywords\":[\"Sociedade\"],\"articleSection\":[\"Alto Minho\"],\"inLanguage\":\"pt-PT\",\"copyrightYear\":\"2021\",\"copyrightHolder\":{\"@id\":\"https:\\\/\\\/www.altominho.tv\\\/site\\\/#organization\"}},{\"@type\":\"WebPage\",\"@id\":\"https:\\\/\\\/www.altominho.tv\\\/site\\\/2021\\\/03\\\/14\\\/pcp-recomenda-ao-governo-reversao-da-empresa-aguas-do-alto-minho\\\/\",\"url\":\"https:\\\/\\\/www.altominho.tv\\\/site\\\/2021\\\/03\\\/14\\\/pcp-recomenda-ao-governo-reversao-da-empresa-aguas-do-alto-minho\\\/\",\"name\":\"PCP recomenda ao Governo revers\u00e3o da empresa \u00c1guas do Alto Minho\",\"isPartOf\":{\"@id\":\"https:\\\/\\\/www.altominho.tv\\\/site\\\/#website\"},\"primaryImageOfPage\":{\"@id\":\"https:\\\/\\\/www.altominho.tv\\\/site\\\/2021\\\/03\\\/14\\\/pcp-recomenda-ao-governo-reversao-da-empresa-aguas-do-alto-minho\\\/#primaryimage\"},\"image\":{\"@id\":\"https:\\\/\\\/www.altominho.tv\\\/site\\\/2021\\\/03\\\/14\\\/pcp-recomenda-ao-governo-reversao-da-empresa-aguas-do-alto-minho\\\/#primaryimage\"},\"thumbnailUrl\":\"https:\\\/\\\/www.altominho.tv\\\/site\\\/wp-content\\\/uploads\\\/2021\\\/03\\\/aguas-1.jpg\",\"datePublished\":\"2021-03-14T13:21:44+00:00\",\"dateModified\":\"2021-03-14T13:21:52+00:00\",\"author\":{\"@id\":\"https:\\\/\\\/www.altominho.tv\\\/site\\\/#\\\/schema\\\/person\\\/63f693da3e1899361cbe955c46f3232e\"},\"breadcrumb\":{\"@id\":\"https:\\\/\\\/www.altominho.tv\\\/site\\\/2021\\\/03\\\/14\\\/pcp-recomenda-ao-governo-reversao-da-empresa-aguas-do-alto-minho\\\/#breadcrumb\"},\"inLanguage\":\"pt-PT\",\"potentialAction\":[{\"@type\":\"ReadAction\",\"target\":[\"https:\\\/\\\/www.altominho.tv\\\/site\\\/2021\\\/03\\\/14\\\/pcp-recomenda-ao-governo-reversao-da-empresa-aguas-do-alto-minho\\\/\"]}]},{\"@type\":\"ImageObject\",\"inLanguage\":\"pt-PT\",\"@id\":\"https:\\\/\\\/www.altominho.tv\\\/site\\\/2021\\\/03\\\/14\\\/pcp-recomenda-ao-governo-reversao-da-empresa-aguas-do-alto-minho\\\/#primaryimage\",\"url\":\"https:\\\/\\\/www.altominho.tv\\\/site\\\/wp-content\\\/uploads\\\/2021\\\/03\\\/aguas-1.jpg\",\"contentUrl\":\"https:\\\/\\\/www.altominho.tv\\\/site\\\/wp-content\\\/uploads\\\/2021\\\/03\\\/aguas-1.jpg\",\"width\":1920,\"height\":1080},{\"@type\":\"BreadcrumbList\",\"@id\":\"https:\\\/\\\/www.altominho.tv\\\/site\\\/2021\\\/03\\\/14\\\/pcp-recomenda-ao-governo-reversao-da-empresa-aguas-do-alto-minho\\\/#breadcrumb\",\"itemListElement\":[{\"@type\":\"ListItem\",\"position\":1,\"name\":\"In\u00edcio\",\"item\":\"https:\\\/\\\/www.altominho.tv\\\/site\\\/\"},{\"@type\":\"ListItem\",\"position\":2,\"name\":\"PCP recomenda ao Governo revers\u00e3o da empresa \u00c1guas do Alto Minho\"}]},{\"@type\":\"WebSite\",\"@id\":\"https:\\\/\\\/www.altominho.tv\\\/site\\\/#website\",\"url\":\"https:\\\/\\\/www.altominho.tv\\\/site\\\/\",\"name\":\"Altominho.tv\",\"description\":\"A sua regi\u00e3o \u00e0 dist\u00e2ncia de um clique...\",\"potentialAction\":[{\"@type\":\"SearchAction\",\"target\":{\"@type\":\"EntryPoint\",\"urlTemplate\":\"https:\\\/\\\/www.altominho.tv\\\/site\\\/?s={search_term_string}\"},\"query-input\":{\"@type\":\"PropertyValueSpecification\",\"valueRequired\":true,\"valueName\":\"search_term_string\"}}],\"inLanguage\":\"pt-PT\"},{\"@type\":\"Person\",\"@id\":\"https:\\\/\\\/www.altominho.tv\\\/site\\\/#\\\/schema\\\/person\\\/63f693da3e1899361cbe955c46f3232e\",\"name\":\"Lusa\",\"image\":{\"@type\":\"ImageObject\",\"inLanguage\":\"pt-PT\",\"@id\":\"https:\\\/\\\/www.altominho.tv\\\/site\\\/wp-content\\\/uploads\\\/2019\\\/08\\\/LUSA_Logo.gif\",\"url\":\"https:\\\/\\\/www.altominho.tv\\\/site\\\/wp-content\\\/uploads\\\/2019\\\/08\\\/LUSA_Logo.gif\",\"contentUrl\":\"https:\\\/\\\/www.altominho.tv\\\/site\\\/wp-content\\\/uploads\\\/2019\\\/08\\\/LUSA_Logo.gif\",\"caption\":\"Lusa\"},\"sameAs\":[\"http:\\\/\\\/\\\/\\\/www.altominho.tv\\\/site\"],\"url\":\"https:\\\/\\\/www.altominho.tv\\\/site\\\/author\\\/lusa\\\/\"}]}<\/script>\n<!-- \/ Yoast SEO Premium plugin. -->","yoast_head_json":{"title":"PCP recomenda ao Governo revers\u00e3o da empresa \u00c1guas do Alto Minho","robots":{"index":"index","follow":"follow","max-snippet":"max-snippet:-1","max-image-preview":"max-image-preview:large","max-video-preview":"max-video-preview:-1"},"canonical":"https:\/\/www.altominho.tv\/site\/2021\/03\/14\/pcp-recomenda-ao-governo-reversao-da-empresa-aguas-do-alto-minho\/","og_locale":"pt_PT","og_type":"article","og_title":"PCP recomenda ao Governo revers\u00e3o da empresa \u00c1guas do Alto Minho","og_description":"O PCP enviou ao Parlamento um projeto de resolu\u00e7\u00e3o a recomendar ao Governo a revers\u00e3o da empresa \u00c1guas do Alto Minho (AdAm) e a devolu\u00e7\u00e3o das redes de de \u00e1gua e saneamento \u00e0 gest\u00e3o municipal, foi hoje divulgado. Em comunicado hoje enviado \u00e0 ag\u00eancia Lusa, o grupo parlamentar do PCP adiantou que &#8220;j\u00e1 foi enviado [&hellip;]","og_url":"https:\/\/www.altominho.tv\/site\/2021\/03\/14\/pcp-recomenda-ao-governo-reversao-da-empresa-aguas-do-alto-minho\/","og_site_name":"Altominho.tv","article_publisher":"https:\/\/www.facebook.com\/altominhotv","article_published_time":"2021-03-14T13:21:44+00:00","article_modified_time":"2021-03-14T13:21:52+00:00","og_image":[{"width":1920,"height":1080,"url":"https:\/\/www.altominho.tv\/site\/wp-content\/uploads\/2021\/03\/aguas-1.jpg","type":"image\/jpeg"}],"author":"Lusa","twitter_card":"summary_large_image","twitter_creator":"@altominhoTV","twitter_site":"@altominhoTV","twitter_misc":{"Escrito por":"Lusa","Tempo estimado de leitura":"3 minutos"},"schema":{"@context":"https:\/\/schema.org","@graph":[{"@type":"Article","@id":"https:\/\/www.altominho.tv\/site\/2021\/03\/14\/pcp-recomenda-ao-governo-reversao-da-empresa-aguas-do-alto-minho\/#article","isPartOf":{"@id":"https:\/\/www.altominho.tv\/site\/2021\/03\/14\/pcp-recomenda-ao-governo-reversao-da-empresa-aguas-do-alto-minho\/"},"author":{"name":"Lusa","@id":"https:\/\/www.altominho.tv\/site\/#\/schema\/person\/63f693da3e1899361cbe955c46f3232e"},"headline":"PCP recomenda ao Governo revers\u00e3o da empresa \u00c1guas do Alto Minho","datePublished":"2021-03-14T13:21:44+00:00","dateModified":"2021-03-14T13:21:52+00:00","mainEntityOfPage":{"@id":"https:\/\/www.altominho.tv\/site\/2021\/03\/14\/pcp-recomenda-ao-governo-reversao-da-empresa-aguas-do-alto-minho\/"},"wordCount":657,"image":{"@id":"https:\/\/www.altominho.tv\/site\/2021\/03\/14\/pcp-recomenda-ao-governo-reversao-da-empresa-aguas-do-alto-minho\/#primaryimage"},"thumbnailUrl":"https:\/\/www.altominho.tv\/site\/wp-content\/uploads\/2021\/03\/aguas-1.jpg","keywords":["Sociedade"],"articleSection":["Alto Minho"],"inLanguage":"pt-PT","copyrightYear":"2021","copyrightHolder":{"@id":"https:\/\/www.altominho.tv\/site\/#organization"}},{"@type":"WebPage","@id":"https:\/\/www.altominho.tv\/site\/2021\/03\/14\/pcp-recomenda-ao-governo-reversao-da-empresa-aguas-do-alto-minho\/","url":"https:\/\/www.altominho.tv\/site\/2021\/03\/14\/pcp-recomenda-ao-governo-reversao-da-empresa-aguas-do-alto-minho\/","name":"PCP recomenda ao Governo revers\u00e3o da empresa \u00c1guas do Alto Minho","isPartOf":{"@id":"https:\/\/www.altominho.tv\/site\/#website"},"primaryImageOfPage":{"@id":"https:\/\/www.altominho.tv\/site\/2021\/03\/14\/pcp-recomenda-ao-governo-reversao-da-empresa-aguas-do-alto-minho\/#primaryimage"},"image":{"@id":"https:\/\/www.altominho.tv\/site\/2021\/03\/14\/pcp-recomenda-ao-governo-reversao-da-empresa-aguas-do-alto-minho\/#primaryimage"},"thumbnailUrl":"https:\/\/www.altominho.tv\/site\/wp-content\/uploads\/2021\/03\/aguas-1.jpg","datePublished":"2021-03-14T13:21:44+00:00","dateModified":"2021-03-14T13:21:52+00:00","author":{"@id":"https:\/\/www.altominho.tv\/site\/#\/schema\/person\/63f693da3e1899361cbe955c46f3232e"},"breadcrumb":{"@id":"https:\/\/www.altominho.tv\/site\/2021\/03\/14\/pcp-recomenda-ao-governo-reversao-da-empresa-aguas-do-alto-minho\/#breadcrumb"},"inLanguage":"pt-PT","potentialAction":[{"@type":"ReadAction","target":["https:\/\/www.altominho.tv\/site\/2021\/03\/14\/pcp-recomenda-ao-governo-reversao-da-empresa-aguas-do-alto-minho\/"]}]},{"@type":"ImageObject","inLanguage":"pt-PT","@id":"https:\/\/www.altominho.tv\/site\/2021\/03\/14\/pcp-recomenda-ao-governo-reversao-da-empresa-aguas-do-alto-minho\/#primaryimage","url":"https:\/\/www.altominho.tv\/site\/wp-content\/uploads\/2021\/03\/aguas-1.jpg","contentUrl":"https:\/\/www.altominho.tv\/site\/wp-content\/uploads\/2021\/03\/aguas-1.jpg","width":1920,"height":1080},{"@type":"BreadcrumbList","@id":"https:\/\/www.altominho.tv\/site\/2021\/03\/14\/pcp-recomenda-ao-governo-reversao-da-empresa-aguas-do-alto-minho\/#breadcrumb","itemListElement":[{"@type":"ListItem","position":1,"name":"In\u00edcio","item":"https:\/\/www.altominho.tv\/site\/"},{"@type":"ListItem","position":2,"name":"PCP recomenda ao Governo revers\u00e3o da empresa \u00c1guas do Alto Minho"}]},{"@type":"WebSite","@id":"https:\/\/www.altominho.tv\/site\/#website","url":"https:\/\/www.altominho.tv\/site\/","name":"Altominho.tv","description":"A sua regi\u00e3o \u00e0 dist\u00e2ncia de um clique...","potentialAction":[{"@type":"SearchAction","target":{"@type":"EntryPoint","urlTemplate":"https:\/\/www.altominho.tv\/site\/?s={search_term_string}"},"query-input":{"@type":"PropertyValueSpecification","valueRequired":true,"valueName":"search_term_string"}}],"inLanguage":"pt-PT"},{"@type":"Person","@id":"https:\/\/www.altominho.tv\/site\/#\/schema\/person\/63f693da3e1899361cbe955c46f3232e","name":"Lusa","image":{"@type":"ImageObject","inLanguage":"pt-PT","@id":"https:\/\/www.altominho.tv\/site\/wp-content\/uploads\/2019\/08\/LUSA_Logo.gif","url":"https:\/\/www.altominho.tv\/site\/wp-content\/uploads\/2019\/08\/LUSA_Logo.gif","contentUrl":"https:\/\/www.altominho.tv\/site\/wp-content\/uploads\/2019\/08\/LUSA_Logo.gif","caption":"Lusa"},"sameAs":["http:\/\/\/\/www.altominho.tv\/site"],"url":"https:\/\/www.altominho.tv\/site\/author\/lusa\/"}]}},"_links":{"self":[{"href":"https:\/\/www.altominho.tv\/site\/wp-json\/wp\/v2\/posts\/63852","targetHints":{"allow":["GET"]}}],"collection":[{"href":"https:\/\/www.altominho.tv\/site\/wp-json\/wp\/v2\/posts"}],"about":[{"href":"https:\/\/www.altominho.tv\/site\/wp-json\/wp\/v2\/types\/post"}],"author":[{"embeddable":true,"href":"https:\/\/www.altominho.tv\/site\/wp-json\/wp\/v2\/users\/13"}],"replies":[{"embeddable":true,"href":"https:\/\/www.altominho.tv\/site\/wp-json\/wp\/v2\/comments?post=63852"}],"version-history":[{"count":0,"href":"https:\/\/www.altominho.tv\/site\/wp-json\/wp\/v2\/posts\/63852\/revisions"}],"wp:featuredmedia":[{"embeddable":true,"href":"https:\/\/www.altominho.tv\/site\/wp-json\/wp\/v2\/media\/63438"}],"wp:attachment":[{"href":"https:\/\/www.altominho.tv\/site\/wp-json\/wp\/v2\/media?parent=63852"}],"wp:term":[{"taxonomy":"category","embeddable":true,"href":"https:\/\/www.altominho.tv\/site\/wp-json\/wp\/v2\/categories?post=63852"},{"taxonomy":"post_tag","embeddable":true,"href":"https:\/\/www.altominho.tv\/site\/wp-json\/wp\/v2\/tags?post=63852"}],"curies":[{"name":"wp","href":"https:\/\/api.w.org\/{rel}","templated":true}]}}