{"id":63846,"date":"2021-03-14T00:43:49","date_gmt":"2021-03-14T00:43:49","guid":{"rendered":"https:\/\/www.altominho.tv\/site\/?p=63846"},"modified":"2021-03-14T00:43:54","modified_gmt":"2021-03-14T00:43:54","slug":"permitida-permanencia-em-parques-e-bancos-de-jardim-a-partir-de-2-a-feira","status":"publish","type":"post","link":"https:\/\/www.altominho.tv\/site\/2021\/03\/14\/permitida-permanencia-em-parques-e-bancos-de-jardim-a-partir-de-2-a-feira\/","title":{"rendered":"Permitida perman\u00eancia em parques e bancos de jardim a partir de 2.\u00aa feira"},"content":{"rendered":"\n<p>A perman\u00eancia em parques e bancos de jardim volta a ser permitida, a partir de segunda-feira, embora as autarquias tenham o poder de o proibir, de acordo com o decreto-lei que regulamenta o novo estado de emerg\u00eancia.<\/p>\n\n\n\n<p>Segundo o documento publicado em Di\u00e1rio da Rep\u00fablica, o decreto \u201cprocede \u00e0 permiss\u00e3o de perman\u00eancia em parques, jardins, espa\u00e7os verdes, espa\u00e7os de lazer, bancos de jardim e similares, sem preju\u00edzo da compet\u00eancia dos presidentes da c\u00e2mara municipal da \u00e1rea territorialmente competente\u201d.<\/p>\n\n\n\n<p>Embora o novo estado de emerg\u00eancia s\u00f3 entre em vigor na quarta-feira, dia 17, \u201ccom vista a que as medidas agora determinadas iniciem vig\u00eancia na segunda-feira, dia 15 de mar\u00e7o, a regulamenta\u00e7\u00e3o abrange dois dias, 15 e 16 de mar\u00e7o, ainda ao abrigo da anterior renova\u00e7\u00e3o do estado de emerg\u00eancia declarada pelo Decreto do Presidente da Rep\u00fablica n.\u00ba 21 -A\/2021 de 25 de fevereiro\u201d.<\/p>\n\n\n\n<p>De acordo com o decreto, compete aos presidentes de c\u00e2mara o\u201d encerramento de todos os espa\u00e7os p\u00fablicos em que se verifique aglomera\u00e7\u00e3o de pessoas, designadamente passadeiras, marginais, cal\u00e7ad\u00f5es e praias\u201d, bem como \u201ca sinaliza\u00e7\u00e3o da proibi\u00e7\u00e3o de utiliza\u00e7\u00e3o de bancos de jardim, parques infantis e equipamentos p\u00fablicos para a pr\u00e1tica desportiva (fitness)\u201d.<\/p>\n\n\n\n<p>Em janeiro, foi decretado um novo confinamento geral em Portugal continental devido \u00e0 pandemia da covid-19.<\/p>\n\n\n\n<p>Entre as v\u00e1rias medidas restritivas decretadas, foi decidida a proibi\u00e7\u00e3o de acesso a espa\u00e7os p\u00fablicos.<\/p>\n\n\n\n<p>O diploma aprovado na altura, e entretanto renovado por diversas vezes, definia que \u201cpor decis\u00e3o do presidente da c\u00e2mara municipal territorialmente competente, devem ser encerrados todos os espa\u00e7os p\u00fablicos em que se verifique aglomera\u00e7\u00e3o de pessoas, designadamente passadeiras, marginais, cal\u00e7ad\u00f5es e praias, e deve ser colocada sinaliza\u00e7\u00e3o da proibi\u00e7\u00e3o de utiliza\u00e7\u00e3o de bancos de jardim, parques infantis e equipamentos p\u00fablicos para a pr\u00e1tica desportiva\u201d.<\/p>\n\n\n\n<p>O primeiro-ministro, Ant\u00f3nio Costa, anunciou na quinta-feira, em confer\u00eancia de imprensa no final do Conselho de Ministros, um plano de desconfinamento, que disse ser \u201ca conta-gotas\u201d, e que prev\u00ea a reabertura na segunda-feira de creches, ensino pr\u00e9-escolar e escolas do primeiro ciclo do ensino b\u00e1sico e as atividades de tempos livres (ATL) para as mesmas idades, passando ainda a ser permitido o com\u00e9rcio ao postigo e a abertura de estabelecimentos como cabeleireiros, livrarias e lojas de discos.<\/p>\n\n\n\n<p>O plano prev\u00ea novas fases de reabertura a 05 e 19 de abril e a 03 de maio, mas Ant\u00f3nio Costa advertiu que as medidas da reabertura ser\u00e3o revistas sempre que Portugal ultrapassar os \u201c120 novos casos por dia por 100 mil habitantes a 14 dias\u201d ou sempre que o \u00edndice de transmissibilidade (Rt) do v\u00edrus SARS-CoV-2, que origina a covid-19, ultrapasse 1.<\/p>\n\n\n\n<p>A desloca\u00e7\u00e3o entre concelhos, em Portugal continental, para a generalidade da popula\u00e7\u00e3o continua proibida neste fim de semana e no pr\u00f3ximo e na semana da P\u00e1scoa (entre 26 de mar\u00e7o e 05 de abril), e o dever de recolhimento domicili\u00e1rio vigora at\u00e9 \u00e0 P\u00e1scoa.<\/p>\n","protected":false},"excerpt":{"rendered":"<p>A perman\u00eancia em parques e bancos de jardim volta a ser permitida, a partir de segunda-feira, embora as autarquias tenham o poder de o proibir, de acordo com o decreto-lei que regulamenta o novo estado de emerg\u00eancia. Segundo o documento publicado em Di\u00e1rio da Rep\u00fablica, o decreto \u201cprocede \u00e0 permiss\u00e3o de perman\u00eancia em parques, jardins, [&hellip;]<\/p>\n","protected":false},"author":16,"featured_media":63847,"comment_status":"closed","ping_status":"closed","sticky":false,"template":"","format":"standard","meta":{"_exactmetrics_skip_tracking":false,"_exactmetrics_sitenote_active":false,"_exactmetrics_sitenote_note":"","_exactmetrics_sitenote_category":0,"footnotes":""},"categories":[73],"tags":[27],"class_list":["post-63846","post","type-post","status-publish","format-standard","has-post-thumbnail","hentry","category-alto-minho","tag-sociedade"],"yoast_head":"<!-- This site is optimized with the Yoast SEO Premium plugin v27.4 (Yoast SEO v27.4) - https:\/\/yoast.com\/product\/yoast-seo-premium-wordpress\/ -->\n<title>Permitida perman\u00eancia em parques e bancos de jardim a partir de 2.\u00aa feira<\/title>\n<meta name=\"robots\" content=\"index, follow, max-snippet:-1, max-image-preview:large, max-video-preview:-1\" \/>\n<link rel=\"canonical\" href=\"https:\/\/www.altominho.tv\/site\/2021\/03\/14\/permitida-permanencia-em-parques-e-bancos-de-jardim-a-partir-de-2-a-feira\/\" \/>\n<meta property=\"og:locale\" content=\"pt_PT\" \/>\n<meta property=\"og:type\" content=\"article\" \/>\n<meta property=\"og:title\" content=\"Permitida perman\u00eancia em parques e bancos de jardim a partir de 2.\u00aa feira\" \/>\n<meta property=\"og:description\" content=\"A perman\u00eancia em parques e bancos de jardim volta a ser permitida, a partir de segunda-feira, embora as autarquias tenham o poder de o proibir, de acordo com o decreto-lei que regulamenta o novo estado de emerg\u00eancia. Segundo o documento publicado em Di\u00e1rio da Rep\u00fablica, o decreto \u201cprocede \u00e0 permiss\u00e3o de perman\u00eancia em parques, jardins, [&hellip;]\" \/>\n<meta property=\"og:url\" content=\"https:\/\/www.altominho.tv\/site\/2021\/03\/14\/permitida-permanencia-em-parques-e-bancos-de-jardim-a-partir-de-2-a-feira\/\" \/>\n<meta property=\"og:site_name\" content=\"Altominho.tv\" \/>\n<meta property=\"article:publisher\" content=\"https:\/\/www.facebook.com\/altominhotv\" \/>\n<meta property=\"article:published_time\" content=\"2021-03-14T00:43:49+00:00\" \/>\n<meta property=\"article:modified_time\" content=\"2021-03-14T00:43:54+00:00\" \/>\n<meta property=\"og:image\" content=\"https:\/\/www.altominho.tv\/site\/wp-content\/uploads\/2021\/03\/banco-jardim-732x488-1.jpeg\" \/>\n\t<meta property=\"og:image:width\" content=\"732\" \/>\n\t<meta property=\"og:image:height\" content=\"488\" \/>\n\t<meta property=\"og:image:type\" content=\"image\/jpeg\" \/>\n<meta name=\"author\" content=\"Andreia Cunha | Lusa\" \/>\n<meta name=\"twitter:card\" content=\"summary_large_image\" \/>\n<meta name=\"twitter:creator\" content=\"@altominhoTV\" \/>\n<meta name=\"twitter:site\" content=\"@altominhoTV\" \/>\n<meta name=\"twitter:label1\" content=\"Escrito por\" \/>\n\t<meta name=\"twitter:data1\" content=\"Andreia Cunha | Lusa\" \/>\n\t<meta name=\"twitter:label2\" content=\"Tempo estimado de leitura\" \/>\n\t<meta name=\"twitter:data2\" content=\"3 minutos\" \/>\n<script type=\"application\/ld+json\" class=\"yoast-schema-graph\">{\"@context\":\"https:\\\/\\\/schema.org\",\"@graph\":[{\"@type\":\"Article\",\"@id\":\"https:\\\/\\\/www.altominho.tv\\\/site\\\/2021\\\/03\\\/14\\\/permitida-permanencia-em-parques-e-bancos-de-jardim-a-partir-de-2-a-feira\\\/#article\",\"isPartOf\":{\"@id\":\"https:\\\/\\\/www.altominho.tv\\\/site\\\/2021\\\/03\\\/14\\\/permitida-permanencia-em-parques-e-bancos-de-jardim-a-partir-de-2-a-feira\\\/\"},\"author\":{\"name\":\"Andreia Cunha | Lusa\",\"@id\":\"https:\\\/\\\/www.altominho.tv\\\/site\\\/#\\\/schema\\\/person\\\/dbaf181c01b51ff40c9f461a905d321e\"},\"headline\":\"Permitida perman\u00eancia em parques e bancos de jardim a partir de 2.\u00aa feira\",\"datePublished\":\"2021-03-14T00:43:49+00:00\",\"dateModified\":\"2021-03-14T00:43:54+00:00\",\"mainEntityOfPage\":{\"@id\":\"https:\\\/\\\/www.altominho.tv\\\/site\\\/2021\\\/03\\\/14\\\/permitida-permanencia-em-parques-e-bancos-de-jardim-a-partir-de-2-a-feira\\\/\"},\"wordCount\":529,\"image\":{\"@id\":\"https:\\\/\\\/www.altominho.tv\\\/site\\\/2021\\\/03\\\/14\\\/permitida-permanencia-em-parques-e-bancos-de-jardim-a-partir-de-2-a-feira\\\/#primaryimage\"},\"thumbnailUrl\":\"https:\\\/\\\/www.altominho.tv\\\/site\\\/wp-content\\\/uploads\\\/2021\\\/03\\\/banco-jardim-732x488-1.jpeg\",\"keywords\":[\"Sociedade\"],\"articleSection\":[\"Alto Minho\"],\"inLanguage\":\"pt-PT\",\"copyrightYear\":\"2021\",\"copyrightHolder\":{\"@id\":\"https:\\\/\\\/www.altominho.tv\\\/site\\\/#organization\"}},{\"@type\":\"WebPage\",\"@id\":\"https:\\\/\\\/www.altominho.tv\\\/site\\\/2021\\\/03\\\/14\\\/permitida-permanencia-em-parques-e-bancos-de-jardim-a-partir-de-2-a-feira\\\/\",\"url\":\"https:\\\/\\\/www.altominho.tv\\\/site\\\/2021\\\/03\\\/14\\\/permitida-permanencia-em-parques-e-bancos-de-jardim-a-partir-de-2-a-feira\\\/\",\"name\":\"Permitida perman\u00eancia em parques e bancos de jardim a partir de 2.\u00aa feira\",\"isPartOf\":{\"@id\":\"https:\\\/\\\/www.altominho.tv\\\/site\\\/#website\"},\"primaryImageOfPage\":{\"@id\":\"https:\\\/\\\/www.altominho.tv\\\/site\\\/2021\\\/03\\\/14\\\/permitida-permanencia-em-parques-e-bancos-de-jardim-a-partir-de-2-a-feira\\\/#primaryimage\"},\"image\":{\"@id\":\"https:\\\/\\\/www.altominho.tv\\\/site\\\/2021\\\/03\\\/14\\\/permitida-permanencia-em-parques-e-bancos-de-jardim-a-partir-de-2-a-feira\\\/#primaryimage\"},\"thumbnailUrl\":\"https:\\\/\\\/www.altominho.tv\\\/site\\\/wp-content\\\/uploads\\\/2021\\\/03\\\/banco-jardim-732x488-1.jpeg\",\"datePublished\":\"2021-03-14T00:43:49+00:00\",\"dateModified\":\"2021-03-14T00:43:54+00:00\",\"author\":{\"@id\":\"https:\\\/\\\/www.altominho.tv\\\/site\\\/#\\\/schema\\\/person\\\/dbaf181c01b51ff40c9f461a905d321e\"},\"breadcrumb\":{\"@id\":\"https:\\\/\\\/www.altominho.tv\\\/site\\\/2021\\\/03\\\/14\\\/permitida-permanencia-em-parques-e-bancos-de-jardim-a-partir-de-2-a-feira\\\/#breadcrumb\"},\"inLanguage\":\"pt-PT\",\"potentialAction\":[{\"@type\":\"ReadAction\",\"target\":[\"https:\\\/\\\/www.altominho.tv\\\/site\\\/2021\\\/03\\\/14\\\/permitida-permanencia-em-parques-e-bancos-de-jardim-a-partir-de-2-a-feira\\\/\"]}]},{\"@type\":\"ImageObject\",\"inLanguage\":\"pt-PT\",\"@id\":\"https:\\\/\\\/www.altominho.tv\\\/site\\\/2021\\\/03\\\/14\\\/permitida-permanencia-em-parques-e-bancos-de-jardim-a-partir-de-2-a-feira\\\/#primaryimage\",\"url\":\"https:\\\/\\\/www.altominho.tv\\\/site\\\/wp-content\\\/uploads\\\/2021\\\/03\\\/banco-jardim-732x488-1.jpeg\",\"contentUrl\":\"https:\\\/\\\/www.altominho.tv\\\/site\\\/wp-content\\\/uploads\\\/2021\\\/03\\\/banco-jardim-732x488-1.jpeg\",\"width\":732,\"height\":488},{\"@type\":\"BreadcrumbList\",\"@id\":\"https:\\\/\\\/www.altominho.tv\\\/site\\\/2021\\\/03\\\/14\\\/permitida-permanencia-em-parques-e-bancos-de-jardim-a-partir-de-2-a-feira\\\/#breadcrumb\",\"itemListElement\":[{\"@type\":\"ListItem\",\"position\":1,\"name\":\"In\u00edcio\",\"item\":\"https:\\\/\\\/www.altominho.tv\\\/site\\\/\"},{\"@type\":\"ListItem\",\"position\":2,\"name\":\"Permitida perman\u00eancia em parques e bancos de jardim a partir de 2.\u00aa feira\"}]},{\"@type\":\"WebSite\",\"@id\":\"https:\\\/\\\/www.altominho.tv\\\/site\\\/#website\",\"url\":\"https:\\\/\\\/www.altominho.tv\\\/site\\\/\",\"name\":\"Altominho.tv\",\"description\":\"A sua regi\u00e3o \u00e0 dist\u00e2ncia de um clique...\",\"potentialAction\":[{\"@type\":\"SearchAction\",\"target\":{\"@type\":\"EntryPoint\",\"urlTemplate\":\"https:\\\/\\\/www.altominho.tv\\\/site\\\/?s={search_term_string}\"},\"query-input\":{\"@type\":\"PropertyValueSpecification\",\"valueRequired\":true,\"valueName\":\"search_term_string\"}}],\"inLanguage\":\"pt-PT\"},{\"@type\":\"Person\",\"@id\":\"https:\\\/\\\/www.altominho.tv\\\/site\\\/#\\\/schema\\\/person\\\/dbaf181c01b51ff40c9f461a905d321e\",\"name\":\"Andreia Cunha | Lusa\",\"image\":{\"@type\":\"ImageObject\",\"inLanguage\":\"pt-PT\",\"@id\":\"https:\\\/\\\/www.altominho.tv\\\/site\\\/wp-content\\\/uploads\\\/2017\\\/11\\\/Andreia_Cunha-1-150x150.jpg\",\"url\":\"https:\\\/\\\/www.altominho.tv\\\/site\\\/wp-content\\\/uploads\\\/2017\\\/11\\\/Andreia_Cunha-1-150x150.jpg\",\"contentUrl\":\"https:\\\/\\\/www.altominho.tv\\\/site\\\/wp-content\\\/uploads\\\/2017\\\/11\\\/Andreia_Cunha-1-150x150.jpg\",\"caption\":\"Andreia Cunha | Lusa\"},\"sameAs\":[\"https:\\\/\\\/www.altominho.tv\\\/site\"],\"url\":\"https:\\\/\\\/www.altominho.tv\\\/site\\\/author\\\/andreiacunhalusa\\\/\"}]}<\/script>\n<!-- \/ Yoast SEO Premium plugin. -->","yoast_head_json":{"title":"Permitida perman\u00eancia em parques e bancos de jardim a partir de 2.\u00aa feira","robots":{"index":"index","follow":"follow","max-snippet":"max-snippet:-1","max-image-preview":"max-image-preview:large","max-video-preview":"max-video-preview:-1"},"canonical":"https:\/\/www.altominho.tv\/site\/2021\/03\/14\/permitida-permanencia-em-parques-e-bancos-de-jardim-a-partir-de-2-a-feira\/","og_locale":"pt_PT","og_type":"article","og_title":"Permitida perman\u00eancia em parques e bancos de jardim a partir de 2.\u00aa feira","og_description":"A perman\u00eancia em parques e bancos de jardim volta a ser permitida, a partir de segunda-feira, embora as autarquias tenham o poder de o proibir, de acordo com o decreto-lei que regulamenta o novo estado de emerg\u00eancia. Segundo o documento publicado em Di\u00e1rio da Rep\u00fablica, o decreto \u201cprocede \u00e0 permiss\u00e3o de perman\u00eancia em parques, jardins, [&hellip;]","og_url":"https:\/\/www.altominho.tv\/site\/2021\/03\/14\/permitida-permanencia-em-parques-e-bancos-de-jardim-a-partir-de-2-a-feira\/","og_site_name":"Altominho.tv","article_publisher":"https:\/\/www.facebook.com\/altominhotv","article_published_time":"2021-03-14T00:43:49+00:00","article_modified_time":"2021-03-14T00:43:54+00:00","og_image":[{"width":732,"height":488,"url":"https:\/\/www.altominho.tv\/site\/wp-content\/uploads\/2021\/03\/banco-jardim-732x488-1.jpeg","type":"image\/jpeg"}],"author":"Andreia Cunha | Lusa","twitter_card":"summary_large_image","twitter_creator":"@altominhoTV","twitter_site":"@altominhoTV","twitter_misc":{"Escrito por":"Andreia Cunha | Lusa","Tempo estimado de leitura":"3 minutos"},"schema":{"@context":"https:\/\/schema.org","@graph":[{"@type":"Article","@id":"https:\/\/www.altominho.tv\/site\/2021\/03\/14\/permitida-permanencia-em-parques-e-bancos-de-jardim-a-partir-de-2-a-feira\/#article","isPartOf":{"@id":"https:\/\/www.altominho.tv\/site\/2021\/03\/14\/permitida-permanencia-em-parques-e-bancos-de-jardim-a-partir-de-2-a-feira\/"},"author":{"name":"Andreia Cunha | Lusa","@id":"https:\/\/www.altominho.tv\/site\/#\/schema\/person\/dbaf181c01b51ff40c9f461a905d321e"},"headline":"Permitida perman\u00eancia em parques e bancos de jardim a partir de 2.\u00aa feira","datePublished":"2021-03-14T00:43:49+00:00","dateModified":"2021-03-14T00:43:54+00:00","mainEntityOfPage":{"@id":"https:\/\/www.altominho.tv\/site\/2021\/03\/14\/permitida-permanencia-em-parques-e-bancos-de-jardim-a-partir-de-2-a-feira\/"},"wordCount":529,"image":{"@id":"https:\/\/www.altominho.tv\/site\/2021\/03\/14\/permitida-permanencia-em-parques-e-bancos-de-jardim-a-partir-de-2-a-feira\/#primaryimage"},"thumbnailUrl":"https:\/\/www.altominho.tv\/site\/wp-content\/uploads\/2021\/03\/banco-jardim-732x488-1.jpeg","keywords":["Sociedade"],"articleSection":["Alto Minho"],"inLanguage":"pt-PT","copyrightYear":"2021","copyrightHolder":{"@id":"https:\/\/www.altominho.tv\/site\/#organization"}},{"@type":"WebPage","@id":"https:\/\/www.altominho.tv\/site\/2021\/03\/14\/permitida-permanencia-em-parques-e-bancos-de-jardim-a-partir-de-2-a-feira\/","url":"https:\/\/www.altominho.tv\/site\/2021\/03\/14\/permitida-permanencia-em-parques-e-bancos-de-jardim-a-partir-de-2-a-feira\/","name":"Permitida perman\u00eancia em parques e bancos de jardim a partir de 2.\u00aa feira","isPartOf":{"@id":"https:\/\/www.altominho.tv\/site\/#website"},"primaryImageOfPage":{"@id":"https:\/\/www.altominho.tv\/site\/2021\/03\/14\/permitida-permanencia-em-parques-e-bancos-de-jardim-a-partir-de-2-a-feira\/#primaryimage"},"image":{"@id":"https:\/\/www.altominho.tv\/site\/2021\/03\/14\/permitida-permanencia-em-parques-e-bancos-de-jardim-a-partir-de-2-a-feira\/#primaryimage"},"thumbnailUrl":"https:\/\/www.altominho.tv\/site\/wp-content\/uploads\/2021\/03\/banco-jardim-732x488-1.jpeg","datePublished":"2021-03-14T00:43:49+00:00","dateModified":"2021-03-14T00:43:54+00:00","author":{"@id":"https:\/\/www.altominho.tv\/site\/#\/schema\/person\/dbaf181c01b51ff40c9f461a905d321e"},"breadcrumb":{"@id":"https:\/\/www.altominho.tv\/site\/2021\/03\/14\/permitida-permanencia-em-parques-e-bancos-de-jardim-a-partir-de-2-a-feira\/#breadcrumb"},"inLanguage":"pt-PT","potentialAction":[{"@type":"ReadAction","target":["https:\/\/www.altominho.tv\/site\/2021\/03\/14\/permitida-permanencia-em-parques-e-bancos-de-jardim-a-partir-de-2-a-feira\/"]}]},{"@type":"ImageObject","inLanguage":"pt-PT","@id":"https:\/\/www.altominho.tv\/site\/2021\/03\/14\/permitida-permanencia-em-parques-e-bancos-de-jardim-a-partir-de-2-a-feira\/#primaryimage","url":"https:\/\/www.altominho.tv\/site\/wp-content\/uploads\/2021\/03\/banco-jardim-732x488-1.jpeg","contentUrl":"https:\/\/www.altominho.tv\/site\/wp-content\/uploads\/2021\/03\/banco-jardim-732x488-1.jpeg","width":732,"height":488},{"@type":"BreadcrumbList","@id":"https:\/\/www.altominho.tv\/site\/2021\/03\/14\/permitida-permanencia-em-parques-e-bancos-de-jardim-a-partir-de-2-a-feira\/#breadcrumb","itemListElement":[{"@type":"ListItem","position":1,"name":"In\u00edcio","item":"https:\/\/www.altominho.tv\/site\/"},{"@type":"ListItem","position":2,"name":"Permitida perman\u00eancia em parques e bancos de jardim a partir de 2.\u00aa feira"}]},{"@type":"WebSite","@id":"https:\/\/www.altominho.tv\/site\/#website","url":"https:\/\/www.altominho.tv\/site\/","name":"Altominho.tv","description":"A sua regi\u00e3o \u00e0 dist\u00e2ncia de um clique...","potentialAction":[{"@type":"SearchAction","target":{"@type":"EntryPoint","urlTemplate":"https:\/\/www.altominho.tv\/site\/?s={search_term_string}"},"query-input":{"@type":"PropertyValueSpecification","valueRequired":true,"valueName":"search_term_string"}}],"inLanguage":"pt-PT"},{"@type":"Person","@id":"https:\/\/www.altominho.tv\/site\/#\/schema\/person\/dbaf181c01b51ff40c9f461a905d321e","name":"Andreia Cunha | Lusa","image":{"@type":"ImageObject","inLanguage":"pt-PT","@id":"https:\/\/www.altominho.tv\/site\/wp-content\/uploads\/2017\/11\/Andreia_Cunha-1-150x150.jpg","url":"https:\/\/www.altominho.tv\/site\/wp-content\/uploads\/2017\/11\/Andreia_Cunha-1-150x150.jpg","contentUrl":"https:\/\/www.altominho.tv\/site\/wp-content\/uploads\/2017\/11\/Andreia_Cunha-1-150x150.jpg","caption":"Andreia Cunha | Lusa"},"sameAs":["https:\/\/www.altominho.tv\/site"],"url":"https:\/\/www.altominho.tv\/site\/author\/andreiacunhalusa\/"}]}},"_links":{"self":[{"href":"https:\/\/www.altominho.tv\/site\/wp-json\/wp\/v2\/posts\/63846","targetHints":{"allow":["GET"]}}],"collection":[{"href":"https:\/\/www.altominho.tv\/site\/wp-json\/wp\/v2\/posts"}],"about":[{"href":"https:\/\/www.altominho.tv\/site\/wp-json\/wp\/v2\/types\/post"}],"author":[{"embeddable":true,"href":"https:\/\/www.altominho.tv\/site\/wp-json\/wp\/v2\/users\/16"}],"replies":[{"embeddable":true,"href":"https:\/\/www.altominho.tv\/site\/wp-json\/wp\/v2\/comments?post=63846"}],"version-history":[{"count":0,"href":"https:\/\/www.altominho.tv\/site\/wp-json\/wp\/v2\/posts\/63846\/revisions"}],"wp:featuredmedia":[{"embeddable":true,"href":"https:\/\/www.altominho.tv\/site\/wp-json\/wp\/v2\/media\/63847"}],"wp:attachment":[{"href":"https:\/\/www.altominho.tv\/site\/wp-json\/wp\/v2\/media?parent=63846"}],"wp:term":[{"taxonomy":"category","embeddable":true,"href":"https:\/\/www.altominho.tv\/site\/wp-json\/wp\/v2\/categories?post=63846"},{"taxonomy":"post_tag","embeddable":true,"href":"https:\/\/www.altominho.tv\/site\/wp-json\/wp\/v2\/tags?post=63846"}],"curies":[{"name":"wp","href":"https:\/\/api.w.org\/{rel}","templated":true}]}}