{"id":63759,"date":"2021-03-11T19:07:00","date_gmt":"2021-03-11T19:07:00","guid":{"rendered":"https:\/\/www.altominho.tv\/site\/?p=63759"},"modified":"2021-03-11T19:07:03","modified_gmt":"2021-03-11T19:07:03","slug":"presidente-da-concelhia-do-ps-valenca-demite-se-apos-imposicao-de-candidato","status":"publish","type":"post","link":"https:\/\/www.altominho.tv\/site\/2021\/03\/11\/presidente-da-concelhia-do-ps-valenca-demite-se-apos-imposicao-de-candidato\/","title":{"rendered":"Presidente da concelhia do PS Valen\u00e7a demite-se ap\u00f3s &#8220;imposi\u00e7\u00e3o&#8221; de candidato"},"content":{"rendered":"<p>O presidente da concelhia do PS de Valen\u00e7a, Ant\u00f3nio Dias, anunciou hoje a demiss\u00e3o do cargo, acusando a Federa\u00e7\u00e3o Distrital de \u201cimpor\u201d o candidato \u00e0 C\u00e2mara ap\u00f3s aprova\u00e7\u00e3o do seu nome por 70% dos militantes locais.<\/p>\n<p>&#8220;Demiti-me eu da presid\u00eancia da comiss\u00e3o pol\u00edtica concelhia do PS, o presidente de mesa da assembleia-geral, pelo menos dois membros do secretariado, mas ainda v\u00e3o cair mais e h\u00e1 muitos militantes que est\u00e3o a sair&#8221;, afirmou hoje \u00e0 ag\u00eancia Lusa o presidente demission\u00e1rio.<\/p>\n<p>Ant\u00f3nio Dias explicou que, na origem das demiss\u00f5es, &#8220;que v\u00e3o aumentar&#8221;, est\u00e3o &#8220;s\u00e9rias discord\u00e2ncias&#8221;, quanto \u00e0s listas que o PS vai apresentar \u00e0s elei\u00e7\u00f5es aut\u00e1rquicas deste ano naquela cidade do distrito de Viana do Castelo.<\/p>\n<p>Adiantou ter hoje enviado a carta de demiss\u00e3o e de desfilia\u00e7\u00e3o do PS ao l\u00edder nacional do partido, Carlos C\u00e9sar, e garantiu que, &#8220;neste momento, ser\u00e3o 18 militantes que far\u00e3o o mesmo&#8221;.<\/p>\n<p>Segundo Ant\u00f3nio Dias, tamb\u00e9m se demitiu o l\u00edder do grupo socialista na Comunidade Intermunicipal (CIM) Alto Minho e presidente da comiss\u00e3o federativa de jurisdi\u00e7\u00e3o do PS &#8220;em rota de colis\u00e3o com o presidente da Federa\u00e7\u00e3o Distrital de Viana do Castelo e da fa\u00e7\u00e3o minorit\u00e1ria da oposi\u00e7\u00e3o interna do PS de Valen\u00e7a&#8221;.<\/p>\n<p>Em resposta escrita a um pedido de esclarecimento enviado pela Lusa, o presidente da Federa\u00e7\u00e3o Distrital do PS, Miguel Alves, disse &#8220;agradecer a Ant\u00f3nio Dias todo o trabalho realizado no \u00faltimo ano como l\u00edder do PS de Valen\u00e7a&#8221; e desejou-lhe &#8220;o melhor para a sua vida pessoal e profissional&#8221;.<\/p>\n<p>&#8220;O tempo agora \u00e9 de olhar para o presente e, sobretudo, para o futuro e \u00e9 nesse sentido que estou a trabalhar com os militantes do PS de Valen\u00e7a. Apostamos forte neste concelho e estamos a preparar uma equipa para ganhar. Esse \u00e9 o meu foco. Na pr\u00f3xima semana haver\u00e1 novidades&#8221;, referiu o socialista que tamb\u00e9m preside \u00e0 C\u00e2mara de Caminha.<\/p>\n<p>J\u00e1 Ant\u00f3nio Dias lamentou que, em novembro de 2020, tenha recebido o aval do Miguel Alves para avan\u00e7ar com a sua &#8220;carta de aceita\u00e7\u00e3o de candidatura&#8221; \u00e0 C\u00e2mara de Valen\u00e7a, que, &#8220;em dezembro foi apresentada ao secretariado do partido, tendo recolhido o apoio expresso, em abaixo-assinado, de 70% dos militantes&#8221;.<\/p>\n<p>&#8220;Em novembro de 2020, disse-me que, por ele, o assunto estava resolvido e que podia fazer esse caminho, at\u00e9 porque n\u00e3o se apresentava nenhum putativo candidato. J\u00e1 este ano, em janeiro, perante rumores de que o PS iria candidatar o deputado Jos\u00e9 Manuel Carpinteira, pedi a interven\u00e7\u00e3o do presidente Miguel Alves. Foi quando me transmitiu que, quando a candidatura lhe fosse apresentada, iria preferir esse putativo candidato, nem que para isso tivesse de avocar o processo&#8221;, explicou.<\/p>\n<p>O presidente demission\u00e1rio considerou que a decis\u00e3o \u00e9 &#8220;legitima, por se enquadrar nas compet\u00eancias&#8221; do l\u00edder distrital, mas discordou da &#8220;forma&#8221; como o processo foi conduzido.<\/p>\n<p>&#8220;A forma n\u00e3o foi correta porque se deveria ter dado oportunidade aos militantes para, em urna, escolherem o seu candidato. \u00c9 a forma mais democr\u00e1tica que pode haver. A possibilidade de elei\u00e7\u00f5es diretas foi vedada. Esse direito foi retirado aos militantes. Foi assim que o Ant\u00f3nio Costa ganhou as elei\u00e7\u00f5es a Ant\u00f3nio Jos\u00e9 Seguro. Isso gerou um mau estar terr\u00edvel, e tivemos mesmo de bater com a porta, n\u00e3o havia outra solu\u00e7\u00e3o&#8221;, frisou.<\/p>\n<p>Segundo Ant\u00f3nio Dias, &#8220;no final de novembro de 2020 numa conversa entre o presidente da federa\u00e7\u00e3o e Jos\u00e9 Manuel Carpinteira&#8221;, este \u00faltimo ter\u00e1 invocado &#8220;falta de disponibilidade e vontade&#8221; para concorrer \u00e0 C\u00e2mara de Valen\u00e7a.<\/p>\n<p>&#8220;Isto \u00e9 sintom\u00e1tico do que se vive neste concelho, desta forma de estar. A comunidade tem de estar em primeiro lugar e estas situa\u00e7\u00f5es n\u00e3o podem ocorrer. N\u00e3o estamos numa situa\u00e7\u00e3o de imposi\u00e7\u00f5es. Ningu\u00e9m vem fazer um servi\u00e7o \u00e0 pe\u00e7a. Acho que deveria haver mais respeito pelas estruturas do partido e isso, infelizmente, n\u00e3o aconteceu.<\/p>\n<p>Contactado pela Lusa, Jos\u00e9 Manuel Carpinteira, deputado do PS eleito pelo c\u00edrculo de Viana do Castelo, escusou-se a falar sobre o assunto, referindo &#8220;ainda n\u00e3o ser o tempo&#8221;.<br \/>\nNas aut\u00e1rquicas de 2017, o PSD venceu com 57,29% dos votos e conquistou cinco mandatos. O PS atingiu 33,14% dos votos e garantiu dois lugares no executivo municipal.<\/p>\n","protected":false},"excerpt":{"rendered":"<p>O presidente da concelhia do PS de Valen\u00e7a, Ant\u00f3nio Dias, anunciou hoje a demiss\u00e3o do cargo, acusando a Federa\u00e7\u00e3o Distrital de \u201cimpor\u201d o candidato \u00e0 C\u00e2mara ap\u00f3s aprova\u00e7\u00e3o do seu nome por 70% dos militantes locais. &#8220;Demiti-me eu da presid\u00eancia da comiss\u00e3o pol\u00edtica concelhia do PS, o presidente de mesa da assembleia-geral, pelo menos dois [&hellip;]<\/p>\n","protected":false},"author":13,"featured_media":63760,"comment_status":"closed","ping_status":"closed","sticky":false,"template":"","format":"standard","meta":{"_exactmetrics_skip_tracking":false,"_exactmetrics_sitenote_active":false,"_exactmetrics_sitenote_note":"","_exactmetrics_sitenote_category":0,"footnotes":""},"categories":[13],"tags":[27],"class_list":["post-63759","post","type-post","status-publish","format-standard","has-post-thumbnail","hentry","category-valenca","tag-sociedade"],"yoast_head":"<!-- This site is optimized with the Yoast SEO Premium plugin v27.4 (Yoast SEO v27.4) - https:\/\/yoast.com\/product\/yoast-seo-premium-wordpress\/ -->\n<title>Presidente da concelhia do PS Valen\u00e7a demite-se ap\u00f3s &quot;imposi\u00e7\u00e3o&quot; de candidato<\/title>\n<meta name=\"robots\" content=\"index, follow, max-snippet:-1, max-image-preview:large, max-video-preview:-1\" \/>\n<link rel=\"canonical\" href=\"https:\/\/www.altominho.tv\/site\/2021\/03\/11\/presidente-da-concelhia-do-ps-valenca-demite-se-apos-imposicao-de-candidato\/\" \/>\n<meta property=\"og:locale\" content=\"pt_PT\" \/>\n<meta property=\"og:type\" content=\"article\" \/>\n<meta property=\"og:title\" content=\"Presidente da concelhia do PS Valen\u00e7a demite-se ap\u00f3s &quot;imposi\u00e7\u00e3o&quot; de candidato\" \/>\n<meta property=\"og:description\" content=\"O presidente da concelhia do PS de Valen\u00e7a, Ant\u00f3nio Dias, anunciou hoje a demiss\u00e3o do cargo, acusando a Federa\u00e7\u00e3o Distrital de \u201cimpor\u201d o candidato \u00e0 C\u00e2mara ap\u00f3s aprova\u00e7\u00e3o do seu nome por 70% dos militantes locais. &#8220;Demiti-me eu da presid\u00eancia da comiss\u00e3o pol\u00edtica concelhia do PS, o presidente de mesa da assembleia-geral, pelo menos dois [&hellip;]\" \/>\n<meta property=\"og:url\" content=\"https:\/\/www.altominho.tv\/site\/2021\/03\/11\/presidente-da-concelhia-do-ps-valenca-demite-se-apos-imposicao-de-candidato\/\" \/>\n<meta property=\"og:site_name\" content=\"Altominho.tv\" \/>\n<meta property=\"article:publisher\" content=\"https:\/\/www.facebook.com\/altominhotv\" \/>\n<meta property=\"article:published_time\" content=\"2021-03-11T19:07:00+00:00\" \/>\n<meta property=\"article:modified_time\" content=\"2021-03-11T19:07:03+00:00\" \/>\n<meta property=\"og:image\" content=\"https:\/\/www.altominho.tv\/site\/wp-content\/uploads\/2021\/03\/antonio-dias_ATV.jpg\" \/>\n\t<meta property=\"og:image:width\" content=\"1349\" \/>\n\t<meta property=\"og:image:height\" content=\"800\" \/>\n\t<meta property=\"og:image:type\" content=\"image\/jpeg\" \/>\n<meta name=\"author\" content=\"Lusa\" \/>\n<meta name=\"twitter:card\" content=\"summary_large_image\" \/>\n<meta name=\"twitter:creator\" content=\"@altominhoTV\" \/>\n<meta name=\"twitter:site\" content=\"@altominhoTV\" \/>\n<meta name=\"twitter:label1\" content=\"Escrito por\" \/>\n\t<meta name=\"twitter:data1\" content=\"Lusa\" \/>\n\t<meta name=\"twitter:label2\" content=\"Tempo estimado de leitura\" \/>\n\t<meta name=\"twitter:data2\" content=\"4 minutos\" \/>\n<script type=\"application\/ld+json\" class=\"yoast-schema-graph\">{\"@context\":\"https:\\\/\\\/schema.org\",\"@graph\":[{\"@type\":\"Article\",\"@id\":\"https:\\\/\\\/www.altominho.tv\\\/site\\\/2021\\\/03\\\/11\\\/presidente-da-concelhia-do-ps-valenca-demite-se-apos-imposicao-de-candidato\\\/#article\",\"isPartOf\":{\"@id\":\"https:\\\/\\\/www.altominho.tv\\\/site\\\/2021\\\/03\\\/11\\\/presidente-da-concelhia-do-ps-valenca-demite-se-apos-imposicao-de-candidato\\\/\"},\"author\":{\"name\":\"Lusa\",\"@id\":\"https:\\\/\\\/www.altominho.tv\\\/site\\\/#\\\/schema\\\/person\\\/63f693da3e1899361cbe955c46f3232e\"},\"headline\":\"Presidente da concelhia do PS Valen\u00e7a demite-se ap\u00f3s &#8220;imposi\u00e7\u00e3o&#8221; de candidato\",\"datePublished\":\"2021-03-11T19:07:00+00:00\",\"dateModified\":\"2021-03-11T19:07:03+00:00\",\"mainEntityOfPage\":{\"@id\":\"https:\\\/\\\/www.altominho.tv\\\/site\\\/2021\\\/03\\\/11\\\/presidente-da-concelhia-do-ps-valenca-demite-se-apos-imposicao-de-candidato\\\/\"},\"wordCount\":756,\"image\":{\"@id\":\"https:\\\/\\\/www.altominho.tv\\\/site\\\/2021\\\/03\\\/11\\\/presidente-da-concelhia-do-ps-valenca-demite-se-apos-imposicao-de-candidato\\\/#primaryimage\"},\"thumbnailUrl\":\"https:\\\/\\\/www.altominho.tv\\\/site\\\/wp-content\\\/uploads\\\/2021\\\/03\\\/antonio-dias_ATV.jpg\",\"keywords\":[\"Sociedade\"],\"articleSection\":[\"Valen\u00e7a\"],\"inLanguage\":\"pt-PT\",\"copyrightYear\":\"2021\",\"copyrightHolder\":{\"@id\":\"https:\\\/\\\/www.altominho.tv\\\/site\\\/#organization\"}},{\"@type\":\"WebPage\",\"@id\":\"https:\\\/\\\/www.altominho.tv\\\/site\\\/2021\\\/03\\\/11\\\/presidente-da-concelhia-do-ps-valenca-demite-se-apos-imposicao-de-candidato\\\/\",\"url\":\"https:\\\/\\\/www.altominho.tv\\\/site\\\/2021\\\/03\\\/11\\\/presidente-da-concelhia-do-ps-valenca-demite-se-apos-imposicao-de-candidato\\\/\",\"name\":\"Presidente da concelhia do PS Valen\u00e7a demite-se ap\u00f3s \\\"imposi\u00e7\u00e3o\\\" de candidato\",\"isPartOf\":{\"@id\":\"https:\\\/\\\/www.altominho.tv\\\/site\\\/#website\"},\"primaryImageOfPage\":{\"@id\":\"https:\\\/\\\/www.altominho.tv\\\/site\\\/2021\\\/03\\\/11\\\/presidente-da-concelhia-do-ps-valenca-demite-se-apos-imposicao-de-candidato\\\/#primaryimage\"},\"image\":{\"@id\":\"https:\\\/\\\/www.altominho.tv\\\/site\\\/2021\\\/03\\\/11\\\/presidente-da-concelhia-do-ps-valenca-demite-se-apos-imposicao-de-candidato\\\/#primaryimage\"},\"thumbnailUrl\":\"https:\\\/\\\/www.altominho.tv\\\/site\\\/wp-content\\\/uploads\\\/2021\\\/03\\\/antonio-dias_ATV.jpg\",\"datePublished\":\"2021-03-11T19:07:00+00:00\",\"dateModified\":\"2021-03-11T19:07:03+00:00\",\"author\":{\"@id\":\"https:\\\/\\\/www.altominho.tv\\\/site\\\/#\\\/schema\\\/person\\\/63f693da3e1899361cbe955c46f3232e\"},\"breadcrumb\":{\"@id\":\"https:\\\/\\\/www.altominho.tv\\\/site\\\/2021\\\/03\\\/11\\\/presidente-da-concelhia-do-ps-valenca-demite-se-apos-imposicao-de-candidato\\\/#breadcrumb\"},\"inLanguage\":\"pt-PT\",\"potentialAction\":[{\"@type\":\"ReadAction\",\"target\":[\"https:\\\/\\\/www.altominho.tv\\\/site\\\/2021\\\/03\\\/11\\\/presidente-da-concelhia-do-ps-valenca-demite-se-apos-imposicao-de-candidato\\\/\"]}]},{\"@type\":\"ImageObject\",\"inLanguage\":\"pt-PT\",\"@id\":\"https:\\\/\\\/www.altominho.tv\\\/site\\\/2021\\\/03\\\/11\\\/presidente-da-concelhia-do-ps-valenca-demite-se-apos-imposicao-de-candidato\\\/#primaryimage\",\"url\":\"https:\\\/\\\/www.altominho.tv\\\/site\\\/wp-content\\\/uploads\\\/2021\\\/03\\\/antonio-dias_ATV.jpg\",\"contentUrl\":\"https:\\\/\\\/www.altominho.tv\\\/site\\\/wp-content\\\/uploads\\\/2021\\\/03\\\/antonio-dias_ATV.jpg\",\"width\":1349,\"height\":800},{\"@type\":\"BreadcrumbList\",\"@id\":\"https:\\\/\\\/www.altominho.tv\\\/site\\\/2021\\\/03\\\/11\\\/presidente-da-concelhia-do-ps-valenca-demite-se-apos-imposicao-de-candidato\\\/#breadcrumb\",\"itemListElement\":[{\"@type\":\"ListItem\",\"position\":1,\"name\":\"In\u00edcio\",\"item\":\"https:\\\/\\\/www.altominho.tv\\\/site\\\/\"},{\"@type\":\"ListItem\",\"position\":2,\"name\":\"Presidente da concelhia do PS Valen\u00e7a demite-se ap\u00f3s &#8220;imposi\u00e7\u00e3o&#8221; de candidato\"}]},{\"@type\":\"WebSite\",\"@id\":\"https:\\\/\\\/www.altominho.tv\\\/site\\\/#website\",\"url\":\"https:\\\/\\\/www.altominho.tv\\\/site\\\/\",\"name\":\"Altominho.tv\",\"description\":\"A sua regi\u00e3o \u00e0 dist\u00e2ncia de um clique...\",\"potentialAction\":[{\"@type\":\"SearchAction\",\"target\":{\"@type\":\"EntryPoint\",\"urlTemplate\":\"https:\\\/\\\/www.altominho.tv\\\/site\\\/?s={search_term_string}\"},\"query-input\":{\"@type\":\"PropertyValueSpecification\",\"valueRequired\":true,\"valueName\":\"search_term_string\"}}],\"inLanguage\":\"pt-PT\"},{\"@type\":\"Person\",\"@id\":\"https:\\\/\\\/www.altominho.tv\\\/site\\\/#\\\/schema\\\/person\\\/63f693da3e1899361cbe955c46f3232e\",\"name\":\"Lusa\",\"image\":{\"@type\":\"ImageObject\",\"inLanguage\":\"pt-PT\",\"@id\":\"https:\\\/\\\/www.altominho.tv\\\/site\\\/wp-content\\\/uploads\\\/2019\\\/08\\\/LUSA_Logo.gif\",\"url\":\"https:\\\/\\\/www.altominho.tv\\\/site\\\/wp-content\\\/uploads\\\/2019\\\/08\\\/LUSA_Logo.gif\",\"contentUrl\":\"https:\\\/\\\/www.altominho.tv\\\/site\\\/wp-content\\\/uploads\\\/2019\\\/08\\\/LUSA_Logo.gif\",\"caption\":\"Lusa\"},\"sameAs\":[\"http:\\\/\\\/\\\/\\\/www.altominho.tv\\\/site\"],\"url\":\"https:\\\/\\\/www.altominho.tv\\\/site\\\/author\\\/lusa\\\/\"}]}<\/script>\n<!-- \/ Yoast SEO Premium plugin. -->","yoast_head_json":{"title":"Presidente da concelhia do PS Valen\u00e7a demite-se ap\u00f3s \"imposi\u00e7\u00e3o\" de candidato","robots":{"index":"index","follow":"follow","max-snippet":"max-snippet:-1","max-image-preview":"max-image-preview:large","max-video-preview":"max-video-preview:-1"},"canonical":"https:\/\/www.altominho.tv\/site\/2021\/03\/11\/presidente-da-concelhia-do-ps-valenca-demite-se-apos-imposicao-de-candidato\/","og_locale":"pt_PT","og_type":"article","og_title":"Presidente da concelhia do PS Valen\u00e7a demite-se ap\u00f3s \"imposi\u00e7\u00e3o\" de candidato","og_description":"O presidente da concelhia do PS de Valen\u00e7a, Ant\u00f3nio Dias, anunciou hoje a demiss\u00e3o do cargo, acusando a Federa\u00e7\u00e3o Distrital de \u201cimpor\u201d o candidato \u00e0 C\u00e2mara ap\u00f3s aprova\u00e7\u00e3o do seu nome por 70% dos militantes locais. &#8220;Demiti-me eu da presid\u00eancia da comiss\u00e3o pol\u00edtica concelhia do PS, o presidente de mesa da assembleia-geral, pelo menos dois [&hellip;]","og_url":"https:\/\/www.altominho.tv\/site\/2021\/03\/11\/presidente-da-concelhia-do-ps-valenca-demite-se-apos-imposicao-de-candidato\/","og_site_name":"Altominho.tv","article_publisher":"https:\/\/www.facebook.com\/altominhotv","article_published_time":"2021-03-11T19:07:00+00:00","article_modified_time":"2021-03-11T19:07:03+00:00","og_image":[{"width":1349,"height":800,"url":"https:\/\/www.altominho.tv\/site\/wp-content\/uploads\/2021\/03\/antonio-dias_ATV.jpg","type":"image\/jpeg"}],"author":"Lusa","twitter_card":"summary_large_image","twitter_creator":"@altominhoTV","twitter_site":"@altominhoTV","twitter_misc":{"Escrito por":"Lusa","Tempo estimado de leitura":"4 minutos"},"schema":{"@context":"https:\/\/schema.org","@graph":[{"@type":"Article","@id":"https:\/\/www.altominho.tv\/site\/2021\/03\/11\/presidente-da-concelhia-do-ps-valenca-demite-se-apos-imposicao-de-candidato\/#article","isPartOf":{"@id":"https:\/\/www.altominho.tv\/site\/2021\/03\/11\/presidente-da-concelhia-do-ps-valenca-demite-se-apos-imposicao-de-candidato\/"},"author":{"name":"Lusa","@id":"https:\/\/www.altominho.tv\/site\/#\/schema\/person\/63f693da3e1899361cbe955c46f3232e"},"headline":"Presidente da concelhia do PS Valen\u00e7a demite-se ap\u00f3s &#8220;imposi\u00e7\u00e3o&#8221; de candidato","datePublished":"2021-03-11T19:07:00+00:00","dateModified":"2021-03-11T19:07:03+00:00","mainEntityOfPage":{"@id":"https:\/\/www.altominho.tv\/site\/2021\/03\/11\/presidente-da-concelhia-do-ps-valenca-demite-se-apos-imposicao-de-candidato\/"},"wordCount":756,"image":{"@id":"https:\/\/www.altominho.tv\/site\/2021\/03\/11\/presidente-da-concelhia-do-ps-valenca-demite-se-apos-imposicao-de-candidato\/#primaryimage"},"thumbnailUrl":"https:\/\/www.altominho.tv\/site\/wp-content\/uploads\/2021\/03\/antonio-dias_ATV.jpg","keywords":["Sociedade"],"articleSection":["Valen\u00e7a"],"inLanguage":"pt-PT","copyrightYear":"2021","copyrightHolder":{"@id":"https:\/\/www.altominho.tv\/site\/#organization"}},{"@type":"WebPage","@id":"https:\/\/www.altominho.tv\/site\/2021\/03\/11\/presidente-da-concelhia-do-ps-valenca-demite-se-apos-imposicao-de-candidato\/","url":"https:\/\/www.altominho.tv\/site\/2021\/03\/11\/presidente-da-concelhia-do-ps-valenca-demite-se-apos-imposicao-de-candidato\/","name":"Presidente da concelhia do PS Valen\u00e7a demite-se ap\u00f3s \"imposi\u00e7\u00e3o\" de candidato","isPartOf":{"@id":"https:\/\/www.altominho.tv\/site\/#website"},"primaryImageOfPage":{"@id":"https:\/\/www.altominho.tv\/site\/2021\/03\/11\/presidente-da-concelhia-do-ps-valenca-demite-se-apos-imposicao-de-candidato\/#primaryimage"},"image":{"@id":"https:\/\/www.altominho.tv\/site\/2021\/03\/11\/presidente-da-concelhia-do-ps-valenca-demite-se-apos-imposicao-de-candidato\/#primaryimage"},"thumbnailUrl":"https:\/\/www.altominho.tv\/site\/wp-content\/uploads\/2021\/03\/antonio-dias_ATV.jpg","datePublished":"2021-03-11T19:07:00+00:00","dateModified":"2021-03-11T19:07:03+00:00","author":{"@id":"https:\/\/www.altominho.tv\/site\/#\/schema\/person\/63f693da3e1899361cbe955c46f3232e"},"breadcrumb":{"@id":"https:\/\/www.altominho.tv\/site\/2021\/03\/11\/presidente-da-concelhia-do-ps-valenca-demite-se-apos-imposicao-de-candidato\/#breadcrumb"},"inLanguage":"pt-PT","potentialAction":[{"@type":"ReadAction","target":["https:\/\/www.altominho.tv\/site\/2021\/03\/11\/presidente-da-concelhia-do-ps-valenca-demite-se-apos-imposicao-de-candidato\/"]}]},{"@type":"ImageObject","inLanguage":"pt-PT","@id":"https:\/\/www.altominho.tv\/site\/2021\/03\/11\/presidente-da-concelhia-do-ps-valenca-demite-se-apos-imposicao-de-candidato\/#primaryimage","url":"https:\/\/www.altominho.tv\/site\/wp-content\/uploads\/2021\/03\/antonio-dias_ATV.jpg","contentUrl":"https:\/\/www.altominho.tv\/site\/wp-content\/uploads\/2021\/03\/antonio-dias_ATV.jpg","width":1349,"height":800},{"@type":"BreadcrumbList","@id":"https:\/\/www.altominho.tv\/site\/2021\/03\/11\/presidente-da-concelhia-do-ps-valenca-demite-se-apos-imposicao-de-candidato\/#breadcrumb","itemListElement":[{"@type":"ListItem","position":1,"name":"In\u00edcio","item":"https:\/\/www.altominho.tv\/site\/"},{"@type":"ListItem","position":2,"name":"Presidente da concelhia do PS Valen\u00e7a demite-se ap\u00f3s &#8220;imposi\u00e7\u00e3o&#8221; de candidato"}]},{"@type":"WebSite","@id":"https:\/\/www.altominho.tv\/site\/#website","url":"https:\/\/www.altominho.tv\/site\/","name":"Altominho.tv","description":"A sua regi\u00e3o \u00e0 dist\u00e2ncia de um clique...","potentialAction":[{"@type":"SearchAction","target":{"@type":"EntryPoint","urlTemplate":"https:\/\/www.altominho.tv\/site\/?s={search_term_string}"},"query-input":{"@type":"PropertyValueSpecification","valueRequired":true,"valueName":"search_term_string"}}],"inLanguage":"pt-PT"},{"@type":"Person","@id":"https:\/\/www.altominho.tv\/site\/#\/schema\/person\/63f693da3e1899361cbe955c46f3232e","name":"Lusa","image":{"@type":"ImageObject","inLanguage":"pt-PT","@id":"https:\/\/www.altominho.tv\/site\/wp-content\/uploads\/2019\/08\/LUSA_Logo.gif","url":"https:\/\/www.altominho.tv\/site\/wp-content\/uploads\/2019\/08\/LUSA_Logo.gif","contentUrl":"https:\/\/www.altominho.tv\/site\/wp-content\/uploads\/2019\/08\/LUSA_Logo.gif","caption":"Lusa"},"sameAs":["http:\/\/\/\/www.altominho.tv\/site"],"url":"https:\/\/www.altominho.tv\/site\/author\/lusa\/"}]}},"_links":{"self":[{"href":"https:\/\/www.altominho.tv\/site\/wp-json\/wp\/v2\/posts\/63759","targetHints":{"allow":["GET"]}}],"collection":[{"href":"https:\/\/www.altominho.tv\/site\/wp-json\/wp\/v2\/posts"}],"about":[{"href":"https:\/\/www.altominho.tv\/site\/wp-json\/wp\/v2\/types\/post"}],"author":[{"embeddable":true,"href":"https:\/\/www.altominho.tv\/site\/wp-json\/wp\/v2\/users\/13"}],"replies":[{"embeddable":true,"href":"https:\/\/www.altominho.tv\/site\/wp-json\/wp\/v2\/comments?post=63759"}],"version-history":[{"count":0,"href":"https:\/\/www.altominho.tv\/site\/wp-json\/wp\/v2\/posts\/63759\/revisions"}],"wp:featuredmedia":[{"embeddable":true,"href":"https:\/\/www.altominho.tv\/site\/wp-json\/wp\/v2\/media\/63760"}],"wp:attachment":[{"href":"https:\/\/www.altominho.tv\/site\/wp-json\/wp\/v2\/media?parent=63759"}],"wp:term":[{"taxonomy":"category","embeddable":true,"href":"https:\/\/www.altominho.tv\/site\/wp-json\/wp\/v2\/categories?post=63759"},{"taxonomy":"post_tag","embeddable":true,"href":"https:\/\/www.altominho.tv\/site\/wp-json\/wp\/v2\/tags?post=63759"}],"curies":[{"name":"wp","href":"https:\/\/api.w.org\/{rel}","templated":true}]}}