{"id":63677,"date":"2021-03-10T14:15:33","date_gmt":"2021-03-10T14:15:33","guid":{"rendered":"https:\/\/www.altominho.tv\/site\/?p=63677"},"modified":"2022-01-17T14:31:19","modified_gmt":"2022-01-17T14:31:19","slug":"miguel-alves-ps-recandidata-se-em-caminha-mas-so-fala-de-eleicoes-a-seu-tempo","status":"publish","type":"post","link":"https:\/\/www.altominho.tv\/site\/2021\/03\/10\/miguel-alves-ps-recandidata-se-em-caminha-mas-so-fala-de-eleicoes-a-seu-tempo\/","title":{"rendered":"Miguel Alves recandidata-se em Caminha mas s\u00f3 fala de elei\u00e7\u00f5es \u201ca seu tempo\u201d"},"content":{"rendered":"<p>O presidente da C\u00e2mara de Caminha disse hoje \u00e0 Lusa que vai recandidatar-se pelo PS \u00e0s elei\u00e7\u00f5es aut\u00e1rquicas pela \u00faltima vez, devido \u00e0 limita\u00e7\u00e3o de mandatos, mas s\u00f3 ir\u00e1 falar de &#8220;elei\u00e7\u00f5es e do futuro, a seu tempo&#8221;.<\/p>\n<p>&#8220;S\u00f3 falarei de elei\u00e7\u00f5es mais para diante. Agora n\u00e3o \u00e9 o tempo de falar de listas e de elei\u00e7\u00f5es, este \u00e9 ainda o tempo de combater a pandemia de Covid-19, de cuidar das pessoas, dos empregos, das empresas&#8221;, afirmou Miguel Alves.<\/p>\n<p>O socialista, que j\u00e1 viu a sua recandidatura aprovada pela comiss\u00e3o pol\u00edtica concelhia, adiantou que &#8220;j\u00e1 v\u00e1rias vezes&#8221; tinha manifestado a sua &#8220;determina\u00e7\u00e3o em continuar a servir Caminha e, por isso, em voltar&#8221; a candidatar-se.<\/p>\n<p>Miguel Alves, de 45 anos, que \u00e9 tamb\u00e9m presidente do Conselho Regional do Norte [\u00f3rg\u00e3o consultivo da Comiss\u00e3o de Coordena\u00e7\u00e3o e Desenvolvimento Regional do Norte (CCDR-N)], referiu que &#8220;agora, o tempo \u00e9 ainda de muito cuidado e de muito trabalho&#8221;.<\/p>\n<p>&#8220;O meu foco \u00e9 este, ajudar a superar este momento t\u00e3o dif\u00edcil, levantar a economia e cuidar dos mais desprotegidos. A seu tempo, falaremos de elei\u00e7\u00f5es e do futuro&#8221;, referiu o socialista que tamb\u00e9m preside \u00e0 Federa\u00e7\u00e3o Distrital do PS de Viana do Castelo.<\/p>\n<p>Nasceu em Lisboa, mas viveu em Caminha desde crian\u00e7a e at\u00e9 ingressar na Faculdade de Direito da Universidade de Coimbra.<\/p>\n<p>Miguel Alves estreou-se nas elei\u00e7\u00f5es aut\u00e1rquicas de 2013 e recuperou para o PS a lideran\u00e7a da C\u00e2mara Municipal, 12 anos depois dos socialistas a terem perdido para o PSD.<\/p>\n<p>Nas aut\u00e1rquicas de 2017, o PS voltou a ganhar, com 53,15% dos votos e quatro mandatos, enquanto o PSD atingiu 39,14%, garantindo tr\u00eas lugares no executivo municipal. Nessas elei\u00e7\u00f5es, o PSD apostou na ex-autarca J\u00falia Paula Costa para recuperar aquela autarquia do Alto Minho, mas sem sucesso.<\/p>\n","protected":false},"excerpt":{"rendered":"<p>O presidente da C\u00e2mara de Caminha disse hoje \u00e0 Lusa que vai recandidatar-se pelo PS \u00e0s elei\u00e7\u00f5es aut\u00e1rquicas pela \u00faltima vez, devido \u00e0 limita\u00e7\u00e3o de mandatos, mas s\u00f3 ir\u00e1 falar de &#8220;elei\u00e7\u00f5es e do futuro, a seu tempo&#8221;. &#8220;S\u00f3 falarei de elei\u00e7\u00f5es mais para diante. Agora n\u00e3o \u00e9 o tempo de falar de listas e [&hellip;]<\/p>\n","protected":false},"author":13,"featured_media":63684,"comment_status":"closed","ping_status":"closed","sticky":false,"template":"","format":"standard","meta":{"_exactmetrics_skip_tracking":false,"_exactmetrics_sitenote_active":false,"_exactmetrics_sitenote_note":"","_exactmetrics_sitenote_category":0,"footnotes":""},"categories":[7],"tags":[56326],"class_list":["post-63677","post","type-post","status-publish","format-standard","has-post-thumbnail","hentry","category-caminha","tag-politica"],"yoast_head":"<!-- This site is optimized with the Yoast SEO Premium plugin v27.4 (Yoast SEO v27.4) - https:\/\/yoast.com\/product\/yoast-seo-premium-wordpress\/ -->\n<title>Miguel Alves recandidata-se em Caminha mas s\u00f3 fala de elei\u00e7\u00f5es \u201ca seu tempo\u201d<\/title>\n<meta name=\"robots\" content=\"index, follow, max-snippet:-1, max-image-preview:large, max-video-preview:-1\" \/>\n<link rel=\"canonical\" href=\"https:\/\/www.altominho.tv\/site\/2021\/03\/10\/miguel-alves-ps-recandidata-se-em-caminha-mas-so-fala-de-eleicoes-a-seu-tempo\/\" \/>\n<meta property=\"og:locale\" content=\"pt_PT\" \/>\n<meta property=\"og:type\" content=\"article\" \/>\n<meta property=\"og:title\" content=\"Miguel Alves recandidata-se em Caminha mas s\u00f3 fala de elei\u00e7\u00f5es \u201ca seu tempo\u201d\" \/>\n<meta property=\"og:description\" content=\"O presidente da C\u00e2mara de Caminha disse hoje \u00e0 Lusa que vai recandidatar-se pelo PS \u00e0s elei\u00e7\u00f5es aut\u00e1rquicas pela \u00faltima vez, devido \u00e0 limita\u00e7\u00e3o de mandatos, mas s\u00f3 ir\u00e1 falar de &#8220;elei\u00e7\u00f5es e do futuro, a seu tempo&#8221;. &#8220;S\u00f3 falarei de elei\u00e7\u00f5es mais para diante. Agora n\u00e3o \u00e9 o tempo de falar de listas e [&hellip;]\" \/>\n<meta property=\"og:url\" content=\"https:\/\/www.altominho.tv\/site\/2021\/03\/10\/miguel-alves-ps-recandidata-se-em-caminha-mas-so-fala-de-eleicoes-a-seu-tempo\/\" \/>\n<meta property=\"og:site_name\" content=\"Altominho.tv\" \/>\n<meta property=\"article:publisher\" content=\"https:\/\/www.facebook.com\/altominhotv\" \/>\n<meta property=\"article:published_time\" content=\"2021-03-10T14:15:33+00:00\" \/>\n<meta property=\"article:modified_time\" content=\"2022-01-17T14:31:19+00:00\" \/>\n<meta property=\"og:image\" content=\"https:\/\/www.altominho.tv\/site\/wp-content\/uploads\/2021\/03\/71811931_2592047664167915_8859780837382553600_o.jpg\" \/>\n\t<meta property=\"og:image:width\" content=\"1275\" \/>\n\t<meta property=\"og:image:height\" content=\"718\" \/>\n\t<meta property=\"og:image:type\" content=\"image\/jpeg\" \/>\n<meta name=\"author\" content=\"Lusa\" \/>\n<meta name=\"twitter:card\" content=\"summary_large_image\" \/>\n<meta name=\"twitter:creator\" content=\"@altominhoTV\" \/>\n<meta name=\"twitter:site\" content=\"@altominhoTV\" \/>\n<meta name=\"twitter:label1\" content=\"Escrito por\" \/>\n\t<meta name=\"twitter:data1\" content=\"Lusa\" \/>\n\t<meta name=\"twitter:label2\" content=\"Tempo estimado de leitura\" \/>\n\t<meta name=\"twitter:data2\" content=\"2 minutos\" \/>\n<script type=\"application\/ld+json\" class=\"yoast-schema-graph\">{\"@context\":\"https:\\\/\\\/schema.org\",\"@graph\":[{\"@type\":\"Article\",\"@id\":\"https:\\\/\\\/www.altominho.tv\\\/site\\\/2021\\\/03\\\/10\\\/miguel-alves-ps-recandidata-se-em-caminha-mas-so-fala-de-eleicoes-a-seu-tempo\\\/#article\",\"isPartOf\":{\"@id\":\"https:\\\/\\\/www.altominho.tv\\\/site\\\/2021\\\/03\\\/10\\\/miguel-alves-ps-recandidata-se-em-caminha-mas-so-fala-de-eleicoes-a-seu-tempo\\\/\"},\"author\":{\"name\":\"Lusa\",\"@id\":\"https:\\\/\\\/www.altominho.tv\\\/site\\\/#\\\/schema\\\/person\\\/63f693da3e1899361cbe955c46f3232e\"},\"headline\":\"Miguel Alves recandidata-se em Caminha mas s\u00f3 fala de elei\u00e7\u00f5es \u201ca seu tempo\u201d\",\"datePublished\":\"2021-03-10T14:15:33+00:00\",\"dateModified\":\"2022-01-17T14:31:19+00:00\",\"mainEntityOfPage\":{\"@id\":\"https:\\\/\\\/www.altominho.tv\\\/site\\\/2021\\\/03\\\/10\\\/miguel-alves-ps-recandidata-se-em-caminha-mas-so-fala-de-eleicoes-a-seu-tempo\\\/\"},\"wordCount\":324,\"image\":{\"@id\":\"https:\\\/\\\/www.altominho.tv\\\/site\\\/2021\\\/03\\\/10\\\/miguel-alves-ps-recandidata-se-em-caminha-mas-so-fala-de-eleicoes-a-seu-tempo\\\/#primaryimage\"},\"thumbnailUrl\":\"https:\\\/\\\/www.altominho.tv\\\/site\\\/wp-content\\\/uploads\\\/2021\\\/03\\\/71811931_2592047664167915_8859780837382553600_o.jpg\",\"keywords\":[\"Pol\u00edtica\"],\"articleSection\":[\"Caminha\"],\"inLanguage\":\"pt-PT\",\"copyrightYear\":\"2021\",\"copyrightHolder\":{\"@id\":\"https:\\\/\\\/www.altominho.tv\\\/site\\\/#organization\"}},{\"@type\":\"WebPage\",\"@id\":\"https:\\\/\\\/www.altominho.tv\\\/site\\\/2021\\\/03\\\/10\\\/miguel-alves-ps-recandidata-se-em-caminha-mas-so-fala-de-eleicoes-a-seu-tempo\\\/\",\"url\":\"https:\\\/\\\/www.altominho.tv\\\/site\\\/2021\\\/03\\\/10\\\/miguel-alves-ps-recandidata-se-em-caminha-mas-so-fala-de-eleicoes-a-seu-tempo\\\/\",\"name\":\"Miguel Alves recandidata-se em Caminha mas s\u00f3 fala de elei\u00e7\u00f5es \u201ca seu tempo\u201d\",\"isPartOf\":{\"@id\":\"https:\\\/\\\/www.altominho.tv\\\/site\\\/#website\"},\"primaryImageOfPage\":{\"@id\":\"https:\\\/\\\/www.altominho.tv\\\/site\\\/2021\\\/03\\\/10\\\/miguel-alves-ps-recandidata-se-em-caminha-mas-so-fala-de-eleicoes-a-seu-tempo\\\/#primaryimage\"},\"image\":{\"@id\":\"https:\\\/\\\/www.altominho.tv\\\/site\\\/2021\\\/03\\\/10\\\/miguel-alves-ps-recandidata-se-em-caminha-mas-so-fala-de-eleicoes-a-seu-tempo\\\/#primaryimage\"},\"thumbnailUrl\":\"https:\\\/\\\/www.altominho.tv\\\/site\\\/wp-content\\\/uploads\\\/2021\\\/03\\\/71811931_2592047664167915_8859780837382553600_o.jpg\",\"datePublished\":\"2021-03-10T14:15:33+00:00\",\"dateModified\":\"2022-01-17T14:31:19+00:00\",\"author\":{\"@id\":\"https:\\\/\\\/www.altominho.tv\\\/site\\\/#\\\/schema\\\/person\\\/63f693da3e1899361cbe955c46f3232e\"},\"breadcrumb\":{\"@id\":\"https:\\\/\\\/www.altominho.tv\\\/site\\\/2021\\\/03\\\/10\\\/miguel-alves-ps-recandidata-se-em-caminha-mas-so-fala-de-eleicoes-a-seu-tempo\\\/#breadcrumb\"},\"inLanguage\":\"pt-PT\",\"potentialAction\":[{\"@type\":\"ReadAction\",\"target\":[\"https:\\\/\\\/www.altominho.tv\\\/site\\\/2021\\\/03\\\/10\\\/miguel-alves-ps-recandidata-se-em-caminha-mas-so-fala-de-eleicoes-a-seu-tempo\\\/\"]}]},{\"@type\":\"ImageObject\",\"inLanguage\":\"pt-PT\",\"@id\":\"https:\\\/\\\/www.altominho.tv\\\/site\\\/2021\\\/03\\\/10\\\/miguel-alves-ps-recandidata-se-em-caminha-mas-so-fala-de-eleicoes-a-seu-tempo\\\/#primaryimage\",\"url\":\"https:\\\/\\\/www.altominho.tv\\\/site\\\/wp-content\\\/uploads\\\/2021\\\/03\\\/71811931_2592047664167915_8859780837382553600_o.jpg\",\"contentUrl\":\"https:\\\/\\\/www.altominho.tv\\\/site\\\/wp-content\\\/uploads\\\/2021\\\/03\\\/71811931_2592047664167915_8859780837382553600_o.jpg\",\"width\":1275,\"height\":718,\"caption\":\"FEDERA\u00c7\u00c3O DISTRITAL PS\"},{\"@type\":\"BreadcrumbList\",\"@id\":\"https:\\\/\\\/www.altominho.tv\\\/site\\\/2021\\\/03\\\/10\\\/miguel-alves-ps-recandidata-se-em-caminha-mas-so-fala-de-eleicoes-a-seu-tempo\\\/#breadcrumb\",\"itemListElement\":[{\"@type\":\"ListItem\",\"position\":1,\"name\":\"In\u00edcio\",\"item\":\"https:\\\/\\\/www.altominho.tv\\\/site\\\/\"},{\"@type\":\"ListItem\",\"position\":2,\"name\":\"Miguel Alves recandidata-se em Caminha mas s\u00f3 fala de elei\u00e7\u00f5es \u201ca seu tempo\u201d\"}]},{\"@type\":\"WebSite\",\"@id\":\"https:\\\/\\\/www.altominho.tv\\\/site\\\/#website\",\"url\":\"https:\\\/\\\/www.altominho.tv\\\/site\\\/\",\"name\":\"Altominho.tv\",\"description\":\"A sua regi\u00e3o \u00e0 dist\u00e2ncia de um clique...\",\"potentialAction\":[{\"@type\":\"SearchAction\",\"target\":{\"@type\":\"EntryPoint\",\"urlTemplate\":\"https:\\\/\\\/www.altominho.tv\\\/site\\\/?s={search_term_string}\"},\"query-input\":{\"@type\":\"PropertyValueSpecification\",\"valueRequired\":true,\"valueName\":\"search_term_string\"}}],\"inLanguage\":\"pt-PT\"},{\"@type\":\"Person\",\"@id\":\"https:\\\/\\\/www.altominho.tv\\\/site\\\/#\\\/schema\\\/person\\\/63f693da3e1899361cbe955c46f3232e\",\"name\":\"Lusa\",\"image\":{\"@type\":\"ImageObject\",\"inLanguage\":\"pt-PT\",\"@id\":\"https:\\\/\\\/www.altominho.tv\\\/site\\\/wp-content\\\/uploads\\\/2019\\\/08\\\/LUSA_Logo.gif\",\"url\":\"https:\\\/\\\/www.altominho.tv\\\/site\\\/wp-content\\\/uploads\\\/2019\\\/08\\\/LUSA_Logo.gif\",\"contentUrl\":\"https:\\\/\\\/www.altominho.tv\\\/site\\\/wp-content\\\/uploads\\\/2019\\\/08\\\/LUSA_Logo.gif\",\"caption\":\"Lusa\"},\"sameAs\":[\"http:\\\/\\\/\\\/\\\/www.altominho.tv\\\/site\"],\"url\":\"https:\\\/\\\/www.altominho.tv\\\/site\\\/author\\\/lusa\\\/\"}]}<\/script>\n<!-- \/ Yoast SEO Premium plugin. -->","yoast_head_json":{"title":"Miguel Alves recandidata-se em Caminha mas s\u00f3 fala de elei\u00e7\u00f5es \u201ca seu tempo\u201d","robots":{"index":"index","follow":"follow","max-snippet":"max-snippet:-1","max-image-preview":"max-image-preview:large","max-video-preview":"max-video-preview:-1"},"canonical":"https:\/\/www.altominho.tv\/site\/2021\/03\/10\/miguel-alves-ps-recandidata-se-em-caminha-mas-so-fala-de-eleicoes-a-seu-tempo\/","og_locale":"pt_PT","og_type":"article","og_title":"Miguel Alves recandidata-se em Caminha mas s\u00f3 fala de elei\u00e7\u00f5es \u201ca seu tempo\u201d","og_description":"O presidente da C\u00e2mara de Caminha disse hoje \u00e0 Lusa que vai recandidatar-se pelo PS \u00e0s elei\u00e7\u00f5es aut\u00e1rquicas pela \u00faltima vez, devido \u00e0 limita\u00e7\u00e3o de mandatos, mas s\u00f3 ir\u00e1 falar de &#8220;elei\u00e7\u00f5es e do futuro, a seu tempo&#8221;. &#8220;S\u00f3 falarei de elei\u00e7\u00f5es mais para diante. Agora n\u00e3o \u00e9 o tempo de falar de listas e [&hellip;]","og_url":"https:\/\/www.altominho.tv\/site\/2021\/03\/10\/miguel-alves-ps-recandidata-se-em-caminha-mas-so-fala-de-eleicoes-a-seu-tempo\/","og_site_name":"Altominho.tv","article_publisher":"https:\/\/www.facebook.com\/altominhotv","article_published_time":"2021-03-10T14:15:33+00:00","article_modified_time":"2022-01-17T14:31:19+00:00","og_image":[{"width":1275,"height":718,"url":"https:\/\/www.altominho.tv\/site\/wp-content\/uploads\/2021\/03\/71811931_2592047664167915_8859780837382553600_o.jpg","type":"image\/jpeg"}],"author":"Lusa","twitter_card":"summary_large_image","twitter_creator":"@altominhoTV","twitter_site":"@altominhoTV","twitter_misc":{"Escrito por":"Lusa","Tempo estimado de leitura":"2 minutos"},"schema":{"@context":"https:\/\/schema.org","@graph":[{"@type":"Article","@id":"https:\/\/www.altominho.tv\/site\/2021\/03\/10\/miguel-alves-ps-recandidata-se-em-caminha-mas-so-fala-de-eleicoes-a-seu-tempo\/#article","isPartOf":{"@id":"https:\/\/www.altominho.tv\/site\/2021\/03\/10\/miguel-alves-ps-recandidata-se-em-caminha-mas-so-fala-de-eleicoes-a-seu-tempo\/"},"author":{"name":"Lusa","@id":"https:\/\/www.altominho.tv\/site\/#\/schema\/person\/63f693da3e1899361cbe955c46f3232e"},"headline":"Miguel Alves recandidata-se em Caminha mas s\u00f3 fala de elei\u00e7\u00f5es \u201ca seu tempo\u201d","datePublished":"2021-03-10T14:15:33+00:00","dateModified":"2022-01-17T14:31:19+00:00","mainEntityOfPage":{"@id":"https:\/\/www.altominho.tv\/site\/2021\/03\/10\/miguel-alves-ps-recandidata-se-em-caminha-mas-so-fala-de-eleicoes-a-seu-tempo\/"},"wordCount":324,"image":{"@id":"https:\/\/www.altominho.tv\/site\/2021\/03\/10\/miguel-alves-ps-recandidata-se-em-caminha-mas-so-fala-de-eleicoes-a-seu-tempo\/#primaryimage"},"thumbnailUrl":"https:\/\/www.altominho.tv\/site\/wp-content\/uploads\/2021\/03\/71811931_2592047664167915_8859780837382553600_o.jpg","keywords":["Pol\u00edtica"],"articleSection":["Caminha"],"inLanguage":"pt-PT","copyrightYear":"2021","copyrightHolder":{"@id":"https:\/\/www.altominho.tv\/site\/#organization"}},{"@type":"WebPage","@id":"https:\/\/www.altominho.tv\/site\/2021\/03\/10\/miguel-alves-ps-recandidata-se-em-caminha-mas-so-fala-de-eleicoes-a-seu-tempo\/","url":"https:\/\/www.altominho.tv\/site\/2021\/03\/10\/miguel-alves-ps-recandidata-se-em-caminha-mas-so-fala-de-eleicoes-a-seu-tempo\/","name":"Miguel Alves recandidata-se em Caminha mas s\u00f3 fala de elei\u00e7\u00f5es \u201ca seu tempo\u201d","isPartOf":{"@id":"https:\/\/www.altominho.tv\/site\/#website"},"primaryImageOfPage":{"@id":"https:\/\/www.altominho.tv\/site\/2021\/03\/10\/miguel-alves-ps-recandidata-se-em-caminha-mas-so-fala-de-eleicoes-a-seu-tempo\/#primaryimage"},"image":{"@id":"https:\/\/www.altominho.tv\/site\/2021\/03\/10\/miguel-alves-ps-recandidata-se-em-caminha-mas-so-fala-de-eleicoes-a-seu-tempo\/#primaryimage"},"thumbnailUrl":"https:\/\/www.altominho.tv\/site\/wp-content\/uploads\/2021\/03\/71811931_2592047664167915_8859780837382553600_o.jpg","datePublished":"2021-03-10T14:15:33+00:00","dateModified":"2022-01-17T14:31:19+00:00","author":{"@id":"https:\/\/www.altominho.tv\/site\/#\/schema\/person\/63f693da3e1899361cbe955c46f3232e"},"breadcrumb":{"@id":"https:\/\/www.altominho.tv\/site\/2021\/03\/10\/miguel-alves-ps-recandidata-se-em-caminha-mas-so-fala-de-eleicoes-a-seu-tempo\/#breadcrumb"},"inLanguage":"pt-PT","potentialAction":[{"@type":"ReadAction","target":["https:\/\/www.altominho.tv\/site\/2021\/03\/10\/miguel-alves-ps-recandidata-se-em-caminha-mas-so-fala-de-eleicoes-a-seu-tempo\/"]}]},{"@type":"ImageObject","inLanguage":"pt-PT","@id":"https:\/\/www.altominho.tv\/site\/2021\/03\/10\/miguel-alves-ps-recandidata-se-em-caminha-mas-so-fala-de-eleicoes-a-seu-tempo\/#primaryimage","url":"https:\/\/www.altominho.tv\/site\/wp-content\/uploads\/2021\/03\/71811931_2592047664167915_8859780837382553600_o.jpg","contentUrl":"https:\/\/www.altominho.tv\/site\/wp-content\/uploads\/2021\/03\/71811931_2592047664167915_8859780837382553600_o.jpg","width":1275,"height":718,"caption":"FEDERA\u00c7\u00c3O DISTRITAL PS"},{"@type":"BreadcrumbList","@id":"https:\/\/www.altominho.tv\/site\/2021\/03\/10\/miguel-alves-ps-recandidata-se-em-caminha-mas-so-fala-de-eleicoes-a-seu-tempo\/#breadcrumb","itemListElement":[{"@type":"ListItem","position":1,"name":"In\u00edcio","item":"https:\/\/www.altominho.tv\/site\/"},{"@type":"ListItem","position":2,"name":"Miguel Alves recandidata-se em Caminha mas s\u00f3 fala de elei\u00e7\u00f5es \u201ca seu tempo\u201d"}]},{"@type":"WebSite","@id":"https:\/\/www.altominho.tv\/site\/#website","url":"https:\/\/www.altominho.tv\/site\/","name":"Altominho.tv","description":"A sua regi\u00e3o \u00e0 dist\u00e2ncia de um clique...","potentialAction":[{"@type":"SearchAction","target":{"@type":"EntryPoint","urlTemplate":"https:\/\/www.altominho.tv\/site\/?s={search_term_string}"},"query-input":{"@type":"PropertyValueSpecification","valueRequired":true,"valueName":"search_term_string"}}],"inLanguage":"pt-PT"},{"@type":"Person","@id":"https:\/\/www.altominho.tv\/site\/#\/schema\/person\/63f693da3e1899361cbe955c46f3232e","name":"Lusa","image":{"@type":"ImageObject","inLanguage":"pt-PT","@id":"https:\/\/www.altominho.tv\/site\/wp-content\/uploads\/2019\/08\/LUSA_Logo.gif","url":"https:\/\/www.altominho.tv\/site\/wp-content\/uploads\/2019\/08\/LUSA_Logo.gif","contentUrl":"https:\/\/www.altominho.tv\/site\/wp-content\/uploads\/2019\/08\/LUSA_Logo.gif","caption":"Lusa"},"sameAs":["http:\/\/\/\/www.altominho.tv\/site"],"url":"https:\/\/www.altominho.tv\/site\/author\/lusa\/"}]}},"_links":{"self":[{"href":"https:\/\/www.altominho.tv\/site\/wp-json\/wp\/v2\/posts\/63677","targetHints":{"allow":["GET"]}}],"collection":[{"href":"https:\/\/www.altominho.tv\/site\/wp-json\/wp\/v2\/posts"}],"about":[{"href":"https:\/\/www.altominho.tv\/site\/wp-json\/wp\/v2\/types\/post"}],"author":[{"embeddable":true,"href":"https:\/\/www.altominho.tv\/site\/wp-json\/wp\/v2\/users\/13"}],"replies":[{"embeddable":true,"href":"https:\/\/www.altominho.tv\/site\/wp-json\/wp\/v2\/comments?post=63677"}],"version-history":[{"count":0,"href":"https:\/\/www.altominho.tv\/site\/wp-json\/wp\/v2\/posts\/63677\/revisions"}],"wp:featuredmedia":[{"embeddable":true,"href":"https:\/\/www.altominho.tv\/site\/wp-json\/wp\/v2\/media\/63684"}],"wp:attachment":[{"href":"https:\/\/www.altominho.tv\/site\/wp-json\/wp\/v2\/media?parent=63677"}],"wp:term":[{"taxonomy":"category","embeddable":true,"href":"https:\/\/www.altominho.tv\/site\/wp-json\/wp\/v2\/categories?post=63677"},{"taxonomy":"post_tag","embeddable":true,"href":"https:\/\/www.altominho.tv\/site\/wp-json\/wp\/v2\/tags?post=63677"}],"curies":[{"name":"wp","href":"https:\/\/api.w.org\/{rel}","templated":true}]}}