{"id":63674,"date":"2021-03-10T13:58:13","date_gmt":"2021-03-10T13:58:13","guid":{"rendered":"https:\/\/www.altominho.tv\/site\/?p=63674"},"modified":"2022-01-17T14:21:27","modified_gmt":"2022-01-17T14:21:27","slug":"liliana-silva-e-a-candidata-a-camara-de-caminha-pelo-psd","status":"publish","type":"post","link":"https:\/\/www.altominho.tv\/site\/2021\/03\/10\/liliana-silva-e-a-candidata-a-camara-de-caminha-pelo-psd\/","title":{"rendered":"Liliana Silva \u00e9 a candidata \u00e0 C\u00e2mara de Caminha pelo PSD"},"content":{"rendered":"<p>A distrital do PSD de Viana do Castelo aprovou e homologou a candidatura de Liliana Silva \u00e0 C\u00e2mara de Caminha, onde \u00e9 atual vereadora da oposi\u00e7\u00e3o, foi hoje anunciado.<\/p>\n<p>O presidente daquela comiss\u00e3o pol\u00edtica distrital do PSD, Oleg\u00e1rio Gon\u00e7alves, disse \u00e0 Lusa que a decis\u00e3o de candidatar Liliana Silva nas pr\u00f3ximas elei\u00e7\u00f5es aut\u00e1rquicas foi tomada na ter\u00e7a-feira \u00e0 noite, em reuni\u00e3o daquela estrutura partid\u00e1ria.<\/p>\n<p>Contactada hoje pela Lusa, Liliana Silva, de 42 anos, adiantou que a candidatura ser\u00e1 oficialmente apresentada no dia 21 de mar\u00e7o.<\/p>\n<p>Ex-deputada do PSD na Assembleia da Rep\u00fablica, eleita pelo c\u00edrculo eleitoral de Viana do Castelo em janeiro de 2019, Liliana Silva \u00e9 atual vereadora no executivo da maioria socialista liderado por Miguel Alves, juntamente com os sociais-democratas Paulo Pereira e Manuel Marques.<\/p>\n<p>A contabilista \u00e9 ainda presidente da comiss\u00e3o pol\u00edtica concelhia do partido.<\/p>\n<p>Liliana Silva foi eleita l\u00edder local do PSD em novembro \u00faltimo, num sufr\u00e1gio a que se apresentou uma lista \u00fanica e que elegeu, ainda, Rosa M\u00e1ximo para presidente da Mesa da Assembleia. Pela primeira vez na hist\u00f3ria do PSD de Caminha, a lideran\u00e7a dos dois principais \u00f3rg\u00e3os do partido est\u00e1 nas m\u00e3os de mulheres.<\/p>\n<p>Nas aut\u00e1rquicas de 2017, o PS conquistou 53,15% dos votos e quatro mandatos, enquanto o PSD ficou-se pelos 39,14%, garantindo tr\u00eas lugares no executivo municipal.<\/p>\n","protected":false},"excerpt":{"rendered":"<p>A distrital do PSD de Viana do Castelo aprovou e homologou a candidatura de Liliana Silva \u00e0 C\u00e2mara de Caminha, onde \u00e9 atual vereadora da oposi\u00e7\u00e3o, foi hoje anunciado. O presidente daquela comiss\u00e3o pol\u00edtica distrital do PSD, Oleg\u00e1rio Gon\u00e7alves, disse \u00e0 Lusa que a decis\u00e3o de candidatar Liliana Silva nas pr\u00f3ximas elei\u00e7\u00f5es aut\u00e1rquicas foi tomada [&hellip;]<\/p>\n","protected":false},"author":13,"featured_media":63676,"comment_status":"closed","ping_status":"closed","sticky":false,"template":"","format":"standard","meta":{"_exactmetrics_skip_tracking":false,"_exactmetrics_sitenote_active":false,"_exactmetrics_sitenote_note":"","_exactmetrics_sitenote_category":0,"footnotes":""},"categories":[7],"tags":[56326],"class_list":["post-63674","post","type-post","status-publish","format-standard","has-post-thumbnail","hentry","category-caminha","tag-politica"],"yoast_head":"<!-- This site is optimized with the Yoast SEO Premium plugin v27.4 (Yoast SEO v27.4) - https:\/\/yoast.com\/product\/yoast-seo-premium-wordpress\/ -->\n<title>Liliana Silva \u00e9 a candidata \u00e0 C\u00e2mara de Caminha pelo PSD<\/title>\n<meta name=\"robots\" content=\"index, follow, max-snippet:-1, max-image-preview:large, max-video-preview:-1\" \/>\n<link rel=\"canonical\" href=\"https:\/\/www.altominho.tv\/site\/2021\/03\/10\/liliana-silva-e-a-candidata-a-camara-de-caminha-pelo-psd\/\" \/>\n<meta property=\"og:locale\" content=\"pt_PT\" \/>\n<meta property=\"og:type\" content=\"article\" \/>\n<meta property=\"og:title\" content=\"Liliana Silva \u00e9 a candidata \u00e0 C\u00e2mara de Caminha pelo PSD\" \/>\n<meta property=\"og:description\" content=\"A distrital do PSD de Viana do Castelo aprovou e homologou a candidatura de Liliana Silva \u00e0 C\u00e2mara de Caminha, onde \u00e9 atual vereadora da oposi\u00e7\u00e3o, foi hoje anunciado. O presidente daquela comiss\u00e3o pol\u00edtica distrital do PSD, Oleg\u00e1rio Gon\u00e7alves, disse \u00e0 Lusa que a decis\u00e3o de candidatar Liliana Silva nas pr\u00f3ximas elei\u00e7\u00f5es aut\u00e1rquicas foi tomada [&hellip;]\" \/>\n<meta property=\"og:url\" content=\"https:\/\/www.altominho.tv\/site\/2021\/03\/10\/liliana-silva-e-a-candidata-a-camara-de-caminha-pelo-psd\/\" \/>\n<meta property=\"og:site_name\" content=\"Altominho.tv\" \/>\n<meta property=\"article:publisher\" content=\"https:\/\/www.facebook.com\/altominhotv\" \/>\n<meta property=\"article:published_time\" content=\"2021-03-10T13:58:13+00:00\" \/>\n<meta property=\"article:modified_time\" content=\"2022-01-17T14:21:27+00:00\" \/>\n<meta property=\"og:image\" content=\"https:\/\/www.altominho.tv\/site\/wp-content\/uploads\/2021\/03\/158991038_4064855273564774_6204367582765089894_o.png\" \/>\n\t<meta property=\"og:image:width\" content=\"1032\" \/>\n\t<meta property=\"og:image:height\" content=\"703\" \/>\n\t<meta property=\"og:image:type\" content=\"image\/png\" \/>\n<meta name=\"author\" content=\"Lusa\" \/>\n<meta name=\"twitter:card\" content=\"summary_large_image\" \/>\n<meta name=\"twitter:creator\" content=\"@altominhoTV\" \/>\n<meta name=\"twitter:site\" content=\"@altominhoTV\" \/>\n<meta name=\"twitter:label1\" content=\"Escrito por\" \/>\n\t<meta name=\"twitter:data1\" content=\"Lusa\" \/>\n\t<meta name=\"twitter:label2\" content=\"Tempo estimado de leitura\" \/>\n\t<meta name=\"twitter:data2\" content=\"1 minuto\" \/>\n<script type=\"application\/ld+json\" class=\"yoast-schema-graph\">{\"@context\":\"https:\\\/\\\/schema.org\",\"@graph\":[{\"@type\":\"Article\",\"@id\":\"https:\\\/\\\/www.altominho.tv\\\/site\\\/2021\\\/03\\\/10\\\/liliana-silva-e-a-candidata-a-camara-de-caminha-pelo-psd\\\/#article\",\"isPartOf\":{\"@id\":\"https:\\\/\\\/www.altominho.tv\\\/site\\\/2021\\\/03\\\/10\\\/liliana-silva-e-a-candidata-a-camara-de-caminha-pelo-psd\\\/\"},\"author\":{\"name\":\"Lusa\",\"@id\":\"https:\\\/\\\/www.altominho.tv\\\/site\\\/#\\\/schema\\\/person\\\/63f693da3e1899361cbe955c46f3232e\"},\"headline\":\"Liliana Silva \u00e9 a candidata \u00e0 C\u00e2mara de Caminha pelo PSD\",\"datePublished\":\"2021-03-10T13:58:13+00:00\",\"dateModified\":\"2022-01-17T14:21:27+00:00\",\"mainEntityOfPage\":{\"@id\":\"https:\\\/\\\/www.altominho.tv\\\/site\\\/2021\\\/03\\\/10\\\/liliana-silva-e-a-candidata-a-camara-de-caminha-pelo-psd\\\/\"},\"wordCount\":242,\"image\":{\"@id\":\"https:\\\/\\\/www.altominho.tv\\\/site\\\/2021\\\/03\\\/10\\\/liliana-silva-e-a-candidata-a-camara-de-caminha-pelo-psd\\\/#primaryimage\"},\"thumbnailUrl\":\"https:\\\/\\\/www.altominho.tv\\\/site\\\/wp-content\\\/uploads\\\/2021\\\/03\\\/158991038_4064855273564774_6204367582765089894_o.png\",\"keywords\":[\"Pol\u00edtica\"],\"articleSection\":[\"Caminha\"],\"inLanguage\":\"pt-PT\",\"copyrightYear\":\"2021\",\"copyrightHolder\":{\"@id\":\"https:\\\/\\\/www.altominho.tv\\\/site\\\/#organization\"}},{\"@type\":\"WebPage\",\"@id\":\"https:\\\/\\\/www.altominho.tv\\\/site\\\/2021\\\/03\\\/10\\\/liliana-silva-e-a-candidata-a-camara-de-caminha-pelo-psd\\\/\",\"url\":\"https:\\\/\\\/www.altominho.tv\\\/site\\\/2021\\\/03\\\/10\\\/liliana-silva-e-a-candidata-a-camara-de-caminha-pelo-psd\\\/\",\"name\":\"Liliana Silva \u00e9 a candidata \u00e0 C\u00e2mara de Caminha pelo PSD\",\"isPartOf\":{\"@id\":\"https:\\\/\\\/www.altominho.tv\\\/site\\\/#website\"},\"primaryImageOfPage\":{\"@id\":\"https:\\\/\\\/www.altominho.tv\\\/site\\\/2021\\\/03\\\/10\\\/liliana-silva-e-a-candidata-a-camara-de-caminha-pelo-psd\\\/#primaryimage\"},\"image\":{\"@id\":\"https:\\\/\\\/www.altominho.tv\\\/site\\\/2021\\\/03\\\/10\\\/liliana-silva-e-a-candidata-a-camara-de-caminha-pelo-psd\\\/#primaryimage\"},\"thumbnailUrl\":\"https:\\\/\\\/www.altominho.tv\\\/site\\\/wp-content\\\/uploads\\\/2021\\\/03\\\/158991038_4064855273564774_6204367582765089894_o.png\",\"datePublished\":\"2021-03-10T13:58:13+00:00\",\"dateModified\":\"2022-01-17T14:21:27+00:00\",\"author\":{\"@id\":\"https:\\\/\\\/www.altominho.tv\\\/site\\\/#\\\/schema\\\/person\\\/63f693da3e1899361cbe955c46f3232e\"},\"breadcrumb\":{\"@id\":\"https:\\\/\\\/www.altominho.tv\\\/site\\\/2021\\\/03\\\/10\\\/liliana-silva-e-a-candidata-a-camara-de-caminha-pelo-psd\\\/#breadcrumb\"},\"inLanguage\":\"pt-PT\",\"potentialAction\":[{\"@type\":\"ReadAction\",\"target\":[\"https:\\\/\\\/www.altominho.tv\\\/site\\\/2021\\\/03\\\/10\\\/liliana-silva-e-a-candidata-a-camara-de-caminha-pelo-psd\\\/\"]}]},{\"@type\":\"ImageObject\",\"inLanguage\":\"pt-PT\",\"@id\":\"https:\\\/\\\/www.altominho.tv\\\/site\\\/2021\\\/03\\\/10\\\/liliana-silva-e-a-candidata-a-camara-de-caminha-pelo-psd\\\/#primaryimage\",\"url\":\"https:\\\/\\\/www.altominho.tv\\\/site\\\/wp-content\\\/uploads\\\/2021\\\/03\\\/158991038_4064855273564774_6204367582765089894_o.png\",\"contentUrl\":\"https:\\\/\\\/www.altominho.tv\\\/site\\\/wp-content\\\/uploads\\\/2021\\\/03\\\/158991038_4064855273564774_6204367582765089894_o.png\",\"width\":1032,\"height\":703,\"caption\":\"FACEBOOK LILIANA SILVA\"},{\"@type\":\"BreadcrumbList\",\"@id\":\"https:\\\/\\\/www.altominho.tv\\\/site\\\/2021\\\/03\\\/10\\\/liliana-silva-e-a-candidata-a-camara-de-caminha-pelo-psd\\\/#breadcrumb\",\"itemListElement\":[{\"@type\":\"ListItem\",\"position\":1,\"name\":\"In\u00edcio\",\"item\":\"https:\\\/\\\/www.altominho.tv\\\/site\\\/\"},{\"@type\":\"ListItem\",\"position\":2,\"name\":\"Liliana Silva \u00e9 a candidata \u00e0 C\u00e2mara de Caminha pelo PSD\"}]},{\"@type\":\"WebSite\",\"@id\":\"https:\\\/\\\/www.altominho.tv\\\/site\\\/#website\",\"url\":\"https:\\\/\\\/www.altominho.tv\\\/site\\\/\",\"name\":\"Altominho.tv\",\"description\":\"A sua regi\u00e3o \u00e0 dist\u00e2ncia de um clique...\",\"potentialAction\":[{\"@type\":\"SearchAction\",\"target\":{\"@type\":\"EntryPoint\",\"urlTemplate\":\"https:\\\/\\\/www.altominho.tv\\\/site\\\/?s={search_term_string}\"},\"query-input\":{\"@type\":\"PropertyValueSpecification\",\"valueRequired\":true,\"valueName\":\"search_term_string\"}}],\"inLanguage\":\"pt-PT\"},{\"@type\":\"Person\",\"@id\":\"https:\\\/\\\/www.altominho.tv\\\/site\\\/#\\\/schema\\\/person\\\/63f693da3e1899361cbe955c46f3232e\",\"name\":\"Lusa\",\"image\":{\"@type\":\"ImageObject\",\"inLanguage\":\"pt-PT\",\"@id\":\"https:\\\/\\\/www.altominho.tv\\\/site\\\/wp-content\\\/uploads\\\/2019\\\/08\\\/LUSA_Logo.gif\",\"url\":\"https:\\\/\\\/www.altominho.tv\\\/site\\\/wp-content\\\/uploads\\\/2019\\\/08\\\/LUSA_Logo.gif\",\"contentUrl\":\"https:\\\/\\\/www.altominho.tv\\\/site\\\/wp-content\\\/uploads\\\/2019\\\/08\\\/LUSA_Logo.gif\",\"caption\":\"Lusa\"},\"sameAs\":[\"http:\\\/\\\/\\\/\\\/www.altominho.tv\\\/site\"],\"url\":\"https:\\\/\\\/www.altominho.tv\\\/site\\\/author\\\/lusa\\\/\"}]}<\/script>\n<!-- \/ Yoast SEO Premium plugin. -->","yoast_head_json":{"title":"Liliana Silva \u00e9 a candidata \u00e0 C\u00e2mara de Caminha pelo PSD","robots":{"index":"index","follow":"follow","max-snippet":"max-snippet:-1","max-image-preview":"max-image-preview:large","max-video-preview":"max-video-preview:-1"},"canonical":"https:\/\/www.altominho.tv\/site\/2021\/03\/10\/liliana-silva-e-a-candidata-a-camara-de-caminha-pelo-psd\/","og_locale":"pt_PT","og_type":"article","og_title":"Liliana Silva \u00e9 a candidata \u00e0 C\u00e2mara de Caminha pelo PSD","og_description":"A distrital do PSD de Viana do Castelo aprovou e homologou a candidatura de Liliana Silva \u00e0 C\u00e2mara de Caminha, onde \u00e9 atual vereadora da oposi\u00e7\u00e3o, foi hoje anunciado. O presidente daquela comiss\u00e3o pol\u00edtica distrital do PSD, Oleg\u00e1rio Gon\u00e7alves, disse \u00e0 Lusa que a decis\u00e3o de candidatar Liliana Silva nas pr\u00f3ximas elei\u00e7\u00f5es aut\u00e1rquicas foi tomada [&hellip;]","og_url":"https:\/\/www.altominho.tv\/site\/2021\/03\/10\/liliana-silva-e-a-candidata-a-camara-de-caminha-pelo-psd\/","og_site_name":"Altominho.tv","article_publisher":"https:\/\/www.facebook.com\/altominhotv","article_published_time":"2021-03-10T13:58:13+00:00","article_modified_time":"2022-01-17T14:21:27+00:00","og_image":[{"width":1032,"height":703,"url":"https:\/\/www.altominho.tv\/site\/wp-content\/uploads\/2021\/03\/158991038_4064855273564774_6204367582765089894_o.png","type":"image\/png"}],"author":"Lusa","twitter_card":"summary_large_image","twitter_creator":"@altominhoTV","twitter_site":"@altominhoTV","twitter_misc":{"Escrito por":"Lusa","Tempo estimado de leitura":"1 minuto"},"schema":{"@context":"https:\/\/schema.org","@graph":[{"@type":"Article","@id":"https:\/\/www.altominho.tv\/site\/2021\/03\/10\/liliana-silva-e-a-candidata-a-camara-de-caminha-pelo-psd\/#article","isPartOf":{"@id":"https:\/\/www.altominho.tv\/site\/2021\/03\/10\/liliana-silva-e-a-candidata-a-camara-de-caminha-pelo-psd\/"},"author":{"name":"Lusa","@id":"https:\/\/www.altominho.tv\/site\/#\/schema\/person\/63f693da3e1899361cbe955c46f3232e"},"headline":"Liliana Silva \u00e9 a candidata \u00e0 C\u00e2mara de Caminha pelo PSD","datePublished":"2021-03-10T13:58:13+00:00","dateModified":"2022-01-17T14:21:27+00:00","mainEntityOfPage":{"@id":"https:\/\/www.altominho.tv\/site\/2021\/03\/10\/liliana-silva-e-a-candidata-a-camara-de-caminha-pelo-psd\/"},"wordCount":242,"image":{"@id":"https:\/\/www.altominho.tv\/site\/2021\/03\/10\/liliana-silva-e-a-candidata-a-camara-de-caminha-pelo-psd\/#primaryimage"},"thumbnailUrl":"https:\/\/www.altominho.tv\/site\/wp-content\/uploads\/2021\/03\/158991038_4064855273564774_6204367582765089894_o.png","keywords":["Pol\u00edtica"],"articleSection":["Caminha"],"inLanguage":"pt-PT","copyrightYear":"2021","copyrightHolder":{"@id":"https:\/\/www.altominho.tv\/site\/#organization"}},{"@type":"WebPage","@id":"https:\/\/www.altominho.tv\/site\/2021\/03\/10\/liliana-silva-e-a-candidata-a-camara-de-caminha-pelo-psd\/","url":"https:\/\/www.altominho.tv\/site\/2021\/03\/10\/liliana-silva-e-a-candidata-a-camara-de-caminha-pelo-psd\/","name":"Liliana Silva \u00e9 a candidata \u00e0 C\u00e2mara de Caminha pelo PSD","isPartOf":{"@id":"https:\/\/www.altominho.tv\/site\/#website"},"primaryImageOfPage":{"@id":"https:\/\/www.altominho.tv\/site\/2021\/03\/10\/liliana-silva-e-a-candidata-a-camara-de-caminha-pelo-psd\/#primaryimage"},"image":{"@id":"https:\/\/www.altominho.tv\/site\/2021\/03\/10\/liliana-silva-e-a-candidata-a-camara-de-caminha-pelo-psd\/#primaryimage"},"thumbnailUrl":"https:\/\/www.altominho.tv\/site\/wp-content\/uploads\/2021\/03\/158991038_4064855273564774_6204367582765089894_o.png","datePublished":"2021-03-10T13:58:13+00:00","dateModified":"2022-01-17T14:21:27+00:00","author":{"@id":"https:\/\/www.altominho.tv\/site\/#\/schema\/person\/63f693da3e1899361cbe955c46f3232e"},"breadcrumb":{"@id":"https:\/\/www.altominho.tv\/site\/2021\/03\/10\/liliana-silva-e-a-candidata-a-camara-de-caminha-pelo-psd\/#breadcrumb"},"inLanguage":"pt-PT","potentialAction":[{"@type":"ReadAction","target":["https:\/\/www.altominho.tv\/site\/2021\/03\/10\/liliana-silva-e-a-candidata-a-camara-de-caminha-pelo-psd\/"]}]},{"@type":"ImageObject","inLanguage":"pt-PT","@id":"https:\/\/www.altominho.tv\/site\/2021\/03\/10\/liliana-silva-e-a-candidata-a-camara-de-caminha-pelo-psd\/#primaryimage","url":"https:\/\/www.altominho.tv\/site\/wp-content\/uploads\/2021\/03\/158991038_4064855273564774_6204367582765089894_o.png","contentUrl":"https:\/\/www.altominho.tv\/site\/wp-content\/uploads\/2021\/03\/158991038_4064855273564774_6204367582765089894_o.png","width":1032,"height":703,"caption":"FACEBOOK LILIANA SILVA"},{"@type":"BreadcrumbList","@id":"https:\/\/www.altominho.tv\/site\/2021\/03\/10\/liliana-silva-e-a-candidata-a-camara-de-caminha-pelo-psd\/#breadcrumb","itemListElement":[{"@type":"ListItem","position":1,"name":"In\u00edcio","item":"https:\/\/www.altominho.tv\/site\/"},{"@type":"ListItem","position":2,"name":"Liliana Silva \u00e9 a candidata \u00e0 C\u00e2mara de Caminha pelo PSD"}]},{"@type":"WebSite","@id":"https:\/\/www.altominho.tv\/site\/#website","url":"https:\/\/www.altominho.tv\/site\/","name":"Altominho.tv","description":"A sua regi\u00e3o \u00e0 dist\u00e2ncia de um clique...","potentialAction":[{"@type":"SearchAction","target":{"@type":"EntryPoint","urlTemplate":"https:\/\/www.altominho.tv\/site\/?s={search_term_string}"},"query-input":{"@type":"PropertyValueSpecification","valueRequired":true,"valueName":"search_term_string"}}],"inLanguage":"pt-PT"},{"@type":"Person","@id":"https:\/\/www.altominho.tv\/site\/#\/schema\/person\/63f693da3e1899361cbe955c46f3232e","name":"Lusa","image":{"@type":"ImageObject","inLanguage":"pt-PT","@id":"https:\/\/www.altominho.tv\/site\/wp-content\/uploads\/2019\/08\/LUSA_Logo.gif","url":"https:\/\/www.altominho.tv\/site\/wp-content\/uploads\/2019\/08\/LUSA_Logo.gif","contentUrl":"https:\/\/www.altominho.tv\/site\/wp-content\/uploads\/2019\/08\/LUSA_Logo.gif","caption":"Lusa"},"sameAs":["http:\/\/\/\/www.altominho.tv\/site"],"url":"https:\/\/www.altominho.tv\/site\/author\/lusa\/"}]}},"_links":{"self":[{"href":"https:\/\/www.altominho.tv\/site\/wp-json\/wp\/v2\/posts\/63674","targetHints":{"allow":["GET"]}}],"collection":[{"href":"https:\/\/www.altominho.tv\/site\/wp-json\/wp\/v2\/posts"}],"about":[{"href":"https:\/\/www.altominho.tv\/site\/wp-json\/wp\/v2\/types\/post"}],"author":[{"embeddable":true,"href":"https:\/\/www.altominho.tv\/site\/wp-json\/wp\/v2\/users\/13"}],"replies":[{"embeddable":true,"href":"https:\/\/www.altominho.tv\/site\/wp-json\/wp\/v2\/comments?post=63674"}],"version-history":[{"count":0,"href":"https:\/\/www.altominho.tv\/site\/wp-json\/wp\/v2\/posts\/63674\/revisions"}],"wp:featuredmedia":[{"embeddable":true,"href":"https:\/\/www.altominho.tv\/site\/wp-json\/wp\/v2\/media\/63676"}],"wp:attachment":[{"href":"https:\/\/www.altominho.tv\/site\/wp-json\/wp\/v2\/media?parent=63674"}],"wp:term":[{"taxonomy":"category","embeddable":true,"href":"https:\/\/www.altominho.tv\/site\/wp-json\/wp\/v2\/categories?post=63674"},{"taxonomy":"post_tag","embeddable":true,"href":"https:\/\/www.altominho.tv\/site\/wp-json\/wp\/v2\/tags?post=63674"}],"curies":[{"name":"wp","href":"https:\/\/api.w.org\/{rel}","templated":true}]}}