{"id":63624,"date":"2021-03-09T11:23:48","date_gmt":"2021-03-09T11:23:48","guid":{"rendered":"https:\/\/www.altominho.tv\/site\/?p=63624"},"modified":"2021-03-09T11:23:53","modified_gmt":"2021-03-09T11:23:53","slug":"valenca-cria-servico-de-apoio-psicologico-gratuito-para-a-populacao","status":"publish","type":"post","link":"https:\/\/www.altominho.tv\/site\/2021\/03\/09\/valenca-cria-servico-de-apoio-psicologico-gratuito-para-a-populacao\/","title":{"rendered":"Valen\u00e7a cria servi\u00e7o de apoio psicol\u00f3gico gratuito para a popula\u00e7\u00e3o"},"content":{"rendered":"<p>A C\u00e2mara de Valen\u00e7a est\u00e1 a disponibilizar um servi\u00e7o de apoio psicol\u00f3gico, para ajudar a popula\u00e7\u00e3o no atual contexto de pandemia.<\/p>\n<p>A iniciativa desenvolvida em parceria com outras entidades do concelho pretende &#8220;prestar apoio espec\u00edfico em fun\u00e7\u00e3o da faixa et\u00e1ria, com o objetivo de diminuir a probabilidade de desenvolver problemas a n\u00edvel da sa\u00fade mental&#8221;.<\/p>\n<p>&#8220;As altera\u00e7\u00f5es que vivemos neste \u00faltimo ano justificam a cria\u00e7\u00e3o deste servi\u00e7o&#8221;, explica a autarquia.<\/p>\n<p>O servi\u00e7o de apoio psicol\u00f3gico est\u00e1 acess\u00edvel, de segunda a sexta-feira, das 08h30 \u00e0s 17h00, atrav\u00e9s dos n\u00fameros de <span class=\"il\">telefone<\/span> 251 249 488 ou 925 646 490.<\/p>\n","protected":false},"excerpt":{"rendered":"<p>A C\u00e2mara de Valen\u00e7a est\u00e1 a disponibilizar um servi\u00e7o de apoio psicol\u00f3gico, para ajudar a popula\u00e7\u00e3o no atual contexto de pandemia. A iniciativa desenvolvida em parceria com outras entidades do concelho pretende &#8220;prestar apoio espec\u00edfico em fun\u00e7\u00e3o da faixa et\u00e1ria, com o objetivo de diminuir a probabilidade de desenvolver problemas a n\u00edvel da sa\u00fade mental&#8221;. [&hellip;]<\/p>\n","protected":false},"author":12,"featured_media":63626,"comment_status":"closed","ping_status":"closed","sticky":false,"template":"","format":"standard","meta":{"_exactmetrics_skip_tracking":false,"_exactmetrics_sitenote_active":false,"_exactmetrics_sitenote_note":"","_exactmetrics_sitenote_category":0,"footnotes":""},"categories":[13],"tags":[27],"class_list":["post-63624","post","type-post","status-publish","format-standard","has-post-thumbnail","hentry","category-valenca","tag-sociedade"],"yoast_head":"<!-- This site is optimized with the Yoast SEO Premium plugin v27.4 (Yoast SEO v27.4) - https:\/\/yoast.com\/product\/yoast-seo-premium-wordpress\/ -->\n<title>Valen\u00e7a cria servi\u00e7o de apoio psicol\u00f3gico gratuito para a popula\u00e7\u00e3o<\/title>\n<meta name=\"robots\" content=\"index, follow, max-snippet:-1, max-image-preview:large, max-video-preview:-1\" \/>\n<link rel=\"canonical\" href=\"https:\/\/www.altominho.tv\/site\/2021\/03\/09\/valenca-cria-servico-de-apoio-psicologico-gratuito-para-a-populacao\/\" \/>\n<meta property=\"og:locale\" content=\"pt_PT\" \/>\n<meta property=\"og:type\" content=\"article\" \/>\n<meta property=\"og:title\" content=\"Valen\u00e7a cria servi\u00e7o de apoio psicol\u00f3gico gratuito para a popula\u00e7\u00e3o\" \/>\n<meta property=\"og:description\" content=\"A C\u00e2mara de Valen\u00e7a est\u00e1 a disponibilizar um servi\u00e7o de apoio psicol\u00f3gico, para ajudar a popula\u00e7\u00e3o no atual contexto de pandemia. A iniciativa desenvolvida em parceria com outras entidades do concelho pretende &#8220;prestar apoio espec\u00edfico em fun\u00e7\u00e3o da faixa et\u00e1ria, com o objetivo de diminuir a probabilidade de desenvolver problemas a n\u00edvel da sa\u00fade mental&#8221;. [&hellip;]\" \/>\n<meta property=\"og:url\" content=\"https:\/\/www.altominho.tv\/site\/2021\/03\/09\/valenca-cria-servico-de-apoio-psicologico-gratuito-para-a-populacao\/\" \/>\n<meta property=\"og:site_name\" content=\"Altominho.tv\" \/>\n<meta property=\"article:publisher\" content=\"https:\/\/www.facebook.com\/altominhotv\" \/>\n<meta property=\"article:published_time\" content=\"2021-03-09T11:23:48+00:00\" \/>\n<meta property=\"article:modified_time\" content=\"2021-03-09T11:23:53+00:00\" \/>\n<meta property=\"og:image\" content=\"https:\/\/www.altominho.tv\/site\/wp-content\/uploads\/2021\/03\/Apoio.jpg\" \/>\n\t<meta property=\"og:image:width\" content=\"1024\" \/>\n\t<meta property=\"og:image:height\" content=\"684\" \/>\n\t<meta property=\"og:image:type\" content=\"image\/jpeg\" \/>\n<meta name=\"author\" content=\"Andreia Ferreira\" \/>\n<meta name=\"twitter:card\" content=\"summary_large_image\" \/>\n<meta name=\"twitter:creator\" content=\"@altominhoTV\" \/>\n<meta name=\"twitter:site\" content=\"@altominhoTV\" \/>\n<meta name=\"twitter:label1\" content=\"Escrito por\" \/>\n\t<meta name=\"twitter:data1\" content=\"Andreia Ferreira\" \/>\n\t<meta name=\"twitter:label2\" content=\"Tempo estimado de leitura\" \/>\n\t<meta name=\"twitter:data2\" content=\"1 minuto\" \/>\n<script type=\"application\/ld+json\" class=\"yoast-schema-graph\">{\"@context\":\"https:\\\/\\\/schema.org\",\"@graph\":[{\"@type\":\"Article\",\"@id\":\"https:\\\/\\\/www.altominho.tv\\\/site\\\/2021\\\/03\\\/09\\\/valenca-cria-servico-de-apoio-psicologico-gratuito-para-a-populacao\\\/#article\",\"isPartOf\":{\"@id\":\"https:\\\/\\\/www.altominho.tv\\\/site\\\/2021\\\/03\\\/09\\\/valenca-cria-servico-de-apoio-psicologico-gratuito-para-a-populacao\\\/\"},\"author\":{\"name\":\"Andreia Ferreira\",\"@id\":\"https:\\\/\\\/www.altominho.tv\\\/site\\\/#\\\/schema\\\/person\\\/d9be4265364723f14ea8e0d56a1d38cd\"},\"headline\":\"Valen\u00e7a cria servi\u00e7o de apoio psicol\u00f3gico gratuito para a popula\u00e7\u00e3o\",\"datePublished\":\"2021-03-09T11:23:48+00:00\",\"dateModified\":\"2021-03-09T11:23:53+00:00\",\"mainEntityOfPage\":{\"@id\":\"https:\\\/\\\/www.altominho.tv\\\/site\\\/2021\\\/03\\\/09\\\/valenca-cria-servico-de-apoio-psicologico-gratuito-para-a-populacao\\\/\"},\"wordCount\":123,\"image\":{\"@id\":\"https:\\\/\\\/www.altominho.tv\\\/site\\\/2021\\\/03\\\/09\\\/valenca-cria-servico-de-apoio-psicologico-gratuito-para-a-populacao\\\/#primaryimage\"},\"thumbnailUrl\":\"https:\\\/\\\/www.altominho.tv\\\/site\\\/wp-content\\\/uploads\\\/2021\\\/03\\\/Apoio.jpg\",\"keywords\":[\"Sociedade\"],\"articleSection\":[\"Valen\u00e7a\"],\"inLanguage\":\"pt-PT\",\"copyrightYear\":\"2021\",\"copyrightHolder\":{\"@id\":\"https:\\\/\\\/www.altominho.tv\\\/site\\\/#organization\"}},{\"@type\":\"WebPage\",\"@id\":\"https:\\\/\\\/www.altominho.tv\\\/site\\\/2021\\\/03\\\/09\\\/valenca-cria-servico-de-apoio-psicologico-gratuito-para-a-populacao\\\/\",\"url\":\"https:\\\/\\\/www.altominho.tv\\\/site\\\/2021\\\/03\\\/09\\\/valenca-cria-servico-de-apoio-psicologico-gratuito-para-a-populacao\\\/\",\"name\":\"Valen\u00e7a cria servi\u00e7o de apoio psicol\u00f3gico gratuito para a popula\u00e7\u00e3o\",\"isPartOf\":{\"@id\":\"https:\\\/\\\/www.altominho.tv\\\/site\\\/#website\"},\"primaryImageOfPage\":{\"@id\":\"https:\\\/\\\/www.altominho.tv\\\/site\\\/2021\\\/03\\\/09\\\/valenca-cria-servico-de-apoio-psicologico-gratuito-para-a-populacao\\\/#primaryimage\"},\"image\":{\"@id\":\"https:\\\/\\\/www.altominho.tv\\\/site\\\/2021\\\/03\\\/09\\\/valenca-cria-servico-de-apoio-psicologico-gratuito-para-a-populacao\\\/#primaryimage\"},\"thumbnailUrl\":\"https:\\\/\\\/www.altominho.tv\\\/site\\\/wp-content\\\/uploads\\\/2021\\\/03\\\/Apoio.jpg\",\"datePublished\":\"2021-03-09T11:23:48+00:00\",\"dateModified\":\"2021-03-09T11:23:53+00:00\",\"author\":{\"@id\":\"https:\\\/\\\/www.altominho.tv\\\/site\\\/#\\\/schema\\\/person\\\/d9be4265364723f14ea8e0d56a1d38cd\"},\"breadcrumb\":{\"@id\":\"https:\\\/\\\/www.altominho.tv\\\/site\\\/2021\\\/03\\\/09\\\/valenca-cria-servico-de-apoio-psicologico-gratuito-para-a-populacao\\\/#breadcrumb\"},\"inLanguage\":\"pt-PT\",\"potentialAction\":[{\"@type\":\"ReadAction\",\"target\":[\"https:\\\/\\\/www.altominho.tv\\\/site\\\/2021\\\/03\\\/09\\\/valenca-cria-servico-de-apoio-psicologico-gratuito-para-a-populacao\\\/\"]}]},{\"@type\":\"ImageObject\",\"inLanguage\":\"pt-PT\",\"@id\":\"https:\\\/\\\/www.altominho.tv\\\/site\\\/2021\\\/03\\\/09\\\/valenca-cria-servico-de-apoio-psicologico-gratuito-para-a-populacao\\\/#primaryimage\",\"url\":\"https:\\\/\\\/www.altominho.tv\\\/site\\\/wp-content\\\/uploads\\\/2021\\\/03\\\/Apoio.jpg\",\"contentUrl\":\"https:\\\/\\\/www.altominho.tv\\\/site\\\/wp-content\\\/uploads\\\/2021\\\/03\\\/Apoio.jpg\",\"width\":1024,\"height\":684},{\"@type\":\"BreadcrumbList\",\"@id\":\"https:\\\/\\\/www.altominho.tv\\\/site\\\/2021\\\/03\\\/09\\\/valenca-cria-servico-de-apoio-psicologico-gratuito-para-a-populacao\\\/#breadcrumb\",\"itemListElement\":[{\"@type\":\"ListItem\",\"position\":1,\"name\":\"In\u00edcio\",\"item\":\"https:\\\/\\\/www.altominho.tv\\\/site\\\/\"},{\"@type\":\"ListItem\",\"position\":2,\"name\":\"Valen\u00e7a cria servi\u00e7o de apoio psicol\u00f3gico gratuito para a popula\u00e7\u00e3o\"}]},{\"@type\":\"WebSite\",\"@id\":\"https:\\\/\\\/www.altominho.tv\\\/site\\\/#website\",\"url\":\"https:\\\/\\\/www.altominho.tv\\\/site\\\/\",\"name\":\"Altominho.tv\",\"description\":\"A sua regi\u00e3o \u00e0 dist\u00e2ncia de um clique...\",\"potentialAction\":[{\"@type\":\"SearchAction\",\"target\":{\"@type\":\"EntryPoint\",\"urlTemplate\":\"https:\\\/\\\/www.altominho.tv\\\/site\\\/?s={search_term_string}\"},\"query-input\":{\"@type\":\"PropertyValueSpecification\",\"valueRequired\":true,\"valueName\":\"search_term_string\"}}],\"inLanguage\":\"pt-PT\"},{\"@type\":\"Person\",\"@id\":\"https:\\\/\\\/www.altominho.tv\\\/site\\\/#\\\/schema\\\/person\\\/d9be4265364723f14ea8e0d56a1d38cd\",\"name\":\"Andreia Ferreira\",\"image\":{\"@type\":\"ImageObject\",\"inLanguage\":\"pt-PT\",\"@id\":\"https:\\\/\\\/www.altominho.tv\\\/site\\\/wp-content\\\/uploads\\\/2021\\\/01\\\/AndreiaFerreira-150x150.jpg\",\"url\":\"https:\\\/\\\/www.altominho.tv\\\/site\\\/wp-content\\\/uploads\\\/2021\\\/01\\\/AndreiaFerreira-150x150.jpg\",\"contentUrl\":\"https:\\\/\\\/www.altominho.tv\\\/site\\\/wp-content\\\/uploads\\\/2021\\\/01\\\/AndreiaFerreira-150x150.jpg\",\"caption\":\"Andreia Ferreira\"},\"url\":\"https:\\\/\\\/www.altominho.tv\\\/site\\\/author\\\/andreiaferreira\\\/\"}]}<\/script>\n<!-- \/ Yoast SEO Premium plugin. -->","yoast_head_json":{"title":"Valen\u00e7a cria servi\u00e7o de apoio psicol\u00f3gico gratuito para a popula\u00e7\u00e3o","robots":{"index":"index","follow":"follow","max-snippet":"max-snippet:-1","max-image-preview":"max-image-preview:large","max-video-preview":"max-video-preview:-1"},"canonical":"https:\/\/www.altominho.tv\/site\/2021\/03\/09\/valenca-cria-servico-de-apoio-psicologico-gratuito-para-a-populacao\/","og_locale":"pt_PT","og_type":"article","og_title":"Valen\u00e7a cria servi\u00e7o de apoio psicol\u00f3gico gratuito para a popula\u00e7\u00e3o","og_description":"A C\u00e2mara de Valen\u00e7a est\u00e1 a disponibilizar um servi\u00e7o de apoio psicol\u00f3gico, para ajudar a popula\u00e7\u00e3o no atual contexto de pandemia. A iniciativa desenvolvida em parceria com outras entidades do concelho pretende &#8220;prestar apoio espec\u00edfico em fun\u00e7\u00e3o da faixa et\u00e1ria, com o objetivo de diminuir a probabilidade de desenvolver problemas a n\u00edvel da sa\u00fade mental&#8221;. [&hellip;]","og_url":"https:\/\/www.altominho.tv\/site\/2021\/03\/09\/valenca-cria-servico-de-apoio-psicologico-gratuito-para-a-populacao\/","og_site_name":"Altominho.tv","article_publisher":"https:\/\/www.facebook.com\/altominhotv","article_published_time":"2021-03-09T11:23:48+00:00","article_modified_time":"2021-03-09T11:23:53+00:00","og_image":[{"width":1024,"height":684,"url":"https:\/\/www.altominho.tv\/site\/wp-content\/uploads\/2021\/03\/Apoio.jpg","type":"image\/jpeg"}],"author":"Andreia Ferreira","twitter_card":"summary_large_image","twitter_creator":"@altominhoTV","twitter_site":"@altominhoTV","twitter_misc":{"Escrito por":"Andreia Ferreira","Tempo estimado de leitura":"1 minuto"},"schema":{"@context":"https:\/\/schema.org","@graph":[{"@type":"Article","@id":"https:\/\/www.altominho.tv\/site\/2021\/03\/09\/valenca-cria-servico-de-apoio-psicologico-gratuito-para-a-populacao\/#article","isPartOf":{"@id":"https:\/\/www.altominho.tv\/site\/2021\/03\/09\/valenca-cria-servico-de-apoio-psicologico-gratuito-para-a-populacao\/"},"author":{"name":"Andreia Ferreira","@id":"https:\/\/www.altominho.tv\/site\/#\/schema\/person\/d9be4265364723f14ea8e0d56a1d38cd"},"headline":"Valen\u00e7a cria servi\u00e7o de apoio psicol\u00f3gico gratuito para a popula\u00e7\u00e3o","datePublished":"2021-03-09T11:23:48+00:00","dateModified":"2021-03-09T11:23:53+00:00","mainEntityOfPage":{"@id":"https:\/\/www.altominho.tv\/site\/2021\/03\/09\/valenca-cria-servico-de-apoio-psicologico-gratuito-para-a-populacao\/"},"wordCount":123,"image":{"@id":"https:\/\/www.altominho.tv\/site\/2021\/03\/09\/valenca-cria-servico-de-apoio-psicologico-gratuito-para-a-populacao\/#primaryimage"},"thumbnailUrl":"https:\/\/www.altominho.tv\/site\/wp-content\/uploads\/2021\/03\/Apoio.jpg","keywords":["Sociedade"],"articleSection":["Valen\u00e7a"],"inLanguage":"pt-PT","copyrightYear":"2021","copyrightHolder":{"@id":"https:\/\/www.altominho.tv\/site\/#organization"}},{"@type":"WebPage","@id":"https:\/\/www.altominho.tv\/site\/2021\/03\/09\/valenca-cria-servico-de-apoio-psicologico-gratuito-para-a-populacao\/","url":"https:\/\/www.altominho.tv\/site\/2021\/03\/09\/valenca-cria-servico-de-apoio-psicologico-gratuito-para-a-populacao\/","name":"Valen\u00e7a cria servi\u00e7o de apoio psicol\u00f3gico gratuito para a popula\u00e7\u00e3o","isPartOf":{"@id":"https:\/\/www.altominho.tv\/site\/#website"},"primaryImageOfPage":{"@id":"https:\/\/www.altominho.tv\/site\/2021\/03\/09\/valenca-cria-servico-de-apoio-psicologico-gratuito-para-a-populacao\/#primaryimage"},"image":{"@id":"https:\/\/www.altominho.tv\/site\/2021\/03\/09\/valenca-cria-servico-de-apoio-psicologico-gratuito-para-a-populacao\/#primaryimage"},"thumbnailUrl":"https:\/\/www.altominho.tv\/site\/wp-content\/uploads\/2021\/03\/Apoio.jpg","datePublished":"2021-03-09T11:23:48+00:00","dateModified":"2021-03-09T11:23:53+00:00","author":{"@id":"https:\/\/www.altominho.tv\/site\/#\/schema\/person\/d9be4265364723f14ea8e0d56a1d38cd"},"breadcrumb":{"@id":"https:\/\/www.altominho.tv\/site\/2021\/03\/09\/valenca-cria-servico-de-apoio-psicologico-gratuito-para-a-populacao\/#breadcrumb"},"inLanguage":"pt-PT","potentialAction":[{"@type":"ReadAction","target":["https:\/\/www.altominho.tv\/site\/2021\/03\/09\/valenca-cria-servico-de-apoio-psicologico-gratuito-para-a-populacao\/"]}]},{"@type":"ImageObject","inLanguage":"pt-PT","@id":"https:\/\/www.altominho.tv\/site\/2021\/03\/09\/valenca-cria-servico-de-apoio-psicologico-gratuito-para-a-populacao\/#primaryimage","url":"https:\/\/www.altominho.tv\/site\/wp-content\/uploads\/2021\/03\/Apoio.jpg","contentUrl":"https:\/\/www.altominho.tv\/site\/wp-content\/uploads\/2021\/03\/Apoio.jpg","width":1024,"height":684},{"@type":"BreadcrumbList","@id":"https:\/\/www.altominho.tv\/site\/2021\/03\/09\/valenca-cria-servico-de-apoio-psicologico-gratuito-para-a-populacao\/#breadcrumb","itemListElement":[{"@type":"ListItem","position":1,"name":"In\u00edcio","item":"https:\/\/www.altominho.tv\/site\/"},{"@type":"ListItem","position":2,"name":"Valen\u00e7a cria servi\u00e7o de apoio psicol\u00f3gico gratuito para a popula\u00e7\u00e3o"}]},{"@type":"WebSite","@id":"https:\/\/www.altominho.tv\/site\/#website","url":"https:\/\/www.altominho.tv\/site\/","name":"Altominho.tv","description":"A sua regi\u00e3o \u00e0 dist\u00e2ncia de um clique...","potentialAction":[{"@type":"SearchAction","target":{"@type":"EntryPoint","urlTemplate":"https:\/\/www.altominho.tv\/site\/?s={search_term_string}"},"query-input":{"@type":"PropertyValueSpecification","valueRequired":true,"valueName":"search_term_string"}}],"inLanguage":"pt-PT"},{"@type":"Person","@id":"https:\/\/www.altominho.tv\/site\/#\/schema\/person\/d9be4265364723f14ea8e0d56a1d38cd","name":"Andreia Ferreira","image":{"@type":"ImageObject","inLanguage":"pt-PT","@id":"https:\/\/www.altominho.tv\/site\/wp-content\/uploads\/2021\/01\/AndreiaFerreira-150x150.jpg","url":"https:\/\/www.altominho.tv\/site\/wp-content\/uploads\/2021\/01\/AndreiaFerreira-150x150.jpg","contentUrl":"https:\/\/www.altominho.tv\/site\/wp-content\/uploads\/2021\/01\/AndreiaFerreira-150x150.jpg","caption":"Andreia Ferreira"},"url":"https:\/\/www.altominho.tv\/site\/author\/andreiaferreira\/"}]}},"_links":{"self":[{"href":"https:\/\/www.altominho.tv\/site\/wp-json\/wp\/v2\/posts\/63624","targetHints":{"allow":["GET"]}}],"collection":[{"href":"https:\/\/www.altominho.tv\/site\/wp-json\/wp\/v2\/posts"}],"about":[{"href":"https:\/\/www.altominho.tv\/site\/wp-json\/wp\/v2\/types\/post"}],"author":[{"embeddable":true,"href":"https:\/\/www.altominho.tv\/site\/wp-json\/wp\/v2\/users\/12"}],"replies":[{"embeddable":true,"href":"https:\/\/www.altominho.tv\/site\/wp-json\/wp\/v2\/comments?post=63624"}],"version-history":[{"count":0,"href":"https:\/\/www.altominho.tv\/site\/wp-json\/wp\/v2\/posts\/63624\/revisions"}],"wp:featuredmedia":[{"embeddable":true,"href":"https:\/\/www.altominho.tv\/site\/wp-json\/wp\/v2\/media\/63626"}],"wp:attachment":[{"href":"https:\/\/www.altominho.tv\/site\/wp-json\/wp\/v2\/media?parent=63624"}],"wp:term":[{"taxonomy":"category","embeddable":true,"href":"https:\/\/www.altominho.tv\/site\/wp-json\/wp\/v2\/categories?post=63624"},{"taxonomy":"post_tag","embeddable":true,"href":"https:\/\/www.altominho.tv\/site\/wp-json\/wp\/v2\/tags?post=63624"}],"curies":[{"name":"wp","href":"https:\/\/api.w.org\/{rel}","templated":true}]}}