{"id":6344,"date":"2017-12-06T14:46:38","date_gmt":"2017-12-06T14:46:38","guid":{"rendered":"http:\/\/www.altominho.tv\/site\/?p=6344"},"modified":"2017-12-06T14:46:38","modified_gmt":"2017-12-06T14:46:38","slug":"serra-darga-no-centro-de-rede-cientifica-internacional","status":"publish","type":"post","link":"https:\/\/www.altominho.tv\/site\/2017\/12\/06\/serra-darga-no-centro-de-rede-cientifica-internacional\/","title":{"rendered":"Serra d\u2019Arga no centro de rede cient\u00edfica internacional"},"content":{"rendered":"<p>A Serra d&#8217;Arga, em Portugal, e o Parque Nacional da Gorongosa, em Mo\u00e7ambique, est\u00e3o no centro de um protocolo cient\u00edfico internacional assinado hoje, em Paris, entre as universidades de Coimbra, Quioto, Oxford e Sorbonne-Nouvelle.<br \/>\nO protocolo junta as quatro institui\u00e7\u00f5es em torno da &#8220;lusofonia e biodiversidade&#8221;, nomeadamente, a partir do estudo dos equ\u00eddeos e dos primatas nos pa\u00edses de l\u00edngua portuguesa na Serra d&#8217;Arga, em Portugal, e no Parque Nacional da Gorongosa, em Mo\u00e7ambique.<br \/>\nO acordo de coopera\u00e7\u00e3o cient\u00edfica foi rubricado no primeiro Congresso da Francofonia e da Lusofonia, que come\u00e7ou hoje e decorre at\u00e9 sexta-feira, em Paris, e que \u00e9 organizado por Isabelle de Oliveira, diretora do departamento de L\u00ednguas Estrangeiras Aplicadas da Universidade Sorbonne-Paris 3.<br \/>\n&#8220;O programa geral \u00e9 &#8216;lusofonia e biodiversidade&#8217; e depois temos um programa sobre os equ\u00eddeos e um programa sobre os primatas. \u00c9 original pelo facto de ser um programa transversal e interdisciplinar \u00e0 volta dos pa\u00edses de l\u00edngua portuguesa e \u00e0 volta da biodiversidade&#8221;, explicou \u00e0 Lusa um dos investigadores da rede, Carlos Pereira.<br \/>\nO especialista nas intera\u00e7\u00f5es entre o Homem e o Cavalo, atrav\u00e9s da equita\u00e7\u00e3o de tradi\u00e7\u00e3o portuguesa e as artes equestres, explicou que o projeto tem como pontos de refer\u00eancia o Instituto do Cavalo e da Equita\u00e7\u00e3o Portuguesa que dirige em Paris, uma esta\u00e7\u00e3o de observa\u00e7\u00e3o de garranos na Serra d&#8217;Arga, em Portugal, o Parque Nacional da Gorongosa, em Mo\u00e7ambique e o Primate Research Institute, em Quioto, no Jap\u00e3o.<br \/>\nDurante a apresenta\u00e7\u00e3o do projeto, num dos edif\u00edcios da UNESCO, em Paris, o presidente da C\u00e2mara de Viana do Castelo, Jos\u00e9 Maria Costa, defendeu que quer fazer da sua cidade &#8220;um territ\u00f3rio de ci\u00eancia&#8221;.<br \/>\n&#8220;Vamos apoiar este centro do conhecimento do cavalo do ponto de vista log\u00edstico e do ponto de vista do enquadramento da pr\u00f3pria comunidade escolar, criando as condi\u00e7\u00f5es log\u00edsticas para que este projeto se possa desenvolver, sendo Viana quase como um laborat\u00f3rio vivo deste projeto&#8221;, disse o autarca \u00e0 Lusa.<br \/>\nJos\u00e9 Maria Costa acrescentou que o centro de observa\u00e7\u00e3o vai ficar na freguesia de Montaria, no concelho de Viana do Castelo, e que o projeto vai permitir desenvolver &#8220;uma fileira de turismo cient\u00edfico&#8221; e promover a ci\u00eancia junto das comunidades escolares locais.<br \/>\nMaria Fernanda Rollo, secret\u00e1ria de Estado da Ci\u00eancia, Tecnologia e Ensino Superior, considerou que Viana do Castelo \u00e9 o &#8220;epicentro&#8221; para os investigadores que estudam a comunidade dos garranos e destacou que em Portugal se faz &#8220;uma ci\u00eancia de reconhecimento internacional&#8221;.<br \/>\n&#8220;S\u00e3o tamb\u00e9m investigadores portugueses que est\u00e3o nestes contextos [internacionais] onde se afirmaram pela sua capacidade, pela sua criatividade e sobretudo pela sua produ\u00e7\u00e3o cient\u00edfica. Isso suscitou o interesse das pr\u00f3prias universidades estrangeiras em se associarem a esse projeto&#8221;, declarou \u00e0 Lusa.<br \/>\nA investigadora Renata Mendon\u00e7a, da Universidade de Coimbra, est\u00e1 a observar o comportamento dos garranos, em Viana do Castelo, desde 2016 e destacou que a rede permite &#8220;colaborar com as melhores institui\u00e7\u00f5es dessa \u00e1rea&#8221;.<br \/>\nTamb\u00e9m Helena Freitas, coordenadora do Centro de Ecologia Funcional da Universidade de Coimbra, sublinhou que o projeto envolve &#8220;uma rede de compet\u00eancias e saberes&#8221; que podem ser projetados no espa\u00e7o da lusofonia, nomeadamente criando &#8220;mais pontos com Mo\u00e7ambique, com a Guin\u00e9-Bissau, S\u00e3o Tom\u00e9 e Pr\u00edncipe, Angola&#8221;.<br \/>\nSusana Carvalho, diretora-adjunta de Primatologia e Paleontologia no Parque da Gorongosa e professora na Universidade de Oxford, espera que a rede cient\u00edfica permita a expans\u00e3o da &#8220;investiga\u00e7\u00e3o que est\u00e1 a decorrer nos pa\u00edses de l\u00edngua portuguesa, com especial \u00eanfase em \u00c1frica e no Brasil&#8221;.<br \/>\n&#8220;No Parque Nacional da Gorongosa estamos a desenvolver um projeto de longa dura\u00e7\u00e3o na \u00e1rea da evolu\u00e7\u00e3o humana e da primatologia. A Gorongosa \u00e9 um dos locais com maior biodiversidade no mundo e, portanto, \u00e9 um perfeito basti\u00e3o para usarmos como exemplo e para desenvolvermos projetos de investiga\u00e7\u00e3o&#8221;, afirmou.<\/p>\n","protected":false},"excerpt":{"rendered":"<p>A Serra d&#8217;Arga, em Portugal, e o Parque Nacional da Gorongosa, em Mo\u00e7ambique, est\u00e3o no centro de um protocolo cient\u00edfico internacional assinado hoje, em Paris, entre as universidades de Coimbra, Quioto, Oxford e Sorbonne-Nouvelle. O protocolo junta as quatro institui\u00e7\u00f5es em torno da &#8220;lusofonia e biodiversidade&#8221;, nomeadamente, a partir do estudo dos equ\u00eddeos e dos [&hellip;]<\/p>\n","protected":false},"author":7,"featured_media":6345,"comment_status":"closed","ping_status":"closed","sticky":false,"template":"","format":"standard","meta":{"_exactmetrics_skip_tracking":false,"_exactmetrics_sitenote_active":false,"_exactmetrics_sitenote_note":"","_exactmetrics_sitenote_category":0,"footnotes":""},"categories":[7],"tags":[27],"class_list":["post-6344","post","type-post","status-publish","format-standard","has-post-thumbnail","hentry","category-caminha","tag-sociedade"],"yoast_head":"<!-- This site is optimized with the Yoast SEO Premium plugin v27.5 (Yoast SEO v27.5) - https:\/\/yoast.com\/product\/yoast-seo-premium-wordpress\/ -->\n<title>Serra d\u2019Arga no centro de rede cient\u00edfica internacional<\/title>\n<meta name=\"robots\" content=\"index, follow, max-snippet:-1, max-image-preview:large, max-video-preview:-1\" \/>\n<link rel=\"canonical\" href=\"https:\/\/www.altominho.tv\/site\/2017\/12\/06\/serra-darga-no-centro-de-rede-cientifica-internacional\/\" \/>\n<meta property=\"og:locale\" content=\"pt_PT\" \/>\n<meta property=\"og:type\" content=\"article\" \/>\n<meta property=\"og:title\" content=\"Serra d\u2019Arga no centro de rede cient\u00edfica internacional\" \/>\n<meta property=\"og:description\" content=\"A Serra d&#8217;Arga, em Portugal, e o Parque Nacional da Gorongosa, em Mo\u00e7ambique, est\u00e3o no centro de um protocolo cient\u00edfico internacional assinado hoje, em Paris, entre as universidades de Coimbra, Quioto, Oxford e Sorbonne-Nouvelle. O protocolo junta as quatro institui\u00e7\u00f5es em torno da &#8220;lusofonia e biodiversidade&#8221;, nomeadamente, a partir do estudo dos equ\u00eddeos e dos [&hellip;]\" \/>\n<meta property=\"og:url\" content=\"https:\/\/www.altominho.tv\/site\/2017\/12\/06\/serra-darga-no-centro-de-rede-cientifica-internacional\/\" \/>\n<meta property=\"og:site_name\" content=\"Altominho.tv\" \/>\n<meta property=\"article:publisher\" content=\"https:\/\/www.facebook.com\/altominhotv\" \/>\n<meta property=\"article:published_time\" content=\"2017-12-06T14:46:38+00:00\" \/>\n<meta property=\"og:image\" content=\"https:\/\/www.altominho.tv\/site\/wp-content\/uploads\/2017\/12\/arga-1.jpg\" \/>\n\t<meta property=\"og:image:width\" content=\"1280\" \/>\n\t<meta property=\"og:image:height\" content=\"710\" \/>\n\t<meta property=\"og:image:type\" content=\"image\/jpeg\" \/>\n<meta name=\"author\" content=\"Andreia Cunha\" \/>\n<meta name=\"twitter:card\" content=\"summary_large_image\" \/>\n<meta name=\"twitter:creator\" content=\"@altominhoTV\" \/>\n<meta name=\"twitter:site\" content=\"@altominhoTV\" \/>\n<meta name=\"twitter:label1\" content=\"Escrito por\" \/>\n\t<meta name=\"twitter:data1\" content=\"Andreia Cunha\" \/>\n\t<meta name=\"twitter:label2\" content=\"Tempo estimado de leitura\" \/>\n\t<meta name=\"twitter:data2\" content=\"3 minutos\" \/>\n<script type=\"application\/ld+json\" class=\"yoast-schema-graph\">{\"@context\":\"https:\\\/\\\/schema.org\",\"@graph\":[{\"@type\":\"Article\",\"@id\":\"https:\\\/\\\/www.altominho.tv\\\/site\\\/2017\\\/12\\\/06\\\/serra-darga-no-centro-de-rede-cientifica-internacional\\\/#article\",\"isPartOf\":{\"@id\":\"https:\\\/\\\/www.altominho.tv\\\/site\\\/2017\\\/12\\\/06\\\/serra-darga-no-centro-de-rede-cientifica-internacional\\\/\"},\"author\":{\"name\":\"Andreia Cunha\",\"@id\":\"https:\\\/\\\/www.altominho.tv\\\/site\\\/#\\\/schema\\\/person\\\/a0e4ef6d041f98ca284393d8f1d97153\"},\"headline\":\"Serra d\u2019Arga no centro de rede cient\u00edfica internacional\",\"datePublished\":\"2017-12-06T14:46:38+00:00\",\"mainEntityOfPage\":{\"@id\":\"https:\\\/\\\/www.altominho.tv\\\/site\\\/2017\\\/12\\\/06\\\/serra-darga-no-centro-de-rede-cientifica-internacional\\\/\"},\"wordCount\":681,\"image\":{\"@id\":\"https:\\\/\\\/www.altominho.tv\\\/site\\\/2017\\\/12\\\/06\\\/serra-darga-no-centro-de-rede-cientifica-internacional\\\/#primaryimage\"},\"thumbnailUrl\":\"https:\\\/\\\/www.altominho.tv\\\/site\\\/wp-content\\\/uploads\\\/2017\\\/12\\\/arga-1.jpg\",\"keywords\":[\"Sociedade\"],\"articleSection\":[\"Caminha\"],\"inLanguage\":\"pt-PT\",\"copyrightYear\":\"2017\",\"copyrightHolder\":{\"@id\":\"https:\\\/\\\/www.altominho.tv\\\/site\\\/#organization\"}},{\"@type\":\"WebPage\",\"@id\":\"https:\\\/\\\/www.altominho.tv\\\/site\\\/2017\\\/12\\\/06\\\/serra-darga-no-centro-de-rede-cientifica-internacional\\\/\",\"url\":\"https:\\\/\\\/www.altominho.tv\\\/site\\\/2017\\\/12\\\/06\\\/serra-darga-no-centro-de-rede-cientifica-internacional\\\/\",\"name\":\"Serra d\u2019Arga no centro de rede cient\u00edfica internacional\",\"isPartOf\":{\"@id\":\"https:\\\/\\\/www.altominho.tv\\\/site\\\/#website\"},\"primaryImageOfPage\":{\"@id\":\"https:\\\/\\\/www.altominho.tv\\\/site\\\/2017\\\/12\\\/06\\\/serra-darga-no-centro-de-rede-cientifica-internacional\\\/#primaryimage\"},\"image\":{\"@id\":\"https:\\\/\\\/www.altominho.tv\\\/site\\\/2017\\\/12\\\/06\\\/serra-darga-no-centro-de-rede-cientifica-internacional\\\/#primaryimage\"},\"thumbnailUrl\":\"https:\\\/\\\/www.altominho.tv\\\/site\\\/wp-content\\\/uploads\\\/2017\\\/12\\\/arga-1.jpg\",\"datePublished\":\"2017-12-06T14:46:38+00:00\",\"author\":{\"@id\":\"https:\\\/\\\/www.altominho.tv\\\/site\\\/#\\\/schema\\\/person\\\/a0e4ef6d041f98ca284393d8f1d97153\"},\"breadcrumb\":{\"@id\":\"https:\\\/\\\/www.altominho.tv\\\/site\\\/2017\\\/12\\\/06\\\/serra-darga-no-centro-de-rede-cientifica-internacional\\\/#breadcrumb\"},\"inLanguage\":\"pt-PT\",\"potentialAction\":[{\"@type\":\"ReadAction\",\"target\":[\"https:\\\/\\\/www.altominho.tv\\\/site\\\/2017\\\/12\\\/06\\\/serra-darga-no-centro-de-rede-cientifica-internacional\\\/\"]}]},{\"@type\":\"ImageObject\",\"inLanguage\":\"pt-PT\",\"@id\":\"https:\\\/\\\/www.altominho.tv\\\/site\\\/2017\\\/12\\\/06\\\/serra-darga-no-centro-de-rede-cientifica-internacional\\\/#primaryimage\",\"url\":\"https:\\\/\\\/www.altominho.tv\\\/site\\\/wp-content\\\/uploads\\\/2017\\\/12\\\/arga-1.jpg\",\"contentUrl\":\"https:\\\/\\\/www.altominho.tv\\\/site\\\/wp-content\\\/uploads\\\/2017\\\/12\\\/arga-1.jpg\",\"width\":1280,\"height\":710},{\"@type\":\"BreadcrumbList\",\"@id\":\"https:\\\/\\\/www.altominho.tv\\\/site\\\/2017\\\/12\\\/06\\\/serra-darga-no-centro-de-rede-cientifica-internacional\\\/#breadcrumb\",\"itemListElement\":[{\"@type\":\"ListItem\",\"position\":1,\"name\":\"In\u00edcio\",\"item\":\"https:\\\/\\\/www.altominho.tv\\\/site\\\/\"},{\"@type\":\"ListItem\",\"position\":2,\"name\":\"Serra d\u2019Arga no centro de rede cient\u00edfica internacional\"}]},{\"@type\":\"WebSite\",\"@id\":\"https:\\\/\\\/www.altominho.tv\\\/site\\\/#website\",\"url\":\"https:\\\/\\\/www.altominho.tv\\\/site\\\/\",\"name\":\"Altominho.tv\",\"description\":\"A sua regi\u00e3o \u00e0 dist\u00e2ncia de um clique...\",\"potentialAction\":[{\"@type\":\"SearchAction\",\"target\":{\"@type\":\"EntryPoint\",\"urlTemplate\":\"https:\\\/\\\/www.altominho.tv\\\/site\\\/?s={search_term_string}\"},\"query-input\":{\"@type\":\"PropertyValueSpecification\",\"valueRequired\":true,\"valueName\":\"search_term_string\"}}],\"inLanguage\":\"pt-PT\"},{\"@type\":\"Person\",\"@id\":\"https:\\\/\\\/www.altominho.tv\\\/site\\\/#\\\/schema\\\/person\\\/a0e4ef6d041f98ca284393d8f1d97153\",\"name\":\"Andreia Cunha\",\"image\":{\"@type\":\"ImageObject\",\"inLanguage\":\"pt-PT\",\"@id\":\"https:\\\/\\\/www.altominho.tv\\\/site\\\/wp-content\\\/uploads\\\/2017\\\/11\\\/Andreia_Cunha-1-150x150.jpg\",\"url\":\"https:\\\/\\\/www.altominho.tv\\\/site\\\/wp-content\\\/uploads\\\/2017\\\/11\\\/Andreia_Cunha-1-150x150.jpg\",\"contentUrl\":\"https:\\\/\\\/www.altominho.tv\\\/site\\\/wp-content\\\/uploads\\\/2017\\\/11\\\/Andreia_Cunha-1-150x150.jpg\",\"caption\":\"Andreia Cunha\"},\"url\":\"https:\\\/\\\/www.altominho.tv\\\/site\\\/author\\\/andreiacunha\\\/\"}]}<\/script>\n<!-- \/ Yoast SEO Premium plugin. -->","yoast_head_json":{"title":"Serra d\u2019Arga no centro de rede cient\u00edfica internacional","robots":{"index":"index","follow":"follow","max-snippet":"max-snippet:-1","max-image-preview":"max-image-preview:large","max-video-preview":"max-video-preview:-1"},"canonical":"https:\/\/www.altominho.tv\/site\/2017\/12\/06\/serra-darga-no-centro-de-rede-cientifica-internacional\/","og_locale":"pt_PT","og_type":"article","og_title":"Serra d\u2019Arga no centro de rede cient\u00edfica internacional","og_description":"A Serra d&#8217;Arga, em Portugal, e o Parque Nacional da Gorongosa, em Mo\u00e7ambique, est\u00e3o no centro de um protocolo cient\u00edfico internacional assinado hoje, em Paris, entre as universidades de Coimbra, Quioto, Oxford e Sorbonne-Nouvelle. O protocolo junta as quatro institui\u00e7\u00f5es em torno da &#8220;lusofonia e biodiversidade&#8221;, nomeadamente, a partir do estudo dos equ\u00eddeos e dos [&hellip;]","og_url":"https:\/\/www.altominho.tv\/site\/2017\/12\/06\/serra-darga-no-centro-de-rede-cientifica-internacional\/","og_site_name":"Altominho.tv","article_publisher":"https:\/\/www.facebook.com\/altominhotv","article_published_time":"2017-12-06T14:46:38+00:00","og_image":[{"width":1280,"height":710,"url":"https:\/\/www.altominho.tv\/site\/wp-content\/uploads\/2017\/12\/arga-1.jpg","type":"image\/jpeg"}],"author":"Andreia Cunha","twitter_card":"summary_large_image","twitter_creator":"@altominhoTV","twitter_site":"@altominhoTV","twitter_misc":{"Escrito por":"Andreia Cunha","Tempo estimado de leitura":"3 minutos"},"schema":{"@context":"https:\/\/schema.org","@graph":[{"@type":"Article","@id":"https:\/\/www.altominho.tv\/site\/2017\/12\/06\/serra-darga-no-centro-de-rede-cientifica-internacional\/#article","isPartOf":{"@id":"https:\/\/www.altominho.tv\/site\/2017\/12\/06\/serra-darga-no-centro-de-rede-cientifica-internacional\/"},"author":{"name":"Andreia Cunha","@id":"https:\/\/www.altominho.tv\/site\/#\/schema\/person\/a0e4ef6d041f98ca284393d8f1d97153"},"headline":"Serra d\u2019Arga no centro de rede cient\u00edfica internacional","datePublished":"2017-12-06T14:46:38+00:00","mainEntityOfPage":{"@id":"https:\/\/www.altominho.tv\/site\/2017\/12\/06\/serra-darga-no-centro-de-rede-cientifica-internacional\/"},"wordCount":681,"image":{"@id":"https:\/\/www.altominho.tv\/site\/2017\/12\/06\/serra-darga-no-centro-de-rede-cientifica-internacional\/#primaryimage"},"thumbnailUrl":"https:\/\/www.altominho.tv\/site\/wp-content\/uploads\/2017\/12\/arga-1.jpg","keywords":["Sociedade"],"articleSection":["Caminha"],"inLanguage":"pt-PT","copyrightYear":"2017","copyrightHolder":{"@id":"https:\/\/www.altominho.tv\/site\/#organization"}},{"@type":"WebPage","@id":"https:\/\/www.altominho.tv\/site\/2017\/12\/06\/serra-darga-no-centro-de-rede-cientifica-internacional\/","url":"https:\/\/www.altominho.tv\/site\/2017\/12\/06\/serra-darga-no-centro-de-rede-cientifica-internacional\/","name":"Serra d\u2019Arga no centro de rede cient\u00edfica internacional","isPartOf":{"@id":"https:\/\/www.altominho.tv\/site\/#website"},"primaryImageOfPage":{"@id":"https:\/\/www.altominho.tv\/site\/2017\/12\/06\/serra-darga-no-centro-de-rede-cientifica-internacional\/#primaryimage"},"image":{"@id":"https:\/\/www.altominho.tv\/site\/2017\/12\/06\/serra-darga-no-centro-de-rede-cientifica-internacional\/#primaryimage"},"thumbnailUrl":"https:\/\/www.altominho.tv\/site\/wp-content\/uploads\/2017\/12\/arga-1.jpg","datePublished":"2017-12-06T14:46:38+00:00","author":{"@id":"https:\/\/www.altominho.tv\/site\/#\/schema\/person\/a0e4ef6d041f98ca284393d8f1d97153"},"breadcrumb":{"@id":"https:\/\/www.altominho.tv\/site\/2017\/12\/06\/serra-darga-no-centro-de-rede-cientifica-internacional\/#breadcrumb"},"inLanguage":"pt-PT","potentialAction":[{"@type":"ReadAction","target":["https:\/\/www.altominho.tv\/site\/2017\/12\/06\/serra-darga-no-centro-de-rede-cientifica-internacional\/"]}]},{"@type":"ImageObject","inLanguage":"pt-PT","@id":"https:\/\/www.altominho.tv\/site\/2017\/12\/06\/serra-darga-no-centro-de-rede-cientifica-internacional\/#primaryimage","url":"https:\/\/www.altominho.tv\/site\/wp-content\/uploads\/2017\/12\/arga-1.jpg","contentUrl":"https:\/\/www.altominho.tv\/site\/wp-content\/uploads\/2017\/12\/arga-1.jpg","width":1280,"height":710},{"@type":"BreadcrumbList","@id":"https:\/\/www.altominho.tv\/site\/2017\/12\/06\/serra-darga-no-centro-de-rede-cientifica-internacional\/#breadcrumb","itemListElement":[{"@type":"ListItem","position":1,"name":"In\u00edcio","item":"https:\/\/www.altominho.tv\/site\/"},{"@type":"ListItem","position":2,"name":"Serra d\u2019Arga no centro de rede cient\u00edfica internacional"}]},{"@type":"WebSite","@id":"https:\/\/www.altominho.tv\/site\/#website","url":"https:\/\/www.altominho.tv\/site\/","name":"Altominho.tv","description":"A sua regi\u00e3o \u00e0 dist\u00e2ncia de um clique...","potentialAction":[{"@type":"SearchAction","target":{"@type":"EntryPoint","urlTemplate":"https:\/\/www.altominho.tv\/site\/?s={search_term_string}"},"query-input":{"@type":"PropertyValueSpecification","valueRequired":true,"valueName":"search_term_string"}}],"inLanguage":"pt-PT"},{"@type":"Person","@id":"https:\/\/www.altominho.tv\/site\/#\/schema\/person\/a0e4ef6d041f98ca284393d8f1d97153","name":"Andreia Cunha","image":{"@type":"ImageObject","inLanguage":"pt-PT","@id":"https:\/\/www.altominho.tv\/site\/wp-content\/uploads\/2017\/11\/Andreia_Cunha-1-150x150.jpg","url":"https:\/\/www.altominho.tv\/site\/wp-content\/uploads\/2017\/11\/Andreia_Cunha-1-150x150.jpg","contentUrl":"https:\/\/www.altominho.tv\/site\/wp-content\/uploads\/2017\/11\/Andreia_Cunha-1-150x150.jpg","caption":"Andreia Cunha"},"url":"https:\/\/www.altominho.tv\/site\/author\/andreiacunha\/"}]}},"_links":{"self":[{"href":"https:\/\/www.altominho.tv\/site\/wp-json\/wp\/v2\/posts\/6344","targetHints":{"allow":["GET"]}}],"collection":[{"href":"https:\/\/www.altominho.tv\/site\/wp-json\/wp\/v2\/posts"}],"about":[{"href":"https:\/\/www.altominho.tv\/site\/wp-json\/wp\/v2\/types\/post"}],"author":[{"embeddable":true,"href":"https:\/\/www.altominho.tv\/site\/wp-json\/wp\/v2\/users\/7"}],"replies":[{"embeddable":true,"href":"https:\/\/www.altominho.tv\/site\/wp-json\/wp\/v2\/comments?post=6344"}],"version-history":[{"count":0,"href":"https:\/\/www.altominho.tv\/site\/wp-json\/wp\/v2\/posts\/6344\/revisions"}],"wp:featuredmedia":[{"embeddable":true,"href":"https:\/\/www.altominho.tv\/site\/wp-json\/wp\/v2\/media\/6345"}],"wp:attachment":[{"href":"https:\/\/www.altominho.tv\/site\/wp-json\/wp\/v2\/media?parent=6344"}],"wp:term":[{"taxonomy":"category","embeddable":true,"href":"https:\/\/www.altominho.tv\/site\/wp-json\/wp\/v2\/categories?post=6344"},{"taxonomy":"post_tag","embeddable":true,"href":"https:\/\/www.altominho.tv\/site\/wp-json\/wp\/v2\/tags?post=6344"}],"curies":[{"name":"wp","href":"https:\/\/api.w.org\/{rel}","templated":true}]}}