{"id":63306,"date":"2021-03-03T08:42:00","date_gmt":"2021-03-03T08:42:00","guid":{"rendered":"https:\/\/www.altominho.tv\/site\/?p=63306"},"modified":"2021-03-03T08:42:05","modified_gmt":"2021-03-03T08:42:05","slug":"deco-alerta-clientes-da-aguas-do-alto-minho-para-cobranca-de-consumos-prescritos","status":"publish","type":"post","link":"https:\/\/www.altominho.tv\/site\/2021\/03\/03\/deco-alerta-clientes-da-aguas-do-alto-minho-para-cobranca-de-consumos-prescritos\/","title":{"rendered":"Deco alerta clientes da \u00c1guas do Alto Minho para cobran\u00e7a de consumos prescritos"},"content":{"rendered":"\n<p class=\"wp-block-paragraph\">A Deco alertou hoje os consumidores para verificarem o prazo dos consumos cobrados pela \u00c1guas do Alto Minho, avisando que, no caso de terem sido efetuados h\u00e1 mais de seis meses, pode ser invocado o direito de prescri\u00e7\u00e3o.<\/p>\n\n\n\n<p class=\"wp-block-paragraph\">Em declara\u00e7\u00f5es \u00e0 ag\u00eancia Lusa, a jurista da delega\u00e7\u00e3o Minho da associa\u00e7\u00e3o de defesa do consumidor, Maria Antunes, explicou que a &#8220;Deco tem recebido v\u00e1rias reclama\u00e7\u00f5es de consumidores que, confrontados com as faturas de regulariza\u00e7\u00e3o emitidas pela \u00c1guas do Alto Minho, verificaram que est\u00e3o a ser cobrados consumos efetuados h\u00e1 mais de seis meses&#8221;.<\/p>\n\n\n\n<p class=\"wp-block-paragraph\">&#8220;Tem sido recorrente esse tipo de reclama\u00e7\u00e3o porque, por vezes, a fatura abarca per\u00edodos com mais de seis meses. Nesse caso, os consumidores t\u00eam ao seu dispor um mecanismo na lei, invocando a prescri\u00e7\u00e3o&#8221;, explicou Maria Antunes.<\/p>\n\n\n\n<p class=\"wp-block-paragraph\">A jurista sublinhou que &#8220;a situa\u00e7\u00e3o n\u00e3o se aplica a todos os consumidores&#8221;.<\/p>\n\n\n\n<p class=\"wp-block-paragraph\">&#8220;Temos de analisar fatura a fatura, caso a caso, para verificar de h\u00e1 ou n\u00e3o consumos com mais de seis meses&#8221;, frisou.<\/p>\n\n\n\n<p class=\"wp-block-paragraph\">Em janeiro, empresa de gest\u00e3o das redes de \u00e1gua em baixa e de saneamento \u00c1guas do Alto Minho (AdAM) anunciou o in\u00edcio da regulariza\u00e7\u00e3o dos consumos n\u00e3o faturados em 2020, na sequ\u00eancia de erros que afetaram 15 mil consumidores.<\/p>\n\n\n\n<p class=\"wp-block-paragraph\">Na altura, a AdAM informou do envio aos consumidores de &#8220;uma fatura adicional, de cor amarela, referente ao valor dos consumos n\u00e3o faturados em 2020&#8221;, referindo que os consumidores podiam regularizar os consumos &#8220;na totalidade, pelos canais de pagamento usuais, ou de forma fracionada, bastando n\u00e3o realizar a liquida\u00e7\u00e3o imediata&#8221;.<\/p>\n\n\n\n<p class=\"wp-block-paragraph\">Maria Antunes alerta os consumidores para verificaram a data dos consumos que est\u00e3o a ser cobrados e que, no caso de terem mais de seis meses, &#8220;podem e devem, expressamente, invocar a prescri\u00e7\u00e3o\u201d.<\/p>\n\n\n\n<p class=\"wp-block-paragraph\">Quando invocada essa prescri\u00e7\u00e3o &#8220;a entidade tem a obriga\u00e7\u00e3o de anular os consumos e corrigir as faturas&#8221;, acrescentou.<\/p>\n\n\n\n<p class=\"wp-block-paragraph\">&#8220;Apesar do envio de faturas para cobran\u00e7a de consumos com mais de seis meses n\u00e3o ser ilegal, o que \u00e9 ilegal \u00e9 se o consumidor invocar a prescri\u00e7\u00e3o e a entidade n\u00e3o aceitar e n\u00e3o assumir essa parte&#8221;, explicou.<\/p>\n\n\n\n<p class=\"wp-block-paragraph\">A jurista aconselhou os consumidores que re\u00fanam condi\u00e7\u00f5es para invocar a prescri\u00e7\u00e3o que n\u00e3o paguem a fatura e acionem aquele procedimento,<\/p>\n\n\n\n<p class=\"wp-block-paragraph\">&#8220;Se o consumidor se deparar com uma fatura em que est\u00e1 a ser cobrado um consumo de mais de seis meses, tem de enviar uma carta registada, com aviso de rece\u00e7\u00e3o, dirigida \u00e0 entidade, neste caso a AdAM. A partir da\u00ed a entidade prestadora de servi\u00e7os p\u00fablicos essenciais, como sendo a \u00e1gua, deve corrigir a fatura, anulando todos os valores com mais de seis meses&#8221;, sublinhou.<\/p>\n\n\n\n<p class=\"wp-block-paragraph\">A AdAM \u00e9 detida em 51% pela \u00c1guas de Portugal (AdP) e em 49% pelos munic\u00edpios de Arcos de Valdevez (PSD), Caminha (PS), Paredes de Coura (PS), Ponte de Lima (CDS-PP), Valen\u00e7a (PSD), Viana do Castelo (PS) e Vila Nova de Cerveira (Movimento independente PenCe &#8211; Pensar Cerveira), que comp\u00f5em a Comunidade Intermunicipal (CIM) do Alto Minho.<\/p>\n\n\n\n<p class=\"wp-block-paragraph\">Tr\u00eas concelhos do distrito &#8211; Ponte da Barca (PSD), Mon\u00e7\u00e3o (PSD) e Melga\u00e7o (PS) &#8211; reprovaram a constitui\u00e7\u00e3o daquela parceria.<\/p>\n\n\n\n<p class=\"wp-block-paragraph\">A nova empresa come\u00e7ou a operar em janeiro de 2020, &#8220;dimensionada para fornecer mais de nove milh\u00f5es de metros c\u00fabicos de \u00e1gua pot\u00e1vel, por ano, e para recolher e tratar mais de seis milh\u00f5es de metros c\u00fabicos de \u00e1gua residual, por ano, a cerca de 70 mil clientes&#8221;.<\/p>\n\n\n\n<p class=\"wp-block-paragraph\">A sua constitui\u00e7\u00e3o tem sido contestada por v\u00e1rios partidos e pela popula\u00e7\u00e3o, que se queixam do aumento &#8220;exponencial&#8221; das tarifas e do &#8220;mau&#8221; funcionamento dos servi\u00e7os, reclamando a sua revers\u00e3o e a devolu\u00e7\u00e3o da gest\u00e3o daquelas redes a cada um dos munic\u00edpios.<\/p>\n","protected":false},"excerpt":{"rendered":"<p>A Deco alertou hoje os consumidores para verificarem o prazo dos consumos cobrados pela \u00c1guas do Alto Minho, avisando que, no caso de terem sido efetuados h\u00e1 mais de seis meses, pode ser invocado o direito de prescri\u00e7\u00e3o. Em declara\u00e7\u00f5es \u00e0 ag\u00eancia Lusa, a jurista da delega\u00e7\u00e3o Minho da associa\u00e7\u00e3o de defesa do consumidor, Maria [&hellip;]<\/p>\n","protected":false},"author":16,"featured_media":63307,"comment_status":"closed","ping_status":"closed","sticky":false,"template":"","format":"standard","meta":{"_exactmetrics_skip_tracking":false,"footnotes":""},"categories":[73],"tags":[27],"class_list":["post-63306","post","type-post","status-publish","format-standard","has-post-thumbnail","hentry","category-alto-minho","tag-sociedade"],"yoast_head":"<!-- This site is optimized with the Yoast SEO Premium plugin v28.3 (Yoast SEO v28.3) - https:\/\/yoast.com\/product\/yoast-seo-premium-wordpress\/ -->\n<title>Deco alerta clientes da \u00c1guas do Alto Minho para cobran\u00e7a de consumos prescritos<\/title>\n<meta name=\"robots\" content=\"index, follow, max-snippet:-1, max-image-preview:large, max-video-preview:-1\" \/>\n<link rel=\"canonical\" href=\"https:\/\/www.altominho.tv\/site\/2021\/03\/03\/deco-alerta-clientes-da-aguas-do-alto-minho-para-cobranca-de-consumos-prescritos\/\" \/>\n<meta property=\"og:locale\" content=\"pt_PT\" \/>\n<meta property=\"og:type\" content=\"article\" \/>\n<meta property=\"og:title\" content=\"Deco alerta clientes da \u00c1guas do Alto Minho para cobran\u00e7a de consumos prescritos\" \/>\n<meta property=\"og:description\" content=\"A Deco alertou hoje os consumidores para verificarem o prazo dos consumos cobrados pela \u00c1guas do Alto Minho, avisando que, no caso de terem sido efetuados h\u00e1 mais de seis meses, pode ser invocado o direito de prescri\u00e7\u00e3o. Em declara\u00e7\u00f5es \u00e0 ag\u00eancia Lusa, a jurista da delega\u00e7\u00e3o Minho da associa\u00e7\u00e3o de defesa do consumidor, Maria [&hellip;]\" \/>\n<meta property=\"og:url\" content=\"https:\/\/www.altominho.tv\/site\/2021\/03\/03\/deco-alerta-clientes-da-aguas-do-alto-minho-para-cobranca-de-consumos-prescritos\/\" \/>\n<meta property=\"og:site_name\" content=\"Altominho.tv\" \/>\n<meta property=\"article:publisher\" content=\"https:\/\/www.facebook.com\/altominhotv\" \/>\n<meta property=\"article:published_time\" content=\"2021-03-03T08:42:00+00:00\" \/>\n<meta property=\"article:modified_time\" content=\"2021-03-03T08:42:05+00:00\" \/>\n<meta property=\"og:image\" content=\"https:\/\/www.altominho.tv\/site\/wp-content\/uploads\/2021\/03\/aguas.jpg\" \/>\n\t<meta property=\"og:image:width\" content=\"1920\" \/>\n\t<meta property=\"og:image:height\" content=\"1080\" \/>\n\t<meta property=\"og:image:type\" content=\"image\/jpeg\" \/>\n<meta name=\"author\" content=\"Andreia Cunha | Lusa\" \/>\n<meta name=\"twitter:card\" content=\"summary_large_image\" \/>\n<meta name=\"twitter:creator\" content=\"@altominhoTV\" \/>\n<meta name=\"twitter:site\" content=\"@altominhoTV\" \/>\n<meta name=\"twitter:label1\" content=\"Escrito por\" \/>\n\t<meta name=\"twitter:data1\" content=\"Andreia Cunha | Lusa\" \/>\n\t<meta name=\"twitter:label2\" content=\"Tempo estimado de leitura\" \/>\n\t<meta name=\"twitter:data2\" content=\"3 minutos\" \/>\n<script type=\"application\/ld+json\" class=\"yoast-schema-graph\">{\"@context\":\"https:\\\/\\\/schema.org\",\"@graph\":[{\"@type\":\"Article\",\"@id\":\"https:\\\/\\\/www.altominho.tv\\\/site\\\/2021\\\/03\\\/03\\\/deco-alerta-clientes-da-aguas-do-alto-minho-para-cobranca-de-consumos-prescritos\\\/#article\",\"isPartOf\":{\"@id\":\"https:\\\/\\\/www.altominho.tv\\\/site\\\/2021\\\/03\\\/03\\\/deco-alerta-clientes-da-aguas-do-alto-minho-para-cobranca-de-consumos-prescritos\\\/\"},\"author\":{\"name\":\"Andreia Cunha | Lusa\",\"@id\":\"https:\\\/\\\/www.altominho.tv\\\/site\\\/#\\\/schema\\\/person\\\/dbaf181c01b51ff40c9f461a905d321e\"},\"headline\":\"Deco alerta clientes da \u00c1guas do Alto Minho para cobran\u00e7a de consumos prescritos\",\"datePublished\":\"2021-03-03T08:42:00+00:00\",\"dateModified\":\"2021-03-03T08:42:05+00:00\",\"mainEntityOfPage\":{\"@id\":\"https:\\\/\\\/www.altominho.tv\\\/site\\\/2021\\\/03\\\/03\\\/deco-alerta-clientes-da-aguas-do-alto-minho-para-cobranca-de-consumos-prescritos\\\/\"},\"wordCount\":660,\"image\":{\"@id\":\"https:\\\/\\\/www.altominho.tv\\\/site\\\/2021\\\/03\\\/03\\\/deco-alerta-clientes-da-aguas-do-alto-minho-para-cobranca-de-consumos-prescritos\\\/#primaryimage\"},\"thumbnailUrl\":\"https:\\\/\\\/www.altominho.tv\\\/site\\\/wp-content\\\/uploads\\\/2021\\\/03\\\/aguas.jpg\",\"keywords\":[\"Sociedade\"],\"articleSection\":[\"Alto Minho\"],\"inLanguage\":\"pt-PT\",\"copyrightYear\":\"2021\",\"copyrightHolder\":{\"@id\":\"https:\\\/\\\/www.altominho.tv\\\/site\\\/#organization\"}},{\"@type\":\"WebPage\",\"@id\":\"https:\\\/\\\/www.altominho.tv\\\/site\\\/2021\\\/03\\\/03\\\/deco-alerta-clientes-da-aguas-do-alto-minho-para-cobranca-de-consumos-prescritos\\\/\",\"url\":\"https:\\\/\\\/www.altominho.tv\\\/site\\\/2021\\\/03\\\/03\\\/deco-alerta-clientes-da-aguas-do-alto-minho-para-cobranca-de-consumos-prescritos\\\/\",\"name\":\"Deco alerta clientes da \u00c1guas do Alto Minho para cobran\u00e7a de consumos prescritos\",\"isPartOf\":{\"@id\":\"https:\\\/\\\/www.altominho.tv\\\/site\\\/#website\"},\"primaryImageOfPage\":{\"@id\":\"https:\\\/\\\/www.altominho.tv\\\/site\\\/2021\\\/03\\\/03\\\/deco-alerta-clientes-da-aguas-do-alto-minho-para-cobranca-de-consumos-prescritos\\\/#primaryimage\"},\"image\":{\"@id\":\"https:\\\/\\\/www.altominho.tv\\\/site\\\/2021\\\/03\\\/03\\\/deco-alerta-clientes-da-aguas-do-alto-minho-para-cobranca-de-consumos-prescritos\\\/#primaryimage\"},\"thumbnailUrl\":\"https:\\\/\\\/www.altominho.tv\\\/site\\\/wp-content\\\/uploads\\\/2021\\\/03\\\/aguas.jpg\",\"datePublished\":\"2021-03-03T08:42:00+00:00\",\"dateModified\":\"2021-03-03T08:42:05+00:00\",\"author\":{\"@id\":\"https:\\\/\\\/www.altominho.tv\\\/site\\\/#\\\/schema\\\/person\\\/dbaf181c01b51ff40c9f461a905d321e\"},\"breadcrumb\":{\"@id\":\"https:\\\/\\\/www.altominho.tv\\\/site\\\/2021\\\/03\\\/03\\\/deco-alerta-clientes-da-aguas-do-alto-minho-para-cobranca-de-consumos-prescritos\\\/#breadcrumb\"},\"inLanguage\":\"pt-PT\",\"potentialAction\":[{\"@type\":\"ReadAction\",\"target\":[\"https:\\\/\\\/www.altominho.tv\\\/site\\\/2021\\\/03\\\/03\\\/deco-alerta-clientes-da-aguas-do-alto-minho-para-cobranca-de-consumos-prescritos\\\/\"]}]},{\"@type\":\"ImageObject\",\"inLanguage\":\"pt-PT\",\"@id\":\"https:\\\/\\\/www.altominho.tv\\\/site\\\/2021\\\/03\\\/03\\\/deco-alerta-clientes-da-aguas-do-alto-minho-para-cobranca-de-consumos-prescritos\\\/#primaryimage\",\"url\":\"https:\\\/\\\/www.altominho.tv\\\/site\\\/wp-content\\\/uploads\\\/2021\\\/03\\\/aguas.jpg\",\"contentUrl\":\"https:\\\/\\\/www.altominho.tv\\\/site\\\/wp-content\\\/uploads\\\/2021\\\/03\\\/aguas.jpg\",\"width\":1920,\"height\":1080},{\"@type\":\"BreadcrumbList\",\"@id\":\"https:\\\/\\\/www.altominho.tv\\\/site\\\/2021\\\/03\\\/03\\\/deco-alerta-clientes-da-aguas-do-alto-minho-para-cobranca-de-consumos-prescritos\\\/#breadcrumb\",\"itemListElement\":[{\"@type\":\"ListItem\",\"position\":1,\"name\":\"In\u00edcio\",\"item\":\"https:\\\/\\\/www.altominho.tv\\\/site\\\/\"},{\"@type\":\"ListItem\",\"position\":2,\"name\":\"Deco alerta clientes da \u00c1guas do Alto Minho para cobran\u00e7a de consumos prescritos\"}]},{\"@type\":\"WebSite\",\"@id\":\"https:\\\/\\\/www.altominho.tv\\\/site\\\/#website\",\"url\":\"https:\\\/\\\/www.altominho.tv\\\/site\\\/\",\"name\":\"Altominho.tv\",\"description\":\"A sua regi\u00e3o \u00e0 dist\u00e2ncia de um clique...\",\"potentialAction\":[{\"@type\":\"SearchAction\",\"target\":{\"@type\":\"EntryPoint\",\"urlTemplate\":\"https:\\\/\\\/www.altominho.tv\\\/site\\\/?s={search_term_string}\"},\"query-input\":{\"@type\":\"PropertyValueSpecification\",\"valueRequired\":true,\"valueName\":\"search_term_string\"}}],\"inLanguage\":\"pt-PT\"},{\"@type\":\"Person\",\"@id\":\"https:\\\/\\\/www.altominho.tv\\\/site\\\/#\\\/schema\\\/person\\\/dbaf181c01b51ff40c9f461a905d321e\",\"name\":\"Andreia Cunha | Lusa\",\"image\":{\"@type\":\"ImageObject\",\"inLanguage\":\"pt-PT\",\"@id\":\"https:\\\/\\\/www.altominho.tv\\\/site\\\/wp-content\\\/uploads\\\/2017\\\/11\\\/Andreia_Cunha-1-150x150.jpg\",\"url\":\"https:\\\/\\\/www.altominho.tv\\\/site\\\/wp-content\\\/uploads\\\/2017\\\/11\\\/Andreia_Cunha-1-150x150.jpg\",\"contentUrl\":\"https:\\\/\\\/www.altominho.tv\\\/site\\\/wp-content\\\/uploads\\\/2017\\\/11\\\/Andreia_Cunha-1-150x150.jpg\",\"caption\":\"Andreia Cunha | Lusa\"},\"sameAs\":[\"https:\\\/\\\/www.altominho.tv\\\/site\"],\"url\":\"https:\\\/\\\/www.altominho.tv\\\/site\\\/author\\\/andreiacunhalusa\\\/\"}]}<\/script>\n<!-- \/ Yoast SEO Premium plugin. -->","yoast_head_json":{"title":"Deco alerta clientes da \u00c1guas do Alto Minho para cobran\u00e7a de consumos prescritos","robots":{"index":"index","follow":"follow","max-snippet":"max-snippet:-1","max-image-preview":"max-image-preview:large","max-video-preview":"max-video-preview:-1"},"canonical":"https:\/\/www.altominho.tv\/site\/2021\/03\/03\/deco-alerta-clientes-da-aguas-do-alto-minho-para-cobranca-de-consumos-prescritos\/","og_locale":"pt_PT","og_type":"article","og_title":"Deco alerta clientes da \u00c1guas do Alto Minho para cobran\u00e7a de consumos prescritos","og_description":"A Deco alertou hoje os consumidores para verificarem o prazo dos consumos cobrados pela \u00c1guas do Alto Minho, avisando que, no caso de terem sido efetuados h\u00e1 mais de seis meses, pode ser invocado o direito de prescri\u00e7\u00e3o. Em declara\u00e7\u00f5es \u00e0 ag\u00eancia Lusa, a jurista da delega\u00e7\u00e3o Minho da associa\u00e7\u00e3o de defesa do consumidor, Maria [&hellip;]","og_url":"https:\/\/www.altominho.tv\/site\/2021\/03\/03\/deco-alerta-clientes-da-aguas-do-alto-minho-para-cobranca-de-consumos-prescritos\/","og_site_name":"Altominho.tv","article_publisher":"https:\/\/www.facebook.com\/altominhotv","article_published_time":"2021-03-03T08:42:00+00:00","article_modified_time":"2021-03-03T08:42:05+00:00","og_image":[{"width":1920,"height":1080,"url":"https:\/\/www.altominho.tv\/site\/wp-content\/uploads\/2021\/03\/aguas.jpg","type":"image\/jpeg"}],"author":"Andreia Cunha | Lusa","twitter_card":"summary_large_image","twitter_creator":"@altominhoTV","twitter_site":"@altominhoTV","twitter_misc":{"Escrito por":"Andreia Cunha | Lusa","Tempo estimado de leitura":"3 minutos"},"schema":{"@context":"https:\/\/schema.org","@graph":[{"@type":"Article","@id":"https:\/\/www.altominho.tv\/site\/2021\/03\/03\/deco-alerta-clientes-da-aguas-do-alto-minho-para-cobranca-de-consumos-prescritos\/#article","isPartOf":{"@id":"https:\/\/www.altominho.tv\/site\/2021\/03\/03\/deco-alerta-clientes-da-aguas-do-alto-minho-para-cobranca-de-consumos-prescritos\/"},"author":{"name":"Andreia Cunha | Lusa","@id":"https:\/\/www.altominho.tv\/site\/#\/schema\/person\/dbaf181c01b51ff40c9f461a905d321e"},"headline":"Deco alerta clientes da \u00c1guas do Alto Minho para cobran\u00e7a de consumos prescritos","datePublished":"2021-03-03T08:42:00+00:00","dateModified":"2021-03-03T08:42:05+00:00","mainEntityOfPage":{"@id":"https:\/\/www.altominho.tv\/site\/2021\/03\/03\/deco-alerta-clientes-da-aguas-do-alto-minho-para-cobranca-de-consumos-prescritos\/"},"wordCount":660,"image":{"@id":"https:\/\/www.altominho.tv\/site\/2021\/03\/03\/deco-alerta-clientes-da-aguas-do-alto-minho-para-cobranca-de-consumos-prescritos\/#primaryimage"},"thumbnailUrl":"https:\/\/www.altominho.tv\/site\/wp-content\/uploads\/2021\/03\/aguas.jpg","keywords":["Sociedade"],"articleSection":["Alto Minho"],"inLanguage":"pt-PT","copyrightYear":"2021","copyrightHolder":{"@id":"https:\/\/www.altominho.tv\/site\/#organization"}},{"@type":"WebPage","@id":"https:\/\/www.altominho.tv\/site\/2021\/03\/03\/deco-alerta-clientes-da-aguas-do-alto-minho-para-cobranca-de-consumos-prescritos\/","url":"https:\/\/www.altominho.tv\/site\/2021\/03\/03\/deco-alerta-clientes-da-aguas-do-alto-minho-para-cobranca-de-consumos-prescritos\/","name":"Deco alerta clientes da \u00c1guas do Alto Minho para cobran\u00e7a de consumos prescritos","isPartOf":{"@id":"https:\/\/www.altominho.tv\/site\/#website"},"primaryImageOfPage":{"@id":"https:\/\/www.altominho.tv\/site\/2021\/03\/03\/deco-alerta-clientes-da-aguas-do-alto-minho-para-cobranca-de-consumos-prescritos\/#primaryimage"},"image":{"@id":"https:\/\/www.altominho.tv\/site\/2021\/03\/03\/deco-alerta-clientes-da-aguas-do-alto-minho-para-cobranca-de-consumos-prescritos\/#primaryimage"},"thumbnailUrl":"https:\/\/www.altominho.tv\/site\/wp-content\/uploads\/2021\/03\/aguas.jpg","datePublished":"2021-03-03T08:42:00+00:00","dateModified":"2021-03-03T08:42:05+00:00","author":{"@id":"https:\/\/www.altominho.tv\/site\/#\/schema\/person\/dbaf181c01b51ff40c9f461a905d321e"},"breadcrumb":{"@id":"https:\/\/www.altominho.tv\/site\/2021\/03\/03\/deco-alerta-clientes-da-aguas-do-alto-minho-para-cobranca-de-consumos-prescritos\/#breadcrumb"},"inLanguage":"pt-PT","potentialAction":[{"@type":"ReadAction","target":["https:\/\/www.altominho.tv\/site\/2021\/03\/03\/deco-alerta-clientes-da-aguas-do-alto-minho-para-cobranca-de-consumos-prescritos\/"]}]},{"@type":"ImageObject","inLanguage":"pt-PT","@id":"https:\/\/www.altominho.tv\/site\/2021\/03\/03\/deco-alerta-clientes-da-aguas-do-alto-minho-para-cobranca-de-consumos-prescritos\/#primaryimage","url":"https:\/\/www.altominho.tv\/site\/wp-content\/uploads\/2021\/03\/aguas.jpg","contentUrl":"https:\/\/www.altominho.tv\/site\/wp-content\/uploads\/2021\/03\/aguas.jpg","width":1920,"height":1080},{"@type":"BreadcrumbList","@id":"https:\/\/www.altominho.tv\/site\/2021\/03\/03\/deco-alerta-clientes-da-aguas-do-alto-minho-para-cobranca-de-consumos-prescritos\/#breadcrumb","itemListElement":[{"@type":"ListItem","position":1,"name":"In\u00edcio","item":"https:\/\/www.altominho.tv\/site\/"},{"@type":"ListItem","position":2,"name":"Deco alerta clientes da \u00c1guas do Alto Minho para cobran\u00e7a de consumos prescritos"}]},{"@type":"WebSite","@id":"https:\/\/www.altominho.tv\/site\/#website","url":"https:\/\/www.altominho.tv\/site\/","name":"Altominho.tv","description":"A sua regi\u00e3o \u00e0 dist\u00e2ncia de um clique...","potentialAction":[{"@type":"SearchAction","target":{"@type":"EntryPoint","urlTemplate":"https:\/\/www.altominho.tv\/site\/?s={search_term_string}"},"query-input":{"@type":"PropertyValueSpecification","valueRequired":true,"valueName":"search_term_string"}}],"inLanguage":"pt-PT"},{"@type":"Person","@id":"https:\/\/www.altominho.tv\/site\/#\/schema\/person\/dbaf181c01b51ff40c9f461a905d321e","name":"Andreia Cunha | Lusa","image":{"@type":"ImageObject","inLanguage":"pt-PT","@id":"https:\/\/www.altominho.tv\/site\/wp-content\/uploads\/2017\/11\/Andreia_Cunha-1-150x150.jpg","url":"https:\/\/www.altominho.tv\/site\/wp-content\/uploads\/2017\/11\/Andreia_Cunha-1-150x150.jpg","contentUrl":"https:\/\/www.altominho.tv\/site\/wp-content\/uploads\/2017\/11\/Andreia_Cunha-1-150x150.jpg","caption":"Andreia Cunha | Lusa"},"sameAs":["https:\/\/www.altominho.tv\/site"],"url":"https:\/\/www.altominho.tv\/site\/author\/andreiacunhalusa\/"}]}},"_links":{"self":[{"href":"https:\/\/www.altominho.tv\/site\/wp-json\/wp\/v2\/posts\/63306","targetHints":{"allow":["GET"]}}],"collection":[{"href":"https:\/\/www.altominho.tv\/site\/wp-json\/wp\/v2\/posts"}],"about":[{"href":"https:\/\/www.altominho.tv\/site\/wp-json\/wp\/v2\/types\/post"}],"author":[{"embeddable":true,"href":"https:\/\/www.altominho.tv\/site\/wp-json\/wp\/v2\/users\/16"}],"replies":[{"embeddable":true,"href":"https:\/\/www.altominho.tv\/site\/wp-json\/wp\/v2\/comments?post=63306"}],"version-history":[{"count":0,"href":"https:\/\/www.altominho.tv\/site\/wp-json\/wp\/v2\/posts\/63306\/revisions"}],"wp:featuredmedia":[{"embeddable":true,"href":"https:\/\/www.altominho.tv\/site\/wp-json\/wp\/v2\/media\/63307"}],"wp:attachment":[{"href":"https:\/\/www.altominho.tv\/site\/wp-json\/wp\/v2\/media?parent=63306"}],"wp:term":[{"taxonomy":"category","embeddable":true,"href":"https:\/\/www.altominho.tv\/site\/wp-json\/wp\/v2\/categories?post=63306"},{"taxonomy":"post_tag","embeddable":true,"href":"https:\/\/www.altominho.tv\/site\/wp-json\/wp\/v2\/tags?post=63306"}],"curies":[{"name":"wp","href":"https:\/\/api.w.org\/{rel}","templated":true}]}}