{"id":63229,"date":"2021-03-01T18:54:23","date_gmt":"2021-03-01T18:54:23","guid":{"rendered":"https:\/\/www.altominho.tv\/site\/?p=63229"},"modified":"2021-03-01T19:00:12","modified_gmt":"2021-03-01T19:00:12","slug":"mais-sete-mortes-no-alto-minho-casos-ativos-descem-para-389","status":"publish","type":"post","link":"https:\/\/www.altominho.tv\/site\/2021\/03\/01\/mais-sete-mortes-no-alto-minho-casos-ativos-descem-para-389\/","title":{"rendered":"Mais sete mortes no Alto Minho. Casos ativos descem para 389"},"content":{"rendered":"<p><strong>A regi\u00e3o do Alto Minho registou desde a passada sexta-feira mais sete mortes associadas \u00e0 Covid-19, 37 novas infe\u00e7\u00f5es e 131 recuperados. Os casos ativos registaram uma nova descida e s\u00e3o agora 389.<\/strong><\/p>\n<p>Segundo o relat\u00f3rio divulgado esta segunda-feira pela Unidade Local de Sa\u00fade do Alto Minho (ULSAM), as v\u00edtimas mortais foram registadas nos concelhos de <a href=\"\/\/www.altominho.tv\/site\/2021\/03\/01\/mais-duas-mortes-em-caminha-casos-ativos-descem-para-30\/\">Caminha<\/a> (2), <a href=\"\/\/www.altominho.tv\/site\/2021\/03\/01\/ponte-de-lima-regista-mais-duas-mortes-e-nova-descida-de-casos-ativos-de-infecao\/\">Ponte de Lima<\/a> (2) e <a href=\"\/\/www.altominho.tv\/site\/2021\/03\/01\/viana-do-castelo-regista-mais-tres-mortes-por-covid-19-3\/\">Viana do Castelo<\/a> (3).<\/p>\n<p>O n\u00famero de casos ativos diminuiu nos 10 concelhos do Alto Minho. De acordo com os dados mais recentes, o concelho de Viana do Castelo soma o maior n\u00famero de casos ativos, agora 158, seguido de Ponte de Lima, com 47, <a href=\"\/\/www.altominho.tv\/site\/2021\/03\/01\/moncao-sem-registo-de-novos-casos-de-covid-19-nos-ultimos-tres-dias\/\">Mon\u00e7\u00e3o<\/a> com 32, <a href=\"\/\/www.altominho.tv\/site\/2021\/03\/01\/vila-nova-de-cerveira-registou-mais-16-recuperados\/\">Vila Nova de Cerveira<\/a> com 30, Caminha com 30, <a href=\"\/\/www.altominho.tv\/site\/2021\/03\/01\/casos-ativos-em-valenca-descem-para-25\/\">Valen\u00e7a<\/a> com 25, <a href=\"\/\/www.altominho.tv\/site\/2021\/03\/01\/arcos-de-valdevez-registou-mais-7-casos-de-covid-19-e-9-recuperados\/\">Arcos de Valdevez<\/a> com 24, <a href=\"\/\/www.altominho.tv\/site\/2021\/03\/01\/paredes-de-coura-regista-16-casos-ativos\/\">Paredes de Coura<\/a> com 16, <a href=\"\/\/www.altominho.tv\/site\/2021\/03\/01\/melgaco-regista-mais-dois-novos-casos-de-infecao\/\">Melga\u00e7o<\/a> com 16 e <a href=\"\/\/www.altominho.tv\/site\/2021\/03\/01\/ponte-da-barca-registou-mais-4-recuperados-nos-ultimos-dois-dias\/\">Ponte da Barca<\/a> com 11.<\/p>\n<div class=\"entry-content\">\n<p>Desde o in\u00edcio da pandemia, o distrito de Viana do Castelo registou um total de 17.590 casos, 16.807 recuperados e 394 \u00f3bitos.<\/p>\n<\/div>\n\n\n<figure class=\"wp-block-image size-large\"><img loading=\"lazy\" decoding=\"async\" width=\"1024\" height=\"658\" src=\"https:\/\/www.altominho.tv\/site\/wp-content\/uploads\/2021\/03\/tabela-1024x658.jpg\" alt=\"\" class=\"wp-image-63231\" srcset=\"https:\/\/www.altominho.tv\/site\/wp-content\/uploads\/2021\/03\/tabela-1024x658.jpg 1024w, https:\/\/www.altominho.tv\/site\/wp-content\/uploads\/2021\/03\/tabela-674x433.jpg 674w, https:\/\/www.altominho.tv\/site\/wp-content\/uploads\/2021\/03\/tabela-768x493.jpg 768w, https:\/\/www.altominho.tv\/site\/wp-content\/uploads\/2021\/03\/tabela-1536x986.jpg 1536w, https:\/\/www.altominho.tv\/site\/wp-content\/uploads\/2021\/03\/tabela-2048x1315.jpg 2048w, https:\/\/www.altominho.tv\/site\/wp-content\/uploads\/2021\/03\/tabela-370x238.jpg 370w, https:\/\/www.altominho.tv\/site\/wp-content\/uploads\/2021\/03\/tabela-270x173.jpg 270w, https:\/\/www.altominho.tv\/site\/wp-content\/uploads\/2021\/03\/tabela-570x366.jpg 570w, https:\/\/www.altominho.tv\/site\/wp-content\/uploads\/2021\/03\/tabela-740x475.jpg 740w\" sizes=\"auto, (max-width: 1024px) 100vw, 1024px\" \/><\/figure>\n\n\n\n<p><\/p>\n\n\n\n<figure class=\"wp-block-image size-large\"><img loading=\"lazy\" decoding=\"async\" width=\"1024\" height=\"633\" src=\"https:\/\/www.altominho.tv\/site\/wp-content\/uploads\/2021\/03\/grafico-1024x633.jpg\" alt=\"\" class=\"wp-image-63230\" srcset=\"https:\/\/www.altominho.tv\/site\/wp-content\/uploads\/2021\/03\/grafico-1024x633.jpg 1024w, https:\/\/www.altominho.tv\/site\/wp-content\/uploads\/2021\/03\/grafico-700x433.jpg 700w, https:\/\/www.altominho.tv\/site\/wp-content\/uploads\/2021\/03\/grafico-768x475.jpg 768w, https:\/\/www.altominho.tv\/site\/wp-content\/uploads\/2021\/03\/grafico-1536x950.jpg 1536w, https:\/\/www.altominho.tv\/site\/wp-content\/uploads\/2021\/03\/grafico-370x229.jpg 370w, https:\/\/www.altominho.tv\/site\/wp-content\/uploads\/2021\/03\/grafico-270x167.jpg 270w, https:\/\/www.altominho.tv\/site\/wp-content\/uploads\/2021\/03\/grafico-570x352.jpg 570w, https:\/\/www.altominho.tv\/site\/wp-content\/uploads\/2021\/03\/grafico-740x457.jpg 740w, https:\/\/www.altominho.tv\/site\/wp-content\/uploads\/2021\/03\/grafico.jpg 2043w\" sizes=\"auto, (max-width: 1024px) 100vw, 1024px\" \/><\/figure>\n","protected":false},"excerpt":{"rendered":"<p>A regi\u00e3o do Alto Minho registou desde a passada sexta-feira mais sete mortes associadas \u00e0 Covid-19, 37 novas infe\u00e7\u00f5es e 131 recuperados. Os casos ativos registaram uma nova descida e s\u00e3o agora 389. Segundo o relat\u00f3rio divulgado esta segunda-feira pela Unidade Local de Sa\u00fade do Alto Minho (ULSAM), as v\u00edtimas mortais foram registadas nos concelhos [&hellip;]<\/p>\n","protected":false},"author":12,"featured_media":61148,"comment_status":"closed","ping_status":"closed","sticky":false,"template":"","format":"standard","meta":{"_exactmetrics_skip_tracking":false,"_exactmetrics_sitenote_active":false,"_exactmetrics_sitenote_note":"","_exactmetrics_sitenote_category":0,"footnotes":""},"categories":[73],"tags":[26,27],"class_list":["post-63229","post","type-post","status-publish","format-standard","has-post-thumbnail","hentry","category-alto-minho","tag-saude","tag-sociedade"],"yoast_head":"<!-- This site is optimized with the Yoast SEO Premium plugin v27.5 (Yoast SEO v27.5) - https:\/\/yoast.com\/product\/yoast-seo-premium-wordpress\/ -->\n<title>Mais sete mortes no Alto Minho. Casos ativos descem para 389<\/title>\n<meta name=\"robots\" content=\"index, follow, max-snippet:-1, max-image-preview:large, max-video-preview:-1\" \/>\n<link rel=\"canonical\" href=\"https:\/\/www.altominho.tv\/site\/2021\/03\/01\/mais-sete-mortes-no-alto-minho-casos-ativos-descem-para-389\/\" \/>\n<meta property=\"og:locale\" content=\"pt_PT\" \/>\n<meta property=\"og:type\" content=\"article\" \/>\n<meta property=\"og:title\" content=\"Mais sete mortes no Alto Minho. Casos ativos descem para 389\" \/>\n<meta property=\"og:description\" content=\"A regi\u00e3o do Alto Minho registou desde a passada sexta-feira mais sete mortes associadas \u00e0 Covid-19, 37 novas infe\u00e7\u00f5es e 131 recuperados. Os casos ativos registaram uma nova descida e s\u00e3o agora 389. Segundo o relat\u00f3rio divulgado esta segunda-feira pela Unidade Local de Sa\u00fade do Alto Minho (ULSAM), as v\u00edtimas mortais foram registadas nos concelhos [&hellip;]\" \/>\n<meta property=\"og:url\" content=\"https:\/\/www.altominho.tv\/site\/2021\/03\/01\/mais-sete-mortes-no-alto-minho-casos-ativos-descem-para-389\/\" \/>\n<meta property=\"og:site_name\" content=\"Altominho.tv\" \/>\n<meta property=\"article:publisher\" content=\"https:\/\/www.facebook.com\/altominhotv\" \/>\n<meta property=\"article:published_time\" content=\"2021-03-01T18:54:23+00:00\" \/>\n<meta property=\"article:modified_time\" content=\"2021-03-01T19:00:12+00:00\" \/>\n<meta property=\"og:image\" content=\"https:\/\/www.altominho.tv\/site\/wp-content\/uploads\/2021\/02\/VianaCastelo.jpg\" \/>\n\t<meta property=\"og:image:width\" content=\"1605\" \/>\n\t<meta property=\"og:image:height\" content=\"748\" \/>\n\t<meta property=\"og:image:type\" content=\"image\/jpeg\" \/>\n<meta name=\"author\" content=\"Andreia Ferreira\" \/>\n<meta name=\"twitter:card\" content=\"summary_large_image\" \/>\n<meta name=\"twitter:creator\" content=\"@altominhoTV\" \/>\n<meta name=\"twitter:site\" content=\"@altominhoTV\" \/>\n<meta name=\"twitter:label1\" content=\"Escrito por\" \/>\n\t<meta name=\"twitter:data1\" content=\"Andreia Ferreira\" \/>\n\t<meta name=\"twitter:label2\" content=\"Tempo estimado de leitura\" \/>\n\t<meta name=\"twitter:data2\" content=\"1 minuto\" \/>\n<script type=\"application\/ld+json\" class=\"yoast-schema-graph\">{\"@context\":\"https:\\\/\\\/schema.org\",\"@graph\":[{\"@type\":\"Article\",\"@id\":\"https:\\\/\\\/www.altominho.tv\\\/site\\\/2021\\\/03\\\/01\\\/mais-sete-mortes-no-alto-minho-casos-ativos-descem-para-389\\\/#article\",\"isPartOf\":{\"@id\":\"https:\\\/\\\/www.altominho.tv\\\/site\\\/2021\\\/03\\\/01\\\/mais-sete-mortes-no-alto-minho-casos-ativos-descem-para-389\\\/\"},\"author\":{\"name\":\"Andreia Ferreira\",\"@id\":\"https:\\\/\\\/www.altominho.tv\\\/site\\\/#\\\/schema\\\/person\\\/d9be4265364723f14ea8e0d56a1d38cd\"},\"headline\":\"Mais sete mortes no Alto Minho. Casos ativos descem para 389\",\"datePublished\":\"2021-03-01T18:54:23+00:00\",\"dateModified\":\"2021-03-01T19:00:12+00:00\",\"mainEntityOfPage\":{\"@id\":\"https:\\\/\\\/www.altominho.tv\\\/site\\\/2021\\\/03\\\/01\\\/mais-sete-mortes-no-alto-minho-casos-ativos-descem-para-389\\\/\"},\"wordCount\":165,\"image\":{\"@id\":\"https:\\\/\\\/www.altominho.tv\\\/site\\\/2021\\\/03\\\/01\\\/mais-sete-mortes-no-alto-minho-casos-ativos-descem-para-389\\\/#primaryimage\"},\"thumbnailUrl\":\"https:\\\/\\\/www.altominho.tv\\\/site\\\/wp-content\\\/uploads\\\/2021\\\/02\\\/VianaCastelo.jpg\",\"keywords\":[\"Sa\u00fade\",\"Sociedade\"],\"articleSection\":[\"Alto Minho\"],\"inLanguage\":\"pt-PT\",\"copyrightYear\":\"2021\",\"copyrightHolder\":{\"@id\":\"https:\\\/\\\/www.altominho.tv\\\/site\\\/#organization\"}},{\"@type\":\"WebPage\",\"@id\":\"https:\\\/\\\/www.altominho.tv\\\/site\\\/2021\\\/03\\\/01\\\/mais-sete-mortes-no-alto-minho-casos-ativos-descem-para-389\\\/\",\"url\":\"https:\\\/\\\/www.altominho.tv\\\/site\\\/2021\\\/03\\\/01\\\/mais-sete-mortes-no-alto-minho-casos-ativos-descem-para-389\\\/\",\"name\":\"Mais sete mortes no Alto Minho. Casos ativos descem para 389\",\"isPartOf\":{\"@id\":\"https:\\\/\\\/www.altominho.tv\\\/site\\\/#website\"},\"primaryImageOfPage\":{\"@id\":\"https:\\\/\\\/www.altominho.tv\\\/site\\\/2021\\\/03\\\/01\\\/mais-sete-mortes-no-alto-minho-casos-ativos-descem-para-389\\\/#primaryimage\"},\"image\":{\"@id\":\"https:\\\/\\\/www.altominho.tv\\\/site\\\/2021\\\/03\\\/01\\\/mais-sete-mortes-no-alto-minho-casos-ativos-descem-para-389\\\/#primaryimage\"},\"thumbnailUrl\":\"https:\\\/\\\/www.altominho.tv\\\/site\\\/wp-content\\\/uploads\\\/2021\\\/02\\\/VianaCastelo.jpg\",\"datePublished\":\"2021-03-01T18:54:23+00:00\",\"dateModified\":\"2021-03-01T19:00:12+00:00\",\"author\":{\"@id\":\"https:\\\/\\\/www.altominho.tv\\\/site\\\/#\\\/schema\\\/person\\\/d9be4265364723f14ea8e0d56a1d38cd\"},\"breadcrumb\":{\"@id\":\"https:\\\/\\\/www.altominho.tv\\\/site\\\/2021\\\/03\\\/01\\\/mais-sete-mortes-no-alto-minho-casos-ativos-descem-para-389\\\/#breadcrumb\"},\"inLanguage\":\"pt-PT\",\"potentialAction\":[{\"@type\":\"ReadAction\",\"target\":[\"https:\\\/\\\/www.altominho.tv\\\/site\\\/2021\\\/03\\\/01\\\/mais-sete-mortes-no-alto-minho-casos-ativos-descem-para-389\\\/\"]}]},{\"@type\":\"ImageObject\",\"inLanguage\":\"pt-PT\",\"@id\":\"https:\\\/\\\/www.altominho.tv\\\/site\\\/2021\\\/03\\\/01\\\/mais-sete-mortes-no-alto-minho-casos-ativos-descem-para-389\\\/#primaryimage\",\"url\":\"https:\\\/\\\/www.altominho.tv\\\/site\\\/wp-content\\\/uploads\\\/2021\\\/02\\\/VianaCastelo.jpg\",\"contentUrl\":\"https:\\\/\\\/www.altominho.tv\\\/site\\\/wp-content\\\/uploads\\\/2021\\\/02\\\/VianaCastelo.jpg\",\"width\":1605,\"height\":748},{\"@type\":\"BreadcrumbList\",\"@id\":\"https:\\\/\\\/www.altominho.tv\\\/site\\\/2021\\\/03\\\/01\\\/mais-sete-mortes-no-alto-minho-casos-ativos-descem-para-389\\\/#breadcrumb\",\"itemListElement\":[{\"@type\":\"ListItem\",\"position\":1,\"name\":\"In\u00edcio\",\"item\":\"https:\\\/\\\/www.altominho.tv\\\/site\\\/\"},{\"@type\":\"ListItem\",\"position\":2,\"name\":\"Mais sete mortes no Alto Minho. Casos ativos descem para 389\"}]},{\"@type\":\"WebSite\",\"@id\":\"https:\\\/\\\/www.altominho.tv\\\/site\\\/#website\",\"url\":\"https:\\\/\\\/www.altominho.tv\\\/site\\\/\",\"name\":\"Altominho.tv\",\"description\":\"A sua regi\u00e3o \u00e0 dist\u00e2ncia de um clique...\",\"potentialAction\":[{\"@type\":\"SearchAction\",\"target\":{\"@type\":\"EntryPoint\",\"urlTemplate\":\"https:\\\/\\\/www.altominho.tv\\\/site\\\/?s={search_term_string}\"},\"query-input\":{\"@type\":\"PropertyValueSpecification\",\"valueRequired\":true,\"valueName\":\"search_term_string\"}}],\"inLanguage\":\"pt-PT\"},{\"@type\":\"Person\",\"@id\":\"https:\\\/\\\/www.altominho.tv\\\/site\\\/#\\\/schema\\\/person\\\/d9be4265364723f14ea8e0d56a1d38cd\",\"name\":\"Andreia Ferreira\",\"image\":{\"@type\":\"ImageObject\",\"inLanguage\":\"pt-PT\",\"@id\":\"https:\\\/\\\/www.altominho.tv\\\/site\\\/wp-content\\\/uploads\\\/2021\\\/01\\\/AndreiaFerreira-150x150.jpg\",\"url\":\"https:\\\/\\\/www.altominho.tv\\\/site\\\/wp-content\\\/uploads\\\/2021\\\/01\\\/AndreiaFerreira-150x150.jpg\",\"contentUrl\":\"https:\\\/\\\/www.altominho.tv\\\/site\\\/wp-content\\\/uploads\\\/2021\\\/01\\\/AndreiaFerreira-150x150.jpg\",\"caption\":\"Andreia Ferreira\"},\"url\":\"https:\\\/\\\/www.altominho.tv\\\/site\\\/author\\\/andreiaferreira\\\/\"}]}<\/script>\n<!-- \/ Yoast SEO Premium plugin. -->","yoast_head_json":{"title":"Mais sete mortes no Alto Minho. Casos ativos descem para 389","robots":{"index":"index","follow":"follow","max-snippet":"max-snippet:-1","max-image-preview":"max-image-preview:large","max-video-preview":"max-video-preview:-1"},"canonical":"https:\/\/www.altominho.tv\/site\/2021\/03\/01\/mais-sete-mortes-no-alto-minho-casos-ativos-descem-para-389\/","og_locale":"pt_PT","og_type":"article","og_title":"Mais sete mortes no Alto Minho. Casos ativos descem para 389","og_description":"A regi\u00e3o do Alto Minho registou desde a passada sexta-feira mais sete mortes associadas \u00e0 Covid-19, 37 novas infe\u00e7\u00f5es e 131 recuperados. Os casos ativos registaram uma nova descida e s\u00e3o agora 389. Segundo o relat\u00f3rio divulgado esta segunda-feira pela Unidade Local de Sa\u00fade do Alto Minho (ULSAM), as v\u00edtimas mortais foram registadas nos concelhos [&hellip;]","og_url":"https:\/\/www.altominho.tv\/site\/2021\/03\/01\/mais-sete-mortes-no-alto-minho-casos-ativos-descem-para-389\/","og_site_name":"Altominho.tv","article_publisher":"https:\/\/www.facebook.com\/altominhotv","article_published_time":"2021-03-01T18:54:23+00:00","article_modified_time":"2021-03-01T19:00:12+00:00","og_image":[{"width":1605,"height":748,"url":"https:\/\/www.altominho.tv\/site\/wp-content\/uploads\/2021\/02\/VianaCastelo.jpg","type":"image\/jpeg"}],"author":"Andreia Ferreira","twitter_card":"summary_large_image","twitter_creator":"@altominhoTV","twitter_site":"@altominhoTV","twitter_misc":{"Escrito por":"Andreia Ferreira","Tempo estimado de leitura":"1 minuto"},"schema":{"@context":"https:\/\/schema.org","@graph":[{"@type":"Article","@id":"https:\/\/www.altominho.tv\/site\/2021\/03\/01\/mais-sete-mortes-no-alto-minho-casos-ativos-descem-para-389\/#article","isPartOf":{"@id":"https:\/\/www.altominho.tv\/site\/2021\/03\/01\/mais-sete-mortes-no-alto-minho-casos-ativos-descem-para-389\/"},"author":{"name":"Andreia Ferreira","@id":"https:\/\/www.altominho.tv\/site\/#\/schema\/person\/d9be4265364723f14ea8e0d56a1d38cd"},"headline":"Mais sete mortes no Alto Minho. Casos ativos descem para 389","datePublished":"2021-03-01T18:54:23+00:00","dateModified":"2021-03-01T19:00:12+00:00","mainEntityOfPage":{"@id":"https:\/\/www.altominho.tv\/site\/2021\/03\/01\/mais-sete-mortes-no-alto-minho-casos-ativos-descem-para-389\/"},"wordCount":165,"image":{"@id":"https:\/\/www.altominho.tv\/site\/2021\/03\/01\/mais-sete-mortes-no-alto-minho-casos-ativos-descem-para-389\/#primaryimage"},"thumbnailUrl":"https:\/\/www.altominho.tv\/site\/wp-content\/uploads\/2021\/02\/VianaCastelo.jpg","keywords":["Sa\u00fade","Sociedade"],"articleSection":["Alto Minho"],"inLanguage":"pt-PT","copyrightYear":"2021","copyrightHolder":{"@id":"https:\/\/www.altominho.tv\/site\/#organization"}},{"@type":"WebPage","@id":"https:\/\/www.altominho.tv\/site\/2021\/03\/01\/mais-sete-mortes-no-alto-minho-casos-ativos-descem-para-389\/","url":"https:\/\/www.altominho.tv\/site\/2021\/03\/01\/mais-sete-mortes-no-alto-minho-casos-ativos-descem-para-389\/","name":"Mais sete mortes no Alto Minho. Casos ativos descem para 389","isPartOf":{"@id":"https:\/\/www.altominho.tv\/site\/#website"},"primaryImageOfPage":{"@id":"https:\/\/www.altominho.tv\/site\/2021\/03\/01\/mais-sete-mortes-no-alto-minho-casos-ativos-descem-para-389\/#primaryimage"},"image":{"@id":"https:\/\/www.altominho.tv\/site\/2021\/03\/01\/mais-sete-mortes-no-alto-minho-casos-ativos-descem-para-389\/#primaryimage"},"thumbnailUrl":"https:\/\/www.altominho.tv\/site\/wp-content\/uploads\/2021\/02\/VianaCastelo.jpg","datePublished":"2021-03-01T18:54:23+00:00","dateModified":"2021-03-01T19:00:12+00:00","author":{"@id":"https:\/\/www.altominho.tv\/site\/#\/schema\/person\/d9be4265364723f14ea8e0d56a1d38cd"},"breadcrumb":{"@id":"https:\/\/www.altominho.tv\/site\/2021\/03\/01\/mais-sete-mortes-no-alto-minho-casos-ativos-descem-para-389\/#breadcrumb"},"inLanguage":"pt-PT","potentialAction":[{"@type":"ReadAction","target":["https:\/\/www.altominho.tv\/site\/2021\/03\/01\/mais-sete-mortes-no-alto-minho-casos-ativos-descem-para-389\/"]}]},{"@type":"ImageObject","inLanguage":"pt-PT","@id":"https:\/\/www.altominho.tv\/site\/2021\/03\/01\/mais-sete-mortes-no-alto-minho-casos-ativos-descem-para-389\/#primaryimage","url":"https:\/\/www.altominho.tv\/site\/wp-content\/uploads\/2021\/02\/VianaCastelo.jpg","contentUrl":"https:\/\/www.altominho.tv\/site\/wp-content\/uploads\/2021\/02\/VianaCastelo.jpg","width":1605,"height":748},{"@type":"BreadcrumbList","@id":"https:\/\/www.altominho.tv\/site\/2021\/03\/01\/mais-sete-mortes-no-alto-minho-casos-ativos-descem-para-389\/#breadcrumb","itemListElement":[{"@type":"ListItem","position":1,"name":"In\u00edcio","item":"https:\/\/www.altominho.tv\/site\/"},{"@type":"ListItem","position":2,"name":"Mais sete mortes no Alto Minho. Casos ativos descem para 389"}]},{"@type":"WebSite","@id":"https:\/\/www.altominho.tv\/site\/#website","url":"https:\/\/www.altominho.tv\/site\/","name":"Altominho.tv","description":"A sua regi\u00e3o \u00e0 dist\u00e2ncia de um clique...","potentialAction":[{"@type":"SearchAction","target":{"@type":"EntryPoint","urlTemplate":"https:\/\/www.altominho.tv\/site\/?s={search_term_string}"},"query-input":{"@type":"PropertyValueSpecification","valueRequired":true,"valueName":"search_term_string"}}],"inLanguage":"pt-PT"},{"@type":"Person","@id":"https:\/\/www.altominho.tv\/site\/#\/schema\/person\/d9be4265364723f14ea8e0d56a1d38cd","name":"Andreia Ferreira","image":{"@type":"ImageObject","inLanguage":"pt-PT","@id":"https:\/\/www.altominho.tv\/site\/wp-content\/uploads\/2021\/01\/AndreiaFerreira-150x150.jpg","url":"https:\/\/www.altominho.tv\/site\/wp-content\/uploads\/2021\/01\/AndreiaFerreira-150x150.jpg","contentUrl":"https:\/\/www.altominho.tv\/site\/wp-content\/uploads\/2021\/01\/AndreiaFerreira-150x150.jpg","caption":"Andreia Ferreira"},"url":"https:\/\/www.altominho.tv\/site\/author\/andreiaferreira\/"}]}},"_links":{"self":[{"href":"https:\/\/www.altominho.tv\/site\/wp-json\/wp\/v2\/posts\/63229","targetHints":{"allow":["GET"]}}],"collection":[{"href":"https:\/\/www.altominho.tv\/site\/wp-json\/wp\/v2\/posts"}],"about":[{"href":"https:\/\/www.altominho.tv\/site\/wp-json\/wp\/v2\/types\/post"}],"author":[{"embeddable":true,"href":"https:\/\/www.altominho.tv\/site\/wp-json\/wp\/v2\/users\/12"}],"replies":[{"embeddable":true,"href":"https:\/\/www.altominho.tv\/site\/wp-json\/wp\/v2\/comments?post=63229"}],"version-history":[{"count":0,"href":"https:\/\/www.altominho.tv\/site\/wp-json\/wp\/v2\/posts\/63229\/revisions"}],"wp:featuredmedia":[{"embeddable":true,"href":"https:\/\/www.altominho.tv\/site\/wp-json\/wp\/v2\/media\/61148"}],"wp:attachment":[{"href":"https:\/\/www.altominho.tv\/site\/wp-json\/wp\/v2\/media?parent=63229"}],"wp:term":[{"taxonomy":"category","embeddable":true,"href":"https:\/\/www.altominho.tv\/site\/wp-json\/wp\/v2\/categories?post=63229"},{"taxonomy":"post_tag","embeddable":true,"href":"https:\/\/www.altominho.tv\/site\/wp-json\/wp\/v2\/tags?post=63229"}],"curies":[{"name":"wp","href":"https:\/\/api.w.org\/{rel}","templated":true}]}}