{"id":6302,"date":"2017-12-06T10:27:56","date_gmt":"2017-12-06T10:27:56","guid":{"rendered":"http:\/\/www.altominho.tv\/site\/?p=6302"},"modified":"2017-12-06T10:27:56","modified_gmt":"2017-12-06T10:27:56","slug":"melgaco-promove-a-passagem-de-ano-mais-a-norte-de-portugal","status":"publish","type":"post","link":"https:\/\/www.altominho.tv\/site\/2017\/12\/06\/melgaco-promove-a-passagem-de-ano-mais-a-norte-de-portugal\/","title":{"rendered":"Melga\u00e7o promove &#8220;A Passagem de Ano Mais a Norte de Portugal&#8221;"},"content":{"rendered":"<p>No dia 31 de dezembro, Melga\u00e7o sugere \u2018A Passagem de Ano Mais a Norte de Portugal\u2019. A autarquia melgacense, juntamente com a Associa\u00e7\u00e3o Empresarial Minho Fronteiri\u00e7o, promovem pela primeira vez uma noite de fim de ano. A promessa \u00e9 de bastante anima\u00e7\u00e3o, numa festa que recordar\u00e1 os anos 70, 80 e 90 e que ter\u00e1 como palco as piscinas municipais, a partir das 23h30.<\/p>\n<p>A \u00faltima noite de 2017 ser\u00e1 celebrada com duas pistas de dan\u00e7a e quatro dj\u2019s. O convite estende-se \u00e0 indument\u00e1ria: a organiza\u00e7\u00e3o alicia todos a vestirem-se a rigor para a festa e a celebrarem a chegada do novo ano.\u00a0O pre\u00e7o da entrada \u00e9 de 10\u20ac por pessoa, com duas bebidas de oferta.\u00a0O Bar da Laura, o Alameda Bar, o Rios Bar e o Cova do Le\u00e3o s\u00e3o os bares que integram a iniciativa.<\/p>\n<p>A acompanhar as 12 badaladas, haver\u00e1 passas e n\u00e3o faltar\u00e1 com toda a certeza alvarinho para o brinde.<\/p>\n","protected":false},"excerpt":{"rendered":"<p>No dia 31 de dezembro, Melga\u00e7o sugere \u2018A Passagem de Ano Mais a Norte de Portugal\u2019. A autarquia melgacense, juntamente com a Associa\u00e7\u00e3o Empresarial Minho Fronteiri\u00e7o, promovem pela primeira vez uma noite de fim de ano. A promessa \u00e9 de bastante anima\u00e7\u00e3o, numa festa que recordar\u00e1 os anos 70, 80 e 90 e que ter\u00e1 [&hellip;]<\/p>\n","protected":false},"author":6,"featured_media":6303,"comment_status":"closed","ping_status":"closed","sticky":false,"template":"","format":"standard","meta":{"_exactmetrics_skip_tracking":false,"_exactmetrics_sitenote_active":false,"_exactmetrics_sitenote_note":"","_exactmetrics_sitenote_category":0,"footnotes":""},"categories":[8],"tags":[24],"class_list":["post-6302","post","type-post","status-publish","format-standard","has-post-thumbnail","hentry","category-melgaco","tag-lazer"],"yoast_head":"<!-- This site is optimized with the Yoast SEO Premium plugin v27.5 (Yoast SEO v27.5) - https:\/\/yoast.com\/product\/yoast-seo-premium-wordpress\/ -->\n<title>Melga\u00e7o promove &quot;A Passagem de Ano Mais a Norte de Portugal&quot;<\/title>\n<meta name=\"robots\" content=\"index, follow, max-snippet:-1, max-image-preview:large, max-video-preview:-1\" \/>\n<link rel=\"canonical\" href=\"https:\/\/www.altominho.tv\/site\/2017\/12\/06\/melgaco-promove-a-passagem-de-ano-mais-a-norte-de-portugal\/\" \/>\n<meta property=\"og:locale\" content=\"pt_PT\" \/>\n<meta property=\"og:type\" content=\"article\" \/>\n<meta property=\"og:title\" content=\"Melga\u00e7o promove &quot;A Passagem de Ano Mais a Norte de Portugal&quot;\" \/>\n<meta property=\"og:description\" content=\"No dia 31 de dezembro, Melga\u00e7o sugere \u2018A Passagem de Ano Mais a Norte de Portugal\u2019. A autarquia melgacense, juntamente com a Associa\u00e7\u00e3o Empresarial Minho Fronteiri\u00e7o, promovem pela primeira vez uma noite de fim de ano. A promessa \u00e9 de bastante anima\u00e7\u00e3o, numa festa que recordar\u00e1 os anos 70, 80 e 90 e que ter\u00e1 [&hellip;]\" \/>\n<meta property=\"og:url\" content=\"https:\/\/www.altominho.tv\/site\/2017\/12\/06\/melgaco-promove-a-passagem-de-ano-mais-a-norte-de-portugal\/\" \/>\n<meta property=\"og:site_name\" content=\"Altominho.tv\" \/>\n<meta property=\"article:publisher\" content=\"https:\/\/www.facebook.com\/altominhotv\" \/>\n<meta property=\"article:published_time\" content=\"2017-12-06T10:27:56+00:00\" \/>\n<meta property=\"og:image\" content=\"https:\/\/www.altominho.tv\/site\/wp-content\/uploads\/2017\/12\/ano.jpg\" \/>\n\t<meta property=\"og:image:width\" content=\"1030\" \/>\n\t<meta property=\"og:image:height\" content=\"636\" \/>\n\t<meta property=\"og:image:type\" content=\"image\/jpeg\" \/>\n<meta name=\"author\" content=\"C\u00e1tia Malheiro\" \/>\n<meta name=\"twitter:card\" content=\"summary_large_image\" \/>\n<meta name=\"twitter:creator\" content=\"@altominhoTV\" \/>\n<meta name=\"twitter:site\" content=\"@altominhoTV\" \/>\n<meta name=\"twitter:label1\" content=\"Escrito por\" \/>\n\t<meta name=\"twitter:data1\" content=\"C\u00e1tia Malheiro\" \/>\n\t<meta name=\"twitter:label2\" content=\"Tempo estimado de leitura\" \/>\n\t<meta name=\"twitter:data2\" content=\"1 minuto\" \/>\n<script type=\"application\/ld+json\" class=\"yoast-schema-graph\">{\"@context\":\"https:\\\/\\\/schema.org\",\"@graph\":[{\"@type\":\"Article\",\"@id\":\"https:\\\/\\\/www.altominho.tv\\\/site\\\/2017\\\/12\\\/06\\\/melgaco-promove-a-passagem-de-ano-mais-a-norte-de-portugal\\\/#article\",\"isPartOf\":{\"@id\":\"https:\\\/\\\/www.altominho.tv\\\/site\\\/2017\\\/12\\\/06\\\/melgaco-promove-a-passagem-de-ano-mais-a-norte-de-portugal\\\/\"},\"author\":{\"name\":\"C\u00e1tia Malheiro\",\"@id\":\"https:\\\/\\\/www.altominho.tv\\\/site\\\/#\\\/schema\\\/person\\\/5c9404a8b438614c93da6ca09db92574\"},\"headline\":\"Melga\u00e7o promove &#8220;A Passagem de Ano Mais a Norte de Portugal&#8221;\",\"datePublished\":\"2017-12-06T10:27:56+00:00\",\"mainEntityOfPage\":{\"@id\":\"https:\\\/\\\/www.altominho.tv\\\/site\\\/2017\\\/12\\\/06\\\/melgaco-promove-a-passagem-de-ano-mais-a-norte-de-portugal\\\/\"},\"wordCount\":171,\"image\":{\"@id\":\"https:\\\/\\\/www.altominho.tv\\\/site\\\/2017\\\/12\\\/06\\\/melgaco-promove-a-passagem-de-ano-mais-a-norte-de-portugal\\\/#primaryimage\"},\"thumbnailUrl\":\"https:\\\/\\\/www.altominho.tv\\\/site\\\/wp-content\\\/uploads\\\/2017\\\/12\\\/ano.jpg\",\"keywords\":[\"Lazer\"],\"articleSection\":[\"Melga\u00e7o\"],\"inLanguage\":\"pt-PT\",\"copyrightYear\":\"2017\",\"copyrightHolder\":{\"@id\":\"https:\\\/\\\/www.altominho.tv\\\/site\\\/#organization\"}},{\"@type\":\"WebPage\",\"@id\":\"https:\\\/\\\/www.altominho.tv\\\/site\\\/2017\\\/12\\\/06\\\/melgaco-promove-a-passagem-de-ano-mais-a-norte-de-portugal\\\/\",\"url\":\"https:\\\/\\\/www.altominho.tv\\\/site\\\/2017\\\/12\\\/06\\\/melgaco-promove-a-passagem-de-ano-mais-a-norte-de-portugal\\\/\",\"name\":\"Melga\u00e7o promove \\\"A Passagem de Ano Mais a Norte de Portugal\\\"\",\"isPartOf\":{\"@id\":\"https:\\\/\\\/www.altominho.tv\\\/site\\\/#website\"},\"primaryImageOfPage\":{\"@id\":\"https:\\\/\\\/www.altominho.tv\\\/site\\\/2017\\\/12\\\/06\\\/melgaco-promove-a-passagem-de-ano-mais-a-norte-de-portugal\\\/#primaryimage\"},\"image\":{\"@id\":\"https:\\\/\\\/www.altominho.tv\\\/site\\\/2017\\\/12\\\/06\\\/melgaco-promove-a-passagem-de-ano-mais-a-norte-de-portugal\\\/#primaryimage\"},\"thumbnailUrl\":\"https:\\\/\\\/www.altominho.tv\\\/site\\\/wp-content\\\/uploads\\\/2017\\\/12\\\/ano.jpg\",\"datePublished\":\"2017-12-06T10:27:56+00:00\",\"author\":{\"@id\":\"https:\\\/\\\/www.altominho.tv\\\/site\\\/#\\\/schema\\\/person\\\/5c9404a8b438614c93da6ca09db92574\"},\"breadcrumb\":{\"@id\":\"https:\\\/\\\/www.altominho.tv\\\/site\\\/2017\\\/12\\\/06\\\/melgaco-promove-a-passagem-de-ano-mais-a-norte-de-portugal\\\/#breadcrumb\"},\"inLanguage\":\"pt-PT\",\"potentialAction\":[{\"@type\":\"ReadAction\",\"target\":[\"https:\\\/\\\/www.altominho.tv\\\/site\\\/2017\\\/12\\\/06\\\/melgaco-promove-a-passagem-de-ano-mais-a-norte-de-portugal\\\/\"]}]},{\"@type\":\"ImageObject\",\"inLanguage\":\"pt-PT\",\"@id\":\"https:\\\/\\\/www.altominho.tv\\\/site\\\/2017\\\/12\\\/06\\\/melgaco-promove-a-passagem-de-ano-mais-a-norte-de-portugal\\\/#primaryimage\",\"url\":\"https:\\\/\\\/www.altominho.tv\\\/site\\\/wp-content\\\/uploads\\\/2017\\\/12\\\/ano.jpg\",\"contentUrl\":\"https:\\\/\\\/www.altominho.tv\\\/site\\\/wp-content\\\/uploads\\\/2017\\\/12\\\/ano.jpg\",\"width\":1030,\"height\":636},{\"@type\":\"BreadcrumbList\",\"@id\":\"https:\\\/\\\/www.altominho.tv\\\/site\\\/2017\\\/12\\\/06\\\/melgaco-promove-a-passagem-de-ano-mais-a-norte-de-portugal\\\/#breadcrumb\",\"itemListElement\":[{\"@type\":\"ListItem\",\"position\":1,\"name\":\"In\u00edcio\",\"item\":\"https:\\\/\\\/www.altominho.tv\\\/site\\\/\"},{\"@type\":\"ListItem\",\"position\":2,\"name\":\"Melga\u00e7o promove &#8220;A Passagem de Ano Mais a Norte de Portugal&#8221;\"}]},{\"@type\":\"WebSite\",\"@id\":\"https:\\\/\\\/www.altominho.tv\\\/site\\\/#website\",\"url\":\"https:\\\/\\\/www.altominho.tv\\\/site\\\/\",\"name\":\"Altominho.tv\",\"description\":\"A sua regi\u00e3o \u00e0 dist\u00e2ncia de um clique...\",\"potentialAction\":[{\"@type\":\"SearchAction\",\"target\":{\"@type\":\"EntryPoint\",\"urlTemplate\":\"https:\\\/\\\/www.altominho.tv\\\/site\\\/?s={search_term_string}\"},\"query-input\":{\"@type\":\"PropertyValueSpecification\",\"valueRequired\":true,\"valueName\":\"search_term_string\"}}],\"inLanguage\":\"pt-PT\"},{\"@type\":\"Person\",\"@id\":\"https:\\\/\\\/www.altominho.tv\\\/site\\\/#\\\/schema\\\/person\\\/5c9404a8b438614c93da6ca09db92574\",\"name\":\"C\u00e1tia Malheiro\",\"image\":{\"@type\":\"ImageObject\",\"inLanguage\":\"pt-PT\",\"@id\":\"https:\\\/\\\/www.altominho.tv\\\/site\\\/wp-content\\\/uploads\\\/2017\\\/11\\\/Catia_Malheiro-150x150.jpg\",\"url\":\"https:\\\/\\\/www.altominho.tv\\\/site\\\/wp-content\\\/uploads\\\/2017\\\/11\\\/Catia_Malheiro-150x150.jpg\",\"contentUrl\":\"https:\\\/\\\/www.altominho.tv\\\/site\\\/wp-content\\\/uploads\\\/2017\\\/11\\\/Catia_Malheiro-150x150.jpg\",\"caption\":\"C\u00e1tia Malheiro\"},\"url\":\"https:\\\/\\\/www.altominho.tv\\\/site\\\/author\\\/catiamalheiro\\\/\"}]}<\/script>\n<!-- \/ Yoast SEO Premium plugin. -->","yoast_head_json":{"title":"Melga\u00e7o promove \"A Passagem de Ano Mais a Norte de Portugal\"","robots":{"index":"index","follow":"follow","max-snippet":"max-snippet:-1","max-image-preview":"max-image-preview:large","max-video-preview":"max-video-preview:-1"},"canonical":"https:\/\/www.altominho.tv\/site\/2017\/12\/06\/melgaco-promove-a-passagem-de-ano-mais-a-norte-de-portugal\/","og_locale":"pt_PT","og_type":"article","og_title":"Melga\u00e7o promove \"A Passagem de Ano Mais a Norte de Portugal\"","og_description":"No dia 31 de dezembro, Melga\u00e7o sugere \u2018A Passagem de Ano Mais a Norte de Portugal\u2019. A autarquia melgacense, juntamente com a Associa\u00e7\u00e3o Empresarial Minho Fronteiri\u00e7o, promovem pela primeira vez uma noite de fim de ano. A promessa \u00e9 de bastante anima\u00e7\u00e3o, numa festa que recordar\u00e1 os anos 70, 80 e 90 e que ter\u00e1 [&hellip;]","og_url":"https:\/\/www.altominho.tv\/site\/2017\/12\/06\/melgaco-promove-a-passagem-de-ano-mais-a-norte-de-portugal\/","og_site_name":"Altominho.tv","article_publisher":"https:\/\/www.facebook.com\/altominhotv","article_published_time":"2017-12-06T10:27:56+00:00","og_image":[{"width":1030,"height":636,"url":"https:\/\/www.altominho.tv\/site\/wp-content\/uploads\/2017\/12\/ano.jpg","type":"image\/jpeg"}],"author":"C\u00e1tia Malheiro","twitter_card":"summary_large_image","twitter_creator":"@altominhoTV","twitter_site":"@altominhoTV","twitter_misc":{"Escrito por":"C\u00e1tia Malheiro","Tempo estimado de leitura":"1 minuto"},"schema":{"@context":"https:\/\/schema.org","@graph":[{"@type":"Article","@id":"https:\/\/www.altominho.tv\/site\/2017\/12\/06\/melgaco-promove-a-passagem-de-ano-mais-a-norte-de-portugal\/#article","isPartOf":{"@id":"https:\/\/www.altominho.tv\/site\/2017\/12\/06\/melgaco-promove-a-passagem-de-ano-mais-a-norte-de-portugal\/"},"author":{"name":"C\u00e1tia Malheiro","@id":"https:\/\/www.altominho.tv\/site\/#\/schema\/person\/5c9404a8b438614c93da6ca09db92574"},"headline":"Melga\u00e7o promove &#8220;A Passagem de Ano Mais a Norte de Portugal&#8221;","datePublished":"2017-12-06T10:27:56+00:00","mainEntityOfPage":{"@id":"https:\/\/www.altominho.tv\/site\/2017\/12\/06\/melgaco-promove-a-passagem-de-ano-mais-a-norte-de-portugal\/"},"wordCount":171,"image":{"@id":"https:\/\/www.altominho.tv\/site\/2017\/12\/06\/melgaco-promove-a-passagem-de-ano-mais-a-norte-de-portugal\/#primaryimage"},"thumbnailUrl":"https:\/\/www.altominho.tv\/site\/wp-content\/uploads\/2017\/12\/ano.jpg","keywords":["Lazer"],"articleSection":["Melga\u00e7o"],"inLanguage":"pt-PT","copyrightYear":"2017","copyrightHolder":{"@id":"https:\/\/www.altominho.tv\/site\/#organization"}},{"@type":"WebPage","@id":"https:\/\/www.altominho.tv\/site\/2017\/12\/06\/melgaco-promove-a-passagem-de-ano-mais-a-norte-de-portugal\/","url":"https:\/\/www.altominho.tv\/site\/2017\/12\/06\/melgaco-promove-a-passagem-de-ano-mais-a-norte-de-portugal\/","name":"Melga\u00e7o promove \"A Passagem de Ano Mais a Norte de Portugal\"","isPartOf":{"@id":"https:\/\/www.altominho.tv\/site\/#website"},"primaryImageOfPage":{"@id":"https:\/\/www.altominho.tv\/site\/2017\/12\/06\/melgaco-promove-a-passagem-de-ano-mais-a-norte-de-portugal\/#primaryimage"},"image":{"@id":"https:\/\/www.altominho.tv\/site\/2017\/12\/06\/melgaco-promove-a-passagem-de-ano-mais-a-norte-de-portugal\/#primaryimage"},"thumbnailUrl":"https:\/\/www.altominho.tv\/site\/wp-content\/uploads\/2017\/12\/ano.jpg","datePublished":"2017-12-06T10:27:56+00:00","author":{"@id":"https:\/\/www.altominho.tv\/site\/#\/schema\/person\/5c9404a8b438614c93da6ca09db92574"},"breadcrumb":{"@id":"https:\/\/www.altominho.tv\/site\/2017\/12\/06\/melgaco-promove-a-passagem-de-ano-mais-a-norte-de-portugal\/#breadcrumb"},"inLanguage":"pt-PT","potentialAction":[{"@type":"ReadAction","target":["https:\/\/www.altominho.tv\/site\/2017\/12\/06\/melgaco-promove-a-passagem-de-ano-mais-a-norte-de-portugal\/"]}]},{"@type":"ImageObject","inLanguage":"pt-PT","@id":"https:\/\/www.altominho.tv\/site\/2017\/12\/06\/melgaco-promove-a-passagem-de-ano-mais-a-norte-de-portugal\/#primaryimage","url":"https:\/\/www.altominho.tv\/site\/wp-content\/uploads\/2017\/12\/ano.jpg","contentUrl":"https:\/\/www.altominho.tv\/site\/wp-content\/uploads\/2017\/12\/ano.jpg","width":1030,"height":636},{"@type":"BreadcrumbList","@id":"https:\/\/www.altominho.tv\/site\/2017\/12\/06\/melgaco-promove-a-passagem-de-ano-mais-a-norte-de-portugal\/#breadcrumb","itemListElement":[{"@type":"ListItem","position":1,"name":"In\u00edcio","item":"https:\/\/www.altominho.tv\/site\/"},{"@type":"ListItem","position":2,"name":"Melga\u00e7o promove &#8220;A Passagem de Ano Mais a Norte de Portugal&#8221;"}]},{"@type":"WebSite","@id":"https:\/\/www.altominho.tv\/site\/#website","url":"https:\/\/www.altominho.tv\/site\/","name":"Altominho.tv","description":"A sua regi\u00e3o \u00e0 dist\u00e2ncia de um clique...","potentialAction":[{"@type":"SearchAction","target":{"@type":"EntryPoint","urlTemplate":"https:\/\/www.altominho.tv\/site\/?s={search_term_string}"},"query-input":{"@type":"PropertyValueSpecification","valueRequired":true,"valueName":"search_term_string"}}],"inLanguage":"pt-PT"},{"@type":"Person","@id":"https:\/\/www.altominho.tv\/site\/#\/schema\/person\/5c9404a8b438614c93da6ca09db92574","name":"C\u00e1tia Malheiro","image":{"@type":"ImageObject","inLanguage":"pt-PT","@id":"https:\/\/www.altominho.tv\/site\/wp-content\/uploads\/2017\/11\/Catia_Malheiro-150x150.jpg","url":"https:\/\/www.altominho.tv\/site\/wp-content\/uploads\/2017\/11\/Catia_Malheiro-150x150.jpg","contentUrl":"https:\/\/www.altominho.tv\/site\/wp-content\/uploads\/2017\/11\/Catia_Malheiro-150x150.jpg","caption":"C\u00e1tia Malheiro"},"url":"https:\/\/www.altominho.tv\/site\/author\/catiamalheiro\/"}]}},"_links":{"self":[{"href":"https:\/\/www.altominho.tv\/site\/wp-json\/wp\/v2\/posts\/6302","targetHints":{"allow":["GET"]}}],"collection":[{"href":"https:\/\/www.altominho.tv\/site\/wp-json\/wp\/v2\/posts"}],"about":[{"href":"https:\/\/www.altominho.tv\/site\/wp-json\/wp\/v2\/types\/post"}],"author":[{"embeddable":true,"href":"https:\/\/www.altominho.tv\/site\/wp-json\/wp\/v2\/users\/6"}],"replies":[{"embeddable":true,"href":"https:\/\/www.altominho.tv\/site\/wp-json\/wp\/v2\/comments?post=6302"}],"version-history":[{"count":0,"href":"https:\/\/www.altominho.tv\/site\/wp-json\/wp\/v2\/posts\/6302\/revisions"}],"wp:featuredmedia":[{"embeddable":true,"href":"https:\/\/www.altominho.tv\/site\/wp-json\/wp\/v2\/media\/6303"}],"wp:attachment":[{"href":"https:\/\/www.altominho.tv\/site\/wp-json\/wp\/v2\/media?parent=6302"}],"wp:term":[{"taxonomy":"category","embeddable":true,"href":"https:\/\/www.altominho.tv\/site\/wp-json\/wp\/v2\/categories?post=6302"},{"taxonomy":"post_tag","embeddable":true,"href":"https:\/\/www.altominho.tv\/site\/wp-json\/wp\/v2\/tags?post=6302"}],"curies":[{"name":"wp","href":"https:\/\/api.w.org\/{rel}","templated":true}]}}