{"id":62952,"date":"2021-02-25T11:31:09","date_gmt":"2021-02-25T11:31:09","guid":{"rendered":"https:\/\/www.altominho.tv\/site\/?p=62952"},"modified":"2021-02-25T12:07:12","modified_gmt":"2021-02-25T12:07:12","slug":"centro-coordenador-de-transportes-renovado-para-servir-melhor-a-populacao","status":"publish","type":"post","link":"https:\/\/www.altominho.tv\/site\/2021\/02\/25\/centro-coordenador-de-transportes-renovado-para-servir-melhor-a-populacao\/","title":{"rendered":"Centro Coordenador de Transportes renovado para servir melhor a popula\u00e7\u00e3o"},"content":{"rendered":"\n<p>C\u00e2mara&nbsp;Municipal de Valen\u00e7a est\u00e1 a requalificar o Centro Coordenador de Transportes numa obra&nbsp;or\u00e7amentada&nbsp;em 146 mil euros. Prev\u00ea-se que a interven\u00e7\u00e3o esteja conclu\u00edda no in\u00edcio do ver\u00e3o.<\/p>\n\n\n\n<p>Um espa\u00e7o mais funcional, confort\u00e1vel e adaptado \u00e0s necessidades atuais dos utentes \u00e9 o resultado que se pretende desta interven\u00e7\u00e3o. Uma renovada sala de espera, cinco&nbsp;<em>guich\u00e9s de atendimento,<\/em>&nbsp;das empresas de transporte, que operam no espa\u00e7o, renovados wc\u2019s, com acessos a utentes com mobilidade reduzida, pretendem criar as condi\u00e7\u00f5es para um melhorado servi\u00e7o aos cidad\u00e3os.<\/p>\n\n\n\n<p>A interven\u00e7\u00e3o incide, tamb\u00e9m, nos espa\u00e7os afetos \u00e0 sede da Junta da Uni\u00e3o de Freguesia de Ar\u00e3o, Cristelo C\u00f4vo e Valen\u00e7a. Pretende-se proporcionar melhores condi\u00e7\u00f5es para o atendimento aos cidad\u00e3os no dia a dia, com gabinetes de atendimento, rece\u00e7\u00e3o, wc\u2019s e sala de reuni\u00f5es.&nbsp;<\/p>\n\n\n\n<p>Enquanto decorre a interven\u00e7\u00e3o a C\u00e2mara Municipal preparou duas salas de espera numa carpa anexa ao edif\u00edcio.<\/p>\n\n\n\n<p>A requalifica\u00e7\u00e3o e adapta\u00e7\u00e3o dos equipamentos p\u00fablicos municipais, como escolas, espa\u00e7os desportivos e servi\u00e7os tem sido uma prioridade do Munic\u00edpio no sentido de adaptar equipamentos e servi\u00e7os \u00e0s reais necessidades atuais dos cidad\u00e3os, no sentido de melhor servir.&nbsp;<\/p>\n\n\n\n<p>O Edif\u00edcio do Centro Coordenador de Transportes acolhe, ainda, no piso superior a A.S.R.A.R. &#8211; Associa\u00e7\u00e3o Social e Recreativa dos Aposentados e Reformados do Concelho de Valen\u00e7a, um espa\u00e7o renovado que hoje oferece v\u00e1rias val\u00eancias \u00e0 comunidade.<\/p>\n\n\n\n<p>Este equipamento, datado de 1997, para al\u00e9m das fun\u00e7\u00f5es de Centro Coordenador de Transportes j\u00e1 acolheu diversos servi\u00e7os ao longo destes 24 anos de exist\u00eancia.<\/p>\n","protected":false},"excerpt":{"rendered":"<p>C\u00e2mara&nbsp;Municipal de Valen\u00e7a est\u00e1 a requalificar o Centro Coordenador de Transportes numa obra&nbsp;or\u00e7amentada&nbsp;em 146 mil euros. Prev\u00ea-se que a interven\u00e7\u00e3o esteja conclu\u00edda no in\u00edcio do ver\u00e3o. Um espa\u00e7o mais funcional, confort\u00e1vel e adaptado \u00e0s necessidades atuais dos utentes \u00e9 o resultado que se pretende desta interven\u00e7\u00e3o. Uma renovada sala de espera, cinco&nbsp;guich\u00e9s de atendimento,&nbsp;das empresas [&hellip;]<\/p>\n","protected":false},"author":1,"featured_media":62960,"comment_status":"closed","ping_status":"closed","sticky":false,"template":"","format":"standard","meta":{"_exactmetrics_skip_tracking":false,"_exactmetrics_sitenote_active":false,"_exactmetrics_sitenote_note":"","_exactmetrics_sitenote_category":0,"footnotes":""},"categories":[13],"tags":[27],"class_list":["post-62952","post","type-post","status-publish","format-standard","has-post-thumbnail","hentry","category-valenca","tag-sociedade"],"yoast_head":"<!-- This site is optimized with the Yoast SEO Premium plugin v27.5 (Yoast SEO v27.5) - https:\/\/yoast.com\/product\/yoast-seo-premium-wordpress\/ -->\n<title>Centro Coordenador de Transportes renovado para servir melhor a popula\u00e7\u00e3o<\/title>\n<meta name=\"robots\" content=\"index, follow, max-snippet:-1, max-image-preview:large, max-video-preview:-1\" \/>\n<link rel=\"canonical\" href=\"https:\/\/www.altominho.tv\/site\/2021\/02\/25\/centro-coordenador-de-transportes-renovado-para-servir-melhor-a-populacao\/\" \/>\n<meta property=\"og:locale\" content=\"pt_PT\" \/>\n<meta property=\"og:type\" content=\"article\" \/>\n<meta property=\"og:title\" content=\"Centro Coordenador de Transportes renovado para servir melhor a popula\u00e7\u00e3o\" \/>\n<meta property=\"og:description\" content=\"C\u00e2mara&nbsp;Municipal de Valen\u00e7a est\u00e1 a requalificar o Centro Coordenador de Transportes numa obra&nbsp;or\u00e7amentada&nbsp;em 146 mil euros. Prev\u00ea-se que a interven\u00e7\u00e3o esteja conclu\u00edda no in\u00edcio do ver\u00e3o. Um espa\u00e7o mais funcional, confort\u00e1vel e adaptado \u00e0s necessidades atuais dos utentes \u00e9 o resultado que se pretende desta interven\u00e7\u00e3o. Uma renovada sala de espera, cinco&nbsp;guich\u00e9s de atendimento,&nbsp;das empresas [&hellip;]\" \/>\n<meta property=\"og:url\" content=\"https:\/\/www.altominho.tv\/site\/2021\/02\/25\/centro-coordenador-de-transportes-renovado-para-servir-melhor-a-populacao\/\" \/>\n<meta property=\"og:site_name\" content=\"Altominho.tv\" \/>\n<meta property=\"article:publisher\" content=\"https:\/\/www.facebook.com\/altominhotv\" \/>\n<meta property=\"article:published_time\" content=\"2021-02-25T11:31:09+00:00\" \/>\n<meta property=\"article:modified_time\" content=\"2021-02-25T12:07:12+00:00\" \/>\n<meta property=\"og:image\" content=\"https:\/\/www.altominho.tv\/site\/wp-content\/uploads\/2021\/02\/autocarrosvalenc\u0327a.jpg\" \/>\n\t<meta property=\"og:image:width\" content=\"1000\" \/>\n\t<meta property=\"og:image:height\" content=\"730\" \/>\n\t<meta property=\"og:image:type\" content=\"image\/jpeg\" \/>\n<meta name=\"author\" content=\"Altominho.tv\" \/>\n<meta name=\"twitter:card\" content=\"summary_large_image\" \/>\n<meta name=\"twitter:creator\" content=\"@altominhoTV\" \/>\n<meta name=\"twitter:site\" content=\"@altominhoTV\" \/>\n<meta name=\"twitter:label1\" content=\"Escrito por\" \/>\n\t<meta name=\"twitter:data1\" content=\"Altominho.tv\" \/>\n\t<meta name=\"twitter:label2\" content=\"Tempo estimado de leitura\" \/>\n\t<meta name=\"twitter:data2\" content=\"2 minutos\" \/>\n<script type=\"application\/ld+json\" class=\"yoast-schema-graph\">{\"@context\":\"https:\\\/\\\/schema.org\",\"@graph\":[{\"@type\":\"Article\",\"@id\":\"https:\\\/\\\/www.altominho.tv\\\/site\\\/2021\\\/02\\\/25\\\/centro-coordenador-de-transportes-renovado-para-servir-melhor-a-populacao\\\/#article\",\"isPartOf\":{\"@id\":\"https:\\\/\\\/www.altominho.tv\\\/site\\\/2021\\\/02\\\/25\\\/centro-coordenador-de-transportes-renovado-para-servir-melhor-a-populacao\\\/\"},\"author\":{\"name\":\"Altominho.tv\",\"@id\":\"https:\\\/\\\/www.altominho.tv\\\/site\\\/#\\\/schema\\\/person\\\/4e536851627d7914baf3dac752b6af22\"},\"headline\":\"Centro Coordenador de Transportes renovado para servir melhor a popula\u00e7\u00e3o\",\"datePublished\":\"2021-02-25T11:31:09+00:00\",\"dateModified\":\"2021-02-25T12:07:12+00:00\",\"mainEntityOfPage\":{\"@id\":\"https:\\\/\\\/www.altominho.tv\\\/site\\\/2021\\\/02\\\/25\\\/centro-coordenador-de-transportes-renovado-para-servir-melhor-a-populacao\\\/\"},\"wordCount\":312,\"image\":{\"@id\":\"https:\\\/\\\/www.altominho.tv\\\/site\\\/2021\\\/02\\\/25\\\/centro-coordenador-de-transportes-renovado-para-servir-melhor-a-populacao\\\/#primaryimage\"},\"thumbnailUrl\":\"https:\\\/\\\/www.altominho.tv\\\/site\\\/wp-content\\\/uploads\\\/2021\\\/02\\\/autocarrosvalenc\u0327a.jpg\",\"keywords\":[\"Sociedade\"],\"articleSection\":[\"Valen\u00e7a\"],\"inLanguage\":\"pt-PT\",\"copyrightYear\":\"2021\",\"copyrightHolder\":{\"@id\":\"https:\\\/\\\/www.altominho.tv\\\/site\\\/#organization\"}},{\"@type\":\"WebPage\",\"@id\":\"https:\\\/\\\/www.altominho.tv\\\/site\\\/2021\\\/02\\\/25\\\/centro-coordenador-de-transportes-renovado-para-servir-melhor-a-populacao\\\/\",\"url\":\"https:\\\/\\\/www.altominho.tv\\\/site\\\/2021\\\/02\\\/25\\\/centro-coordenador-de-transportes-renovado-para-servir-melhor-a-populacao\\\/\",\"name\":\"Centro Coordenador de Transportes renovado para servir melhor a popula\u00e7\u00e3o\",\"isPartOf\":{\"@id\":\"https:\\\/\\\/www.altominho.tv\\\/site\\\/#website\"},\"primaryImageOfPage\":{\"@id\":\"https:\\\/\\\/www.altominho.tv\\\/site\\\/2021\\\/02\\\/25\\\/centro-coordenador-de-transportes-renovado-para-servir-melhor-a-populacao\\\/#primaryimage\"},\"image\":{\"@id\":\"https:\\\/\\\/www.altominho.tv\\\/site\\\/2021\\\/02\\\/25\\\/centro-coordenador-de-transportes-renovado-para-servir-melhor-a-populacao\\\/#primaryimage\"},\"thumbnailUrl\":\"https:\\\/\\\/www.altominho.tv\\\/site\\\/wp-content\\\/uploads\\\/2021\\\/02\\\/autocarrosvalenc\u0327a.jpg\",\"datePublished\":\"2021-02-25T11:31:09+00:00\",\"dateModified\":\"2021-02-25T12:07:12+00:00\",\"author\":{\"@id\":\"https:\\\/\\\/www.altominho.tv\\\/site\\\/#\\\/schema\\\/person\\\/4e536851627d7914baf3dac752b6af22\"},\"breadcrumb\":{\"@id\":\"https:\\\/\\\/www.altominho.tv\\\/site\\\/2021\\\/02\\\/25\\\/centro-coordenador-de-transportes-renovado-para-servir-melhor-a-populacao\\\/#breadcrumb\"},\"inLanguage\":\"pt-PT\",\"potentialAction\":[{\"@type\":\"ReadAction\",\"target\":[\"https:\\\/\\\/www.altominho.tv\\\/site\\\/2021\\\/02\\\/25\\\/centro-coordenador-de-transportes-renovado-para-servir-melhor-a-populacao\\\/\"]}]},{\"@type\":\"ImageObject\",\"inLanguage\":\"pt-PT\",\"@id\":\"https:\\\/\\\/www.altominho.tv\\\/site\\\/2021\\\/02\\\/25\\\/centro-coordenador-de-transportes-renovado-para-servir-melhor-a-populacao\\\/#primaryimage\",\"url\":\"https:\\\/\\\/www.altominho.tv\\\/site\\\/wp-content\\\/uploads\\\/2021\\\/02\\\/autocarrosvalenc\u0327a.jpg\",\"contentUrl\":\"https:\\\/\\\/www.altominho.tv\\\/site\\\/wp-content\\\/uploads\\\/2021\\\/02\\\/autocarrosvalenc\u0327a.jpg\",\"width\":1000,\"height\":730},{\"@type\":\"BreadcrumbList\",\"@id\":\"https:\\\/\\\/www.altominho.tv\\\/site\\\/2021\\\/02\\\/25\\\/centro-coordenador-de-transportes-renovado-para-servir-melhor-a-populacao\\\/#breadcrumb\",\"itemListElement\":[{\"@type\":\"ListItem\",\"position\":1,\"name\":\"In\u00edcio\",\"item\":\"https:\\\/\\\/www.altominho.tv\\\/site\\\/\"},{\"@type\":\"ListItem\",\"position\":2,\"name\":\"Centro Coordenador de Transportes renovado para servir melhor a popula\u00e7\u00e3o\"}]},{\"@type\":\"WebSite\",\"@id\":\"https:\\\/\\\/www.altominho.tv\\\/site\\\/#website\",\"url\":\"https:\\\/\\\/www.altominho.tv\\\/site\\\/\",\"name\":\"Altominho.tv\",\"description\":\"A sua regi\u00e3o \u00e0 dist\u00e2ncia de um clique...\",\"potentialAction\":[{\"@type\":\"SearchAction\",\"target\":{\"@type\":\"EntryPoint\",\"urlTemplate\":\"https:\\\/\\\/www.altominho.tv\\\/site\\\/?s={search_term_string}\"},\"query-input\":{\"@type\":\"PropertyValueSpecification\",\"valueRequired\":true,\"valueName\":\"search_term_string\"}}],\"inLanguage\":\"pt-PT\"},{\"@type\":\"Person\",\"@id\":\"https:\\\/\\\/www.altominho.tv\\\/site\\\/#\\\/schema\\\/person\\\/4e536851627d7914baf3dac752b6af22\",\"name\":\"Altominho.tv\",\"image\":{\"@type\":\"ImageObject\",\"inLanguage\":\"pt-PT\",\"@id\":\"https:\\\/\\\/www.altominho.tv\\\/site\\\/wp-content\\\/uploads\\\/2019\\\/11\\\/Logo_Avatar_2-150x150.jpg\",\"url\":\"https:\\\/\\\/www.altominho.tv\\\/site\\\/wp-content\\\/uploads\\\/2019\\\/11\\\/Logo_Avatar_2-150x150.jpg\",\"contentUrl\":\"https:\\\/\\\/www.altominho.tv\\\/site\\\/wp-content\\\/uploads\\\/2019\\\/11\\\/Logo_Avatar_2-150x150.jpg\",\"caption\":\"Altominho.tv\"},\"url\":\"https:\\\/\\\/www.altominho.tv\\\/site\\\/author\\\/altominhotv-tecnico\\\/\"}]}<\/script>\n<!-- \/ Yoast SEO Premium plugin. -->","yoast_head_json":{"title":"Centro Coordenador de Transportes renovado para servir melhor a popula\u00e7\u00e3o","robots":{"index":"index","follow":"follow","max-snippet":"max-snippet:-1","max-image-preview":"max-image-preview:large","max-video-preview":"max-video-preview:-1"},"canonical":"https:\/\/www.altominho.tv\/site\/2021\/02\/25\/centro-coordenador-de-transportes-renovado-para-servir-melhor-a-populacao\/","og_locale":"pt_PT","og_type":"article","og_title":"Centro Coordenador de Transportes renovado para servir melhor a popula\u00e7\u00e3o","og_description":"C\u00e2mara&nbsp;Municipal de Valen\u00e7a est\u00e1 a requalificar o Centro Coordenador de Transportes numa obra&nbsp;or\u00e7amentada&nbsp;em 146 mil euros. Prev\u00ea-se que a interven\u00e7\u00e3o esteja conclu\u00edda no in\u00edcio do ver\u00e3o. Um espa\u00e7o mais funcional, confort\u00e1vel e adaptado \u00e0s necessidades atuais dos utentes \u00e9 o resultado que se pretende desta interven\u00e7\u00e3o. Uma renovada sala de espera, cinco&nbsp;guich\u00e9s de atendimento,&nbsp;das empresas [&hellip;]","og_url":"https:\/\/www.altominho.tv\/site\/2021\/02\/25\/centro-coordenador-de-transportes-renovado-para-servir-melhor-a-populacao\/","og_site_name":"Altominho.tv","article_publisher":"https:\/\/www.facebook.com\/altominhotv","article_published_time":"2021-02-25T11:31:09+00:00","article_modified_time":"2021-02-25T12:07:12+00:00","og_image":[{"width":1000,"height":730,"url":"https:\/\/www.altominho.tv\/site\/wp-content\/uploads\/2021\/02\/autocarrosvalenc\u0327a.jpg","type":"image\/jpeg"}],"author":"Altominho.tv","twitter_card":"summary_large_image","twitter_creator":"@altominhoTV","twitter_site":"@altominhoTV","twitter_misc":{"Escrito por":"Altominho.tv","Tempo estimado de leitura":"2 minutos"},"schema":{"@context":"https:\/\/schema.org","@graph":[{"@type":"Article","@id":"https:\/\/www.altominho.tv\/site\/2021\/02\/25\/centro-coordenador-de-transportes-renovado-para-servir-melhor-a-populacao\/#article","isPartOf":{"@id":"https:\/\/www.altominho.tv\/site\/2021\/02\/25\/centro-coordenador-de-transportes-renovado-para-servir-melhor-a-populacao\/"},"author":{"name":"Altominho.tv","@id":"https:\/\/www.altominho.tv\/site\/#\/schema\/person\/4e536851627d7914baf3dac752b6af22"},"headline":"Centro Coordenador de Transportes renovado para servir melhor a popula\u00e7\u00e3o","datePublished":"2021-02-25T11:31:09+00:00","dateModified":"2021-02-25T12:07:12+00:00","mainEntityOfPage":{"@id":"https:\/\/www.altominho.tv\/site\/2021\/02\/25\/centro-coordenador-de-transportes-renovado-para-servir-melhor-a-populacao\/"},"wordCount":312,"image":{"@id":"https:\/\/www.altominho.tv\/site\/2021\/02\/25\/centro-coordenador-de-transportes-renovado-para-servir-melhor-a-populacao\/#primaryimage"},"thumbnailUrl":"https:\/\/www.altominho.tv\/site\/wp-content\/uploads\/2021\/02\/autocarrosvalenc\u0327a.jpg","keywords":["Sociedade"],"articleSection":["Valen\u00e7a"],"inLanguage":"pt-PT","copyrightYear":"2021","copyrightHolder":{"@id":"https:\/\/www.altominho.tv\/site\/#organization"}},{"@type":"WebPage","@id":"https:\/\/www.altominho.tv\/site\/2021\/02\/25\/centro-coordenador-de-transportes-renovado-para-servir-melhor-a-populacao\/","url":"https:\/\/www.altominho.tv\/site\/2021\/02\/25\/centro-coordenador-de-transportes-renovado-para-servir-melhor-a-populacao\/","name":"Centro Coordenador de Transportes renovado para servir melhor a popula\u00e7\u00e3o","isPartOf":{"@id":"https:\/\/www.altominho.tv\/site\/#website"},"primaryImageOfPage":{"@id":"https:\/\/www.altominho.tv\/site\/2021\/02\/25\/centro-coordenador-de-transportes-renovado-para-servir-melhor-a-populacao\/#primaryimage"},"image":{"@id":"https:\/\/www.altominho.tv\/site\/2021\/02\/25\/centro-coordenador-de-transportes-renovado-para-servir-melhor-a-populacao\/#primaryimage"},"thumbnailUrl":"https:\/\/www.altominho.tv\/site\/wp-content\/uploads\/2021\/02\/autocarrosvalenc\u0327a.jpg","datePublished":"2021-02-25T11:31:09+00:00","dateModified":"2021-02-25T12:07:12+00:00","author":{"@id":"https:\/\/www.altominho.tv\/site\/#\/schema\/person\/4e536851627d7914baf3dac752b6af22"},"breadcrumb":{"@id":"https:\/\/www.altominho.tv\/site\/2021\/02\/25\/centro-coordenador-de-transportes-renovado-para-servir-melhor-a-populacao\/#breadcrumb"},"inLanguage":"pt-PT","potentialAction":[{"@type":"ReadAction","target":["https:\/\/www.altominho.tv\/site\/2021\/02\/25\/centro-coordenador-de-transportes-renovado-para-servir-melhor-a-populacao\/"]}]},{"@type":"ImageObject","inLanguage":"pt-PT","@id":"https:\/\/www.altominho.tv\/site\/2021\/02\/25\/centro-coordenador-de-transportes-renovado-para-servir-melhor-a-populacao\/#primaryimage","url":"https:\/\/www.altominho.tv\/site\/wp-content\/uploads\/2021\/02\/autocarrosvalenc\u0327a.jpg","contentUrl":"https:\/\/www.altominho.tv\/site\/wp-content\/uploads\/2021\/02\/autocarrosvalenc\u0327a.jpg","width":1000,"height":730},{"@type":"BreadcrumbList","@id":"https:\/\/www.altominho.tv\/site\/2021\/02\/25\/centro-coordenador-de-transportes-renovado-para-servir-melhor-a-populacao\/#breadcrumb","itemListElement":[{"@type":"ListItem","position":1,"name":"In\u00edcio","item":"https:\/\/www.altominho.tv\/site\/"},{"@type":"ListItem","position":2,"name":"Centro Coordenador de Transportes renovado para servir melhor a popula\u00e7\u00e3o"}]},{"@type":"WebSite","@id":"https:\/\/www.altominho.tv\/site\/#website","url":"https:\/\/www.altominho.tv\/site\/","name":"Altominho.tv","description":"A sua regi\u00e3o \u00e0 dist\u00e2ncia de um clique...","potentialAction":[{"@type":"SearchAction","target":{"@type":"EntryPoint","urlTemplate":"https:\/\/www.altominho.tv\/site\/?s={search_term_string}"},"query-input":{"@type":"PropertyValueSpecification","valueRequired":true,"valueName":"search_term_string"}}],"inLanguage":"pt-PT"},{"@type":"Person","@id":"https:\/\/www.altominho.tv\/site\/#\/schema\/person\/4e536851627d7914baf3dac752b6af22","name":"Altominho.tv","image":{"@type":"ImageObject","inLanguage":"pt-PT","@id":"https:\/\/www.altominho.tv\/site\/wp-content\/uploads\/2019\/11\/Logo_Avatar_2-150x150.jpg","url":"https:\/\/www.altominho.tv\/site\/wp-content\/uploads\/2019\/11\/Logo_Avatar_2-150x150.jpg","contentUrl":"https:\/\/www.altominho.tv\/site\/wp-content\/uploads\/2019\/11\/Logo_Avatar_2-150x150.jpg","caption":"Altominho.tv"},"url":"https:\/\/www.altominho.tv\/site\/author\/altominhotv-tecnico\/"}]}},"_links":{"self":[{"href":"https:\/\/www.altominho.tv\/site\/wp-json\/wp\/v2\/posts\/62952","targetHints":{"allow":["GET"]}}],"collection":[{"href":"https:\/\/www.altominho.tv\/site\/wp-json\/wp\/v2\/posts"}],"about":[{"href":"https:\/\/www.altominho.tv\/site\/wp-json\/wp\/v2\/types\/post"}],"author":[{"embeddable":true,"href":"https:\/\/www.altominho.tv\/site\/wp-json\/wp\/v2\/users\/1"}],"replies":[{"embeddable":true,"href":"https:\/\/www.altominho.tv\/site\/wp-json\/wp\/v2\/comments?post=62952"}],"version-history":[{"count":0,"href":"https:\/\/www.altominho.tv\/site\/wp-json\/wp\/v2\/posts\/62952\/revisions"}],"wp:featuredmedia":[{"embeddable":true,"href":"https:\/\/www.altominho.tv\/site\/wp-json\/wp\/v2\/media\/62960"}],"wp:attachment":[{"href":"https:\/\/www.altominho.tv\/site\/wp-json\/wp\/v2\/media?parent=62952"}],"wp:term":[{"taxonomy":"category","embeddable":true,"href":"https:\/\/www.altominho.tv\/site\/wp-json\/wp\/v2\/categories?post=62952"},{"taxonomy":"post_tag","embeddable":true,"href":"https:\/\/www.altominho.tv\/site\/wp-json\/wp\/v2\/tags?post=62952"}],"curies":[{"name":"wp","href":"https:\/\/api.w.org\/{rel}","templated":true}]}}