{"id":62819,"date":"2021-02-22T17:34:09","date_gmt":"2021-02-22T17:34:09","guid":{"rendered":"https:\/\/www.altominho.tv\/site\/?p=62819"},"modified":"2021-02-22T17:34:13","modified_gmt":"2021-02-22T17:34:13","slug":"melgaco-apresenta-projeto-pop-up-em-evento-nacional","status":"publish","type":"post","link":"https:\/\/www.altominho.tv\/site\/2021\/02\/22\/melgaco-apresenta-projeto-pop-up-em-evento-nacional\/","title":{"rendered":"Melga\u00e7o apresenta projeto Pop-Up em evento nacional"},"content":{"rendered":"<p>O munic\u00edpio de Melga\u00e7o vai apresentar, no dia 4 de mar\u00e7o, durante o evento &#8220;Maratona das Transfer\u00eancias&#8221;, os resultados do projeto Melga\u00e7o Tem Pop-Up que tem vindo a ser desenvolvido neste concelho.<\/p>\n<p>O evento, que decorrer\u00e1 em formato <em>online<\/em>, vai contar com o testemunho dos 19 parceiros nacionais das redes de transfer\u00eancia URBACT, tratando-se de um &#8220;momento de partilha das experi\u00eancias e dos resultados dos projetos implementados em Portugal&#8221;.<\/p>\n<p>Segundo o munic\u00edpio, a Maratona das Transfer\u00eancias \u00e9 o evento nacional de partilha de experi\u00eancias do programa URBACT III, que marca uma etapa final para estas redes de transfer\u00eancia. &#8220;A iniciativa assume-se como uma oportunidade para os parceiros partilharem, aos n\u00edveis regional e nacional, o que aprenderam com o trabalho em rede, e ainda para alargarem a transfer\u00eancia de boas pr\u00e1ticas a mais cidades e promoverem o di\u00e1logo com partes interessadas. Tamb\u00e9m ser\u00e1 o momento para refletirem em conjunto sobre os sucessos e dificuldades por que passaram, propondo solu\u00e7\u00f5es&#8221;, explica a C\u00e2mara de Melga\u00e7o no comunicado enviado \u00e0 imprensa.<\/p>\n<p>Os peritos URBACT Maria Jo\u00e3o Rauch e Miguel Sousa v\u00e3o conduzir o evento, que decorrer\u00e1 das 09h30 \u00e0s 16h50, organizado em quatro sess\u00f5es.<\/p>\n<h3>Melga\u00e7o tem Pop-Up<\/h3>\n<p>Melga\u00e7o \u00e9 um dos parceiros do projeto de dinamiza\u00e7\u00e3o da economia local que nasceu em Altena, na Alemanha, e conta ainda com a participa\u00e7\u00e3o de Idrija, na Cro\u00e1cia, Nyirbator, na Hungria, Aluksne, na Let\u00f3nia, Isernia, em It\u00e1lia, Manresa, em Espanha, e Igoumenitsa, na Gr\u00e9cia.<\/p>\n<p>O objetivo principal \u00e9 &#8220;reanimar centros urbanos que apresentem decl\u00ednio prolongado fruto da falta de anima\u00e7\u00e3o comercial e reverter a perda de popula\u00e7\u00e3o&#8221; e a estrat\u00e9gia passa, assim, &#8220;pela ocupa\u00e7\u00e3o tempor\u00e1ria de espa\u00e7os comerciais devolutos&#8221;.<\/p>\n<p>Em Melga\u00e7o, o desafio foi aceite por propriet\u00e1rios de lojas e por empreendedores. As primeiras lojas pop-up abriram em outubro de 2019 e, desde o in\u00edcio do programa, j\u00e1 foram desenvolvidos 15 projetos. H\u00e1 sete lojas permanentes e est\u00e3o aprovadas mais oito candidaturas, prevendo-se a abertura de novas lojas durante o m\u00eas de mar\u00e7o. O projeto contou com a ced\u00eancia de 11 espa\u00e7os a t\u00edtulo gratuito.<\/p>\n<p>&#8220;Desde o in\u00edcio que o projeto se revelou um \u00eaxito. Revolucionou toda a din\u00e2mica comercial no centro da vila, sendo reconhecido a n\u00edvel internacional. Hoje, Melga\u00e7o \u00e9 exemplo em toda a Europa&#8221;, afirma a autarquia.<\/p>\n<p>Ainda de acordo com o munic\u00edpio, a situa\u00e7\u00e3o pand\u00e9mica n\u00e3o impediu a continua\u00e7\u00e3o do projeto. &#8220;No nosso munic\u00edpio, o programa URBACT\/Re-growCity\/Melga\u00e7o Tem Pop-UP n\u00e3o foi interrompido pela Covid-19. Desde o in\u00edcio, que a din\u00e2mica se adaptou aos novos tempos de pandemia que vivemos e o empreendedorismo manteve-se. Respeitando as indica\u00e7\u00f5es da Dire\u00e7\u00e3o-Geral da Sa\u00fade, fomos encontrando formas de manter vivo o programa e ativa a vontade dos novos empreendedores que continuaram a procurar informa\u00e7\u00f5es e a desenvolver candidaturas ao projeto&#8221;, sublinhou o presidente da C\u00e2mara Municipal, Manoel Batista.<\/p>\n<p>&#8220;Durante o per\u00edodo de quarentena e confinamento, continuamos ativos na implementa\u00e7\u00e3o do programa, na sua divulga\u00e7\u00e3o e comunica\u00e7\u00e3o&#8221;, acrescentou.<\/p>\n","protected":false},"excerpt":{"rendered":"<p>O munic\u00edpio de Melga\u00e7o vai apresentar, no dia 4 de mar\u00e7o, durante o evento &#8220;Maratona das Transfer\u00eancias&#8221;, os resultados do projeto Melga\u00e7o Tem Pop-Up que tem vindo a ser desenvolvido neste concelho. O evento, que decorrer\u00e1 em formato online, vai contar com o testemunho dos 19 parceiros nacionais das redes de transfer\u00eancia URBACT, tratando-se de [&hellip;]<\/p>\n","protected":false},"author":12,"featured_media":62820,"comment_status":"closed","ping_status":"closed","sticky":false,"template":"","format":"standard","meta":{"_exactmetrics_skip_tracking":false,"_exactmetrics_sitenote_active":false,"_exactmetrics_sitenote_note":"","_exactmetrics_sitenote_category":0,"footnotes":""},"categories":[8],"tags":[27],"class_list":["post-62819","post","type-post","status-publish","format-standard","has-post-thumbnail","hentry","category-melgaco","tag-sociedade"],"yoast_head":"<!-- This site is optimized with the Yoast SEO Premium plugin v27.5 (Yoast SEO v27.5) - https:\/\/yoast.com\/product\/yoast-seo-premium-wordpress\/ -->\n<title>Melga\u00e7o apresenta projeto Pop-Up em evento nacional<\/title>\n<meta name=\"robots\" content=\"index, follow, max-snippet:-1, max-image-preview:large, max-video-preview:-1\" \/>\n<link rel=\"canonical\" href=\"https:\/\/www.altominho.tv\/site\/2021\/02\/22\/melgaco-apresenta-projeto-pop-up-em-evento-nacional\/\" \/>\n<meta property=\"og:locale\" content=\"pt_PT\" \/>\n<meta property=\"og:type\" content=\"article\" \/>\n<meta property=\"og:title\" content=\"Melga\u00e7o apresenta projeto Pop-Up em evento nacional\" \/>\n<meta property=\"og:description\" content=\"O munic\u00edpio de Melga\u00e7o vai apresentar, no dia 4 de mar\u00e7o, durante o evento &#8220;Maratona das Transfer\u00eancias&#8221;, os resultados do projeto Melga\u00e7o Tem Pop-Up que tem vindo a ser desenvolvido neste concelho. O evento, que decorrer\u00e1 em formato online, vai contar com o testemunho dos 19 parceiros nacionais das redes de transfer\u00eancia URBACT, tratando-se de [&hellip;]\" \/>\n<meta property=\"og:url\" content=\"https:\/\/www.altominho.tv\/site\/2021\/02\/22\/melgaco-apresenta-projeto-pop-up-em-evento-nacional\/\" \/>\n<meta property=\"og:site_name\" content=\"Altominho.tv\" \/>\n<meta property=\"article:publisher\" content=\"https:\/\/www.facebook.com\/altominhotv\" \/>\n<meta property=\"article:published_time\" content=\"2021-02-22T17:34:09+00:00\" \/>\n<meta property=\"article:modified_time\" content=\"2021-02-22T17:34:13+00:00\" \/>\n<meta property=\"og:image\" content=\"https:\/\/www.altominho.tv\/site\/wp-content\/uploads\/2021\/02\/MELGACO-TEM-POP-UP-scaled.jpg\" \/>\n\t<meta property=\"og:image:width\" content=\"2560\" \/>\n\t<meta property=\"og:image:height\" content=\"1707\" \/>\n\t<meta property=\"og:image:type\" content=\"image\/jpeg\" \/>\n<meta name=\"author\" content=\"Andreia Ferreira\" \/>\n<meta name=\"twitter:card\" content=\"summary_large_image\" \/>\n<meta name=\"twitter:creator\" content=\"@altominhoTV\" \/>\n<meta name=\"twitter:site\" content=\"@altominhoTV\" \/>\n<meta name=\"twitter:label1\" content=\"Escrito por\" \/>\n\t<meta name=\"twitter:data1\" content=\"Andreia Ferreira\" \/>\n\t<meta name=\"twitter:label2\" content=\"Tempo estimado de leitura\" \/>\n\t<meta name=\"twitter:data2\" content=\"3 minutos\" \/>\n<script type=\"application\/ld+json\" class=\"yoast-schema-graph\">{\"@context\":\"https:\\\/\\\/schema.org\",\"@graph\":[{\"@type\":\"Article\",\"@id\":\"https:\\\/\\\/www.altominho.tv\\\/site\\\/2021\\\/02\\\/22\\\/melgaco-apresenta-projeto-pop-up-em-evento-nacional\\\/#article\",\"isPartOf\":{\"@id\":\"https:\\\/\\\/www.altominho.tv\\\/site\\\/2021\\\/02\\\/22\\\/melgaco-apresenta-projeto-pop-up-em-evento-nacional\\\/\"},\"author\":{\"name\":\"Andreia Ferreira\",\"@id\":\"https:\\\/\\\/www.altominho.tv\\\/site\\\/#\\\/schema\\\/person\\\/d9be4265364723f14ea8e0d56a1d38cd\"},\"headline\":\"Melga\u00e7o apresenta projeto Pop-Up em evento nacional\",\"datePublished\":\"2021-02-22T17:34:09+00:00\",\"dateModified\":\"2021-02-22T17:34:13+00:00\",\"mainEntityOfPage\":{\"@id\":\"https:\\\/\\\/www.altominho.tv\\\/site\\\/2021\\\/02\\\/22\\\/melgaco-apresenta-projeto-pop-up-em-evento-nacional\\\/\"},\"wordCount\":550,\"image\":{\"@id\":\"https:\\\/\\\/www.altominho.tv\\\/site\\\/2021\\\/02\\\/22\\\/melgaco-apresenta-projeto-pop-up-em-evento-nacional\\\/#primaryimage\"},\"thumbnailUrl\":\"https:\\\/\\\/www.altominho.tv\\\/site\\\/wp-content\\\/uploads\\\/2021\\\/02\\\/MELGACO-TEM-POP-UP-scaled.jpg\",\"keywords\":[\"Sociedade\"],\"articleSection\":[\"Melga\u00e7o\"],\"inLanguage\":\"pt-PT\",\"copyrightYear\":\"2021\",\"copyrightHolder\":{\"@id\":\"https:\\\/\\\/www.altominho.tv\\\/site\\\/#organization\"}},{\"@type\":\"WebPage\",\"@id\":\"https:\\\/\\\/www.altominho.tv\\\/site\\\/2021\\\/02\\\/22\\\/melgaco-apresenta-projeto-pop-up-em-evento-nacional\\\/\",\"url\":\"https:\\\/\\\/www.altominho.tv\\\/site\\\/2021\\\/02\\\/22\\\/melgaco-apresenta-projeto-pop-up-em-evento-nacional\\\/\",\"name\":\"Melga\u00e7o apresenta projeto Pop-Up em evento nacional\",\"isPartOf\":{\"@id\":\"https:\\\/\\\/www.altominho.tv\\\/site\\\/#website\"},\"primaryImageOfPage\":{\"@id\":\"https:\\\/\\\/www.altominho.tv\\\/site\\\/2021\\\/02\\\/22\\\/melgaco-apresenta-projeto-pop-up-em-evento-nacional\\\/#primaryimage\"},\"image\":{\"@id\":\"https:\\\/\\\/www.altominho.tv\\\/site\\\/2021\\\/02\\\/22\\\/melgaco-apresenta-projeto-pop-up-em-evento-nacional\\\/#primaryimage\"},\"thumbnailUrl\":\"https:\\\/\\\/www.altominho.tv\\\/site\\\/wp-content\\\/uploads\\\/2021\\\/02\\\/MELGACO-TEM-POP-UP-scaled.jpg\",\"datePublished\":\"2021-02-22T17:34:09+00:00\",\"dateModified\":\"2021-02-22T17:34:13+00:00\",\"author\":{\"@id\":\"https:\\\/\\\/www.altominho.tv\\\/site\\\/#\\\/schema\\\/person\\\/d9be4265364723f14ea8e0d56a1d38cd\"},\"breadcrumb\":{\"@id\":\"https:\\\/\\\/www.altominho.tv\\\/site\\\/2021\\\/02\\\/22\\\/melgaco-apresenta-projeto-pop-up-em-evento-nacional\\\/#breadcrumb\"},\"inLanguage\":\"pt-PT\",\"potentialAction\":[{\"@type\":\"ReadAction\",\"target\":[\"https:\\\/\\\/www.altominho.tv\\\/site\\\/2021\\\/02\\\/22\\\/melgaco-apresenta-projeto-pop-up-em-evento-nacional\\\/\"]}]},{\"@type\":\"ImageObject\",\"inLanguage\":\"pt-PT\",\"@id\":\"https:\\\/\\\/www.altominho.tv\\\/site\\\/2021\\\/02\\\/22\\\/melgaco-apresenta-projeto-pop-up-em-evento-nacional\\\/#primaryimage\",\"url\":\"https:\\\/\\\/www.altominho.tv\\\/site\\\/wp-content\\\/uploads\\\/2021\\\/02\\\/MELGACO-TEM-POP-UP-scaled.jpg\",\"contentUrl\":\"https:\\\/\\\/www.altominho.tv\\\/site\\\/wp-content\\\/uploads\\\/2021\\\/02\\\/MELGACO-TEM-POP-UP-scaled.jpg\",\"width\":2560,\"height\":1707},{\"@type\":\"BreadcrumbList\",\"@id\":\"https:\\\/\\\/www.altominho.tv\\\/site\\\/2021\\\/02\\\/22\\\/melgaco-apresenta-projeto-pop-up-em-evento-nacional\\\/#breadcrumb\",\"itemListElement\":[{\"@type\":\"ListItem\",\"position\":1,\"name\":\"In\u00edcio\",\"item\":\"https:\\\/\\\/www.altominho.tv\\\/site\\\/\"},{\"@type\":\"ListItem\",\"position\":2,\"name\":\"Melga\u00e7o apresenta projeto Pop-Up em evento nacional\"}]},{\"@type\":\"WebSite\",\"@id\":\"https:\\\/\\\/www.altominho.tv\\\/site\\\/#website\",\"url\":\"https:\\\/\\\/www.altominho.tv\\\/site\\\/\",\"name\":\"Altominho.tv\",\"description\":\"A sua regi\u00e3o \u00e0 dist\u00e2ncia de um clique...\",\"potentialAction\":[{\"@type\":\"SearchAction\",\"target\":{\"@type\":\"EntryPoint\",\"urlTemplate\":\"https:\\\/\\\/www.altominho.tv\\\/site\\\/?s={search_term_string}\"},\"query-input\":{\"@type\":\"PropertyValueSpecification\",\"valueRequired\":true,\"valueName\":\"search_term_string\"}}],\"inLanguage\":\"pt-PT\"},{\"@type\":\"Person\",\"@id\":\"https:\\\/\\\/www.altominho.tv\\\/site\\\/#\\\/schema\\\/person\\\/d9be4265364723f14ea8e0d56a1d38cd\",\"name\":\"Andreia Ferreira\",\"image\":{\"@type\":\"ImageObject\",\"inLanguage\":\"pt-PT\",\"@id\":\"https:\\\/\\\/www.altominho.tv\\\/site\\\/wp-content\\\/uploads\\\/2021\\\/01\\\/AndreiaFerreira-150x150.jpg\",\"url\":\"https:\\\/\\\/www.altominho.tv\\\/site\\\/wp-content\\\/uploads\\\/2021\\\/01\\\/AndreiaFerreira-150x150.jpg\",\"contentUrl\":\"https:\\\/\\\/www.altominho.tv\\\/site\\\/wp-content\\\/uploads\\\/2021\\\/01\\\/AndreiaFerreira-150x150.jpg\",\"caption\":\"Andreia Ferreira\"},\"url\":\"https:\\\/\\\/www.altominho.tv\\\/site\\\/author\\\/andreiaferreira\\\/\"}]}<\/script>\n<!-- \/ Yoast SEO Premium plugin. -->","yoast_head_json":{"title":"Melga\u00e7o apresenta projeto Pop-Up em evento nacional","robots":{"index":"index","follow":"follow","max-snippet":"max-snippet:-1","max-image-preview":"max-image-preview:large","max-video-preview":"max-video-preview:-1"},"canonical":"https:\/\/www.altominho.tv\/site\/2021\/02\/22\/melgaco-apresenta-projeto-pop-up-em-evento-nacional\/","og_locale":"pt_PT","og_type":"article","og_title":"Melga\u00e7o apresenta projeto Pop-Up em evento nacional","og_description":"O munic\u00edpio de Melga\u00e7o vai apresentar, no dia 4 de mar\u00e7o, durante o evento &#8220;Maratona das Transfer\u00eancias&#8221;, os resultados do projeto Melga\u00e7o Tem Pop-Up que tem vindo a ser desenvolvido neste concelho. O evento, que decorrer\u00e1 em formato online, vai contar com o testemunho dos 19 parceiros nacionais das redes de transfer\u00eancia URBACT, tratando-se de [&hellip;]","og_url":"https:\/\/www.altominho.tv\/site\/2021\/02\/22\/melgaco-apresenta-projeto-pop-up-em-evento-nacional\/","og_site_name":"Altominho.tv","article_publisher":"https:\/\/www.facebook.com\/altominhotv","article_published_time":"2021-02-22T17:34:09+00:00","article_modified_time":"2021-02-22T17:34:13+00:00","og_image":[{"width":2560,"height":1707,"url":"https:\/\/www.altominho.tv\/site\/wp-content\/uploads\/2021\/02\/MELGACO-TEM-POP-UP-scaled.jpg","type":"image\/jpeg"}],"author":"Andreia Ferreira","twitter_card":"summary_large_image","twitter_creator":"@altominhoTV","twitter_site":"@altominhoTV","twitter_misc":{"Escrito por":"Andreia Ferreira","Tempo estimado de leitura":"3 minutos"},"schema":{"@context":"https:\/\/schema.org","@graph":[{"@type":"Article","@id":"https:\/\/www.altominho.tv\/site\/2021\/02\/22\/melgaco-apresenta-projeto-pop-up-em-evento-nacional\/#article","isPartOf":{"@id":"https:\/\/www.altominho.tv\/site\/2021\/02\/22\/melgaco-apresenta-projeto-pop-up-em-evento-nacional\/"},"author":{"name":"Andreia Ferreira","@id":"https:\/\/www.altominho.tv\/site\/#\/schema\/person\/d9be4265364723f14ea8e0d56a1d38cd"},"headline":"Melga\u00e7o apresenta projeto Pop-Up em evento nacional","datePublished":"2021-02-22T17:34:09+00:00","dateModified":"2021-02-22T17:34:13+00:00","mainEntityOfPage":{"@id":"https:\/\/www.altominho.tv\/site\/2021\/02\/22\/melgaco-apresenta-projeto-pop-up-em-evento-nacional\/"},"wordCount":550,"image":{"@id":"https:\/\/www.altominho.tv\/site\/2021\/02\/22\/melgaco-apresenta-projeto-pop-up-em-evento-nacional\/#primaryimage"},"thumbnailUrl":"https:\/\/www.altominho.tv\/site\/wp-content\/uploads\/2021\/02\/MELGACO-TEM-POP-UP-scaled.jpg","keywords":["Sociedade"],"articleSection":["Melga\u00e7o"],"inLanguage":"pt-PT","copyrightYear":"2021","copyrightHolder":{"@id":"https:\/\/www.altominho.tv\/site\/#organization"}},{"@type":"WebPage","@id":"https:\/\/www.altominho.tv\/site\/2021\/02\/22\/melgaco-apresenta-projeto-pop-up-em-evento-nacional\/","url":"https:\/\/www.altominho.tv\/site\/2021\/02\/22\/melgaco-apresenta-projeto-pop-up-em-evento-nacional\/","name":"Melga\u00e7o apresenta projeto Pop-Up em evento nacional","isPartOf":{"@id":"https:\/\/www.altominho.tv\/site\/#website"},"primaryImageOfPage":{"@id":"https:\/\/www.altominho.tv\/site\/2021\/02\/22\/melgaco-apresenta-projeto-pop-up-em-evento-nacional\/#primaryimage"},"image":{"@id":"https:\/\/www.altominho.tv\/site\/2021\/02\/22\/melgaco-apresenta-projeto-pop-up-em-evento-nacional\/#primaryimage"},"thumbnailUrl":"https:\/\/www.altominho.tv\/site\/wp-content\/uploads\/2021\/02\/MELGACO-TEM-POP-UP-scaled.jpg","datePublished":"2021-02-22T17:34:09+00:00","dateModified":"2021-02-22T17:34:13+00:00","author":{"@id":"https:\/\/www.altominho.tv\/site\/#\/schema\/person\/d9be4265364723f14ea8e0d56a1d38cd"},"breadcrumb":{"@id":"https:\/\/www.altominho.tv\/site\/2021\/02\/22\/melgaco-apresenta-projeto-pop-up-em-evento-nacional\/#breadcrumb"},"inLanguage":"pt-PT","potentialAction":[{"@type":"ReadAction","target":["https:\/\/www.altominho.tv\/site\/2021\/02\/22\/melgaco-apresenta-projeto-pop-up-em-evento-nacional\/"]}]},{"@type":"ImageObject","inLanguage":"pt-PT","@id":"https:\/\/www.altominho.tv\/site\/2021\/02\/22\/melgaco-apresenta-projeto-pop-up-em-evento-nacional\/#primaryimage","url":"https:\/\/www.altominho.tv\/site\/wp-content\/uploads\/2021\/02\/MELGACO-TEM-POP-UP-scaled.jpg","contentUrl":"https:\/\/www.altominho.tv\/site\/wp-content\/uploads\/2021\/02\/MELGACO-TEM-POP-UP-scaled.jpg","width":2560,"height":1707},{"@type":"BreadcrumbList","@id":"https:\/\/www.altominho.tv\/site\/2021\/02\/22\/melgaco-apresenta-projeto-pop-up-em-evento-nacional\/#breadcrumb","itemListElement":[{"@type":"ListItem","position":1,"name":"In\u00edcio","item":"https:\/\/www.altominho.tv\/site\/"},{"@type":"ListItem","position":2,"name":"Melga\u00e7o apresenta projeto Pop-Up em evento nacional"}]},{"@type":"WebSite","@id":"https:\/\/www.altominho.tv\/site\/#website","url":"https:\/\/www.altominho.tv\/site\/","name":"Altominho.tv","description":"A sua regi\u00e3o \u00e0 dist\u00e2ncia de um clique...","potentialAction":[{"@type":"SearchAction","target":{"@type":"EntryPoint","urlTemplate":"https:\/\/www.altominho.tv\/site\/?s={search_term_string}"},"query-input":{"@type":"PropertyValueSpecification","valueRequired":true,"valueName":"search_term_string"}}],"inLanguage":"pt-PT"},{"@type":"Person","@id":"https:\/\/www.altominho.tv\/site\/#\/schema\/person\/d9be4265364723f14ea8e0d56a1d38cd","name":"Andreia Ferreira","image":{"@type":"ImageObject","inLanguage":"pt-PT","@id":"https:\/\/www.altominho.tv\/site\/wp-content\/uploads\/2021\/01\/AndreiaFerreira-150x150.jpg","url":"https:\/\/www.altominho.tv\/site\/wp-content\/uploads\/2021\/01\/AndreiaFerreira-150x150.jpg","contentUrl":"https:\/\/www.altominho.tv\/site\/wp-content\/uploads\/2021\/01\/AndreiaFerreira-150x150.jpg","caption":"Andreia Ferreira"},"url":"https:\/\/www.altominho.tv\/site\/author\/andreiaferreira\/"}]}},"_links":{"self":[{"href":"https:\/\/www.altominho.tv\/site\/wp-json\/wp\/v2\/posts\/62819","targetHints":{"allow":["GET"]}}],"collection":[{"href":"https:\/\/www.altominho.tv\/site\/wp-json\/wp\/v2\/posts"}],"about":[{"href":"https:\/\/www.altominho.tv\/site\/wp-json\/wp\/v2\/types\/post"}],"author":[{"embeddable":true,"href":"https:\/\/www.altominho.tv\/site\/wp-json\/wp\/v2\/users\/12"}],"replies":[{"embeddable":true,"href":"https:\/\/www.altominho.tv\/site\/wp-json\/wp\/v2\/comments?post=62819"}],"version-history":[{"count":0,"href":"https:\/\/www.altominho.tv\/site\/wp-json\/wp\/v2\/posts\/62819\/revisions"}],"wp:featuredmedia":[{"embeddable":true,"href":"https:\/\/www.altominho.tv\/site\/wp-json\/wp\/v2\/media\/62820"}],"wp:attachment":[{"href":"https:\/\/www.altominho.tv\/site\/wp-json\/wp\/v2\/media?parent=62819"}],"wp:term":[{"taxonomy":"category","embeddable":true,"href":"https:\/\/www.altominho.tv\/site\/wp-json\/wp\/v2\/categories?post=62819"},{"taxonomy":"post_tag","embeddable":true,"href":"https:\/\/www.altominho.tv\/site\/wp-json\/wp\/v2\/tags?post=62819"}],"curies":[{"name":"wp","href":"https:\/\/api.w.org\/{rel}","templated":true}]}}