{"id":62694,"date":"2021-02-20T12:28:51","date_gmt":"2021-02-20T12:28:51","guid":{"rendered":"https:\/\/www.altominho.tv\/site\/?p=62694"},"modified":"2021-02-20T12:28:52","modified_gmt":"2021-02-20T12:28:52","slug":"dezenas-manifestaram-se-contra-encerramento-de-fronteira-em-melgaco","status":"publish","type":"post","link":"https:\/\/www.altominho.tv\/site\/2021\/02\/20\/dezenas-manifestaram-se-contra-encerramento-de-fronteira-em-melgaco\/","title":{"rendered":"Dezenas manifestaram-se contra encerramento de fronteira em Melga\u00e7o"},"content":{"rendered":"\n<figure class=\"wp-block-embed is-type-video is-provider-youtube wp-block-embed-youtube wp-embed-aspect-16-9 wp-has-aspect-ratio\"><div class=\"wp-block-embed__wrapper\">\n<iframe loading=\"lazy\" title=\"Dezenas manifestaram-se contra encerramento de fronteira em Melga\u00e7o | Altominho TV\" width=\"770\" height=\"433\" src=\"https:\/\/www.youtube.com\/embed\/xfu3vfAWFsM?feature=oembed\" frameborder=\"0\" allow=\"accelerometer; autoplay; clipboard-write; encrypted-media; gyroscope; picture-in-picture\" allowfullscreen><\/iframe>\n<\/div><\/figure>\n\n\n\n<p>Uma manifesta\u00e7\u00e3o na fronteira de S\u00e3o Greg\u00f3rio, no concelho de Melga\u00e7o, com Pontebarxas, no concelho de Padrenda, reuniu as popula\u00e7\u00f5es das duas localidades vizinhas em apelo pela reabertura deste ponto de passagem. Dezenas de trabalhadores transfronteiri\u00e7os foram prejudicados pelo encerramento da fronteira.<\/p>\n","protected":false},"excerpt":{"rendered":"<p>Uma manifesta\u00e7\u00e3o na fronteira de S\u00e3o Greg\u00f3rio, no concelho de Melga\u00e7o, com Pontebarxas, no concelho de Padrenda, reuniu as popula\u00e7\u00f5es das duas localidades vizinhas em apelo pela reabertura deste ponto de passagem. Dezenas de trabalhadores transfronteiri\u00e7os foram prejudicados pelo encerramento da fronteira.<\/p>\n","protected":false},"author":8,"featured_media":62695,"comment_status":"closed","ping_status":"closed","sticky":false,"template":"","format":"video","meta":{"_exactmetrics_skip_tracking":false,"_exactmetrics_sitenote_active":false,"_exactmetrics_sitenote_note":"","_exactmetrics_sitenote_category":0,"footnotes":""},"categories":[8],"tags":[27],"class_list":["post-62694","post","type-post","status-publish","format-video","has-post-thumbnail","hentry","category-melgaco","tag-sociedade","post_format-post-format-video"],"yoast_head":"<!-- This site is optimized with the Yoast SEO Premium plugin v27.5 (Yoast SEO v27.5) - https:\/\/yoast.com\/product\/yoast-seo-premium-wordpress\/ -->\n<title>Dezenas manifestaram-se contra encerramento de fronteira em Melga\u00e7o<\/title>\n<meta name=\"robots\" content=\"index, follow, max-snippet:-1, max-image-preview:large, max-video-preview:-1\" \/>\n<link rel=\"canonical\" href=\"https:\/\/www.altominho.tv\/site\/2021\/02\/20\/dezenas-manifestaram-se-contra-encerramento-de-fronteira-em-melgaco\/\" \/>\n<meta property=\"og:locale\" content=\"pt_PT\" \/>\n<meta property=\"og:type\" content=\"article\" \/>\n<meta property=\"og:title\" content=\"Dezenas manifestaram-se contra encerramento de fronteira em Melga\u00e7o\" \/>\n<meta property=\"og:description\" content=\"Uma manifesta\u00e7\u00e3o na fronteira de S\u00e3o Greg\u00f3rio, no concelho de Melga\u00e7o, com Pontebarxas, no concelho de Padrenda, reuniu as popula\u00e7\u00f5es das duas localidades vizinhas em apelo pela reabertura deste ponto de passagem. Dezenas de trabalhadores transfronteiri\u00e7os foram prejudicados pelo encerramento da fronteira.\" \/>\n<meta property=\"og:url\" content=\"https:\/\/www.altominho.tv\/site\/2021\/02\/20\/dezenas-manifestaram-se-contra-encerramento-de-fronteira-em-melgaco\/\" \/>\n<meta property=\"og:site_name\" content=\"Altominho.tv\" \/>\n<meta property=\"article:publisher\" content=\"https:\/\/www.facebook.com\/altominhotv\" \/>\n<meta property=\"article:published_time\" content=\"2021-02-20T12:28:51+00:00\" \/>\n<meta property=\"article:modified_time\" content=\"2021-02-20T12:28:52+00:00\" \/>\n<meta property=\"og:image\" content=\"https:\/\/www.altominho.tv\/site\/wp-content\/uploads\/2021\/02\/manif.jpg\" \/>\n\t<meta property=\"og:image:width\" content=\"1920\" \/>\n\t<meta property=\"og:image:height\" content=\"1080\" \/>\n\t<meta property=\"og:image:type\" content=\"image\/jpeg\" \/>\n<meta name=\"author\" content=\"Alexandre Ferreira\" \/>\n<meta name=\"twitter:card\" content=\"summary_large_image\" \/>\n<meta name=\"twitter:creator\" content=\"@altominhoTV\" \/>\n<meta name=\"twitter:site\" content=\"@altominhoTV\" \/>\n<meta name=\"twitter:label1\" content=\"Escrito por\" \/>\n\t<meta name=\"twitter:data1\" content=\"Alexandre Ferreira\" \/>\n<script type=\"application\/ld+json\" class=\"yoast-schema-graph\">{\"@context\":\"https:\\\/\\\/schema.org\",\"@graph\":[{\"@type\":\"Article\",\"@id\":\"https:\\\/\\\/www.altominho.tv\\\/site\\\/2021\\\/02\\\/20\\\/dezenas-manifestaram-se-contra-encerramento-de-fronteira-em-melgaco\\\/#article\",\"isPartOf\":{\"@id\":\"https:\\\/\\\/www.altominho.tv\\\/site\\\/2021\\\/02\\\/20\\\/dezenas-manifestaram-se-contra-encerramento-de-fronteira-em-melgaco\\\/\"},\"author\":{\"name\":\"Alexandre Ferreira\",\"@id\":\"https:\\\/\\\/www.altominho.tv\\\/site\\\/#\\\/schema\\\/person\\\/56c462a0f6591602f4e9fb3fa6ea49bd\"},\"headline\":\"Dezenas manifestaram-se contra encerramento de fronteira em Melga\u00e7o\",\"datePublished\":\"2021-02-20T12:28:51+00:00\",\"dateModified\":\"2021-02-20T12:28:52+00:00\",\"mainEntityOfPage\":{\"@id\":\"https:\\\/\\\/www.altominho.tv\\\/site\\\/2021\\\/02\\\/20\\\/dezenas-manifestaram-se-contra-encerramento-de-fronteira-em-melgaco\\\/\"},\"wordCount\":62,\"image\":{\"@id\":\"https:\\\/\\\/www.altominho.tv\\\/site\\\/2021\\\/02\\\/20\\\/dezenas-manifestaram-se-contra-encerramento-de-fronteira-em-melgaco\\\/#primaryimage\"},\"thumbnailUrl\":\"https:\\\/\\\/www.altominho.tv\\\/site\\\/wp-content\\\/uploads\\\/2021\\\/02\\\/manif.jpg\",\"keywords\":[\"Sociedade\"],\"articleSection\":[\"Melga\u00e7o\"],\"inLanguage\":\"pt-PT\",\"copyrightYear\":\"2021\",\"copyrightHolder\":{\"@id\":\"https:\\\/\\\/www.altominho.tv\\\/site\\\/#organization\"}},{\"@type\":\"WebPage\",\"@id\":\"https:\\\/\\\/www.altominho.tv\\\/site\\\/2021\\\/02\\\/20\\\/dezenas-manifestaram-se-contra-encerramento-de-fronteira-em-melgaco\\\/\",\"url\":\"https:\\\/\\\/www.altominho.tv\\\/site\\\/2021\\\/02\\\/20\\\/dezenas-manifestaram-se-contra-encerramento-de-fronteira-em-melgaco\\\/\",\"name\":\"Dezenas manifestaram-se contra encerramento de fronteira em Melga\u00e7o\",\"isPartOf\":{\"@id\":\"https:\\\/\\\/www.altominho.tv\\\/site\\\/#website\"},\"primaryImageOfPage\":{\"@id\":\"https:\\\/\\\/www.altominho.tv\\\/site\\\/2021\\\/02\\\/20\\\/dezenas-manifestaram-se-contra-encerramento-de-fronteira-em-melgaco\\\/#primaryimage\"},\"image\":{\"@id\":\"https:\\\/\\\/www.altominho.tv\\\/site\\\/2021\\\/02\\\/20\\\/dezenas-manifestaram-se-contra-encerramento-de-fronteira-em-melgaco\\\/#primaryimage\"},\"thumbnailUrl\":\"https:\\\/\\\/www.altominho.tv\\\/site\\\/wp-content\\\/uploads\\\/2021\\\/02\\\/manif.jpg\",\"datePublished\":\"2021-02-20T12:28:51+00:00\",\"dateModified\":\"2021-02-20T12:28:52+00:00\",\"author\":{\"@id\":\"https:\\\/\\\/www.altominho.tv\\\/site\\\/#\\\/schema\\\/person\\\/56c462a0f6591602f4e9fb3fa6ea49bd\"},\"breadcrumb\":{\"@id\":\"https:\\\/\\\/www.altominho.tv\\\/site\\\/2021\\\/02\\\/20\\\/dezenas-manifestaram-se-contra-encerramento-de-fronteira-em-melgaco\\\/#breadcrumb\"},\"inLanguage\":\"pt-PT\",\"potentialAction\":[{\"@type\":\"ReadAction\",\"target\":[\"https:\\\/\\\/www.altominho.tv\\\/site\\\/2021\\\/02\\\/20\\\/dezenas-manifestaram-se-contra-encerramento-de-fronteira-em-melgaco\\\/\"]}]},{\"@type\":\"ImageObject\",\"inLanguage\":\"pt-PT\",\"@id\":\"https:\\\/\\\/www.altominho.tv\\\/site\\\/2021\\\/02\\\/20\\\/dezenas-manifestaram-se-contra-encerramento-de-fronteira-em-melgaco\\\/#primaryimage\",\"url\":\"https:\\\/\\\/www.altominho.tv\\\/site\\\/wp-content\\\/uploads\\\/2021\\\/02\\\/manif.jpg\",\"contentUrl\":\"https:\\\/\\\/www.altominho.tv\\\/site\\\/wp-content\\\/uploads\\\/2021\\\/02\\\/manif.jpg\",\"width\":1920,\"height\":1080},{\"@type\":\"BreadcrumbList\",\"@id\":\"https:\\\/\\\/www.altominho.tv\\\/site\\\/2021\\\/02\\\/20\\\/dezenas-manifestaram-se-contra-encerramento-de-fronteira-em-melgaco\\\/#breadcrumb\",\"itemListElement\":[{\"@type\":\"ListItem\",\"position\":1,\"name\":\"In\u00edcio\",\"item\":\"https:\\\/\\\/www.altominho.tv\\\/site\\\/\"},{\"@type\":\"ListItem\",\"position\":2,\"name\":\"Dezenas manifestaram-se contra encerramento de fronteira em Melga\u00e7o\"}]},{\"@type\":\"WebSite\",\"@id\":\"https:\\\/\\\/www.altominho.tv\\\/site\\\/#website\",\"url\":\"https:\\\/\\\/www.altominho.tv\\\/site\\\/\",\"name\":\"Altominho.tv\",\"description\":\"A sua regi\u00e3o \u00e0 dist\u00e2ncia de um clique...\",\"potentialAction\":[{\"@type\":\"SearchAction\",\"target\":{\"@type\":\"EntryPoint\",\"urlTemplate\":\"https:\\\/\\\/www.altominho.tv\\\/site\\\/?s={search_term_string}\"},\"query-input\":{\"@type\":\"PropertyValueSpecification\",\"valueRequired\":true,\"valueName\":\"search_term_string\"}}],\"inLanguage\":\"pt-PT\"},{\"@type\":\"Person\",\"@id\":\"https:\\\/\\\/www.altominho.tv\\\/site\\\/#\\\/schema\\\/person\\\/56c462a0f6591602f4e9fb3fa6ea49bd\",\"name\":\"Alexandre Ferreira\",\"image\":{\"@type\":\"ImageObject\",\"inLanguage\":\"pt-PT\",\"@id\":\"https:\\\/\\\/www.altominho.tv\\\/site\\\/wp-content\\\/uploads\\\/2017\\\/11\\\/Alexandre-150x150.jpg\",\"url\":\"https:\\\/\\\/www.altominho.tv\\\/site\\\/wp-content\\\/uploads\\\/2017\\\/11\\\/Alexandre-150x150.jpg\",\"contentUrl\":\"https:\\\/\\\/www.altominho.tv\\\/site\\\/wp-content\\\/uploads\\\/2017\\\/11\\\/Alexandre-150x150.jpg\",\"caption\":\"Alexandre Ferreira\"},\"url\":\"https:\\\/\\\/www.altominho.tv\\\/site\\\/author\\\/alexandreferreira\\\/\"}]}<\/script>\n<meta property=\"og:video\" content=\"https:\/\/www.youtube.com\/embed\/xfu3vfAWFsM\" \/>\n<meta property=\"og:video:type\" content=\"text\/html\" \/>\n<meta property=\"og:video:duration\" content=\"155\" \/>\n<meta property=\"og:video:width\" content=\"480\" \/>\n<meta property=\"og:video:height\" content=\"270\" \/>\n<meta property=\"ya:ovs:adult\" content=\"false\" \/>\n<meta property=\"ya:ovs:upload_date\" content=\"2021-02-20T12:28:51+00:00\" \/>\n<meta property=\"ya:ovs:allow_embed\" content=\"true\" \/>\n<!-- \/ Yoast SEO Premium plugin. -->","yoast_head_json":{"title":"Dezenas manifestaram-se contra encerramento de fronteira em Melga\u00e7o","robots":{"index":"index","follow":"follow","max-snippet":"max-snippet:-1","max-image-preview":"max-image-preview:large","max-video-preview":"max-video-preview:-1"},"canonical":"https:\/\/www.altominho.tv\/site\/2021\/02\/20\/dezenas-manifestaram-se-contra-encerramento-de-fronteira-em-melgaco\/","og_locale":"pt_PT","og_type":"article","og_title":"Dezenas manifestaram-se contra encerramento de fronteira em Melga\u00e7o","og_description":"Uma manifesta\u00e7\u00e3o na fronteira de S\u00e3o Greg\u00f3rio, no concelho de Melga\u00e7o, com Pontebarxas, no concelho de Padrenda, reuniu as popula\u00e7\u00f5es das duas localidades vizinhas em apelo pela reabertura deste ponto de passagem. Dezenas de trabalhadores transfronteiri\u00e7os foram prejudicados pelo encerramento da fronteira.","og_url":"https:\/\/www.altominho.tv\/site\/2021\/02\/20\/dezenas-manifestaram-se-contra-encerramento-de-fronteira-em-melgaco\/","og_site_name":"Altominho.tv","article_publisher":"https:\/\/www.facebook.com\/altominhotv","article_published_time":"2021-02-20T12:28:51+00:00","article_modified_time":"2021-02-20T12:28:52+00:00","og_image":[{"width":1920,"height":1080,"url":"https:\/\/www.altominho.tv\/site\/wp-content\/uploads\/2021\/02\/manif.jpg","type":"image\/jpeg"}],"author":"Alexandre Ferreira","twitter_card":"summary_large_image","twitter_creator":"@altominhoTV","twitter_site":"@altominhoTV","twitter_misc":{"Escrito por":"Alexandre Ferreira"},"schema":{"@context":"https:\/\/schema.org","@graph":[{"@type":"Article","@id":"https:\/\/www.altominho.tv\/site\/2021\/02\/20\/dezenas-manifestaram-se-contra-encerramento-de-fronteira-em-melgaco\/#article","isPartOf":{"@id":"https:\/\/www.altominho.tv\/site\/2021\/02\/20\/dezenas-manifestaram-se-contra-encerramento-de-fronteira-em-melgaco\/"},"author":{"name":"Alexandre Ferreira","@id":"https:\/\/www.altominho.tv\/site\/#\/schema\/person\/56c462a0f6591602f4e9fb3fa6ea49bd"},"headline":"Dezenas manifestaram-se contra encerramento de fronteira em Melga\u00e7o","datePublished":"2021-02-20T12:28:51+00:00","dateModified":"2021-02-20T12:28:52+00:00","mainEntityOfPage":{"@id":"https:\/\/www.altominho.tv\/site\/2021\/02\/20\/dezenas-manifestaram-se-contra-encerramento-de-fronteira-em-melgaco\/"},"wordCount":62,"image":{"@id":"https:\/\/www.altominho.tv\/site\/2021\/02\/20\/dezenas-manifestaram-se-contra-encerramento-de-fronteira-em-melgaco\/#primaryimage"},"thumbnailUrl":"https:\/\/www.altominho.tv\/site\/wp-content\/uploads\/2021\/02\/manif.jpg","keywords":["Sociedade"],"articleSection":["Melga\u00e7o"],"inLanguage":"pt-PT","copyrightYear":"2021","copyrightHolder":{"@id":"https:\/\/www.altominho.tv\/site\/#organization"}},{"@type":"WebPage","@id":"https:\/\/www.altominho.tv\/site\/2021\/02\/20\/dezenas-manifestaram-se-contra-encerramento-de-fronteira-em-melgaco\/","url":"https:\/\/www.altominho.tv\/site\/2021\/02\/20\/dezenas-manifestaram-se-contra-encerramento-de-fronteira-em-melgaco\/","name":"Dezenas manifestaram-se contra encerramento de fronteira em Melga\u00e7o","isPartOf":{"@id":"https:\/\/www.altominho.tv\/site\/#website"},"primaryImageOfPage":{"@id":"https:\/\/www.altominho.tv\/site\/2021\/02\/20\/dezenas-manifestaram-se-contra-encerramento-de-fronteira-em-melgaco\/#primaryimage"},"image":{"@id":"https:\/\/www.altominho.tv\/site\/2021\/02\/20\/dezenas-manifestaram-se-contra-encerramento-de-fronteira-em-melgaco\/#primaryimage"},"thumbnailUrl":"https:\/\/www.altominho.tv\/site\/wp-content\/uploads\/2021\/02\/manif.jpg","datePublished":"2021-02-20T12:28:51+00:00","dateModified":"2021-02-20T12:28:52+00:00","author":{"@id":"https:\/\/www.altominho.tv\/site\/#\/schema\/person\/56c462a0f6591602f4e9fb3fa6ea49bd"},"breadcrumb":{"@id":"https:\/\/www.altominho.tv\/site\/2021\/02\/20\/dezenas-manifestaram-se-contra-encerramento-de-fronteira-em-melgaco\/#breadcrumb"},"inLanguage":"pt-PT","potentialAction":[{"@type":"ReadAction","target":["https:\/\/www.altominho.tv\/site\/2021\/02\/20\/dezenas-manifestaram-se-contra-encerramento-de-fronteira-em-melgaco\/"]}]},{"@type":"ImageObject","inLanguage":"pt-PT","@id":"https:\/\/www.altominho.tv\/site\/2021\/02\/20\/dezenas-manifestaram-se-contra-encerramento-de-fronteira-em-melgaco\/#primaryimage","url":"https:\/\/www.altominho.tv\/site\/wp-content\/uploads\/2021\/02\/manif.jpg","contentUrl":"https:\/\/www.altominho.tv\/site\/wp-content\/uploads\/2021\/02\/manif.jpg","width":1920,"height":1080},{"@type":"BreadcrumbList","@id":"https:\/\/www.altominho.tv\/site\/2021\/02\/20\/dezenas-manifestaram-se-contra-encerramento-de-fronteira-em-melgaco\/#breadcrumb","itemListElement":[{"@type":"ListItem","position":1,"name":"In\u00edcio","item":"https:\/\/www.altominho.tv\/site\/"},{"@type":"ListItem","position":2,"name":"Dezenas manifestaram-se contra encerramento de fronteira em Melga\u00e7o"}]},{"@type":"WebSite","@id":"https:\/\/www.altominho.tv\/site\/#website","url":"https:\/\/www.altominho.tv\/site\/","name":"Altominho.tv","description":"A sua regi\u00e3o \u00e0 dist\u00e2ncia de um clique...","potentialAction":[{"@type":"SearchAction","target":{"@type":"EntryPoint","urlTemplate":"https:\/\/www.altominho.tv\/site\/?s={search_term_string}"},"query-input":{"@type":"PropertyValueSpecification","valueRequired":true,"valueName":"search_term_string"}}],"inLanguage":"pt-PT"},{"@type":"Person","@id":"https:\/\/www.altominho.tv\/site\/#\/schema\/person\/56c462a0f6591602f4e9fb3fa6ea49bd","name":"Alexandre Ferreira","image":{"@type":"ImageObject","inLanguage":"pt-PT","@id":"https:\/\/www.altominho.tv\/site\/wp-content\/uploads\/2017\/11\/Alexandre-150x150.jpg","url":"https:\/\/www.altominho.tv\/site\/wp-content\/uploads\/2017\/11\/Alexandre-150x150.jpg","contentUrl":"https:\/\/www.altominho.tv\/site\/wp-content\/uploads\/2017\/11\/Alexandre-150x150.jpg","caption":"Alexandre Ferreira"},"url":"https:\/\/www.altominho.tv\/site\/author\/alexandreferreira\/"}]},"og_video":"https:\/\/www.youtube.com\/embed\/xfu3vfAWFsM","og_video_type":"text\/html","og_video_duration":"155","og_video_width":"480","og_video_height":"270","ya_ovs_adult":"false","ya_ovs_upload_date":"2021-02-20T12:28:51+00:00","ya_ovs_allow_embed":"true"},"_links":{"self":[{"href":"https:\/\/www.altominho.tv\/site\/wp-json\/wp\/v2\/posts\/62694","targetHints":{"allow":["GET"]}}],"collection":[{"href":"https:\/\/www.altominho.tv\/site\/wp-json\/wp\/v2\/posts"}],"about":[{"href":"https:\/\/www.altominho.tv\/site\/wp-json\/wp\/v2\/types\/post"}],"author":[{"embeddable":true,"href":"https:\/\/www.altominho.tv\/site\/wp-json\/wp\/v2\/users\/8"}],"replies":[{"embeddable":true,"href":"https:\/\/www.altominho.tv\/site\/wp-json\/wp\/v2\/comments?post=62694"}],"version-history":[{"count":0,"href":"https:\/\/www.altominho.tv\/site\/wp-json\/wp\/v2\/posts\/62694\/revisions"}],"wp:featuredmedia":[{"embeddable":true,"href":"https:\/\/www.altominho.tv\/site\/wp-json\/wp\/v2\/media\/62695"}],"wp:attachment":[{"href":"https:\/\/www.altominho.tv\/site\/wp-json\/wp\/v2\/media?parent=62694"}],"wp:term":[{"taxonomy":"category","embeddable":true,"href":"https:\/\/www.altominho.tv\/site\/wp-json\/wp\/v2\/categories?post=62694"},{"taxonomy":"post_tag","embeddable":true,"href":"https:\/\/www.altominho.tv\/site\/wp-json\/wp\/v2\/tags?post=62694"}],"curies":[{"name":"wp","href":"https:\/\/api.w.org\/{rel}","templated":true}]}}