{"id":62687,"date":"2021-02-20T10:47:14","date_gmt":"2021-02-20T10:47:14","guid":{"rendered":"https:\/\/www.altominho.tv\/site\/?p=62687"},"modified":"2021-02-20T10:47:20","modified_gmt":"2021-02-20T10:47:20","slug":"aguas-do-alto-minho-vai-triplicar-atendimento-telefonico-a-clientes","status":"publish","type":"post","link":"https:\/\/www.altominho.tv\/site\/2021\/02\/20\/aguas-do-alto-minho-vai-triplicar-atendimento-telefonico-a-clientes\/","title":{"rendered":"\u00c1guas do Alto Minho vai \u201ctriplicar\u201d atendimento telef\u00f3nico a clientes"},"content":{"rendered":"\n<p class=\"wp-block-paragraph\">A empresa de gest\u00e3o das redes de abastecimento de \u00e1gua em baixa e de saneamento \u00c1guas do Alto Minho (AdAM) informou que vai triplicar a capacidade de atendimento telef\u00f3nico a clientes, a partir de segunda-feira.<\/p>\n\n\n\n<p class=\"wp-block-paragraph\">Em comunicado, a empresa adiantou ter contratado &#8220;um servi\u00e7o adicional de atendimento central \u00e0 Altice, que vai triplicar a capacidade de atendimento telef\u00f3nico da empresa a partir de segunda-feira.<\/p>\n\n\n\n<p class=\"wp-block-paragraph\">A AdAM, que gere as redes de abastecimento de \u00e1gua em baixa e de saneamento, come\u00e7ou a operar em janeiro de 2020, &#8220;dimensionada para fornecer mais de nove milh\u00f5es de metros c\u00fabicos de \u00e1gua pot\u00e1vel, por ano, e para recolher e tratar mais de seis milh\u00f5es de metros c\u00fabicos de \u00e1gua residual, por ano, a cerca de 70 mil clientes&#8221;.<\/p>\n\n\n\n<p class=\"wp-block-paragraph\">A empresa \u00e9 detida em 51% pela \u00c1guas de Portugal (AdP) e em 49% pelos munic\u00edpios de Arcos de Valdevez (PSD), Caminha (PS), Paredes de Coura (PS), Ponte de Lima (CDS PP), Valen\u00e7a (PSD), Viana do Castelo (PS) e Vila Nova de Cerveira (Movimento independente PenCe &#8211; Pensar Cerveira), que comp\u00f5em a Comunidade Intermunicipal (CIM) do Alto Minho.<\/p>\n\n\n\n<p class=\"wp-block-paragraph\">Tr\u00eas concelhos do distrito &#8211; Ponte da Barca (PSD), Mon\u00e7\u00e3o (PSD) e Melga\u00e7o (PS) &#8211; reprovaram a constitui\u00e7\u00e3o daquela parceria.<\/p>\n\n\n\n<p class=\"wp-block-paragraph\">Na nota enviada, a AdAM acrescenta que vai &#8220;tamb\u00e9m refor\u00e7ar a capacidade de atendimento presencial, sob marca\u00e7\u00e3o pr\u00e9via, nas oito lojas existentes nos munic\u00edpios, de acordo com a legisla\u00e7\u00e3o, respeitando as regras de seguran\u00e7a e confinamento em vigor&#8221;.<\/p>\n\n\n\n<p class=\"wp-block-paragraph\">A empresa referiu ainda ter &#8220;conclu\u00eddo a instala\u00e7\u00e3o de um novo sistema de gest\u00e3o comercial, o Aquamatrix, que \u00e9 um sistema robusto de fatura\u00e7\u00e3o e l\u00edder de mercado j\u00e1 implementado em 87 munic\u00edpios, que conta com quase dois milh\u00f5es de clientes e que vai permitir responder com total fiabilidade a todas as necessidades de intera\u00e7\u00e3o comercial com os seus clientes&#8221;.<\/p>\n\n\n\n<p class=\"wp-block-paragraph\">&#8220;Estas medidas v\u00eam refor\u00e7ar as a\u00e7\u00f5es da empresa ao n\u00edvel da melhoria do atendimento ao cliente, nomeadamente a disponibiliza\u00e7\u00e3o de novas funcionalidades, inteiramente gratuitas, consistindo em novas plataformas de comunica\u00e7\u00e3o de leituras, por telefone, no balc\u00e3o digital AdAMnet ou pela aplica\u00e7\u00e3o myAQUA&#8221;, sustenta.<\/p>\n\n\n\n<p class=\"wp-block-paragraph\">Na quinta-feira, em confer\u00eancia de imprensa, os sete munic\u00edpios que integram a AdAM criticaram o desempenho da empresa, dando-lhe &#8220;o prazo de uma fatura&#8221; para que &#8220;vire a p\u00e1gina&#8221;, face \u00e0 &#8220;enorme desilus\u00e3o&#8221; da sua atua\u00e7\u00e3o desde que foi criada.<\/p>\n\n\n\n<p class=\"wp-block-paragraph\">No encontro com o jornalistas, o presidente da C\u00e2mara de Viana do Castelo, Jos\u00e9 Maria Costa, (PS) leu um comunicado conjunto dos sete munic\u00edpios que dizem ter &#8220;chegado o tempo de dizer basta \u00e0 enorme desilus\u00e3o do desempenho da AdAM&#8221;.<\/p>\n\n\n\n<p class=\"wp-block-paragraph\">No comunicado conjunto, anunciaram ainda ter solicitado &#8220;uma reuni\u00e3o, com car\u00e1ter de urg\u00eancia, ao ministro do Ambiente e da Transi\u00e7\u00e3o Energ\u00e9tica, para dar conta das suas preocupa\u00e7\u00f5es e expectativas quanto ao novo ciclo da AdAM, que dever\u00e1 contar com total empenho do parceiro Estado&#8221;.<\/p>\n\n\n\n<p class=\"wp-block-paragraph\">A constitui\u00e7\u00e3o da empresa tem sido contestada por v\u00e1rios partidos e pela popula\u00e7\u00e3o de alguns concelhos, que se queixam do aumento &#8220;exponencial&#8221; das tarifas e do &#8220;mau&#8221; funcionamento dos servi\u00e7os, e que reclamam a revers\u00e3o da sua cria\u00e7\u00e3o e a devolu\u00e7\u00e3o da gest\u00e3o das redes de abastecimento de \u00e1gua em baixa e de saneamento a cada um dos munic\u00edpios.<\/p>\n","protected":false},"excerpt":{"rendered":"<p>A empresa de gest\u00e3o das redes de abastecimento de \u00e1gua em baixa e de saneamento \u00c1guas do Alto Minho (AdAM) informou que vai triplicar a capacidade de atendimento telef\u00f3nico a clientes, a partir de segunda-feira. Em comunicado, a empresa adiantou ter contratado &#8220;um servi\u00e7o adicional de atendimento central \u00e0 Altice, que vai triplicar a capacidade [&hellip;]<\/p>\n","protected":false},"author":16,"featured_media":62381,"comment_status":"closed","ping_status":"closed","sticky":false,"template":"","format":"standard","meta":{"_exactmetrics_skip_tracking":false,"footnotes":""},"categories":[73],"tags":[27],"class_list":["post-62687","post","type-post","status-publish","format-standard","has-post-thumbnail","hentry","category-alto-minho","tag-sociedade"],"yoast_head":"<!-- This site is optimized with the Yoast SEO Premium plugin v28.3 (Yoast SEO v28.3) - https:\/\/yoast.com\/product\/yoast-seo-premium-wordpress\/ -->\n<title>\u00c1guas do Alto Minho vai \u201ctriplicar\u201d atendimento telef\u00f3nico a clientes<\/title>\n<meta name=\"robots\" content=\"index, follow, max-snippet:-1, max-image-preview:large, max-video-preview:-1\" \/>\n<link rel=\"canonical\" href=\"https:\/\/www.altominho.tv\/site\/2021\/02\/20\/aguas-do-alto-minho-vai-triplicar-atendimento-telefonico-a-clientes\/\" \/>\n<meta property=\"og:locale\" content=\"pt_PT\" \/>\n<meta property=\"og:type\" content=\"article\" \/>\n<meta property=\"og:title\" content=\"\u00c1guas do Alto Minho vai \u201ctriplicar\u201d atendimento telef\u00f3nico a clientes\" \/>\n<meta property=\"og:description\" content=\"A empresa de gest\u00e3o das redes de abastecimento de \u00e1gua em baixa e de saneamento \u00c1guas do Alto Minho (AdAM) informou que vai triplicar a capacidade de atendimento telef\u00f3nico a clientes, a partir de segunda-feira. Em comunicado, a empresa adiantou ter contratado &#8220;um servi\u00e7o adicional de atendimento central \u00e0 Altice, que vai triplicar a capacidade [&hellip;]\" \/>\n<meta property=\"og:url\" content=\"https:\/\/www.altominho.tv\/site\/2021\/02\/20\/aguas-do-alto-minho-vai-triplicar-atendimento-telefonico-a-clientes\/\" \/>\n<meta property=\"og:site_name\" content=\"Altominho.tv\" \/>\n<meta property=\"article:publisher\" content=\"https:\/\/www.facebook.com\/altominhotv\" \/>\n<meta property=\"article:published_time\" content=\"2021-02-20T10:47:14+00:00\" \/>\n<meta property=\"article:modified_time\" content=\"2021-02-20T10:47:20+00:00\" \/>\n<meta property=\"og:image\" content=\"https:\/\/www.altominho.tv\/site\/wp-content\/uploads\/2021\/02\/Conferencia_Imprensa_Aguas.jpg\" \/>\n\t<meta property=\"og:image:width\" content=\"1360\" \/>\n\t<meta property=\"og:image:height\" content=\"765\" \/>\n\t<meta property=\"og:image:type\" content=\"image\/jpeg\" \/>\n<meta name=\"author\" content=\"Andreia Cunha | Lusa\" \/>\n<meta name=\"twitter:card\" content=\"summary_large_image\" \/>\n<meta name=\"twitter:creator\" content=\"@altominhoTV\" \/>\n<meta name=\"twitter:site\" content=\"@altominhoTV\" \/>\n<meta name=\"twitter:label1\" content=\"Escrito por\" \/>\n\t<meta name=\"twitter:data1\" content=\"Andreia Cunha | Lusa\" \/>\n\t<meta name=\"twitter:label2\" content=\"Tempo estimado de leitura\" \/>\n\t<meta name=\"twitter:data2\" content=\"3 minutos\" \/>\n<script type=\"application\/ld+json\" class=\"yoast-schema-graph\">{\"@context\":\"https:\\\/\\\/schema.org\",\"@graph\":[{\"@type\":\"Article\",\"@id\":\"https:\\\/\\\/www.altominho.tv\\\/site\\\/2021\\\/02\\\/20\\\/aguas-do-alto-minho-vai-triplicar-atendimento-telefonico-a-clientes\\\/#article\",\"isPartOf\":{\"@id\":\"https:\\\/\\\/www.altominho.tv\\\/site\\\/2021\\\/02\\\/20\\\/aguas-do-alto-minho-vai-triplicar-atendimento-telefonico-a-clientes\\\/\"},\"author\":{\"name\":\"Andreia Cunha | Lusa\",\"@id\":\"https:\\\/\\\/www.altominho.tv\\\/site\\\/#\\\/schema\\\/person\\\/dbaf181c01b51ff40c9f461a905d321e\"},\"headline\":\"\u00c1guas do Alto Minho vai \u201ctriplicar\u201d atendimento telef\u00f3nico a clientes\",\"datePublished\":\"2021-02-20T10:47:14+00:00\",\"dateModified\":\"2021-02-20T10:47:20+00:00\",\"mainEntityOfPage\":{\"@id\":\"https:\\\/\\\/www.altominho.tv\\\/site\\\/2021\\\/02\\\/20\\\/aguas-do-alto-minho-vai-triplicar-atendimento-telefonico-a-clientes\\\/\"},\"wordCount\":590,\"image\":{\"@id\":\"https:\\\/\\\/www.altominho.tv\\\/site\\\/2021\\\/02\\\/20\\\/aguas-do-alto-minho-vai-triplicar-atendimento-telefonico-a-clientes\\\/#primaryimage\"},\"thumbnailUrl\":\"https:\\\/\\\/www.altominho.tv\\\/site\\\/wp-content\\\/uploads\\\/2021\\\/02\\\/Conferencia_Imprensa_Aguas.jpg\",\"keywords\":[\"Sociedade\"],\"articleSection\":[\"Alto Minho\"],\"inLanguage\":\"pt-PT\",\"copyrightYear\":\"2021\",\"copyrightHolder\":{\"@id\":\"https:\\\/\\\/www.altominho.tv\\\/site\\\/#organization\"}},{\"@type\":\"WebPage\",\"@id\":\"https:\\\/\\\/www.altominho.tv\\\/site\\\/2021\\\/02\\\/20\\\/aguas-do-alto-minho-vai-triplicar-atendimento-telefonico-a-clientes\\\/\",\"url\":\"https:\\\/\\\/www.altominho.tv\\\/site\\\/2021\\\/02\\\/20\\\/aguas-do-alto-minho-vai-triplicar-atendimento-telefonico-a-clientes\\\/\",\"name\":\"\u00c1guas do Alto Minho vai \u201ctriplicar\u201d atendimento telef\u00f3nico a clientes\",\"isPartOf\":{\"@id\":\"https:\\\/\\\/www.altominho.tv\\\/site\\\/#website\"},\"primaryImageOfPage\":{\"@id\":\"https:\\\/\\\/www.altominho.tv\\\/site\\\/2021\\\/02\\\/20\\\/aguas-do-alto-minho-vai-triplicar-atendimento-telefonico-a-clientes\\\/#primaryimage\"},\"image\":{\"@id\":\"https:\\\/\\\/www.altominho.tv\\\/site\\\/2021\\\/02\\\/20\\\/aguas-do-alto-minho-vai-triplicar-atendimento-telefonico-a-clientes\\\/#primaryimage\"},\"thumbnailUrl\":\"https:\\\/\\\/www.altominho.tv\\\/site\\\/wp-content\\\/uploads\\\/2021\\\/02\\\/Conferencia_Imprensa_Aguas.jpg\",\"datePublished\":\"2021-02-20T10:47:14+00:00\",\"dateModified\":\"2021-02-20T10:47:20+00:00\",\"author\":{\"@id\":\"https:\\\/\\\/www.altominho.tv\\\/site\\\/#\\\/schema\\\/person\\\/dbaf181c01b51ff40c9f461a905d321e\"},\"breadcrumb\":{\"@id\":\"https:\\\/\\\/www.altominho.tv\\\/site\\\/2021\\\/02\\\/20\\\/aguas-do-alto-minho-vai-triplicar-atendimento-telefonico-a-clientes\\\/#breadcrumb\"},\"inLanguage\":\"pt-PT\",\"potentialAction\":[{\"@type\":\"ReadAction\",\"target\":[\"https:\\\/\\\/www.altominho.tv\\\/site\\\/2021\\\/02\\\/20\\\/aguas-do-alto-minho-vai-triplicar-atendimento-telefonico-a-clientes\\\/\"]}]},{\"@type\":\"ImageObject\",\"inLanguage\":\"pt-PT\",\"@id\":\"https:\\\/\\\/www.altominho.tv\\\/site\\\/2021\\\/02\\\/20\\\/aguas-do-alto-minho-vai-triplicar-atendimento-telefonico-a-clientes\\\/#primaryimage\",\"url\":\"https:\\\/\\\/www.altominho.tv\\\/site\\\/wp-content\\\/uploads\\\/2021\\\/02\\\/Conferencia_Imprensa_Aguas.jpg\",\"contentUrl\":\"https:\\\/\\\/www.altominho.tv\\\/site\\\/wp-content\\\/uploads\\\/2021\\\/02\\\/Conferencia_Imprensa_Aguas.jpg\",\"width\":1360,\"height\":765},{\"@type\":\"BreadcrumbList\",\"@id\":\"https:\\\/\\\/www.altominho.tv\\\/site\\\/2021\\\/02\\\/20\\\/aguas-do-alto-minho-vai-triplicar-atendimento-telefonico-a-clientes\\\/#breadcrumb\",\"itemListElement\":[{\"@type\":\"ListItem\",\"position\":1,\"name\":\"In\u00edcio\",\"item\":\"https:\\\/\\\/www.altominho.tv\\\/site\\\/\"},{\"@type\":\"ListItem\",\"position\":2,\"name\":\"\u00c1guas do Alto Minho vai \u201ctriplicar\u201d atendimento telef\u00f3nico a clientes\"}]},{\"@type\":\"WebSite\",\"@id\":\"https:\\\/\\\/www.altominho.tv\\\/site\\\/#website\",\"url\":\"https:\\\/\\\/www.altominho.tv\\\/site\\\/\",\"name\":\"Altominho.tv\",\"description\":\"A sua regi\u00e3o \u00e0 dist\u00e2ncia de um clique...\",\"potentialAction\":[{\"@type\":\"SearchAction\",\"target\":{\"@type\":\"EntryPoint\",\"urlTemplate\":\"https:\\\/\\\/www.altominho.tv\\\/site\\\/?s={search_term_string}\"},\"query-input\":{\"@type\":\"PropertyValueSpecification\",\"valueRequired\":true,\"valueName\":\"search_term_string\"}}],\"inLanguage\":\"pt-PT\"},{\"@type\":\"Person\",\"@id\":\"https:\\\/\\\/www.altominho.tv\\\/site\\\/#\\\/schema\\\/person\\\/dbaf181c01b51ff40c9f461a905d321e\",\"name\":\"Andreia Cunha | Lusa\",\"image\":{\"@type\":\"ImageObject\",\"inLanguage\":\"pt-PT\",\"@id\":\"https:\\\/\\\/www.altominho.tv\\\/site\\\/wp-content\\\/uploads\\\/2017\\\/11\\\/Andreia_Cunha-1-150x150.jpg\",\"url\":\"https:\\\/\\\/www.altominho.tv\\\/site\\\/wp-content\\\/uploads\\\/2017\\\/11\\\/Andreia_Cunha-1-150x150.jpg\",\"contentUrl\":\"https:\\\/\\\/www.altominho.tv\\\/site\\\/wp-content\\\/uploads\\\/2017\\\/11\\\/Andreia_Cunha-1-150x150.jpg\",\"caption\":\"Andreia Cunha | Lusa\"},\"sameAs\":[\"https:\\\/\\\/www.altominho.tv\\\/site\"],\"url\":\"https:\\\/\\\/www.altominho.tv\\\/site\\\/author\\\/andreiacunhalusa\\\/\"}]}<\/script>\n<!-- \/ Yoast SEO Premium plugin. -->","yoast_head_json":{"title":"\u00c1guas do Alto Minho vai \u201ctriplicar\u201d atendimento telef\u00f3nico a clientes","robots":{"index":"index","follow":"follow","max-snippet":"max-snippet:-1","max-image-preview":"max-image-preview:large","max-video-preview":"max-video-preview:-1"},"canonical":"https:\/\/www.altominho.tv\/site\/2021\/02\/20\/aguas-do-alto-minho-vai-triplicar-atendimento-telefonico-a-clientes\/","og_locale":"pt_PT","og_type":"article","og_title":"\u00c1guas do Alto Minho vai \u201ctriplicar\u201d atendimento telef\u00f3nico a clientes","og_description":"A empresa de gest\u00e3o das redes de abastecimento de \u00e1gua em baixa e de saneamento \u00c1guas do Alto Minho (AdAM) informou que vai triplicar a capacidade de atendimento telef\u00f3nico a clientes, a partir de segunda-feira. Em comunicado, a empresa adiantou ter contratado &#8220;um servi\u00e7o adicional de atendimento central \u00e0 Altice, que vai triplicar a capacidade [&hellip;]","og_url":"https:\/\/www.altominho.tv\/site\/2021\/02\/20\/aguas-do-alto-minho-vai-triplicar-atendimento-telefonico-a-clientes\/","og_site_name":"Altominho.tv","article_publisher":"https:\/\/www.facebook.com\/altominhotv","article_published_time":"2021-02-20T10:47:14+00:00","article_modified_time":"2021-02-20T10:47:20+00:00","og_image":[{"width":1360,"height":765,"url":"https:\/\/www.altominho.tv\/site\/wp-content\/uploads\/2021\/02\/Conferencia_Imprensa_Aguas.jpg","type":"image\/jpeg"}],"author":"Andreia Cunha | Lusa","twitter_card":"summary_large_image","twitter_creator":"@altominhoTV","twitter_site":"@altominhoTV","twitter_misc":{"Escrito por":"Andreia Cunha | Lusa","Tempo estimado de leitura":"3 minutos"},"schema":{"@context":"https:\/\/schema.org","@graph":[{"@type":"Article","@id":"https:\/\/www.altominho.tv\/site\/2021\/02\/20\/aguas-do-alto-minho-vai-triplicar-atendimento-telefonico-a-clientes\/#article","isPartOf":{"@id":"https:\/\/www.altominho.tv\/site\/2021\/02\/20\/aguas-do-alto-minho-vai-triplicar-atendimento-telefonico-a-clientes\/"},"author":{"name":"Andreia Cunha | Lusa","@id":"https:\/\/www.altominho.tv\/site\/#\/schema\/person\/dbaf181c01b51ff40c9f461a905d321e"},"headline":"\u00c1guas do Alto Minho vai \u201ctriplicar\u201d atendimento telef\u00f3nico a clientes","datePublished":"2021-02-20T10:47:14+00:00","dateModified":"2021-02-20T10:47:20+00:00","mainEntityOfPage":{"@id":"https:\/\/www.altominho.tv\/site\/2021\/02\/20\/aguas-do-alto-minho-vai-triplicar-atendimento-telefonico-a-clientes\/"},"wordCount":590,"image":{"@id":"https:\/\/www.altominho.tv\/site\/2021\/02\/20\/aguas-do-alto-minho-vai-triplicar-atendimento-telefonico-a-clientes\/#primaryimage"},"thumbnailUrl":"https:\/\/www.altominho.tv\/site\/wp-content\/uploads\/2021\/02\/Conferencia_Imprensa_Aguas.jpg","keywords":["Sociedade"],"articleSection":["Alto Minho"],"inLanguage":"pt-PT","copyrightYear":"2021","copyrightHolder":{"@id":"https:\/\/www.altominho.tv\/site\/#organization"}},{"@type":"WebPage","@id":"https:\/\/www.altominho.tv\/site\/2021\/02\/20\/aguas-do-alto-minho-vai-triplicar-atendimento-telefonico-a-clientes\/","url":"https:\/\/www.altominho.tv\/site\/2021\/02\/20\/aguas-do-alto-minho-vai-triplicar-atendimento-telefonico-a-clientes\/","name":"\u00c1guas do Alto Minho vai \u201ctriplicar\u201d atendimento telef\u00f3nico a clientes","isPartOf":{"@id":"https:\/\/www.altominho.tv\/site\/#website"},"primaryImageOfPage":{"@id":"https:\/\/www.altominho.tv\/site\/2021\/02\/20\/aguas-do-alto-minho-vai-triplicar-atendimento-telefonico-a-clientes\/#primaryimage"},"image":{"@id":"https:\/\/www.altominho.tv\/site\/2021\/02\/20\/aguas-do-alto-minho-vai-triplicar-atendimento-telefonico-a-clientes\/#primaryimage"},"thumbnailUrl":"https:\/\/www.altominho.tv\/site\/wp-content\/uploads\/2021\/02\/Conferencia_Imprensa_Aguas.jpg","datePublished":"2021-02-20T10:47:14+00:00","dateModified":"2021-02-20T10:47:20+00:00","author":{"@id":"https:\/\/www.altominho.tv\/site\/#\/schema\/person\/dbaf181c01b51ff40c9f461a905d321e"},"breadcrumb":{"@id":"https:\/\/www.altominho.tv\/site\/2021\/02\/20\/aguas-do-alto-minho-vai-triplicar-atendimento-telefonico-a-clientes\/#breadcrumb"},"inLanguage":"pt-PT","potentialAction":[{"@type":"ReadAction","target":["https:\/\/www.altominho.tv\/site\/2021\/02\/20\/aguas-do-alto-minho-vai-triplicar-atendimento-telefonico-a-clientes\/"]}]},{"@type":"ImageObject","inLanguage":"pt-PT","@id":"https:\/\/www.altominho.tv\/site\/2021\/02\/20\/aguas-do-alto-minho-vai-triplicar-atendimento-telefonico-a-clientes\/#primaryimage","url":"https:\/\/www.altominho.tv\/site\/wp-content\/uploads\/2021\/02\/Conferencia_Imprensa_Aguas.jpg","contentUrl":"https:\/\/www.altominho.tv\/site\/wp-content\/uploads\/2021\/02\/Conferencia_Imprensa_Aguas.jpg","width":1360,"height":765},{"@type":"BreadcrumbList","@id":"https:\/\/www.altominho.tv\/site\/2021\/02\/20\/aguas-do-alto-minho-vai-triplicar-atendimento-telefonico-a-clientes\/#breadcrumb","itemListElement":[{"@type":"ListItem","position":1,"name":"In\u00edcio","item":"https:\/\/www.altominho.tv\/site\/"},{"@type":"ListItem","position":2,"name":"\u00c1guas do Alto Minho vai \u201ctriplicar\u201d atendimento telef\u00f3nico a clientes"}]},{"@type":"WebSite","@id":"https:\/\/www.altominho.tv\/site\/#website","url":"https:\/\/www.altominho.tv\/site\/","name":"Altominho.tv","description":"A sua regi\u00e3o \u00e0 dist\u00e2ncia de um clique...","potentialAction":[{"@type":"SearchAction","target":{"@type":"EntryPoint","urlTemplate":"https:\/\/www.altominho.tv\/site\/?s={search_term_string}"},"query-input":{"@type":"PropertyValueSpecification","valueRequired":true,"valueName":"search_term_string"}}],"inLanguage":"pt-PT"},{"@type":"Person","@id":"https:\/\/www.altominho.tv\/site\/#\/schema\/person\/dbaf181c01b51ff40c9f461a905d321e","name":"Andreia Cunha | Lusa","image":{"@type":"ImageObject","inLanguage":"pt-PT","@id":"https:\/\/www.altominho.tv\/site\/wp-content\/uploads\/2017\/11\/Andreia_Cunha-1-150x150.jpg","url":"https:\/\/www.altominho.tv\/site\/wp-content\/uploads\/2017\/11\/Andreia_Cunha-1-150x150.jpg","contentUrl":"https:\/\/www.altominho.tv\/site\/wp-content\/uploads\/2017\/11\/Andreia_Cunha-1-150x150.jpg","caption":"Andreia Cunha | Lusa"},"sameAs":["https:\/\/www.altominho.tv\/site"],"url":"https:\/\/www.altominho.tv\/site\/author\/andreiacunhalusa\/"}]}},"_links":{"self":[{"href":"https:\/\/www.altominho.tv\/site\/wp-json\/wp\/v2\/posts\/62687","targetHints":{"allow":["GET"]}}],"collection":[{"href":"https:\/\/www.altominho.tv\/site\/wp-json\/wp\/v2\/posts"}],"about":[{"href":"https:\/\/www.altominho.tv\/site\/wp-json\/wp\/v2\/types\/post"}],"author":[{"embeddable":true,"href":"https:\/\/www.altominho.tv\/site\/wp-json\/wp\/v2\/users\/16"}],"replies":[{"embeddable":true,"href":"https:\/\/www.altominho.tv\/site\/wp-json\/wp\/v2\/comments?post=62687"}],"version-history":[{"count":0,"href":"https:\/\/www.altominho.tv\/site\/wp-json\/wp\/v2\/posts\/62687\/revisions"}],"wp:featuredmedia":[{"embeddable":true,"href":"https:\/\/www.altominho.tv\/site\/wp-json\/wp\/v2\/media\/62381"}],"wp:attachment":[{"href":"https:\/\/www.altominho.tv\/site\/wp-json\/wp\/v2\/media?parent=62687"}],"wp:term":[{"taxonomy":"category","embeddable":true,"href":"https:\/\/www.altominho.tv\/site\/wp-json\/wp\/v2\/categories?post=62687"},{"taxonomy":"post_tag","embeddable":true,"href":"https:\/\/www.altominho.tv\/site\/wp-json\/wp\/v2\/tags?post=62687"}],"curies":[{"name":"wp","href":"https:\/\/api.w.org\/{rel}","templated":true}]}}