{"id":62262,"date":"2021-02-15T18:57:25","date_gmt":"2021-02-15T18:57:25","guid":{"rendered":"https:\/\/www.altominho.tv\/site\/?p=62262"},"modified":"2021-02-15T18:57:28","modified_gmt":"2021-02-15T18:57:28","slug":"aguas-do-alto-minho-lanca-novo-sistema-de-gestao-e-reforca-atendimento","status":"publish","type":"post","link":"https:\/\/www.altominho.tv\/site\/2021\/02\/15\/aguas-do-alto-minho-lanca-novo-sistema-de-gestao-e-reforca-atendimento\/","title":{"rendered":"\u00c1guas do Alto Minho lan\u00e7a novo sistema de gest\u00e3o e refor\u00e7a atendimento"},"content":{"rendered":"<p>A empresa de gest\u00e3o das redes de abastecimento de \u00e1gua em baixa e de saneamento \u00c1guas do Alto Minho (AdAM) anunciou esta segunda-feira a implementa\u00e7\u00e3o de um novo sistema de gest\u00e3o comercial, associado ao refor\u00e7o do atendimento ao cliente.<\/p>\n<p>Em comunicado, a empresa adiantou que o &#8220;refor\u00e7o&#8221; do atendimento ocorrer\u00e1 &#8220;tanto em loja como por telefone&#8221;, acrescentando que &#8220;o lan\u00e7amento uma aplica\u00e7\u00e3o m\u00f3vel marca o in\u00edcio de um novo ciclo na AdAM para melhorar o servi\u00e7o ao cliente&#8221;.<\/p>\n<p>&#8220;Implement\u00e1mos com sucesso um novo sistema de gest\u00e3o comercial, o Aquamatrix, um sistema robusto e l\u00edder de mercado que est\u00e1 implementado em v\u00e1rios munic\u00edpios e empresas do setor, como a EPAL &#8211; Empresa Portuguesa das \u00c1guas Livres, o que nos possibilita resolver todos os problemas de fatura\u00e7\u00e3o e de integra\u00e7\u00e3o dos sete sistemas&#8221;, afirmou o presidente do conselho de administra\u00e7\u00e3o da AdAM Carlos Martins, citado na nota.<\/p>\n<p>No documento, o respons\u00e1vel adiantou que &#8220;as novas medidas v\u00e3o permitir reduzir os tempos de espera e possibilitar que as pessoas interajam mais facilmente connosco do conforto de suas casas&#8221;.<\/p>\n<p>Entre as medidas anunciadas, Carlos Martins, destacou &#8220;o novo sistema de gest\u00e3o comercial e o servi\u00e7o de atendimento telef\u00f3nico de &#8216;call-back&#8217;, em complemento da aplica\u00e7\u00e3o para smartphones myAQUA, e o refor\u00e7o de recursos humanos para a dire\u00e7\u00e3o comercial e atendimento ao cliente&#8221;.<\/p>\n<p>&#8220;Neste primeiro ano de atividade, a AdAM atingiu v\u00e1rios objetivos, tendo assegurado o fornecimento de \u00e1gua e o normal funcionamento dos sistemas de saneamento, com equipas de opera\u00e7\u00e3o e de manuten\u00e7\u00e3o dispon\u00edveis 24 horas por dia. O ano de 2020 decorreu em circunst\u00e2ncias extremamente severas para todos e exigiu muita dedica\u00e7\u00e3o e empenho dos trabalhadores da AdAM para garantir o abastecimento e o saneamento sem interrup\u00e7\u00f5es, a quem reconhecemos o esfor\u00e7o, a dedica\u00e7\u00e3o e enorme profissionalismo&#8221;, refor\u00e7ou o administrador.<\/p>\n<p>Segundo Carlos Martins, &#8220;os requisitos do Plano de Controlo de Qualidade da \u00c1gua foram integralmente cumpridos, sendo de registar a melhoria do indicador de \u00c1gua Segura da entidade reguladora do setor (ERSAR), atingido o valor de 98,7% \u00e1gua segura&#8221;.<\/p>\n<p>&#8220;Foi dado in\u00edcio a um plano de investimentos de 20 milh\u00f5es de euros em novas obras de expans\u00e3o de redes de \u00e1gua e \u00e1guas residuais, que j\u00e1 permitiu o alargamento do servi\u00e7o a lugares que nunca tinham tido acesso ao servi\u00e7o de \u00e1gua e aos servi\u00e7os de saneamento, nomeadamente a Ermelo (Arcos de Valdevez), a Nogueira e Portela Sus\u00e3 (Viana do Castelo), \u00e0 ETAR de Robord\u00f5es Souto, servindo Fornelos, Queijada e Anais, \u00e0 ETAR do Freixo (Ponte de Lima) e ao saneamento de Argela (Caminha)&#8221;, especificou.<\/p>\n<p>Carlos Martins salientou ainda &#8220;o investimento de 13 milh\u00f5es de euros para combater as perdas de \u00e1gua, promovendo a instala\u00e7\u00e3o de um sistema de telegest\u00e3o, de dete\u00e7\u00e3o de fugas, bem como \u00e0 substitui\u00e7\u00e3o de condutas com hist\u00f3ricos problemas de roturas&#8221;.<\/p>\n<p>O respons\u00e1vel referiu-se aos &#8220;grandes constrangimentos \u00e0 atividade da empresa, relacionados com a complexidade da integra\u00e7\u00e3o de sete sistemas de fatura\u00e7\u00e3o dos munic\u00edpios, que causou erros e cuja resolu\u00e7\u00e3o foi afetada pelos constrangimentos decorrentes da pandemia de Covid-19&#8221;.<\/p>\n<p>O presidente da AdAM acrescentou que &#8220;o novo sistema de gest\u00e3o comercial e o refor\u00e7o das equipas s\u00e3o medidas que complementam o esfor\u00e7o na melhoria do atendimento aos clientes que j\u00e1 implement\u00e1mos, nomeadamente ao n\u00edvel da digitaliza\u00e7\u00e3o dos servi\u00e7os&#8221;. &#8220;A esmagadora maioria das situa\u00e7\u00f5es e intera\u00e7\u00f5es com a AdAM j\u00e1 podem ser resolvidas tanto no nosso balc\u00e3o digital como na nova aplica\u00e7\u00e3o para smartphone&#8221;, observou.<\/p>\n<p>O respons\u00e1vel disse &#8220;reconhecer e lamentar o inc\u00f3modo sofrido pelos seus clientes, num ano particularmente desafiante&#8221;, e assumiu &#8220;o empenho em prosseguir todos os esfor\u00e7os para cumprir a miss\u00e3o de prestar um servi\u00e7o cada vez mais fi\u00e1vel, eficaz e de qualidade&#8221;.<\/p>\n<p>A AdAM, empresa de gest\u00e3o das redes de \u00e1gua em baixa e de saneamento, \u00e9 detida em 51% pela AdP e em 49% pelos munic\u00edpios de Arcos de Valdevez (PSD), Caminha (PS), Paredes de Coura (PS), Ponte de Lima (CDS-PP), Valen\u00e7a (PSD), Viana do Castelo (PS) e Vila Nova de Cerveira (Movimento independente PenCe &#8211; Pensar Cerveira), que comp\u00f5em a Comunidade Intermunicipal (CIM) do Alto Minho.<\/p>\n<p>Tr\u00eas concelhos do distrito &#8211; Ponte da Barca (PSD), Mon\u00e7\u00e3o (PSD) e Melga\u00e7o (PS) &#8211; reprovaram a constitui\u00e7\u00e3o daquela parceria.<\/p>\n<p>A nova empresa come\u00e7ou a operar em janeiro de 2020, &#8220;dimensionada para fornecer mais de nove milh\u00f5es de metros c\u00fabicos de \u00e1gua pot\u00e1vel, por ano, e para recolher e tratar mais de seis milh\u00f5es de metros c\u00fabicos de \u00e1gua residual, por ano, a cerca de 70 mil clientes&#8221;.<\/p>\n<p>Em abril de 2020, a empresa suspendeu a fatura\u00e7\u00e3o depois de terem sido detetados erros de fatura\u00e7\u00e3o que afetaram 15 mil consumidores.<\/p>\n<p>A constitui\u00e7\u00e3o tem sido contestada por v\u00e1rios partidos e pela popula\u00e7\u00e3o de alguns concelhos, que se queixam do aumento &#8220;exponencial&#8221; das tarifas e do &#8220;mau&#8221; funcionamento dos servi\u00e7os.<\/p>\n<p>Em janeiro, a AdAM iniciou a regulariza\u00e7\u00e3o dos consumos n\u00e3o faturados em 2020, na sequ\u00eancia de erros que afetaram 15 mil consumidores.<\/p>\n","protected":false},"excerpt":{"rendered":"<p>A empresa de gest\u00e3o das redes de abastecimento de \u00e1gua em baixa e de saneamento \u00c1guas do Alto Minho (AdAM) anunciou esta segunda-feira a implementa\u00e7\u00e3o de um novo sistema de gest\u00e3o comercial, associado ao refor\u00e7o do atendimento ao cliente. Em comunicado, a empresa adiantou que o &#8220;refor\u00e7o&#8221; do atendimento ocorrer\u00e1 &#8220;tanto em loja como por [&hellip;]<\/p>\n","protected":false},"author":13,"featured_media":51088,"comment_status":"closed","ping_status":"closed","sticky":false,"template":"","format":"standard","meta":{"_exactmetrics_skip_tracking":false,"footnotes":""},"categories":[73],"tags":[27],"class_list":["post-62262","post","type-post","status-publish","format-standard","has-post-thumbnail","hentry","category-alto-minho","tag-sociedade"],"yoast_head":"<!-- This site is optimized with the Yoast SEO Premium plugin v28.3 (Yoast SEO v28.3) - https:\/\/yoast.com\/product\/yoast-seo-premium-wordpress\/ -->\n<title>\u00c1guas do Alto Minho lan\u00e7a novo sistema de gest\u00e3o e refor\u00e7a atendimento<\/title>\n<meta name=\"robots\" content=\"index, follow, max-snippet:-1, max-image-preview:large, max-video-preview:-1\" \/>\n<link rel=\"canonical\" href=\"https:\/\/www.altominho.tv\/site\/2021\/02\/15\/aguas-do-alto-minho-lanca-novo-sistema-de-gestao-e-reforca-atendimento\/\" \/>\n<meta property=\"og:locale\" content=\"pt_PT\" \/>\n<meta property=\"og:type\" content=\"article\" \/>\n<meta property=\"og:title\" content=\"\u00c1guas do Alto Minho lan\u00e7a novo sistema de gest\u00e3o e refor\u00e7a atendimento\" \/>\n<meta property=\"og:description\" content=\"A empresa de gest\u00e3o das redes de abastecimento de \u00e1gua em baixa e de saneamento \u00c1guas do Alto Minho (AdAM) anunciou esta segunda-feira a implementa\u00e7\u00e3o de um novo sistema de gest\u00e3o comercial, associado ao refor\u00e7o do atendimento ao cliente. Em comunicado, a empresa adiantou que o &#8220;refor\u00e7o&#8221; do atendimento ocorrer\u00e1 &#8220;tanto em loja como por [&hellip;]\" \/>\n<meta property=\"og:url\" content=\"https:\/\/www.altominho.tv\/site\/2021\/02\/15\/aguas-do-alto-minho-lanca-novo-sistema-de-gestao-e-reforca-atendimento\/\" \/>\n<meta property=\"og:site_name\" content=\"Altominho.tv\" \/>\n<meta property=\"article:publisher\" content=\"https:\/\/www.facebook.com\/altominhotv\" \/>\n<meta property=\"article:published_time\" content=\"2021-02-15T18:57:25+00:00\" \/>\n<meta property=\"article:modified_time\" content=\"2021-02-15T18:57:28+00:00\" \/>\n<meta property=\"og:image\" content=\"https:\/\/www.altominho.tv\/site\/wp-content\/uploads\/2020\/08\/aguasam.jpg\" \/>\n\t<meta property=\"og:image:width\" content=\"744\" \/>\n\t<meta property=\"og:image:height\" content=\"495\" \/>\n\t<meta property=\"og:image:type\" content=\"image\/jpeg\" \/>\n<meta name=\"author\" content=\"Lusa\" \/>\n<meta name=\"twitter:card\" content=\"summary_large_image\" \/>\n<meta name=\"twitter:creator\" content=\"@altominhoTV\" \/>\n<meta name=\"twitter:site\" content=\"@altominhoTV\" \/>\n<meta name=\"twitter:label1\" content=\"Escrito por\" \/>\n\t<meta name=\"twitter:data1\" content=\"Lusa\" \/>\n\t<meta name=\"twitter:label2\" content=\"Tempo estimado de leitura\" \/>\n\t<meta name=\"twitter:data2\" content=\"4 minutos\" \/>\n<script type=\"application\/ld+json\" class=\"yoast-schema-graph\">{\"@context\":\"https:\\\/\\\/schema.org\",\"@graph\":[{\"@type\":\"Article\",\"@id\":\"https:\\\/\\\/www.altominho.tv\\\/site\\\/2021\\\/02\\\/15\\\/aguas-do-alto-minho-lanca-novo-sistema-de-gestao-e-reforca-atendimento\\\/#article\",\"isPartOf\":{\"@id\":\"https:\\\/\\\/www.altominho.tv\\\/site\\\/2021\\\/02\\\/15\\\/aguas-do-alto-minho-lanca-novo-sistema-de-gestao-e-reforca-atendimento\\\/\"},\"author\":{\"name\":\"Lusa\",\"@id\":\"https:\\\/\\\/www.altominho.tv\\\/site\\\/#\\\/schema\\\/person\\\/63f693da3e1899361cbe955c46f3232e\"},\"headline\":\"\u00c1guas do Alto Minho lan\u00e7a novo sistema de gest\u00e3o e refor\u00e7a atendimento\",\"datePublished\":\"2021-02-15T18:57:25+00:00\",\"dateModified\":\"2021-02-15T18:57:28+00:00\",\"mainEntityOfPage\":{\"@id\":\"https:\\\/\\\/www.altominho.tv\\\/site\\\/2021\\\/02\\\/15\\\/aguas-do-alto-minho-lanca-novo-sistema-de-gestao-e-reforca-atendimento\\\/\"},\"wordCount\":903,\"image\":{\"@id\":\"https:\\\/\\\/www.altominho.tv\\\/site\\\/2021\\\/02\\\/15\\\/aguas-do-alto-minho-lanca-novo-sistema-de-gestao-e-reforca-atendimento\\\/#primaryimage\"},\"thumbnailUrl\":\"https:\\\/\\\/www.altominho.tv\\\/site\\\/wp-content\\\/uploads\\\/2020\\\/08\\\/aguasam.jpg\",\"keywords\":[\"Sociedade\"],\"articleSection\":[\"Alto Minho\"],\"inLanguage\":\"pt-PT\",\"copyrightYear\":\"2021\",\"copyrightHolder\":{\"@id\":\"https:\\\/\\\/www.altominho.tv\\\/site\\\/#organization\"}},{\"@type\":\"WebPage\",\"@id\":\"https:\\\/\\\/www.altominho.tv\\\/site\\\/2021\\\/02\\\/15\\\/aguas-do-alto-minho-lanca-novo-sistema-de-gestao-e-reforca-atendimento\\\/\",\"url\":\"https:\\\/\\\/www.altominho.tv\\\/site\\\/2021\\\/02\\\/15\\\/aguas-do-alto-minho-lanca-novo-sistema-de-gestao-e-reforca-atendimento\\\/\",\"name\":\"\u00c1guas do Alto Minho lan\u00e7a novo sistema de gest\u00e3o e refor\u00e7a atendimento\",\"isPartOf\":{\"@id\":\"https:\\\/\\\/www.altominho.tv\\\/site\\\/#website\"},\"primaryImageOfPage\":{\"@id\":\"https:\\\/\\\/www.altominho.tv\\\/site\\\/2021\\\/02\\\/15\\\/aguas-do-alto-minho-lanca-novo-sistema-de-gestao-e-reforca-atendimento\\\/#primaryimage\"},\"image\":{\"@id\":\"https:\\\/\\\/www.altominho.tv\\\/site\\\/2021\\\/02\\\/15\\\/aguas-do-alto-minho-lanca-novo-sistema-de-gestao-e-reforca-atendimento\\\/#primaryimage\"},\"thumbnailUrl\":\"https:\\\/\\\/www.altominho.tv\\\/site\\\/wp-content\\\/uploads\\\/2020\\\/08\\\/aguasam.jpg\",\"datePublished\":\"2021-02-15T18:57:25+00:00\",\"dateModified\":\"2021-02-15T18:57:28+00:00\",\"author\":{\"@id\":\"https:\\\/\\\/www.altominho.tv\\\/site\\\/#\\\/schema\\\/person\\\/63f693da3e1899361cbe955c46f3232e\"},\"breadcrumb\":{\"@id\":\"https:\\\/\\\/www.altominho.tv\\\/site\\\/2021\\\/02\\\/15\\\/aguas-do-alto-minho-lanca-novo-sistema-de-gestao-e-reforca-atendimento\\\/#breadcrumb\"},\"inLanguage\":\"pt-PT\",\"potentialAction\":[{\"@type\":\"ReadAction\",\"target\":[\"https:\\\/\\\/www.altominho.tv\\\/site\\\/2021\\\/02\\\/15\\\/aguas-do-alto-minho-lanca-novo-sistema-de-gestao-e-reforca-atendimento\\\/\"]}]},{\"@type\":\"ImageObject\",\"inLanguage\":\"pt-PT\",\"@id\":\"https:\\\/\\\/www.altominho.tv\\\/site\\\/2021\\\/02\\\/15\\\/aguas-do-alto-minho-lanca-novo-sistema-de-gestao-e-reforca-atendimento\\\/#primaryimage\",\"url\":\"https:\\\/\\\/www.altominho.tv\\\/site\\\/wp-content\\\/uploads\\\/2020\\\/08\\\/aguasam.jpg\",\"contentUrl\":\"https:\\\/\\\/www.altominho.tv\\\/site\\\/wp-content\\\/uploads\\\/2020\\\/08\\\/aguasam.jpg\",\"width\":744,\"height\":495},{\"@type\":\"BreadcrumbList\",\"@id\":\"https:\\\/\\\/www.altominho.tv\\\/site\\\/2021\\\/02\\\/15\\\/aguas-do-alto-minho-lanca-novo-sistema-de-gestao-e-reforca-atendimento\\\/#breadcrumb\",\"itemListElement\":[{\"@type\":\"ListItem\",\"position\":1,\"name\":\"In\u00edcio\",\"item\":\"https:\\\/\\\/www.altominho.tv\\\/site\\\/\"},{\"@type\":\"ListItem\",\"position\":2,\"name\":\"\u00c1guas do Alto Minho lan\u00e7a novo sistema de gest\u00e3o e refor\u00e7a atendimento\"}]},{\"@type\":\"WebSite\",\"@id\":\"https:\\\/\\\/www.altominho.tv\\\/site\\\/#website\",\"url\":\"https:\\\/\\\/www.altominho.tv\\\/site\\\/\",\"name\":\"Altominho.tv\",\"description\":\"A sua regi\u00e3o \u00e0 dist\u00e2ncia de um clique...\",\"potentialAction\":[{\"@type\":\"SearchAction\",\"target\":{\"@type\":\"EntryPoint\",\"urlTemplate\":\"https:\\\/\\\/www.altominho.tv\\\/site\\\/?s={search_term_string}\"},\"query-input\":{\"@type\":\"PropertyValueSpecification\",\"valueRequired\":true,\"valueName\":\"search_term_string\"}}],\"inLanguage\":\"pt-PT\"},{\"@type\":\"Person\",\"@id\":\"https:\\\/\\\/www.altominho.tv\\\/site\\\/#\\\/schema\\\/person\\\/63f693da3e1899361cbe955c46f3232e\",\"name\":\"Lusa\",\"image\":{\"@type\":\"ImageObject\",\"inLanguage\":\"pt-PT\",\"@id\":\"https:\\\/\\\/www.altominho.tv\\\/site\\\/wp-content\\\/uploads\\\/2019\\\/08\\\/LUSA_Logo.gif\",\"url\":\"https:\\\/\\\/www.altominho.tv\\\/site\\\/wp-content\\\/uploads\\\/2019\\\/08\\\/LUSA_Logo.gif\",\"contentUrl\":\"https:\\\/\\\/www.altominho.tv\\\/site\\\/wp-content\\\/uploads\\\/2019\\\/08\\\/LUSA_Logo.gif\",\"caption\":\"Lusa\"},\"sameAs\":[\"http:\\\/\\\/\\\/\\\/www.altominho.tv\\\/site\"],\"url\":\"https:\\\/\\\/www.altominho.tv\\\/site\\\/author\\\/lusa\\\/\"}]}<\/script>\n<!-- \/ Yoast SEO Premium plugin. -->","yoast_head_json":{"title":"\u00c1guas do Alto Minho lan\u00e7a novo sistema de gest\u00e3o e refor\u00e7a atendimento","robots":{"index":"index","follow":"follow","max-snippet":"max-snippet:-1","max-image-preview":"max-image-preview:large","max-video-preview":"max-video-preview:-1"},"canonical":"https:\/\/www.altominho.tv\/site\/2021\/02\/15\/aguas-do-alto-minho-lanca-novo-sistema-de-gestao-e-reforca-atendimento\/","og_locale":"pt_PT","og_type":"article","og_title":"\u00c1guas do Alto Minho lan\u00e7a novo sistema de gest\u00e3o e refor\u00e7a atendimento","og_description":"A empresa de gest\u00e3o das redes de abastecimento de \u00e1gua em baixa e de saneamento \u00c1guas do Alto Minho (AdAM) anunciou esta segunda-feira a implementa\u00e7\u00e3o de um novo sistema de gest\u00e3o comercial, associado ao refor\u00e7o do atendimento ao cliente. Em comunicado, a empresa adiantou que o &#8220;refor\u00e7o&#8221; do atendimento ocorrer\u00e1 &#8220;tanto em loja como por [&hellip;]","og_url":"https:\/\/www.altominho.tv\/site\/2021\/02\/15\/aguas-do-alto-minho-lanca-novo-sistema-de-gestao-e-reforca-atendimento\/","og_site_name":"Altominho.tv","article_publisher":"https:\/\/www.facebook.com\/altominhotv","article_published_time":"2021-02-15T18:57:25+00:00","article_modified_time":"2021-02-15T18:57:28+00:00","og_image":[{"width":744,"height":495,"url":"https:\/\/www.altominho.tv\/site\/wp-content\/uploads\/2020\/08\/aguasam.jpg","type":"image\/jpeg"}],"author":"Lusa","twitter_card":"summary_large_image","twitter_creator":"@altominhoTV","twitter_site":"@altominhoTV","twitter_misc":{"Escrito por":"Lusa","Tempo estimado de leitura":"4 minutos"},"schema":{"@context":"https:\/\/schema.org","@graph":[{"@type":"Article","@id":"https:\/\/www.altominho.tv\/site\/2021\/02\/15\/aguas-do-alto-minho-lanca-novo-sistema-de-gestao-e-reforca-atendimento\/#article","isPartOf":{"@id":"https:\/\/www.altominho.tv\/site\/2021\/02\/15\/aguas-do-alto-minho-lanca-novo-sistema-de-gestao-e-reforca-atendimento\/"},"author":{"name":"Lusa","@id":"https:\/\/www.altominho.tv\/site\/#\/schema\/person\/63f693da3e1899361cbe955c46f3232e"},"headline":"\u00c1guas do Alto Minho lan\u00e7a novo sistema de gest\u00e3o e refor\u00e7a atendimento","datePublished":"2021-02-15T18:57:25+00:00","dateModified":"2021-02-15T18:57:28+00:00","mainEntityOfPage":{"@id":"https:\/\/www.altominho.tv\/site\/2021\/02\/15\/aguas-do-alto-minho-lanca-novo-sistema-de-gestao-e-reforca-atendimento\/"},"wordCount":903,"image":{"@id":"https:\/\/www.altominho.tv\/site\/2021\/02\/15\/aguas-do-alto-minho-lanca-novo-sistema-de-gestao-e-reforca-atendimento\/#primaryimage"},"thumbnailUrl":"https:\/\/www.altominho.tv\/site\/wp-content\/uploads\/2020\/08\/aguasam.jpg","keywords":["Sociedade"],"articleSection":["Alto Minho"],"inLanguage":"pt-PT","copyrightYear":"2021","copyrightHolder":{"@id":"https:\/\/www.altominho.tv\/site\/#organization"}},{"@type":"WebPage","@id":"https:\/\/www.altominho.tv\/site\/2021\/02\/15\/aguas-do-alto-minho-lanca-novo-sistema-de-gestao-e-reforca-atendimento\/","url":"https:\/\/www.altominho.tv\/site\/2021\/02\/15\/aguas-do-alto-minho-lanca-novo-sistema-de-gestao-e-reforca-atendimento\/","name":"\u00c1guas do Alto Minho lan\u00e7a novo sistema de gest\u00e3o e refor\u00e7a atendimento","isPartOf":{"@id":"https:\/\/www.altominho.tv\/site\/#website"},"primaryImageOfPage":{"@id":"https:\/\/www.altominho.tv\/site\/2021\/02\/15\/aguas-do-alto-minho-lanca-novo-sistema-de-gestao-e-reforca-atendimento\/#primaryimage"},"image":{"@id":"https:\/\/www.altominho.tv\/site\/2021\/02\/15\/aguas-do-alto-minho-lanca-novo-sistema-de-gestao-e-reforca-atendimento\/#primaryimage"},"thumbnailUrl":"https:\/\/www.altominho.tv\/site\/wp-content\/uploads\/2020\/08\/aguasam.jpg","datePublished":"2021-02-15T18:57:25+00:00","dateModified":"2021-02-15T18:57:28+00:00","author":{"@id":"https:\/\/www.altominho.tv\/site\/#\/schema\/person\/63f693da3e1899361cbe955c46f3232e"},"breadcrumb":{"@id":"https:\/\/www.altominho.tv\/site\/2021\/02\/15\/aguas-do-alto-minho-lanca-novo-sistema-de-gestao-e-reforca-atendimento\/#breadcrumb"},"inLanguage":"pt-PT","potentialAction":[{"@type":"ReadAction","target":["https:\/\/www.altominho.tv\/site\/2021\/02\/15\/aguas-do-alto-minho-lanca-novo-sistema-de-gestao-e-reforca-atendimento\/"]}]},{"@type":"ImageObject","inLanguage":"pt-PT","@id":"https:\/\/www.altominho.tv\/site\/2021\/02\/15\/aguas-do-alto-minho-lanca-novo-sistema-de-gestao-e-reforca-atendimento\/#primaryimage","url":"https:\/\/www.altominho.tv\/site\/wp-content\/uploads\/2020\/08\/aguasam.jpg","contentUrl":"https:\/\/www.altominho.tv\/site\/wp-content\/uploads\/2020\/08\/aguasam.jpg","width":744,"height":495},{"@type":"BreadcrumbList","@id":"https:\/\/www.altominho.tv\/site\/2021\/02\/15\/aguas-do-alto-minho-lanca-novo-sistema-de-gestao-e-reforca-atendimento\/#breadcrumb","itemListElement":[{"@type":"ListItem","position":1,"name":"In\u00edcio","item":"https:\/\/www.altominho.tv\/site\/"},{"@type":"ListItem","position":2,"name":"\u00c1guas do Alto Minho lan\u00e7a novo sistema de gest\u00e3o e refor\u00e7a atendimento"}]},{"@type":"WebSite","@id":"https:\/\/www.altominho.tv\/site\/#website","url":"https:\/\/www.altominho.tv\/site\/","name":"Altominho.tv","description":"A sua regi\u00e3o \u00e0 dist\u00e2ncia de um clique...","potentialAction":[{"@type":"SearchAction","target":{"@type":"EntryPoint","urlTemplate":"https:\/\/www.altominho.tv\/site\/?s={search_term_string}"},"query-input":{"@type":"PropertyValueSpecification","valueRequired":true,"valueName":"search_term_string"}}],"inLanguage":"pt-PT"},{"@type":"Person","@id":"https:\/\/www.altominho.tv\/site\/#\/schema\/person\/63f693da3e1899361cbe955c46f3232e","name":"Lusa","image":{"@type":"ImageObject","inLanguage":"pt-PT","@id":"https:\/\/www.altominho.tv\/site\/wp-content\/uploads\/2019\/08\/LUSA_Logo.gif","url":"https:\/\/www.altominho.tv\/site\/wp-content\/uploads\/2019\/08\/LUSA_Logo.gif","contentUrl":"https:\/\/www.altominho.tv\/site\/wp-content\/uploads\/2019\/08\/LUSA_Logo.gif","caption":"Lusa"},"sameAs":["http:\/\/\/\/www.altominho.tv\/site"],"url":"https:\/\/www.altominho.tv\/site\/author\/lusa\/"}]}},"_links":{"self":[{"href":"https:\/\/www.altominho.tv\/site\/wp-json\/wp\/v2\/posts\/62262","targetHints":{"allow":["GET"]}}],"collection":[{"href":"https:\/\/www.altominho.tv\/site\/wp-json\/wp\/v2\/posts"}],"about":[{"href":"https:\/\/www.altominho.tv\/site\/wp-json\/wp\/v2\/types\/post"}],"author":[{"embeddable":true,"href":"https:\/\/www.altominho.tv\/site\/wp-json\/wp\/v2\/users\/13"}],"replies":[{"embeddable":true,"href":"https:\/\/www.altominho.tv\/site\/wp-json\/wp\/v2\/comments?post=62262"}],"version-history":[{"count":0,"href":"https:\/\/www.altominho.tv\/site\/wp-json\/wp\/v2\/posts\/62262\/revisions"}],"wp:featuredmedia":[{"embeddable":true,"href":"https:\/\/www.altominho.tv\/site\/wp-json\/wp\/v2\/media\/51088"}],"wp:attachment":[{"href":"https:\/\/www.altominho.tv\/site\/wp-json\/wp\/v2\/media?parent=62262"}],"wp:term":[{"taxonomy":"category","embeddable":true,"href":"https:\/\/www.altominho.tv\/site\/wp-json\/wp\/v2\/categories?post=62262"},{"taxonomy":"post_tag","embeddable":true,"href":"https:\/\/www.altominho.tv\/site\/wp-json\/wp\/v2\/tags?post=62262"}],"curies":[{"name":"wp","href":"https:\/\/api.w.org\/{rel}","templated":true}]}}