{"id":62206,"date":"2021-02-15T15:38:16","date_gmt":"2021-02-15T15:38:16","guid":{"rendered":"https:\/\/www.altominho.tv\/site\/?p=62206"},"modified":"2021-02-15T15:38:21","modified_gmt":"2021-02-15T15:38:21","slug":"assembleia-municipal-aprova-por-unanimidade-voto-de-protesto-contra-o-mal-servico-prestado-pela-adam","status":"publish","type":"post","link":"https:\/\/www.altominho.tv\/site\/2021\/02\/15\/assembleia-municipal-aprova-por-unanimidade-voto-de-protesto-contra-o-mal-servico-prestado-pela-adam\/","title":{"rendered":"Assembleia Municipal aprova por unanimidade Voto de Protesto &#8220;contra o mal servi\u00e7o prestado pela ADAM&#8221;"},"content":{"rendered":"\n<p>A Assembleia Municipal de Vila Nova de Cerveira aprovou por unanimidade um Voto de Protesto &#8220;contra o mal servi\u00e7o prestado pela ADAM&#8221;.<\/p>\n\n\n\n<p>A autarquia deu hoje nota que o Movimento Independente Pensar Cerveira \u2013 PenCe apresentou, na sexta-feira, 12 de fevereiro, em sess\u00e3o ordin\u00e1ria da Assembleia Municipal, um \u201cVoto de Protesto Contra o Mal Servi\u00e7o Prestado pela ADAM \u2013 \u00c1guas do Alto Minho\u201d e que, colocado a vota\u00e7\u00e3o, recebeu a aprova\u00e7\u00e3o de todos os membros das bancadas do PenCe, do Partido Socialista e o Partido Social-democrata com representa\u00e7\u00e3o neste \u00f3rg\u00e3o deliberativo.<\/p>\n","protected":false},"excerpt":{"rendered":"<p>A Assembleia Municipal de Vila Nova de Cerveira aprovou por unanimidade um Voto de Protesto &#8220;contra o mal servi\u00e7o prestado pela ADAM&#8221;. A autarquia deu hoje nota que o Movimento Independente Pensar Cerveira \u2013 PenCe apresentou, na sexta-feira, 12 de fevereiro, em sess\u00e3o ordin\u00e1ria da Assembleia Municipal, um \u201cVoto de Protesto Contra o Mal Servi\u00e7o [&hellip;]<\/p>\n","protected":false},"author":7,"featured_media":62215,"comment_status":"closed","ping_status":"closed","sticky":false,"template":"","format":"standard","meta":{"_exactmetrics_skip_tracking":false,"_exactmetrics_sitenote_active":false,"_exactmetrics_sitenote_note":"","_exactmetrics_sitenote_category":0,"footnotes":""},"categories":[15],"tags":[27],"class_list":["post-62206","post","type-post","status-publish","format-standard","has-post-thumbnail","hentry","category-vila-nova-de-cerveira","tag-sociedade"],"yoast_head":"<!-- This site is optimized with the Yoast SEO Premium plugin v27.5 (Yoast SEO v27.5) - https:\/\/yoast.com\/product\/yoast-seo-premium-wordpress\/ -->\n<title>Assembleia Municipal aprova por unanimidade Voto de Protesto &quot;contra o mal servi\u00e7o prestado pela ADAM&quot;<\/title>\n<meta name=\"robots\" content=\"index, follow, max-snippet:-1, max-image-preview:large, max-video-preview:-1\" \/>\n<link rel=\"canonical\" href=\"https:\/\/www.altominho.tv\/site\/2021\/02\/15\/assembleia-municipal-aprova-por-unanimidade-voto-de-protesto-contra-o-mal-servico-prestado-pela-adam\/\" \/>\n<meta property=\"og:locale\" content=\"pt_PT\" \/>\n<meta property=\"og:type\" content=\"article\" \/>\n<meta property=\"og:title\" content=\"Assembleia Municipal aprova por unanimidade Voto de Protesto &quot;contra o mal servi\u00e7o prestado pela ADAM&quot;\" \/>\n<meta property=\"og:description\" content=\"A Assembleia Municipal de Vila Nova de Cerveira aprovou por unanimidade um Voto de Protesto &#8220;contra o mal servi\u00e7o prestado pela ADAM&#8221;. A autarquia deu hoje nota que o Movimento Independente Pensar Cerveira \u2013 PenCe apresentou, na sexta-feira, 12 de fevereiro, em sess\u00e3o ordin\u00e1ria da Assembleia Municipal, um \u201cVoto de Protesto Contra o Mal Servi\u00e7o [&hellip;]\" \/>\n<meta property=\"og:url\" content=\"https:\/\/www.altominho.tv\/site\/2021\/02\/15\/assembleia-municipal-aprova-por-unanimidade-voto-de-protesto-contra-o-mal-servico-prestado-pela-adam\/\" \/>\n<meta property=\"og:site_name\" content=\"Altominho.tv\" \/>\n<meta property=\"article:publisher\" content=\"https:\/\/www.facebook.com\/altominhotv\" \/>\n<meta property=\"article:published_time\" content=\"2021-02-15T15:38:16+00:00\" \/>\n<meta property=\"article:modified_time\" content=\"2021-02-15T15:38:21+00:00\" \/>\n<meta property=\"og:image\" content=\"https:\/\/www.altominho.tv\/site\/wp-content\/uploads\/2021\/02\/aguas.jpg\" \/>\n\t<meta property=\"og:image:width\" content=\"1920\" \/>\n\t<meta property=\"og:image:height\" content=\"1080\" \/>\n\t<meta property=\"og:image:type\" content=\"image\/jpeg\" \/>\n<meta name=\"author\" content=\"Andreia Cunha\" \/>\n<meta name=\"twitter:card\" content=\"summary_large_image\" \/>\n<meta name=\"twitter:creator\" content=\"@altominhoTV\" \/>\n<meta name=\"twitter:site\" content=\"@altominhoTV\" \/>\n<meta name=\"twitter:label1\" content=\"Escrito por\" \/>\n\t<meta name=\"twitter:data1\" content=\"Andreia Cunha\" \/>\n<script type=\"application\/ld+json\" class=\"yoast-schema-graph\">{\"@context\":\"https:\\\/\\\/schema.org\",\"@graph\":[{\"@type\":\"Article\",\"@id\":\"https:\\\/\\\/www.altominho.tv\\\/site\\\/2021\\\/02\\\/15\\\/assembleia-municipal-aprova-por-unanimidade-voto-de-protesto-contra-o-mal-servico-prestado-pela-adam\\\/#article\",\"isPartOf\":{\"@id\":\"https:\\\/\\\/www.altominho.tv\\\/site\\\/2021\\\/02\\\/15\\\/assembleia-municipal-aprova-por-unanimidade-voto-de-protesto-contra-o-mal-servico-prestado-pela-adam\\\/\"},\"author\":{\"name\":\"Andreia Cunha\",\"@id\":\"https:\\\/\\\/www.altominho.tv\\\/site\\\/#\\\/schema\\\/person\\\/a0e4ef6d041f98ca284393d8f1d97153\"},\"headline\":\"Assembleia Municipal aprova por unanimidade Voto de Protesto &#8220;contra o mal servi\u00e7o prestado pela ADAM&#8221;\",\"datePublished\":\"2021-02-15T15:38:16+00:00\",\"dateModified\":\"2021-02-15T15:38:21+00:00\",\"mainEntityOfPage\":{\"@id\":\"https:\\\/\\\/www.altominho.tv\\\/site\\\/2021\\\/02\\\/15\\\/assembleia-municipal-aprova-por-unanimidade-voto-de-protesto-contra-o-mal-servico-prestado-pela-adam\\\/\"},\"wordCount\":112,\"image\":{\"@id\":\"https:\\\/\\\/www.altominho.tv\\\/site\\\/2021\\\/02\\\/15\\\/assembleia-municipal-aprova-por-unanimidade-voto-de-protesto-contra-o-mal-servico-prestado-pela-adam\\\/#primaryimage\"},\"thumbnailUrl\":\"https:\\\/\\\/www.altominho.tv\\\/site\\\/wp-content\\\/uploads\\\/2021\\\/02\\\/aguas.jpg\",\"keywords\":[\"Sociedade\"],\"articleSection\":[\"Vila Nova de Cerveira\"],\"inLanguage\":\"pt-PT\",\"copyrightYear\":\"2021\",\"copyrightHolder\":{\"@id\":\"https:\\\/\\\/www.altominho.tv\\\/site\\\/#organization\"}},{\"@type\":\"WebPage\",\"@id\":\"https:\\\/\\\/www.altominho.tv\\\/site\\\/2021\\\/02\\\/15\\\/assembleia-municipal-aprova-por-unanimidade-voto-de-protesto-contra-o-mal-servico-prestado-pela-adam\\\/\",\"url\":\"https:\\\/\\\/www.altominho.tv\\\/site\\\/2021\\\/02\\\/15\\\/assembleia-municipal-aprova-por-unanimidade-voto-de-protesto-contra-o-mal-servico-prestado-pela-adam\\\/\",\"name\":\"Assembleia Municipal aprova por unanimidade Voto de Protesto \\\"contra o mal servi\u00e7o prestado pela ADAM\\\"\",\"isPartOf\":{\"@id\":\"https:\\\/\\\/www.altominho.tv\\\/site\\\/#website\"},\"primaryImageOfPage\":{\"@id\":\"https:\\\/\\\/www.altominho.tv\\\/site\\\/2021\\\/02\\\/15\\\/assembleia-municipal-aprova-por-unanimidade-voto-de-protesto-contra-o-mal-servico-prestado-pela-adam\\\/#primaryimage\"},\"image\":{\"@id\":\"https:\\\/\\\/www.altominho.tv\\\/site\\\/2021\\\/02\\\/15\\\/assembleia-municipal-aprova-por-unanimidade-voto-de-protesto-contra-o-mal-servico-prestado-pela-adam\\\/#primaryimage\"},\"thumbnailUrl\":\"https:\\\/\\\/www.altominho.tv\\\/site\\\/wp-content\\\/uploads\\\/2021\\\/02\\\/aguas.jpg\",\"datePublished\":\"2021-02-15T15:38:16+00:00\",\"dateModified\":\"2021-02-15T15:38:21+00:00\",\"author\":{\"@id\":\"https:\\\/\\\/www.altominho.tv\\\/site\\\/#\\\/schema\\\/person\\\/a0e4ef6d041f98ca284393d8f1d97153\"},\"breadcrumb\":{\"@id\":\"https:\\\/\\\/www.altominho.tv\\\/site\\\/2021\\\/02\\\/15\\\/assembleia-municipal-aprova-por-unanimidade-voto-de-protesto-contra-o-mal-servico-prestado-pela-adam\\\/#breadcrumb\"},\"inLanguage\":\"pt-PT\",\"potentialAction\":[{\"@type\":\"ReadAction\",\"target\":[\"https:\\\/\\\/www.altominho.tv\\\/site\\\/2021\\\/02\\\/15\\\/assembleia-municipal-aprova-por-unanimidade-voto-de-protesto-contra-o-mal-servico-prestado-pela-adam\\\/\"]}]},{\"@type\":\"ImageObject\",\"inLanguage\":\"pt-PT\",\"@id\":\"https:\\\/\\\/www.altominho.tv\\\/site\\\/2021\\\/02\\\/15\\\/assembleia-municipal-aprova-por-unanimidade-voto-de-protesto-contra-o-mal-servico-prestado-pela-adam\\\/#primaryimage\",\"url\":\"https:\\\/\\\/www.altominho.tv\\\/site\\\/wp-content\\\/uploads\\\/2021\\\/02\\\/aguas.jpg\",\"contentUrl\":\"https:\\\/\\\/www.altominho.tv\\\/site\\\/wp-content\\\/uploads\\\/2021\\\/02\\\/aguas.jpg\",\"width\":1920,\"height\":1080},{\"@type\":\"BreadcrumbList\",\"@id\":\"https:\\\/\\\/www.altominho.tv\\\/site\\\/2021\\\/02\\\/15\\\/assembleia-municipal-aprova-por-unanimidade-voto-de-protesto-contra-o-mal-servico-prestado-pela-adam\\\/#breadcrumb\",\"itemListElement\":[{\"@type\":\"ListItem\",\"position\":1,\"name\":\"In\u00edcio\",\"item\":\"https:\\\/\\\/www.altominho.tv\\\/site\\\/\"},{\"@type\":\"ListItem\",\"position\":2,\"name\":\"Assembleia Municipal aprova por unanimidade Voto de Protesto &#8220;contra o mal servi\u00e7o prestado pela ADAM&#8221;\"}]},{\"@type\":\"WebSite\",\"@id\":\"https:\\\/\\\/www.altominho.tv\\\/site\\\/#website\",\"url\":\"https:\\\/\\\/www.altominho.tv\\\/site\\\/\",\"name\":\"Altominho.tv\",\"description\":\"A sua regi\u00e3o \u00e0 dist\u00e2ncia de um clique...\",\"potentialAction\":[{\"@type\":\"SearchAction\",\"target\":{\"@type\":\"EntryPoint\",\"urlTemplate\":\"https:\\\/\\\/www.altominho.tv\\\/site\\\/?s={search_term_string}\"},\"query-input\":{\"@type\":\"PropertyValueSpecification\",\"valueRequired\":true,\"valueName\":\"search_term_string\"}}],\"inLanguage\":\"pt-PT\"},{\"@type\":\"Person\",\"@id\":\"https:\\\/\\\/www.altominho.tv\\\/site\\\/#\\\/schema\\\/person\\\/a0e4ef6d041f98ca284393d8f1d97153\",\"name\":\"Andreia Cunha\",\"image\":{\"@type\":\"ImageObject\",\"inLanguage\":\"pt-PT\",\"@id\":\"https:\\\/\\\/www.altominho.tv\\\/site\\\/wp-content\\\/uploads\\\/2017\\\/11\\\/Andreia_Cunha-1-150x150.jpg\",\"url\":\"https:\\\/\\\/www.altominho.tv\\\/site\\\/wp-content\\\/uploads\\\/2017\\\/11\\\/Andreia_Cunha-1-150x150.jpg\",\"contentUrl\":\"https:\\\/\\\/www.altominho.tv\\\/site\\\/wp-content\\\/uploads\\\/2017\\\/11\\\/Andreia_Cunha-1-150x150.jpg\",\"caption\":\"Andreia Cunha\"},\"url\":\"https:\\\/\\\/www.altominho.tv\\\/site\\\/author\\\/andreiacunha\\\/\"}]}<\/script>\n<!-- \/ Yoast SEO Premium plugin. -->","yoast_head_json":{"title":"Assembleia Municipal aprova por unanimidade Voto de Protesto \"contra o mal servi\u00e7o prestado pela ADAM\"","robots":{"index":"index","follow":"follow","max-snippet":"max-snippet:-1","max-image-preview":"max-image-preview:large","max-video-preview":"max-video-preview:-1"},"canonical":"https:\/\/www.altominho.tv\/site\/2021\/02\/15\/assembleia-municipal-aprova-por-unanimidade-voto-de-protesto-contra-o-mal-servico-prestado-pela-adam\/","og_locale":"pt_PT","og_type":"article","og_title":"Assembleia Municipal aprova por unanimidade Voto de Protesto \"contra o mal servi\u00e7o prestado pela ADAM\"","og_description":"A Assembleia Municipal de Vila Nova de Cerveira aprovou por unanimidade um Voto de Protesto &#8220;contra o mal servi\u00e7o prestado pela ADAM&#8221;. A autarquia deu hoje nota que o Movimento Independente Pensar Cerveira \u2013 PenCe apresentou, na sexta-feira, 12 de fevereiro, em sess\u00e3o ordin\u00e1ria da Assembleia Municipal, um \u201cVoto de Protesto Contra o Mal Servi\u00e7o [&hellip;]","og_url":"https:\/\/www.altominho.tv\/site\/2021\/02\/15\/assembleia-municipal-aprova-por-unanimidade-voto-de-protesto-contra-o-mal-servico-prestado-pela-adam\/","og_site_name":"Altominho.tv","article_publisher":"https:\/\/www.facebook.com\/altominhotv","article_published_time":"2021-02-15T15:38:16+00:00","article_modified_time":"2021-02-15T15:38:21+00:00","og_image":[{"width":1920,"height":1080,"url":"https:\/\/www.altominho.tv\/site\/wp-content\/uploads\/2021\/02\/aguas.jpg","type":"image\/jpeg"}],"author":"Andreia Cunha","twitter_card":"summary_large_image","twitter_creator":"@altominhoTV","twitter_site":"@altominhoTV","twitter_misc":{"Escrito por":"Andreia Cunha"},"schema":{"@context":"https:\/\/schema.org","@graph":[{"@type":"Article","@id":"https:\/\/www.altominho.tv\/site\/2021\/02\/15\/assembleia-municipal-aprova-por-unanimidade-voto-de-protesto-contra-o-mal-servico-prestado-pela-adam\/#article","isPartOf":{"@id":"https:\/\/www.altominho.tv\/site\/2021\/02\/15\/assembleia-municipal-aprova-por-unanimidade-voto-de-protesto-contra-o-mal-servico-prestado-pela-adam\/"},"author":{"name":"Andreia Cunha","@id":"https:\/\/www.altominho.tv\/site\/#\/schema\/person\/a0e4ef6d041f98ca284393d8f1d97153"},"headline":"Assembleia Municipal aprova por unanimidade Voto de Protesto &#8220;contra o mal servi\u00e7o prestado pela ADAM&#8221;","datePublished":"2021-02-15T15:38:16+00:00","dateModified":"2021-02-15T15:38:21+00:00","mainEntityOfPage":{"@id":"https:\/\/www.altominho.tv\/site\/2021\/02\/15\/assembleia-municipal-aprova-por-unanimidade-voto-de-protesto-contra-o-mal-servico-prestado-pela-adam\/"},"wordCount":112,"image":{"@id":"https:\/\/www.altominho.tv\/site\/2021\/02\/15\/assembleia-municipal-aprova-por-unanimidade-voto-de-protesto-contra-o-mal-servico-prestado-pela-adam\/#primaryimage"},"thumbnailUrl":"https:\/\/www.altominho.tv\/site\/wp-content\/uploads\/2021\/02\/aguas.jpg","keywords":["Sociedade"],"articleSection":["Vila Nova de Cerveira"],"inLanguage":"pt-PT","copyrightYear":"2021","copyrightHolder":{"@id":"https:\/\/www.altominho.tv\/site\/#organization"}},{"@type":"WebPage","@id":"https:\/\/www.altominho.tv\/site\/2021\/02\/15\/assembleia-municipal-aprova-por-unanimidade-voto-de-protesto-contra-o-mal-servico-prestado-pela-adam\/","url":"https:\/\/www.altominho.tv\/site\/2021\/02\/15\/assembleia-municipal-aprova-por-unanimidade-voto-de-protesto-contra-o-mal-servico-prestado-pela-adam\/","name":"Assembleia Municipal aprova por unanimidade Voto de Protesto \"contra o mal servi\u00e7o prestado pela ADAM\"","isPartOf":{"@id":"https:\/\/www.altominho.tv\/site\/#website"},"primaryImageOfPage":{"@id":"https:\/\/www.altominho.tv\/site\/2021\/02\/15\/assembleia-municipal-aprova-por-unanimidade-voto-de-protesto-contra-o-mal-servico-prestado-pela-adam\/#primaryimage"},"image":{"@id":"https:\/\/www.altominho.tv\/site\/2021\/02\/15\/assembleia-municipal-aprova-por-unanimidade-voto-de-protesto-contra-o-mal-servico-prestado-pela-adam\/#primaryimage"},"thumbnailUrl":"https:\/\/www.altominho.tv\/site\/wp-content\/uploads\/2021\/02\/aguas.jpg","datePublished":"2021-02-15T15:38:16+00:00","dateModified":"2021-02-15T15:38:21+00:00","author":{"@id":"https:\/\/www.altominho.tv\/site\/#\/schema\/person\/a0e4ef6d041f98ca284393d8f1d97153"},"breadcrumb":{"@id":"https:\/\/www.altominho.tv\/site\/2021\/02\/15\/assembleia-municipal-aprova-por-unanimidade-voto-de-protesto-contra-o-mal-servico-prestado-pela-adam\/#breadcrumb"},"inLanguage":"pt-PT","potentialAction":[{"@type":"ReadAction","target":["https:\/\/www.altominho.tv\/site\/2021\/02\/15\/assembleia-municipal-aprova-por-unanimidade-voto-de-protesto-contra-o-mal-servico-prestado-pela-adam\/"]}]},{"@type":"ImageObject","inLanguage":"pt-PT","@id":"https:\/\/www.altominho.tv\/site\/2021\/02\/15\/assembleia-municipal-aprova-por-unanimidade-voto-de-protesto-contra-o-mal-servico-prestado-pela-adam\/#primaryimage","url":"https:\/\/www.altominho.tv\/site\/wp-content\/uploads\/2021\/02\/aguas.jpg","contentUrl":"https:\/\/www.altominho.tv\/site\/wp-content\/uploads\/2021\/02\/aguas.jpg","width":1920,"height":1080},{"@type":"BreadcrumbList","@id":"https:\/\/www.altominho.tv\/site\/2021\/02\/15\/assembleia-municipal-aprova-por-unanimidade-voto-de-protesto-contra-o-mal-servico-prestado-pela-adam\/#breadcrumb","itemListElement":[{"@type":"ListItem","position":1,"name":"In\u00edcio","item":"https:\/\/www.altominho.tv\/site\/"},{"@type":"ListItem","position":2,"name":"Assembleia Municipal aprova por unanimidade Voto de Protesto &#8220;contra o mal servi\u00e7o prestado pela ADAM&#8221;"}]},{"@type":"WebSite","@id":"https:\/\/www.altominho.tv\/site\/#website","url":"https:\/\/www.altominho.tv\/site\/","name":"Altominho.tv","description":"A sua regi\u00e3o \u00e0 dist\u00e2ncia de um clique...","potentialAction":[{"@type":"SearchAction","target":{"@type":"EntryPoint","urlTemplate":"https:\/\/www.altominho.tv\/site\/?s={search_term_string}"},"query-input":{"@type":"PropertyValueSpecification","valueRequired":true,"valueName":"search_term_string"}}],"inLanguage":"pt-PT"},{"@type":"Person","@id":"https:\/\/www.altominho.tv\/site\/#\/schema\/person\/a0e4ef6d041f98ca284393d8f1d97153","name":"Andreia Cunha","image":{"@type":"ImageObject","inLanguage":"pt-PT","@id":"https:\/\/www.altominho.tv\/site\/wp-content\/uploads\/2017\/11\/Andreia_Cunha-1-150x150.jpg","url":"https:\/\/www.altominho.tv\/site\/wp-content\/uploads\/2017\/11\/Andreia_Cunha-1-150x150.jpg","contentUrl":"https:\/\/www.altominho.tv\/site\/wp-content\/uploads\/2017\/11\/Andreia_Cunha-1-150x150.jpg","caption":"Andreia Cunha"},"url":"https:\/\/www.altominho.tv\/site\/author\/andreiacunha\/"}]}},"_links":{"self":[{"href":"https:\/\/www.altominho.tv\/site\/wp-json\/wp\/v2\/posts\/62206","targetHints":{"allow":["GET"]}}],"collection":[{"href":"https:\/\/www.altominho.tv\/site\/wp-json\/wp\/v2\/posts"}],"about":[{"href":"https:\/\/www.altominho.tv\/site\/wp-json\/wp\/v2\/types\/post"}],"author":[{"embeddable":true,"href":"https:\/\/www.altominho.tv\/site\/wp-json\/wp\/v2\/users\/7"}],"replies":[{"embeddable":true,"href":"https:\/\/www.altominho.tv\/site\/wp-json\/wp\/v2\/comments?post=62206"}],"version-history":[{"count":0,"href":"https:\/\/www.altominho.tv\/site\/wp-json\/wp\/v2\/posts\/62206\/revisions"}],"wp:featuredmedia":[{"embeddable":true,"href":"https:\/\/www.altominho.tv\/site\/wp-json\/wp\/v2\/media\/62215"}],"wp:attachment":[{"href":"https:\/\/www.altominho.tv\/site\/wp-json\/wp\/v2\/media?parent=62206"}],"wp:term":[{"taxonomy":"category","embeddable":true,"href":"https:\/\/www.altominho.tv\/site\/wp-json\/wp\/v2\/categories?post=62206"},{"taxonomy":"post_tag","embeddable":true,"href":"https:\/\/www.altominho.tv\/site\/wp-json\/wp\/v2\/tags?post=62206"}],"curies":[{"name":"wp","href":"https:\/\/api.w.org\/{rel}","templated":true}]}}