{"id":62053,"date":"2021-02-12T19:10:30","date_gmt":"2021-02-12T19:10:30","guid":{"rendered":"https:\/\/www.altominho.tv\/site\/?p=62053"},"modified":"2021-02-12T19:10:32","modified_gmt":"2021-02-12T19:10:32","slug":"fronteira-entre-melgaco-e-arbo-vai-abrir-mas-com-limitacoes","status":"publish","type":"post","link":"https:\/\/www.altominho.tv\/site\/2021\/02\/12\/fronteira-entre-melgaco-e-arbo-vai-abrir-mas-com-limitacoes\/","title":{"rendered":"Fronteira entre Melga\u00e7o e Arbo vai abrir mas com limita\u00e7\u00f5es"},"content":{"rendered":"<p>O controlo de pessoas nas fronteiras entre Portugal e Espanha vai manter-se at\u00e9 01 de mar\u00e7o devido \u00e0 pandemia, passando a existir a partir de segunda-feira mais dois pontos de passagem autorizada, informou hoje o Minist\u00e9rio da Administra\u00e7\u00e3o Interna.<\/p>\n<p>A reposi\u00e7\u00e3o tempor\u00e1ria do controlo de pessoas nas fronteiras com Espanha para fazer face \u00e0 covid-19 foi iniciada a 31 de janeiro e terminava no pr\u00f3ximo domingo, mas foi prolongada at\u00e9 01 de mar\u00e7o com alguns ajustes.<\/p>\n<p>\u201cNa sequ\u00eancia do di\u00e1logo com os autarcas dos munic\u00edpios raianos e da articula\u00e7\u00e3o permanente entre os governos de Portugal e de Espanha, o controlo de pessoas nas fronteiras terrestres e fluviais vai manter-se at\u00e9 ao dia 1 de mar\u00e7o, <strong>tendo sido decidido acrescentar dois Pontos de Passagem Autorizados (PPA), em Melga\u00e7o e Montalegre<\/strong>\u201d, refere um comunicado do Minist\u00e9rio da Administra\u00e7\u00e3o Interna (MAI).<\/p>\n<p>O Minist\u00e9rio tutelado por Eduardo Cabrita adianta tamb\u00e9m que foram ainda feitos \u201cligeiros ajustes nos hor\u00e1rios de funcionamento de alguns PPA, como forma de melhor servir os interesses de ambos os lados da fronteira\u201d.<\/p>\n<p>O MAI precisa que a partir das 00h00 de segunda-feira se mant\u00e9m limitada a circula\u00e7\u00e3o entre Portugal e Espanha ao transporte internacional de mercadorias, trabalhadores transfronteiri\u00e7os e de car\u00e1ter sazonal devidamente documentados, e ve\u00edculos de emerg\u00eancia e socorro e servi\u00e7o de urg\u00eancia, sendo somente poss\u00edvel esta passagem em pontos autorizados.<\/p>\n<p>Segundo o MAI, continua tamb\u00e9m suspensa a circula\u00e7\u00e3o ferrovi\u00e1ria transfronteiri\u00e7a, exceto para transporte de mercadorias, bem como o transporte fluvial entre Portugal e Espanha.<\/p>\n<p>O MAI indica igualmente que estas limita\u00e7\u00f5es n\u00e3o impedem a entrada em Portugal de cidad\u00e3os nacionais e de titulares de autoriza\u00e7\u00e3o de resid\u00eancia em Portugal, bem como a sa\u00edda de cidad\u00e3os residentes noutros pa\u00edses.<\/p>\n<p>Os pontos de passagem autorizados que funcionam 24 horas por dia ao longo de toda a semana s\u00e3o sete, designadamente Valen\u00e7a, Vila Verde da Raia, Quintanilha, Vilar Formoso, Caia, Vila Verde de Ficalho e Castro Marim.<\/p>\n<p>O PPA de Marv\u00e3o funciona nos dias \u00fateis das 06h00 \u00e0s 20h00 e os pontos de passagens autorizados de Mon\u00e7\u00e3o, Melga\u00e7o e Montalegre funcionam nos dias \u00fateis das 06h00 \u00e0s 09h00 e das 17h00 \u00e0s 20h00.<\/p>\n<p>O MAI indica ainda que existem ainda outros quatro PPA que funcionam nos dias \u00fateis das 07h00 \u00e0s 09h00 e das 17h00 \u00e0s 19h00, Miranda do Douro, Termas de Monfortinho, Mour\u00e3o e Barrancos, enquanto o PPA de Rio de Onor est\u00e1 aberto \u00e0s quartas-feiras e aos s\u00e1bados das 10h00 \u00e0s 12h00.<\/p>\n<p>Em Portugal, morreram 15.034 pessoas dos 781.223 casos de infe\u00e7\u00e3o confirmados, de acordo com o boletim mais recente da Dire\u00e7\u00e3o-Geral da Sa\u00fade.<\/p>\n<p>Na quinta-feira, o Conselho de Ministros aprovou o decreto que regulamenta o estado de emerg\u00eancia decretado pelo presidente da Rep\u00fablica, mantendo as regras atualmente de confinamento at\u00e9 01 de mar\u00e7o.<\/p>\n","protected":false},"excerpt":{"rendered":"<p>O controlo de pessoas nas fronteiras entre Portugal e Espanha vai manter-se at\u00e9 01 de mar\u00e7o devido \u00e0 pandemia, passando a existir a partir de segunda-feira mais dois pontos de passagem autorizada, informou hoje o Minist\u00e9rio da Administra\u00e7\u00e3o Interna. A reposi\u00e7\u00e3o tempor\u00e1ria do controlo de pessoas nas fronteiras com Espanha para fazer face \u00e0 covid-19 [&hellip;]<\/p>\n","protected":false},"author":13,"featured_media":62054,"comment_status":"closed","ping_status":"closed","sticky":false,"template":"","format":"standard","meta":{"_exactmetrics_skip_tracking":false,"_exactmetrics_sitenote_active":false,"_exactmetrics_sitenote_note":"","_exactmetrics_sitenote_category":0,"footnotes":""},"categories":[8],"tags":[27],"class_list":["post-62053","post","type-post","status-publish","format-standard","has-post-thumbnail","hentry","category-melgaco","tag-sociedade"],"yoast_head":"<!-- This site is optimized with the Yoast SEO Premium plugin v27.5 (Yoast SEO v27.5) - https:\/\/yoast.com\/product\/yoast-seo-premium-wordpress\/ -->\n<title>Fronteira entre Melga\u00e7o e Arbo vai abrir mas com limita\u00e7\u00f5es<\/title>\n<meta name=\"robots\" content=\"index, follow, max-snippet:-1, max-image-preview:large, max-video-preview:-1\" \/>\n<link rel=\"canonical\" href=\"https:\/\/www.altominho.tv\/site\/2021\/02\/12\/fronteira-entre-melgaco-e-arbo-vai-abrir-mas-com-limitacoes\/\" \/>\n<meta property=\"og:locale\" content=\"pt_PT\" \/>\n<meta property=\"og:type\" content=\"article\" \/>\n<meta property=\"og:title\" content=\"Fronteira entre Melga\u00e7o e Arbo vai abrir mas com limita\u00e7\u00f5es\" \/>\n<meta property=\"og:description\" content=\"O controlo de pessoas nas fronteiras entre Portugal e Espanha vai manter-se at\u00e9 01 de mar\u00e7o devido \u00e0 pandemia, passando a existir a partir de segunda-feira mais dois pontos de passagem autorizada, informou hoje o Minist\u00e9rio da Administra\u00e7\u00e3o Interna. A reposi\u00e7\u00e3o tempor\u00e1ria do controlo de pessoas nas fronteiras com Espanha para fazer face \u00e0 covid-19 [&hellip;]\" \/>\n<meta property=\"og:url\" content=\"https:\/\/www.altominho.tv\/site\/2021\/02\/12\/fronteira-entre-melgaco-e-arbo-vai-abrir-mas-com-limitacoes\/\" \/>\n<meta property=\"og:site_name\" content=\"Altominho.tv\" \/>\n<meta property=\"article:publisher\" content=\"https:\/\/www.facebook.com\/altominhotv\" \/>\n<meta property=\"article:published_time\" content=\"2021-02-12T19:10:30+00:00\" \/>\n<meta property=\"article:modified_time\" content=\"2021-02-12T19:10:32+00:00\" \/>\n<meta property=\"og:image\" content=\"https:\/\/www.altominho.tv\/site\/wp-content\/uploads\/2021\/02\/Fronteira-fechada-1.jpg\" \/>\n\t<meta property=\"og:image:width\" content=\"1366\" \/>\n\t<meta property=\"og:image:height\" content=\"768\" \/>\n\t<meta property=\"og:image:type\" content=\"image\/jpeg\" \/>\n<meta name=\"author\" content=\"Lusa\" \/>\n<meta name=\"twitter:card\" content=\"summary_large_image\" \/>\n<meta name=\"twitter:creator\" content=\"@altominhoTV\" \/>\n<meta name=\"twitter:site\" content=\"@altominhoTV\" \/>\n<meta name=\"twitter:label1\" content=\"Escrito por\" \/>\n\t<meta name=\"twitter:data1\" content=\"Lusa\" \/>\n\t<meta name=\"twitter:label2\" content=\"Tempo estimado de leitura\" \/>\n\t<meta name=\"twitter:data2\" content=\"2 minutos\" \/>\n<script type=\"application\/ld+json\" class=\"yoast-schema-graph\">{\"@context\":\"https:\\\/\\\/schema.org\",\"@graph\":[{\"@type\":\"Article\",\"@id\":\"https:\\\/\\\/www.altominho.tv\\\/site\\\/2021\\\/02\\\/12\\\/fronteira-entre-melgaco-e-arbo-vai-abrir-mas-com-limitacoes\\\/#article\",\"isPartOf\":{\"@id\":\"https:\\\/\\\/www.altominho.tv\\\/site\\\/2021\\\/02\\\/12\\\/fronteira-entre-melgaco-e-arbo-vai-abrir-mas-com-limitacoes\\\/\"},\"author\":{\"name\":\"Lusa\",\"@id\":\"https:\\\/\\\/www.altominho.tv\\\/site\\\/#\\\/schema\\\/person\\\/63f693da3e1899361cbe955c46f3232e\"},\"headline\":\"Fronteira entre Melga\u00e7o e Arbo vai abrir mas com limita\u00e7\u00f5es\",\"datePublished\":\"2021-02-12T19:10:30+00:00\",\"dateModified\":\"2021-02-12T19:10:32+00:00\",\"mainEntityOfPage\":{\"@id\":\"https:\\\/\\\/www.altominho.tv\\\/site\\\/2021\\\/02\\\/12\\\/fronteira-entre-melgaco-e-arbo-vai-abrir-mas-com-limitacoes\\\/\"},\"wordCount\":509,\"image\":{\"@id\":\"https:\\\/\\\/www.altominho.tv\\\/site\\\/2021\\\/02\\\/12\\\/fronteira-entre-melgaco-e-arbo-vai-abrir-mas-com-limitacoes\\\/#primaryimage\"},\"thumbnailUrl\":\"https:\\\/\\\/www.altominho.tv\\\/site\\\/wp-content\\\/uploads\\\/2021\\\/02\\\/Fronteira-fechada-1.jpg\",\"keywords\":[\"Sociedade\"],\"articleSection\":[\"Melga\u00e7o\"],\"inLanguage\":\"pt-PT\",\"copyrightYear\":\"2021\",\"copyrightHolder\":{\"@id\":\"https:\\\/\\\/www.altominho.tv\\\/site\\\/#organization\"}},{\"@type\":\"WebPage\",\"@id\":\"https:\\\/\\\/www.altominho.tv\\\/site\\\/2021\\\/02\\\/12\\\/fronteira-entre-melgaco-e-arbo-vai-abrir-mas-com-limitacoes\\\/\",\"url\":\"https:\\\/\\\/www.altominho.tv\\\/site\\\/2021\\\/02\\\/12\\\/fronteira-entre-melgaco-e-arbo-vai-abrir-mas-com-limitacoes\\\/\",\"name\":\"Fronteira entre Melga\u00e7o e Arbo vai abrir mas com limita\u00e7\u00f5es\",\"isPartOf\":{\"@id\":\"https:\\\/\\\/www.altominho.tv\\\/site\\\/#website\"},\"primaryImageOfPage\":{\"@id\":\"https:\\\/\\\/www.altominho.tv\\\/site\\\/2021\\\/02\\\/12\\\/fronteira-entre-melgaco-e-arbo-vai-abrir-mas-com-limitacoes\\\/#primaryimage\"},\"image\":{\"@id\":\"https:\\\/\\\/www.altominho.tv\\\/site\\\/2021\\\/02\\\/12\\\/fronteira-entre-melgaco-e-arbo-vai-abrir-mas-com-limitacoes\\\/#primaryimage\"},\"thumbnailUrl\":\"https:\\\/\\\/www.altominho.tv\\\/site\\\/wp-content\\\/uploads\\\/2021\\\/02\\\/Fronteira-fechada-1.jpg\",\"datePublished\":\"2021-02-12T19:10:30+00:00\",\"dateModified\":\"2021-02-12T19:10:32+00:00\",\"author\":{\"@id\":\"https:\\\/\\\/www.altominho.tv\\\/site\\\/#\\\/schema\\\/person\\\/63f693da3e1899361cbe955c46f3232e\"},\"breadcrumb\":{\"@id\":\"https:\\\/\\\/www.altominho.tv\\\/site\\\/2021\\\/02\\\/12\\\/fronteira-entre-melgaco-e-arbo-vai-abrir-mas-com-limitacoes\\\/#breadcrumb\"},\"inLanguage\":\"pt-PT\",\"potentialAction\":[{\"@type\":\"ReadAction\",\"target\":[\"https:\\\/\\\/www.altominho.tv\\\/site\\\/2021\\\/02\\\/12\\\/fronteira-entre-melgaco-e-arbo-vai-abrir-mas-com-limitacoes\\\/\"]}]},{\"@type\":\"ImageObject\",\"inLanguage\":\"pt-PT\",\"@id\":\"https:\\\/\\\/www.altominho.tv\\\/site\\\/2021\\\/02\\\/12\\\/fronteira-entre-melgaco-e-arbo-vai-abrir-mas-com-limitacoes\\\/#primaryimage\",\"url\":\"https:\\\/\\\/www.altominho.tv\\\/site\\\/wp-content\\\/uploads\\\/2021\\\/02\\\/Fronteira-fechada-1.jpg\",\"contentUrl\":\"https:\\\/\\\/www.altominho.tv\\\/site\\\/wp-content\\\/uploads\\\/2021\\\/02\\\/Fronteira-fechada-1.jpg\",\"width\":1366,\"height\":768},{\"@type\":\"BreadcrumbList\",\"@id\":\"https:\\\/\\\/www.altominho.tv\\\/site\\\/2021\\\/02\\\/12\\\/fronteira-entre-melgaco-e-arbo-vai-abrir-mas-com-limitacoes\\\/#breadcrumb\",\"itemListElement\":[{\"@type\":\"ListItem\",\"position\":1,\"name\":\"In\u00edcio\",\"item\":\"https:\\\/\\\/www.altominho.tv\\\/site\\\/\"},{\"@type\":\"ListItem\",\"position\":2,\"name\":\"Fronteira entre Melga\u00e7o e Arbo vai abrir mas com limita\u00e7\u00f5es\"}]},{\"@type\":\"WebSite\",\"@id\":\"https:\\\/\\\/www.altominho.tv\\\/site\\\/#website\",\"url\":\"https:\\\/\\\/www.altominho.tv\\\/site\\\/\",\"name\":\"Altominho.tv\",\"description\":\"A sua regi\u00e3o \u00e0 dist\u00e2ncia de um clique...\",\"potentialAction\":[{\"@type\":\"SearchAction\",\"target\":{\"@type\":\"EntryPoint\",\"urlTemplate\":\"https:\\\/\\\/www.altominho.tv\\\/site\\\/?s={search_term_string}\"},\"query-input\":{\"@type\":\"PropertyValueSpecification\",\"valueRequired\":true,\"valueName\":\"search_term_string\"}}],\"inLanguage\":\"pt-PT\"},{\"@type\":\"Person\",\"@id\":\"https:\\\/\\\/www.altominho.tv\\\/site\\\/#\\\/schema\\\/person\\\/63f693da3e1899361cbe955c46f3232e\",\"name\":\"Lusa\",\"image\":{\"@type\":\"ImageObject\",\"inLanguage\":\"pt-PT\",\"@id\":\"https:\\\/\\\/www.altominho.tv\\\/site\\\/wp-content\\\/uploads\\\/2019\\\/08\\\/LUSA_Logo.gif\",\"url\":\"https:\\\/\\\/www.altominho.tv\\\/site\\\/wp-content\\\/uploads\\\/2019\\\/08\\\/LUSA_Logo.gif\",\"contentUrl\":\"https:\\\/\\\/www.altominho.tv\\\/site\\\/wp-content\\\/uploads\\\/2019\\\/08\\\/LUSA_Logo.gif\",\"caption\":\"Lusa\"},\"sameAs\":[\"http:\\\/\\\/\\\/\\\/www.altominho.tv\\\/site\"],\"url\":\"https:\\\/\\\/www.altominho.tv\\\/site\\\/author\\\/lusa\\\/\"}]}<\/script>\n<!-- \/ Yoast SEO Premium plugin. -->","yoast_head_json":{"title":"Fronteira entre Melga\u00e7o e Arbo vai abrir mas com limita\u00e7\u00f5es","robots":{"index":"index","follow":"follow","max-snippet":"max-snippet:-1","max-image-preview":"max-image-preview:large","max-video-preview":"max-video-preview:-1"},"canonical":"https:\/\/www.altominho.tv\/site\/2021\/02\/12\/fronteira-entre-melgaco-e-arbo-vai-abrir-mas-com-limitacoes\/","og_locale":"pt_PT","og_type":"article","og_title":"Fronteira entre Melga\u00e7o e Arbo vai abrir mas com limita\u00e7\u00f5es","og_description":"O controlo de pessoas nas fronteiras entre Portugal e Espanha vai manter-se at\u00e9 01 de mar\u00e7o devido \u00e0 pandemia, passando a existir a partir de segunda-feira mais dois pontos de passagem autorizada, informou hoje o Minist\u00e9rio da Administra\u00e7\u00e3o Interna. A reposi\u00e7\u00e3o tempor\u00e1ria do controlo de pessoas nas fronteiras com Espanha para fazer face \u00e0 covid-19 [&hellip;]","og_url":"https:\/\/www.altominho.tv\/site\/2021\/02\/12\/fronteira-entre-melgaco-e-arbo-vai-abrir-mas-com-limitacoes\/","og_site_name":"Altominho.tv","article_publisher":"https:\/\/www.facebook.com\/altominhotv","article_published_time":"2021-02-12T19:10:30+00:00","article_modified_time":"2021-02-12T19:10:32+00:00","og_image":[{"width":1366,"height":768,"url":"https:\/\/www.altominho.tv\/site\/wp-content\/uploads\/2021\/02\/Fronteira-fechada-1.jpg","type":"image\/jpeg"}],"author":"Lusa","twitter_card":"summary_large_image","twitter_creator":"@altominhoTV","twitter_site":"@altominhoTV","twitter_misc":{"Escrito por":"Lusa","Tempo estimado de leitura":"2 minutos"},"schema":{"@context":"https:\/\/schema.org","@graph":[{"@type":"Article","@id":"https:\/\/www.altominho.tv\/site\/2021\/02\/12\/fronteira-entre-melgaco-e-arbo-vai-abrir-mas-com-limitacoes\/#article","isPartOf":{"@id":"https:\/\/www.altominho.tv\/site\/2021\/02\/12\/fronteira-entre-melgaco-e-arbo-vai-abrir-mas-com-limitacoes\/"},"author":{"name":"Lusa","@id":"https:\/\/www.altominho.tv\/site\/#\/schema\/person\/63f693da3e1899361cbe955c46f3232e"},"headline":"Fronteira entre Melga\u00e7o e Arbo vai abrir mas com limita\u00e7\u00f5es","datePublished":"2021-02-12T19:10:30+00:00","dateModified":"2021-02-12T19:10:32+00:00","mainEntityOfPage":{"@id":"https:\/\/www.altominho.tv\/site\/2021\/02\/12\/fronteira-entre-melgaco-e-arbo-vai-abrir-mas-com-limitacoes\/"},"wordCount":509,"image":{"@id":"https:\/\/www.altominho.tv\/site\/2021\/02\/12\/fronteira-entre-melgaco-e-arbo-vai-abrir-mas-com-limitacoes\/#primaryimage"},"thumbnailUrl":"https:\/\/www.altominho.tv\/site\/wp-content\/uploads\/2021\/02\/Fronteira-fechada-1.jpg","keywords":["Sociedade"],"articleSection":["Melga\u00e7o"],"inLanguage":"pt-PT","copyrightYear":"2021","copyrightHolder":{"@id":"https:\/\/www.altominho.tv\/site\/#organization"}},{"@type":"WebPage","@id":"https:\/\/www.altominho.tv\/site\/2021\/02\/12\/fronteira-entre-melgaco-e-arbo-vai-abrir-mas-com-limitacoes\/","url":"https:\/\/www.altominho.tv\/site\/2021\/02\/12\/fronteira-entre-melgaco-e-arbo-vai-abrir-mas-com-limitacoes\/","name":"Fronteira entre Melga\u00e7o e Arbo vai abrir mas com limita\u00e7\u00f5es","isPartOf":{"@id":"https:\/\/www.altominho.tv\/site\/#website"},"primaryImageOfPage":{"@id":"https:\/\/www.altominho.tv\/site\/2021\/02\/12\/fronteira-entre-melgaco-e-arbo-vai-abrir-mas-com-limitacoes\/#primaryimage"},"image":{"@id":"https:\/\/www.altominho.tv\/site\/2021\/02\/12\/fronteira-entre-melgaco-e-arbo-vai-abrir-mas-com-limitacoes\/#primaryimage"},"thumbnailUrl":"https:\/\/www.altominho.tv\/site\/wp-content\/uploads\/2021\/02\/Fronteira-fechada-1.jpg","datePublished":"2021-02-12T19:10:30+00:00","dateModified":"2021-02-12T19:10:32+00:00","author":{"@id":"https:\/\/www.altominho.tv\/site\/#\/schema\/person\/63f693da3e1899361cbe955c46f3232e"},"breadcrumb":{"@id":"https:\/\/www.altominho.tv\/site\/2021\/02\/12\/fronteira-entre-melgaco-e-arbo-vai-abrir-mas-com-limitacoes\/#breadcrumb"},"inLanguage":"pt-PT","potentialAction":[{"@type":"ReadAction","target":["https:\/\/www.altominho.tv\/site\/2021\/02\/12\/fronteira-entre-melgaco-e-arbo-vai-abrir-mas-com-limitacoes\/"]}]},{"@type":"ImageObject","inLanguage":"pt-PT","@id":"https:\/\/www.altominho.tv\/site\/2021\/02\/12\/fronteira-entre-melgaco-e-arbo-vai-abrir-mas-com-limitacoes\/#primaryimage","url":"https:\/\/www.altominho.tv\/site\/wp-content\/uploads\/2021\/02\/Fronteira-fechada-1.jpg","contentUrl":"https:\/\/www.altominho.tv\/site\/wp-content\/uploads\/2021\/02\/Fronteira-fechada-1.jpg","width":1366,"height":768},{"@type":"BreadcrumbList","@id":"https:\/\/www.altominho.tv\/site\/2021\/02\/12\/fronteira-entre-melgaco-e-arbo-vai-abrir-mas-com-limitacoes\/#breadcrumb","itemListElement":[{"@type":"ListItem","position":1,"name":"In\u00edcio","item":"https:\/\/www.altominho.tv\/site\/"},{"@type":"ListItem","position":2,"name":"Fronteira entre Melga\u00e7o e Arbo vai abrir mas com limita\u00e7\u00f5es"}]},{"@type":"WebSite","@id":"https:\/\/www.altominho.tv\/site\/#website","url":"https:\/\/www.altominho.tv\/site\/","name":"Altominho.tv","description":"A sua regi\u00e3o \u00e0 dist\u00e2ncia de um clique...","potentialAction":[{"@type":"SearchAction","target":{"@type":"EntryPoint","urlTemplate":"https:\/\/www.altominho.tv\/site\/?s={search_term_string}"},"query-input":{"@type":"PropertyValueSpecification","valueRequired":true,"valueName":"search_term_string"}}],"inLanguage":"pt-PT"},{"@type":"Person","@id":"https:\/\/www.altominho.tv\/site\/#\/schema\/person\/63f693da3e1899361cbe955c46f3232e","name":"Lusa","image":{"@type":"ImageObject","inLanguage":"pt-PT","@id":"https:\/\/www.altominho.tv\/site\/wp-content\/uploads\/2019\/08\/LUSA_Logo.gif","url":"https:\/\/www.altominho.tv\/site\/wp-content\/uploads\/2019\/08\/LUSA_Logo.gif","contentUrl":"https:\/\/www.altominho.tv\/site\/wp-content\/uploads\/2019\/08\/LUSA_Logo.gif","caption":"Lusa"},"sameAs":["http:\/\/\/\/www.altominho.tv\/site"],"url":"https:\/\/www.altominho.tv\/site\/author\/lusa\/"}]}},"_links":{"self":[{"href":"https:\/\/www.altominho.tv\/site\/wp-json\/wp\/v2\/posts\/62053","targetHints":{"allow":["GET"]}}],"collection":[{"href":"https:\/\/www.altominho.tv\/site\/wp-json\/wp\/v2\/posts"}],"about":[{"href":"https:\/\/www.altominho.tv\/site\/wp-json\/wp\/v2\/types\/post"}],"author":[{"embeddable":true,"href":"https:\/\/www.altominho.tv\/site\/wp-json\/wp\/v2\/users\/13"}],"replies":[{"embeddable":true,"href":"https:\/\/www.altominho.tv\/site\/wp-json\/wp\/v2\/comments?post=62053"}],"version-history":[{"count":0,"href":"https:\/\/www.altominho.tv\/site\/wp-json\/wp\/v2\/posts\/62053\/revisions"}],"wp:featuredmedia":[{"embeddable":true,"href":"https:\/\/www.altominho.tv\/site\/wp-json\/wp\/v2\/media\/62054"}],"wp:attachment":[{"href":"https:\/\/www.altominho.tv\/site\/wp-json\/wp\/v2\/media?parent=62053"}],"wp:term":[{"taxonomy":"category","embeddable":true,"href":"https:\/\/www.altominho.tv\/site\/wp-json\/wp\/v2\/categories?post=62053"},{"taxonomy":"post_tag","embeddable":true,"href":"https:\/\/www.altominho.tv\/site\/wp-json\/wp\/v2\/tags?post=62053"}],"curies":[{"name":"wp","href":"https:\/\/api.w.org\/{rel}","templated":true}]}}