{"id":61949,"date":"2021-02-11T17:12:15","date_gmt":"2021-02-11T17:12:15","guid":{"rendered":"https:\/\/www.altominho.tv\/site\/?p=61949"},"modified":"2021-02-11T17:12:19","modified_gmt":"2021-02-11T17:12:19","slug":"insolvencias-diminuem-38-no-distrito-de-viana-do-castelo","status":"publish","type":"post","link":"https:\/\/www.altominho.tv\/site\/2021\/02\/11\/insolvencias-diminuem-38-no-distrito-de-viana-do-castelo\/","title":{"rendered":"Insolv\u00eancias diminuem 3,8% no distrito de Viana do Castelo"},"content":{"rendered":"<p>Os 10 concelhos do distrito de Viana do Castelo registaram, entre fevereiro de 2020 e janeiro de 2021, 50 pedidos de insolv\u00eancia, um decr\u00e9scimo de 3,8% em rela\u00e7\u00e3o ao mesmo per\u00edodo do ano anterior, segundo dados do Bar\u00f3metro Informa.<\/p>\n<p>De acordo com aquele bar\u00f3metro, hoje consultado pela ag\u00eancia Lusa, entre fevereiro de 2020 e janeiro de 2021, 50 empresas declararam insolv\u00eancia, contra 52 fal\u00eancias contabilizadas entre fevereiro de 2019 e janeiro de 2020.<\/p>\n<p>Este valor representa 0,5% dos processos de insolv\u00eancia registados em todo o pa\u00eds.<br \/>\nNos \u00faltimos 12 meses, e apesar do impacto econ\u00f3mico das restri\u00e7\u00f5es impostas pela pandemia de covid-19, o tecido empresarial da regi\u00e3o assistiu a um aumento do n\u00famero de nascimentos de empresas relativamente aos encerramentos.<\/p>\n<p>De acordo com o Bar\u00f3metro Informa, entre fevereiro de 2020 e janeiro de 2021 foram constitu\u00eddas 638 empresas e 264 fecharam portas.<\/p>\n<p>Nos 12 meses anteriores (2019\/2020), nasceram 809 empresas (menos 21,1% em rela\u00e7\u00e3o a 2020\/2021) e 323 empresas encerraram no distrito de Viana do Castelo, numa varia\u00e7\u00e3o negativa de 18,3% relativamente ao ano anterior.<\/p>\n<p>Contactado pela ag\u00eancia Lusa, o presidente da Confedera\u00e7\u00e3o Empresarial do Alto Minho (CEVAL), Lu\u00eds Ceia, justificou o aumento do n\u00famero de empresas criadas relativamente aos encerramentos, entre fevereiro de 2020 e janeiro de 2021, com &#8220;novas oportunidades de neg\u00f3cio que surgiram associadas \u00e0 pandemia de covid-19&#8221;.<\/p>\n<p>&#8220;H\u00e1 uma penaliza\u00e7\u00e3o dos nascimentos em rela\u00e7\u00e3o ao ano anterior, que se explica pela crise e o receio de investir, sendo que \u00e9 de registar que ainda assim houve alguma iniciativa com a cria\u00e7\u00e3o de atividades que abriram para responder \u00e0s oportunidades que surgiram com a pandemia de covid-19&#8221;, afirmou.<\/p>\n<p>O presidente da CEVAL, que representa cerca de 5.000 empresas do distrito de Viana do Castelo que empregam mais de 19.000 trabalhadores, acrescentou que &#8220;os apoios lan\u00e7ados pelo Governo evitaram que muitas empresas tivessem encerrado&#8221;.<\/p>\n","protected":false},"excerpt":{"rendered":"<p>Os 10 concelhos do distrito de Viana do Castelo registaram, entre fevereiro de 2020 e janeiro de 2021, 50 pedidos de insolv\u00eancia, um decr\u00e9scimo de 3,8% em rela\u00e7\u00e3o ao mesmo per\u00edodo do ano anterior, segundo dados do Bar\u00f3metro Informa. De acordo com aquele bar\u00f3metro, hoje consultado pela ag\u00eancia Lusa, entre fevereiro de 2020 e janeiro [&hellip;]<\/p>\n","protected":false},"author":13,"featured_media":61950,"comment_status":"closed","ping_status":"closed","sticky":false,"template":"","format":"standard","meta":{"_exactmetrics_skip_tracking":false,"footnotes":""},"categories":[14],"tags":[21,27],"class_list":["post-61949","post","type-post","status-publish","format-standard","has-post-thumbnail","hentry","category-viana-do-castelo","tag-economia","tag-sociedade"],"yoast_head":"<!-- This site is optimized with the Yoast SEO Premium plugin v28.3 (Yoast SEO v28.3) - https:\/\/yoast.com\/product\/yoast-seo-premium-wordpress\/ -->\n<title>Insolv\u00eancias diminuem 3,8% no distrito de Viana do Castelo<\/title>\n<meta name=\"robots\" content=\"index, follow, max-snippet:-1, max-image-preview:large, max-video-preview:-1\" \/>\n<link rel=\"canonical\" href=\"https:\/\/www.altominho.tv\/site\/2021\/02\/11\/insolvencias-diminuem-38-no-distrito-de-viana-do-castelo\/\" \/>\n<meta property=\"og:locale\" content=\"pt_PT\" \/>\n<meta property=\"og:type\" content=\"article\" \/>\n<meta property=\"og:title\" content=\"Insolv\u00eancias diminuem 3,8% no distrito de Viana do Castelo\" \/>\n<meta property=\"og:description\" content=\"Os 10 concelhos do distrito de Viana do Castelo registaram, entre fevereiro de 2020 e janeiro de 2021, 50 pedidos de insolv\u00eancia, um decr\u00e9scimo de 3,8% em rela\u00e7\u00e3o ao mesmo per\u00edodo do ano anterior, segundo dados do Bar\u00f3metro Informa. De acordo com aquele bar\u00f3metro, hoje consultado pela ag\u00eancia Lusa, entre fevereiro de 2020 e janeiro [&hellip;]\" \/>\n<meta property=\"og:url\" content=\"https:\/\/www.altominho.tv\/site\/2021\/02\/11\/insolvencias-diminuem-38-no-distrito-de-viana-do-castelo\/\" \/>\n<meta property=\"og:site_name\" content=\"Altominho.tv\" \/>\n<meta property=\"article:publisher\" content=\"https:\/\/www.facebook.com\/altominhotv\" \/>\n<meta property=\"article:published_time\" content=\"2021-02-11T17:12:15+00:00\" \/>\n<meta property=\"article:modified_time\" content=\"2021-02-11T17:12:19+00:00\" \/>\n<meta property=\"og:image\" content=\"https:\/\/www.altominho.tv\/site\/wp-content\/uploads\/2021\/02\/noticia_0000005923-711x400-1.jpg\" \/>\n\t<meta property=\"og:image:width\" content=\"711\" \/>\n\t<meta property=\"og:image:height\" content=\"400\" \/>\n\t<meta property=\"og:image:type\" content=\"image\/jpeg\" \/>\n<meta name=\"author\" content=\"Lusa\" \/>\n<meta name=\"twitter:card\" content=\"summary_large_image\" \/>\n<meta name=\"twitter:creator\" content=\"@altominhoTV\" \/>\n<meta name=\"twitter:site\" content=\"@altominhoTV\" \/>\n<meta name=\"twitter:label1\" content=\"Escrito por\" \/>\n\t<meta name=\"twitter:data1\" content=\"Lusa\" \/>\n\t<meta name=\"twitter:label2\" content=\"Tempo estimado de leitura\" \/>\n\t<meta name=\"twitter:data2\" content=\"2 minutos\" \/>\n<script type=\"application\/ld+json\" class=\"yoast-schema-graph\">{\"@context\":\"https:\\\/\\\/schema.org\",\"@graph\":[{\"@type\":\"Article\",\"@id\":\"https:\\\/\\\/www.altominho.tv\\\/site\\\/2021\\\/02\\\/11\\\/insolvencias-diminuem-38-no-distrito-de-viana-do-castelo\\\/#article\",\"isPartOf\":{\"@id\":\"https:\\\/\\\/www.altominho.tv\\\/site\\\/2021\\\/02\\\/11\\\/insolvencias-diminuem-38-no-distrito-de-viana-do-castelo\\\/\"},\"author\":{\"name\":\"Lusa\",\"@id\":\"https:\\\/\\\/www.altominho.tv\\\/site\\\/#\\\/schema\\\/person\\\/63f693da3e1899361cbe955c46f3232e\"},\"headline\":\"Insolv\u00eancias diminuem 3,8% no distrito de Viana do Castelo\",\"datePublished\":\"2021-02-11T17:12:15+00:00\",\"dateModified\":\"2021-02-11T17:12:19+00:00\",\"mainEntityOfPage\":{\"@id\":\"https:\\\/\\\/www.altominho.tv\\\/site\\\/2021\\\/02\\\/11\\\/insolvencias-diminuem-38-no-distrito-de-viana-do-castelo\\\/\"},\"wordCount\":313,\"image\":{\"@id\":\"https:\\\/\\\/www.altominho.tv\\\/site\\\/2021\\\/02\\\/11\\\/insolvencias-diminuem-38-no-distrito-de-viana-do-castelo\\\/#primaryimage\"},\"thumbnailUrl\":\"https:\\\/\\\/www.altominho.tv\\\/site\\\/wp-content\\\/uploads\\\/2021\\\/02\\\/noticia_0000005923-711x400-1.jpg\",\"keywords\":[\"Economia\",\"Sociedade\"],\"articleSection\":[\"Viana do Castelo\"],\"inLanguage\":\"pt-PT\",\"copyrightYear\":\"2021\",\"copyrightHolder\":{\"@id\":\"https:\\\/\\\/www.altominho.tv\\\/site\\\/#organization\"}},{\"@type\":\"WebPage\",\"@id\":\"https:\\\/\\\/www.altominho.tv\\\/site\\\/2021\\\/02\\\/11\\\/insolvencias-diminuem-38-no-distrito-de-viana-do-castelo\\\/\",\"url\":\"https:\\\/\\\/www.altominho.tv\\\/site\\\/2021\\\/02\\\/11\\\/insolvencias-diminuem-38-no-distrito-de-viana-do-castelo\\\/\",\"name\":\"Insolv\u00eancias diminuem 3,8% no distrito de Viana do Castelo\",\"isPartOf\":{\"@id\":\"https:\\\/\\\/www.altominho.tv\\\/site\\\/#website\"},\"primaryImageOfPage\":{\"@id\":\"https:\\\/\\\/www.altominho.tv\\\/site\\\/2021\\\/02\\\/11\\\/insolvencias-diminuem-38-no-distrito-de-viana-do-castelo\\\/#primaryimage\"},\"image\":{\"@id\":\"https:\\\/\\\/www.altominho.tv\\\/site\\\/2021\\\/02\\\/11\\\/insolvencias-diminuem-38-no-distrito-de-viana-do-castelo\\\/#primaryimage\"},\"thumbnailUrl\":\"https:\\\/\\\/www.altominho.tv\\\/site\\\/wp-content\\\/uploads\\\/2021\\\/02\\\/noticia_0000005923-711x400-1.jpg\",\"datePublished\":\"2021-02-11T17:12:15+00:00\",\"dateModified\":\"2021-02-11T17:12:19+00:00\",\"author\":{\"@id\":\"https:\\\/\\\/www.altominho.tv\\\/site\\\/#\\\/schema\\\/person\\\/63f693da3e1899361cbe955c46f3232e\"},\"breadcrumb\":{\"@id\":\"https:\\\/\\\/www.altominho.tv\\\/site\\\/2021\\\/02\\\/11\\\/insolvencias-diminuem-38-no-distrito-de-viana-do-castelo\\\/#breadcrumb\"},\"inLanguage\":\"pt-PT\",\"potentialAction\":[{\"@type\":\"ReadAction\",\"target\":[\"https:\\\/\\\/www.altominho.tv\\\/site\\\/2021\\\/02\\\/11\\\/insolvencias-diminuem-38-no-distrito-de-viana-do-castelo\\\/\"]}]},{\"@type\":\"ImageObject\",\"inLanguage\":\"pt-PT\",\"@id\":\"https:\\\/\\\/www.altominho.tv\\\/site\\\/2021\\\/02\\\/11\\\/insolvencias-diminuem-38-no-distrito-de-viana-do-castelo\\\/#primaryimage\",\"url\":\"https:\\\/\\\/www.altominho.tv\\\/site\\\/wp-content\\\/uploads\\\/2021\\\/02\\\/noticia_0000005923-711x400-1.jpg\",\"contentUrl\":\"https:\\\/\\\/www.altominho.tv\\\/site\\\/wp-content\\\/uploads\\\/2021\\\/02\\\/noticia_0000005923-711x400-1.jpg\",\"width\":711,\"height\":400},{\"@type\":\"BreadcrumbList\",\"@id\":\"https:\\\/\\\/www.altominho.tv\\\/site\\\/2021\\\/02\\\/11\\\/insolvencias-diminuem-38-no-distrito-de-viana-do-castelo\\\/#breadcrumb\",\"itemListElement\":[{\"@type\":\"ListItem\",\"position\":1,\"name\":\"In\u00edcio\",\"item\":\"https:\\\/\\\/www.altominho.tv\\\/site\\\/\"},{\"@type\":\"ListItem\",\"position\":2,\"name\":\"Insolv\u00eancias diminuem 3,8% no distrito de Viana do Castelo\"}]},{\"@type\":\"WebSite\",\"@id\":\"https:\\\/\\\/www.altominho.tv\\\/site\\\/#website\",\"url\":\"https:\\\/\\\/www.altominho.tv\\\/site\\\/\",\"name\":\"Altominho.tv\",\"description\":\"A sua regi\u00e3o \u00e0 dist\u00e2ncia de um clique...\",\"potentialAction\":[{\"@type\":\"SearchAction\",\"target\":{\"@type\":\"EntryPoint\",\"urlTemplate\":\"https:\\\/\\\/www.altominho.tv\\\/site\\\/?s={search_term_string}\"},\"query-input\":{\"@type\":\"PropertyValueSpecification\",\"valueRequired\":true,\"valueName\":\"search_term_string\"}}],\"inLanguage\":\"pt-PT\"},{\"@type\":\"Person\",\"@id\":\"https:\\\/\\\/www.altominho.tv\\\/site\\\/#\\\/schema\\\/person\\\/63f693da3e1899361cbe955c46f3232e\",\"name\":\"Lusa\",\"image\":{\"@type\":\"ImageObject\",\"inLanguage\":\"pt-PT\",\"@id\":\"https:\\\/\\\/www.altominho.tv\\\/site\\\/wp-content\\\/uploads\\\/2019\\\/08\\\/LUSA_Logo.gif\",\"url\":\"https:\\\/\\\/www.altominho.tv\\\/site\\\/wp-content\\\/uploads\\\/2019\\\/08\\\/LUSA_Logo.gif\",\"contentUrl\":\"https:\\\/\\\/www.altominho.tv\\\/site\\\/wp-content\\\/uploads\\\/2019\\\/08\\\/LUSA_Logo.gif\",\"caption\":\"Lusa\"},\"sameAs\":[\"http:\\\/\\\/\\\/\\\/www.altominho.tv\\\/site\"],\"url\":\"https:\\\/\\\/www.altominho.tv\\\/site\\\/author\\\/lusa\\\/\"}]}<\/script>\n<!-- \/ Yoast SEO Premium plugin. -->","yoast_head_json":{"title":"Insolv\u00eancias diminuem 3,8% no distrito de Viana do Castelo","robots":{"index":"index","follow":"follow","max-snippet":"max-snippet:-1","max-image-preview":"max-image-preview:large","max-video-preview":"max-video-preview:-1"},"canonical":"https:\/\/www.altominho.tv\/site\/2021\/02\/11\/insolvencias-diminuem-38-no-distrito-de-viana-do-castelo\/","og_locale":"pt_PT","og_type":"article","og_title":"Insolv\u00eancias diminuem 3,8% no distrito de Viana do Castelo","og_description":"Os 10 concelhos do distrito de Viana do Castelo registaram, entre fevereiro de 2020 e janeiro de 2021, 50 pedidos de insolv\u00eancia, um decr\u00e9scimo de 3,8% em rela\u00e7\u00e3o ao mesmo per\u00edodo do ano anterior, segundo dados do Bar\u00f3metro Informa. De acordo com aquele bar\u00f3metro, hoje consultado pela ag\u00eancia Lusa, entre fevereiro de 2020 e janeiro [&hellip;]","og_url":"https:\/\/www.altominho.tv\/site\/2021\/02\/11\/insolvencias-diminuem-38-no-distrito-de-viana-do-castelo\/","og_site_name":"Altominho.tv","article_publisher":"https:\/\/www.facebook.com\/altominhotv","article_published_time":"2021-02-11T17:12:15+00:00","article_modified_time":"2021-02-11T17:12:19+00:00","og_image":[{"width":711,"height":400,"url":"https:\/\/www.altominho.tv\/site\/wp-content\/uploads\/2021\/02\/noticia_0000005923-711x400-1.jpg","type":"image\/jpeg"}],"author":"Lusa","twitter_card":"summary_large_image","twitter_creator":"@altominhoTV","twitter_site":"@altominhoTV","twitter_misc":{"Escrito por":"Lusa","Tempo estimado de leitura":"2 minutos"},"schema":{"@context":"https:\/\/schema.org","@graph":[{"@type":"Article","@id":"https:\/\/www.altominho.tv\/site\/2021\/02\/11\/insolvencias-diminuem-38-no-distrito-de-viana-do-castelo\/#article","isPartOf":{"@id":"https:\/\/www.altominho.tv\/site\/2021\/02\/11\/insolvencias-diminuem-38-no-distrito-de-viana-do-castelo\/"},"author":{"name":"Lusa","@id":"https:\/\/www.altominho.tv\/site\/#\/schema\/person\/63f693da3e1899361cbe955c46f3232e"},"headline":"Insolv\u00eancias diminuem 3,8% no distrito de Viana do Castelo","datePublished":"2021-02-11T17:12:15+00:00","dateModified":"2021-02-11T17:12:19+00:00","mainEntityOfPage":{"@id":"https:\/\/www.altominho.tv\/site\/2021\/02\/11\/insolvencias-diminuem-38-no-distrito-de-viana-do-castelo\/"},"wordCount":313,"image":{"@id":"https:\/\/www.altominho.tv\/site\/2021\/02\/11\/insolvencias-diminuem-38-no-distrito-de-viana-do-castelo\/#primaryimage"},"thumbnailUrl":"https:\/\/www.altominho.tv\/site\/wp-content\/uploads\/2021\/02\/noticia_0000005923-711x400-1.jpg","keywords":["Economia","Sociedade"],"articleSection":["Viana do Castelo"],"inLanguage":"pt-PT","copyrightYear":"2021","copyrightHolder":{"@id":"https:\/\/www.altominho.tv\/site\/#organization"}},{"@type":"WebPage","@id":"https:\/\/www.altominho.tv\/site\/2021\/02\/11\/insolvencias-diminuem-38-no-distrito-de-viana-do-castelo\/","url":"https:\/\/www.altominho.tv\/site\/2021\/02\/11\/insolvencias-diminuem-38-no-distrito-de-viana-do-castelo\/","name":"Insolv\u00eancias diminuem 3,8% no distrito de Viana do Castelo","isPartOf":{"@id":"https:\/\/www.altominho.tv\/site\/#website"},"primaryImageOfPage":{"@id":"https:\/\/www.altominho.tv\/site\/2021\/02\/11\/insolvencias-diminuem-38-no-distrito-de-viana-do-castelo\/#primaryimage"},"image":{"@id":"https:\/\/www.altominho.tv\/site\/2021\/02\/11\/insolvencias-diminuem-38-no-distrito-de-viana-do-castelo\/#primaryimage"},"thumbnailUrl":"https:\/\/www.altominho.tv\/site\/wp-content\/uploads\/2021\/02\/noticia_0000005923-711x400-1.jpg","datePublished":"2021-02-11T17:12:15+00:00","dateModified":"2021-02-11T17:12:19+00:00","author":{"@id":"https:\/\/www.altominho.tv\/site\/#\/schema\/person\/63f693da3e1899361cbe955c46f3232e"},"breadcrumb":{"@id":"https:\/\/www.altominho.tv\/site\/2021\/02\/11\/insolvencias-diminuem-38-no-distrito-de-viana-do-castelo\/#breadcrumb"},"inLanguage":"pt-PT","potentialAction":[{"@type":"ReadAction","target":["https:\/\/www.altominho.tv\/site\/2021\/02\/11\/insolvencias-diminuem-38-no-distrito-de-viana-do-castelo\/"]}]},{"@type":"ImageObject","inLanguage":"pt-PT","@id":"https:\/\/www.altominho.tv\/site\/2021\/02\/11\/insolvencias-diminuem-38-no-distrito-de-viana-do-castelo\/#primaryimage","url":"https:\/\/www.altominho.tv\/site\/wp-content\/uploads\/2021\/02\/noticia_0000005923-711x400-1.jpg","contentUrl":"https:\/\/www.altominho.tv\/site\/wp-content\/uploads\/2021\/02\/noticia_0000005923-711x400-1.jpg","width":711,"height":400},{"@type":"BreadcrumbList","@id":"https:\/\/www.altominho.tv\/site\/2021\/02\/11\/insolvencias-diminuem-38-no-distrito-de-viana-do-castelo\/#breadcrumb","itemListElement":[{"@type":"ListItem","position":1,"name":"In\u00edcio","item":"https:\/\/www.altominho.tv\/site\/"},{"@type":"ListItem","position":2,"name":"Insolv\u00eancias diminuem 3,8% no distrito de Viana do Castelo"}]},{"@type":"WebSite","@id":"https:\/\/www.altominho.tv\/site\/#website","url":"https:\/\/www.altominho.tv\/site\/","name":"Altominho.tv","description":"A sua regi\u00e3o \u00e0 dist\u00e2ncia de um clique...","potentialAction":[{"@type":"SearchAction","target":{"@type":"EntryPoint","urlTemplate":"https:\/\/www.altominho.tv\/site\/?s={search_term_string}"},"query-input":{"@type":"PropertyValueSpecification","valueRequired":true,"valueName":"search_term_string"}}],"inLanguage":"pt-PT"},{"@type":"Person","@id":"https:\/\/www.altominho.tv\/site\/#\/schema\/person\/63f693da3e1899361cbe955c46f3232e","name":"Lusa","image":{"@type":"ImageObject","inLanguage":"pt-PT","@id":"https:\/\/www.altominho.tv\/site\/wp-content\/uploads\/2019\/08\/LUSA_Logo.gif","url":"https:\/\/www.altominho.tv\/site\/wp-content\/uploads\/2019\/08\/LUSA_Logo.gif","contentUrl":"https:\/\/www.altominho.tv\/site\/wp-content\/uploads\/2019\/08\/LUSA_Logo.gif","caption":"Lusa"},"sameAs":["http:\/\/\/\/www.altominho.tv\/site"],"url":"https:\/\/www.altominho.tv\/site\/author\/lusa\/"}]}},"_links":{"self":[{"href":"https:\/\/www.altominho.tv\/site\/wp-json\/wp\/v2\/posts\/61949","targetHints":{"allow":["GET"]}}],"collection":[{"href":"https:\/\/www.altominho.tv\/site\/wp-json\/wp\/v2\/posts"}],"about":[{"href":"https:\/\/www.altominho.tv\/site\/wp-json\/wp\/v2\/types\/post"}],"author":[{"embeddable":true,"href":"https:\/\/www.altominho.tv\/site\/wp-json\/wp\/v2\/users\/13"}],"replies":[{"embeddable":true,"href":"https:\/\/www.altominho.tv\/site\/wp-json\/wp\/v2\/comments?post=61949"}],"version-history":[{"count":0,"href":"https:\/\/www.altominho.tv\/site\/wp-json\/wp\/v2\/posts\/61949\/revisions"}],"wp:featuredmedia":[{"embeddable":true,"href":"https:\/\/www.altominho.tv\/site\/wp-json\/wp\/v2\/media\/61950"}],"wp:attachment":[{"href":"https:\/\/www.altominho.tv\/site\/wp-json\/wp\/v2\/media?parent=61949"}],"wp:term":[{"taxonomy":"category","embeddable":true,"href":"https:\/\/www.altominho.tv\/site\/wp-json\/wp\/v2\/categories?post=61949"},{"taxonomy":"post_tag","embeddable":true,"href":"https:\/\/www.altominho.tv\/site\/wp-json\/wp\/v2\/tags?post=61949"}],"curies":[{"name":"wp","href":"https:\/\/api.w.org\/{rel}","templated":true}]}}