{"id":61926,"date":"2021-02-11T10:01:02","date_gmt":"2021-02-11T10:01:02","guid":{"rendered":"https:\/\/www.altominho.tv\/site\/?p=61926"},"modified":"2021-02-11T10:01:07","modified_gmt":"2021-02-11T10:01:07","slug":"viana-do-castelo-da-tolerancia-de-ponto-na-terca-feira-de-carnaval","status":"publish","type":"post","link":"https:\/\/www.altominho.tv\/site\/2021\/02\/11\/viana-do-castelo-da-tolerancia-de-ponto-na-terca-feira-de-carnaval\/","title":{"rendered":"Viana do Castelo d\u00e1 toler\u00e2ncia de ponto na ter\u00e7a-feira de Carnaval"},"content":{"rendered":"<p>A C\u00e2mara Municipal de Viana do Castelo informou esta quinta-feira que vai dar toler\u00e2ncia de ponto na ter\u00e7a-feira de Carnaval, mesmo sem a realiza\u00e7\u00e3o do habitual corso carnavalesco, cancelado devido \u00e0 pandemia de Covid-19.<\/p>\n<p>Fonte aut\u00e1rquica contactada pela Lusa explicou que as toler\u00e2ncias de ponto concedidas pelo executivo municipal da capital do Alto Minho, de maioria socialista, s\u00e3o aprovadas em reuni\u00e3o camar\u00e1ria no in\u00edcio de ano, o que, este ano, aconteceu em 21 de janeiro e incluiu o Carnaval.<\/p>\n<p>Al\u00e9m da capital de distrito, tamb\u00e9m as C\u00e2maras de Mon\u00e7\u00e3o, Valen\u00e7a e Arcos de Valdevez v\u00e3o dar toler\u00e2ncia de ponto na ter\u00e7a-feira de Carnaval por estar prevista no Acordo Coletivo de Empregador P\u00fablico (ACEP).<\/p>\n<p>J\u00e1 as autarquias de Caminha, Melga\u00e7o, Ponte de Lima e Vila Nova de Cerveira decidiram n\u00e3o dar toler\u00e2ncia de ponto.<\/p>\n<p>A Lusa contactou, mas sem sucesso as C\u00e2maras de Ponte da Barca e de Paredes de Coura.<\/p>\n<p>Na semana passada, o Governo anunciou que n\u00e3o iria n\u00e3o dar toler\u00e2ncia de ponto na ter\u00e7a-feira de Carnaval, por o pa\u00eds se encontrar em confinamento geral devido \u00e0 pandemia de Covid-19, sem festividades p\u00fablicas.<\/p>\n","protected":false},"excerpt":{"rendered":"<p>A C\u00e2mara Municipal de Viana do Castelo informou esta quinta-feira que vai dar toler\u00e2ncia de ponto na ter\u00e7a-feira de Carnaval, mesmo sem a realiza\u00e7\u00e3o do habitual corso carnavalesco, cancelado devido \u00e0 pandemia de Covid-19. Fonte aut\u00e1rquica contactada pela Lusa explicou que as toler\u00e2ncias de ponto concedidas pelo executivo municipal da capital do Alto Minho, de [&hellip;]<\/p>\n","protected":false},"author":13,"featured_media":61549,"comment_status":"closed","ping_status":"closed","sticky":false,"template":"","format":"standard","meta":{"_exactmetrics_skip_tracking":false,"footnotes":""},"categories":[14],"tags":[27],"class_list":["post-61926","post","type-post","status-publish","format-standard","has-post-thumbnail","hentry","category-viana-do-castelo","tag-sociedade"],"yoast_head":"<!-- This site is optimized with the Yoast SEO Premium plugin v28.3 (Yoast SEO v28.3) - https:\/\/yoast.com\/product\/yoast-seo-premium-wordpress\/ -->\n<title>Viana do Castelo d\u00e1 toler\u00e2ncia de ponto na ter\u00e7a-feira de Carnaval<\/title>\n<meta name=\"robots\" content=\"index, follow, max-snippet:-1, max-image-preview:large, max-video-preview:-1\" \/>\n<link rel=\"canonical\" href=\"https:\/\/www.altominho.tv\/site\/2021\/02\/11\/viana-do-castelo-da-tolerancia-de-ponto-na-terca-feira-de-carnaval\/\" \/>\n<meta property=\"og:locale\" content=\"pt_PT\" \/>\n<meta property=\"og:type\" content=\"article\" \/>\n<meta property=\"og:title\" content=\"Viana do Castelo d\u00e1 toler\u00e2ncia de ponto na ter\u00e7a-feira de Carnaval\" \/>\n<meta property=\"og:description\" content=\"A C\u00e2mara Municipal de Viana do Castelo informou esta quinta-feira que vai dar toler\u00e2ncia de ponto na ter\u00e7a-feira de Carnaval, mesmo sem a realiza\u00e7\u00e3o do habitual corso carnavalesco, cancelado devido \u00e0 pandemia de Covid-19. Fonte aut\u00e1rquica contactada pela Lusa explicou que as toler\u00e2ncias de ponto concedidas pelo executivo municipal da capital do Alto Minho, de [&hellip;]\" \/>\n<meta property=\"og:url\" content=\"https:\/\/www.altominho.tv\/site\/2021\/02\/11\/viana-do-castelo-da-tolerancia-de-ponto-na-terca-feira-de-carnaval\/\" \/>\n<meta property=\"og:site_name\" content=\"Altominho.tv\" \/>\n<meta property=\"article:publisher\" content=\"https:\/\/www.facebook.com\/altominhotv\" \/>\n<meta property=\"article:published_time\" content=\"2021-02-11T10:01:02+00:00\" \/>\n<meta property=\"article:modified_time\" content=\"2021-02-11T10:01:07+00:00\" \/>\n<meta property=\"og:image\" content=\"https:\/\/www.altominho.tv\/site\/wp-content\/uploads\/2021\/02\/Ca\u0302mara-viana-740x447-1-1.jpg\" \/>\n\t<meta property=\"og:image:width\" content=\"740\" \/>\n\t<meta property=\"og:image:height\" content=\"447\" \/>\n\t<meta property=\"og:image:type\" content=\"image\/jpeg\" \/>\n<meta name=\"author\" content=\"Lusa\" \/>\n<meta name=\"twitter:card\" content=\"summary_large_image\" \/>\n<meta name=\"twitter:creator\" content=\"@altominhoTV\" \/>\n<meta name=\"twitter:site\" content=\"@altominhoTV\" \/>\n<meta name=\"twitter:label1\" content=\"Escrito por\" \/>\n\t<meta name=\"twitter:data1\" content=\"Lusa\" \/>\n\t<meta name=\"twitter:label2\" content=\"Tempo estimado de leitura\" \/>\n\t<meta name=\"twitter:data2\" content=\"1 minuto\" \/>\n<script type=\"application\/ld+json\" class=\"yoast-schema-graph\">{\"@context\":\"https:\\\/\\\/schema.org\",\"@graph\":[{\"@type\":\"Article\",\"@id\":\"https:\\\/\\\/www.altominho.tv\\\/site\\\/2021\\\/02\\\/11\\\/viana-do-castelo-da-tolerancia-de-ponto-na-terca-feira-de-carnaval\\\/#article\",\"isPartOf\":{\"@id\":\"https:\\\/\\\/www.altominho.tv\\\/site\\\/2021\\\/02\\\/11\\\/viana-do-castelo-da-tolerancia-de-ponto-na-terca-feira-de-carnaval\\\/\"},\"author\":{\"name\":\"Lusa\",\"@id\":\"https:\\\/\\\/www.altominho.tv\\\/site\\\/#\\\/schema\\\/person\\\/63f693da3e1899361cbe955c46f3232e\"},\"headline\":\"Viana do Castelo d\u00e1 toler\u00e2ncia de ponto na ter\u00e7a-feira de Carnaval\",\"datePublished\":\"2021-02-11T10:01:02+00:00\",\"dateModified\":\"2021-02-11T10:01:07+00:00\",\"mainEntityOfPage\":{\"@id\":\"https:\\\/\\\/www.altominho.tv\\\/site\\\/2021\\\/02\\\/11\\\/viana-do-castelo-da-tolerancia-de-ponto-na-terca-feira-de-carnaval\\\/\"},\"wordCount\":223,\"image\":{\"@id\":\"https:\\\/\\\/www.altominho.tv\\\/site\\\/2021\\\/02\\\/11\\\/viana-do-castelo-da-tolerancia-de-ponto-na-terca-feira-de-carnaval\\\/#primaryimage\"},\"thumbnailUrl\":\"https:\\\/\\\/www.altominho.tv\\\/site\\\/wp-content\\\/uploads\\\/2021\\\/02\\\/Ca\u0302mara-viana-740x447-1-1.jpg\",\"keywords\":[\"Sociedade\"],\"articleSection\":[\"Viana do Castelo\"],\"inLanguage\":\"pt-PT\",\"copyrightYear\":\"2021\",\"copyrightHolder\":{\"@id\":\"https:\\\/\\\/www.altominho.tv\\\/site\\\/#organization\"}},{\"@type\":\"WebPage\",\"@id\":\"https:\\\/\\\/www.altominho.tv\\\/site\\\/2021\\\/02\\\/11\\\/viana-do-castelo-da-tolerancia-de-ponto-na-terca-feira-de-carnaval\\\/\",\"url\":\"https:\\\/\\\/www.altominho.tv\\\/site\\\/2021\\\/02\\\/11\\\/viana-do-castelo-da-tolerancia-de-ponto-na-terca-feira-de-carnaval\\\/\",\"name\":\"Viana do Castelo d\u00e1 toler\u00e2ncia de ponto na ter\u00e7a-feira de Carnaval\",\"isPartOf\":{\"@id\":\"https:\\\/\\\/www.altominho.tv\\\/site\\\/#website\"},\"primaryImageOfPage\":{\"@id\":\"https:\\\/\\\/www.altominho.tv\\\/site\\\/2021\\\/02\\\/11\\\/viana-do-castelo-da-tolerancia-de-ponto-na-terca-feira-de-carnaval\\\/#primaryimage\"},\"image\":{\"@id\":\"https:\\\/\\\/www.altominho.tv\\\/site\\\/2021\\\/02\\\/11\\\/viana-do-castelo-da-tolerancia-de-ponto-na-terca-feira-de-carnaval\\\/#primaryimage\"},\"thumbnailUrl\":\"https:\\\/\\\/www.altominho.tv\\\/site\\\/wp-content\\\/uploads\\\/2021\\\/02\\\/Ca\u0302mara-viana-740x447-1-1.jpg\",\"datePublished\":\"2021-02-11T10:01:02+00:00\",\"dateModified\":\"2021-02-11T10:01:07+00:00\",\"author\":{\"@id\":\"https:\\\/\\\/www.altominho.tv\\\/site\\\/#\\\/schema\\\/person\\\/63f693da3e1899361cbe955c46f3232e\"},\"breadcrumb\":{\"@id\":\"https:\\\/\\\/www.altominho.tv\\\/site\\\/2021\\\/02\\\/11\\\/viana-do-castelo-da-tolerancia-de-ponto-na-terca-feira-de-carnaval\\\/#breadcrumb\"},\"inLanguage\":\"pt-PT\",\"potentialAction\":[{\"@type\":\"ReadAction\",\"target\":[\"https:\\\/\\\/www.altominho.tv\\\/site\\\/2021\\\/02\\\/11\\\/viana-do-castelo-da-tolerancia-de-ponto-na-terca-feira-de-carnaval\\\/\"]}]},{\"@type\":\"ImageObject\",\"inLanguage\":\"pt-PT\",\"@id\":\"https:\\\/\\\/www.altominho.tv\\\/site\\\/2021\\\/02\\\/11\\\/viana-do-castelo-da-tolerancia-de-ponto-na-terca-feira-de-carnaval\\\/#primaryimage\",\"url\":\"https:\\\/\\\/www.altominho.tv\\\/site\\\/wp-content\\\/uploads\\\/2021\\\/02\\\/Ca\u0302mara-viana-740x447-1-1.jpg\",\"contentUrl\":\"https:\\\/\\\/www.altominho.tv\\\/site\\\/wp-content\\\/uploads\\\/2021\\\/02\\\/Ca\u0302mara-viana-740x447-1-1.jpg\",\"width\":740,\"height\":447},{\"@type\":\"BreadcrumbList\",\"@id\":\"https:\\\/\\\/www.altominho.tv\\\/site\\\/2021\\\/02\\\/11\\\/viana-do-castelo-da-tolerancia-de-ponto-na-terca-feira-de-carnaval\\\/#breadcrumb\",\"itemListElement\":[{\"@type\":\"ListItem\",\"position\":1,\"name\":\"In\u00edcio\",\"item\":\"https:\\\/\\\/www.altominho.tv\\\/site\\\/\"},{\"@type\":\"ListItem\",\"position\":2,\"name\":\"Viana do Castelo d\u00e1 toler\u00e2ncia de ponto na ter\u00e7a-feira de Carnaval\"}]},{\"@type\":\"WebSite\",\"@id\":\"https:\\\/\\\/www.altominho.tv\\\/site\\\/#website\",\"url\":\"https:\\\/\\\/www.altominho.tv\\\/site\\\/\",\"name\":\"Altominho.tv\",\"description\":\"A sua regi\u00e3o \u00e0 dist\u00e2ncia de um clique...\",\"potentialAction\":[{\"@type\":\"SearchAction\",\"target\":{\"@type\":\"EntryPoint\",\"urlTemplate\":\"https:\\\/\\\/www.altominho.tv\\\/site\\\/?s={search_term_string}\"},\"query-input\":{\"@type\":\"PropertyValueSpecification\",\"valueRequired\":true,\"valueName\":\"search_term_string\"}}],\"inLanguage\":\"pt-PT\"},{\"@type\":\"Person\",\"@id\":\"https:\\\/\\\/www.altominho.tv\\\/site\\\/#\\\/schema\\\/person\\\/63f693da3e1899361cbe955c46f3232e\",\"name\":\"Lusa\",\"image\":{\"@type\":\"ImageObject\",\"inLanguage\":\"pt-PT\",\"@id\":\"https:\\\/\\\/www.altominho.tv\\\/site\\\/wp-content\\\/uploads\\\/2019\\\/08\\\/LUSA_Logo.gif\",\"url\":\"https:\\\/\\\/www.altominho.tv\\\/site\\\/wp-content\\\/uploads\\\/2019\\\/08\\\/LUSA_Logo.gif\",\"contentUrl\":\"https:\\\/\\\/www.altominho.tv\\\/site\\\/wp-content\\\/uploads\\\/2019\\\/08\\\/LUSA_Logo.gif\",\"caption\":\"Lusa\"},\"sameAs\":[\"http:\\\/\\\/\\\/\\\/www.altominho.tv\\\/site\"],\"url\":\"https:\\\/\\\/www.altominho.tv\\\/site\\\/author\\\/lusa\\\/\"}]}<\/script>\n<!-- \/ Yoast SEO Premium plugin. -->","yoast_head_json":{"title":"Viana do Castelo d\u00e1 toler\u00e2ncia de ponto na ter\u00e7a-feira de Carnaval","robots":{"index":"index","follow":"follow","max-snippet":"max-snippet:-1","max-image-preview":"max-image-preview:large","max-video-preview":"max-video-preview:-1"},"canonical":"https:\/\/www.altominho.tv\/site\/2021\/02\/11\/viana-do-castelo-da-tolerancia-de-ponto-na-terca-feira-de-carnaval\/","og_locale":"pt_PT","og_type":"article","og_title":"Viana do Castelo d\u00e1 toler\u00e2ncia de ponto na ter\u00e7a-feira de Carnaval","og_description":"A C\u00e2mara Municipal de Viana do Castelo informou esta quinta-feira que vai dar toler\u00e2ncia de ponto na ter\u00e7a-feira de Carnaval, mesmo sem a realiza\u00e7\u00e3o do habitual corso carnavalesco, cancelado devido \u00e0 pandemia de Covid-19. Fonte aut\u00e1rquica contactada pela Lusa explicou que as toler\u00e2ncias de ponto concedidas pelo executivo municipal da capital do Alto Minho, de [&hellip;]","og_url":"https:\/\/www.altominho.tv\/site\/2021\/02\/11\/viana-do-castelo-da-tolerancia-de-ponto-na-terca-feira-de-carnaval\/","og_site_name":"Altominho.tv","article_publisher":"https:\/\/www.facebook.com\/altominhotv","article_published_time":"2021-02-11T10:01:02+00:00","article_modified_time":"2021-02-11T10:01:07+00:00","og_image":[{"width":740,"height":447,"url":"https:\/\/www.altominho.tv\/site\/wp-content\/uploads\/2021\/02\/Ca\u0302mara-viana-740x447-1-1.jpg","type":"image\/jpeg"}],"author":"Lusa","twitter_card":"summary_large_image","twitter_creator":"@altominhoTV","twitter_site":"@altominhoTV","twitter_misc":{"Escrito por":"Lusa","Tempo estimado de leitura":"1 minuto"},"schema":{"@context":"https:\/\/schema.org","@graph":[{"@type":"Article","@id":"https:\/\/www.altominho.tv\/site\/2021\/02\/11\/viana-do-castelo-da-tolerancia-de-ponto-na-terca-feira-de-carnaval\/#article","isPartOf":{"@id":"https:\/\/www.altominho.tv\/site\/2021\/02\/11\/viana-do-castelo-da-tolerancia-de-ponto-na-terca-feira-de-carnaval\/"},"author":{"name":"Lusa","@id":"https:\/\/www.altominho.tv\/site\/#\/schema\/person\/63f693da3e1899361cbe955c46f3232e"},"headline":"Viana do Castelo d\u00e1 toler\u00e2ncia de ponto na ter\u00e7a-feira de Carnaval","datePublished":"2021-02-11T10:01:02+00:00","dateModified":"2021-02-11T10:01:07+00:00","mainEntityOfPage":{"@id":"https:\/\/www.altominho.tv\/site\/2021\/02\/11\/viana-do-castelo-da-tolerancia-de-ponto-na-terca-feira-de-carnaval\/"},"wordCount":223,"image":{"@id":"https:\/\/www.altominho.tv\/site\/2021\/02\/11\/viana-do-castelo-da-tolerancia-de-ponto-na-terca-feira-de-carnaval\/#primaryimage"},"thumbnailUrl":"https:\/\/www.altominho.tv\/site\/wp-content\/uploads\/2021\/02\/Ca\u0302mara-viana-740x447-1-1.jpg","keywords":["Sociedade"],"articleSection":["Viana do Castelo"],"inLanguage":"pt-PT","copyrightYear":"2021","copyrightHolder":{"@id":"https:\/\/www.altominho.tv\/site\/#organization"}},{"@type":"WebPage","@id":"https:\/\/www.altominho.tv\/site\/2021\/02\/11\/viana-do-castelo-da-tolerancia-de-ponto-na-terca-feira-de-carnaval\/","url":"https:\/\/www.altominho.tv\/site\/2021\/02\/11\/viana-do-castelo-da-tolerancia-de-ponto-na-terca-feira-de-carnaval\/","name":"Viana do Castelo d\u00e1 toler\u00e2ncia de ponto na ter\u00e7a-feira de Carnaval","isPartOf":{"@id":"https:\/\/www.altominho.tv\/site\/#website"},"primaryImageOfPage":{"@id":"https:\/\/www.altominho.tv\/site\/2021\/02\/11\/viana-do-castelo-da-tolerancia-de-ponto-na-terca-feira-de-carnaval\/#primaryimage"},"image":{"@id":"https:\/\/www.altominho.tv\/site\/2021\/02\/11\/viana-do-castelo-da-tolerancia-de-ponto-na-terca-feira-de-carnaval\/#primaryimage"},"thumbnailUrl":"https:\/\/www.altominho.tv\/site\/wp-content\/uploads\/2021\/02\/Ca\u0302mara-viana-740x447-1-1.jpg","datePublished":"2021-02-11T10:01:02+00:00","dateModified":"2021-02-11T10:01:07+00:00","author":{"@id":"https:\/\/www.altominho.tv\/site\/#\/schema\/person\/63f693da3e1899361cbe955c46f3232e"},"breadcrumb":{"@id":"https:\/\/www.altominho.tv\/site\/2021\/02\/11\/viana-do-castelo-da-tolerancia-de-ponto-na-terca-feira-de-carnaval\/#breadcrumb"},"inLanguage":"pt-PT","potentialAction":[{"@type":"ReadAction","target":["https:\/\/www.altominho.tv\/site\/2021\/02\/11\/viana-do-castelo-da-tolerancia-de-ponto-na-terca-feira-de-carnaval\/"]}]},{"@type":"ImageObject","inLanguage":"pt-PT","@id":"https:\/\/www.altominho.tv\/site\/2021\/02\/11\/viana-do-castelo-da-tolerancia-de-ponto-na-terca-feira-de-carnaval\/#primaryimage","url":"https:\/\/www.altominho.tv\/site\/wp-content\/uploads\/2021\/02\/Ca\u0302mara-viana-740x447-1-1.jpg","contentUrl":"https:\/\/www.altominho.tv\/site\/wp-content\/uploads\/2021\/02\/Ca\u0302mara-viana-740x447-1-1.jpg","width":740,"height":447},{"@type":"BreadcrumbList","@id":"https:\/\/www.altominho.tv\/site\/2021\/02\/11\/viana-do-castelo-da-tolerancia-de-ponto-na-terca-feira-de-carnaval\/#breadcrumb","itemListElement":[{"@type":"ListItem","position":1,"name":"In\u00edcio","item":"https:\/\/www.altominho.tv\/site\/"},{"@type":"ListItem","position":2,"name":"Viana do Castelo d\u00e1 toler\u00e2ncia de ponto na ter\u00e7a-feira de Carnaval"}]},{"@type":"WebSite","@id":"https:\/\/www.altominho.tv\/site\/#website","url":"https:\/\/www.altominho.tv\/site\/","name":"Altominho.tv","description":"A sua regi\u00e3o \u00e0 dist\u00e2ncia de um clique...","potentialAction":[{"@type":"SearchAction","target":{"@type":"EntryPoint","urlTemplate":"https:\/\/www.altominho.tv\/site\/?s={search_term_string}"},"query-input":{"@type":"PropertyValueSpecification","valueRequired":true,"valueName":"search_term_string"}}],"inLanguage":"pt-PT"},{"@type":"Person","@id":"https:\/\/www.altominho.tv\/site\/#\/schema\/person\/63f693da3e1899361cbe955c46f3232e","name":"Lusa","image":{"@type":"ImageObject","inLanguage":"pt-PT","@id":"https:\/\/www.altominho.tv\/site\/wp-content\/uploads\/2019\/08\/LUSA_Logo.gif","url":"https:\/\/www.altominho.tv\/site\/wp-content\/uploads\/2019\/08\/LUSA_Logo.gif","contentUrl":"https:\/\/www.altominho.tv\/site\/wp-content\/uploads\/2019\/08\/LUSA_Logo.gif","caption":"Lusa"},"sameAs":["http:\/\/\/\/www.altominho.tv\/site"],"url":"https:\/\/www.altominho.tv\/site\/author\/lusa\/"}]}},"_links":{"self":[{"href":"https:\/\/www.altominho.tv\/site\/wp-json\/wp\/v2\/posts\/61926","targetHints":{"allow":["GET"]}}],"collection":[{"href":"https:\/\/www.altominho.tv\/site\/wp-json\/wp\/v2\/posts"}],"about":[{"href":"https:\/\/www.altominho.tv\/site\/wp-json\/wp\/v2\/types\/post"}],"author":[{"embeddable":true,"href":"https:\/\/www.altominho.tv\/site\/wp-json\/wp\/v2\/users\/13"}],"replies":[{"embeddable":true,"href":"https:\/\/www.altominho.tv\/site\/wp-json\/wp\/v2\/comments?post=61926"}],"version-history":[{"count":0,"href":"https:\/\/www.altominho.tv\/site\/wp-json\/wp\/v2\/posts\/61926\/revisions"}],"wp:featuredmedia":[{"embeddable":true,"href":"https:\/\/www.altominho.tv\/site\/wp-json\/wp\/v2\/media\/61549"}],"wp:attachment":[{"href":"https:\/\/www.altominho.tv\/site\/wp-json\/wp\/v2\/media?parent=61926"}],"wp:term":[{"taxonomy":"category","embeddable":true,"href":"https:\/\/www.altominho.tv\/site\/wp-json\/wp\/v2\/categories?post=61926"},{"taxonomy":"post_tag","embeddable":true,"href":"https:\/\/www.altominho.tv\/site\/wp-json\/wp\/v2\/tags?post=61926"}],"curies":[{"name":"wp","href":"https:\/\/api.w.org\/{rel}","templated":true}]}}