{"id":61809,"date":"2021-02-10T12:45:27","date_gmt":"2021-02-10T12:45:27","guid":{"rendered":"https:\/\/www.altominho.tv\/site\/?p=61809"},"modified":"2021-02-10T12:45:31","modified_gmt":"2021-02-10T12:45:31","slug":"portugal-esta-muito-grato-pela-solidariedade-europeia-face-a-covid-19","status":"publish","type":"post","link":"https:\/\/www.altominho.tv\/site\/2021\/02\/10\/portugal-esta-muito-grato-pela-solidariedade-europeia-face-a-covid-19\/","title":{"rendered":"Portugal \u201cest\u00e1 muito grato\u201d pela solidariedade europeia face \u00e0 covid-19"},"content":{"rendered":"\n<p>A secret\u00e1ria de Estado dos Assuntos Europeus enalteceu hoje, num debate no Parlamento Europeu, a unidade da Europa face \u00e0 pandemia da covid-19, e declarou que Portugal \u201cest\u00e1 muito grato\u201d pela solidariedade mostrada recentemente pelos seus parceiros.<\/p>\n\n\n\n<p>Participando, em representa\u00e7\u00e3o da presid\u00eancia do Conselho da Uni\u00e3o Europeia, num debate no hemiciclo de Bruxelas sobre a estrat\u00e9gia da UE sobre a vacina\u00e7\u00e3o contra a covid-19, Ana Paula Zacarias observou que \u201ca propaga\u00e7\u00e3o do v\u00edrus continua preocupante na maioria dos Estados-membros\u201d \u2013 \u201cincluindo o meu pr\u00f3prio\u201d, assinalou -, e reconheceu que a vacina\u00e7\u00e3o da popula\u00e7\u00e3o europeia \u201cn\u00e3o progrediu t\u00e3o rapidamente\u201d quanto era desej\u00e1vel, mas enfatizou que estes desafios n\u00e3o podem fazer esquecer o que de positivo foi alcan\u00e7ado.<\/p>\n\n\n\n<p>\u201cMas n\u00e3o podemos esquecer o que atingimos at\u00e9 agora. A estrat\u00e9gia da UE na vacina\u00e7\u00e3o foi um exemplo de unidade e solidariedade em a\u00e7\u00e3o\u201d, ressalvou, sublinhando que a mesma \u201catingiu benef\u00edcios tang\u00edveis\u201d, designadamente ao garantir uma \u201cdistribui\u00e7\u00e3o equitativa das vacinas entre os Estados-membros, de modo a que todos os cidad\u00e3os europeus possam ter acesso \u00e0s mesmas\u201d.<\/p>\n\n\n\n<p>\u201cE, neste momento, o meu pa\u00eds sabe melhor do que a maioria que a solidariedade europeia \u00e9 mais do que meras palavras, \u00e9 a\u00e7\u00e3o. E Portugal est\u00e1 muito grato pelas numerosas ofertas de assist\u00eancia e apoio concreto de v\u00e1rios Estados-membros\u201d, afirmou ent\u00e3o.<\/p>\n\n\n\n<p>Apontando que j\u00e1 era previs\u00edvel que, \u201cdurante as primeiras fases da campanha [de vacina\u00e7\u00e3o], a disponibilidade de vacinas seria limitada\u201d, a secret\u00e1ria de Estado dos Assuntos Europeus admitiu, no entanto, que \u201cas not\u00edcias recentes de atrasos\u201d no fornecimento por algumas das farmac\u00eauticas \u201cs\u00e3o fonte de preocupa\u00e7\u00e3o\u201d e exigem \u201cuma resposta da UE em tempo real\u201d.<\/p>\n\n\n\n<p>\u201cA produ\u00e7\u00e3o de vacinas \u00e9 uma opera\u00e7\u00e3o complexa, sobretudo a esta escala sem precedentes. A verdade \u00e9 que provavelmente as empresas sobrestimaram a sua capacidade de produ\u00e7\u00e3o, e agora temos de garantir que as empresas respeitam os contratos assinados. Os pa\u00edses precisam de saber quantas vacinas t\u00eam dispon\u00edveis e quando, para planificarem as suas campanhas\u201d de vacina\u00e7\u00e3o, sublinhou.<\/p>\n\n\n\n<p>A terminar, a governante advertiu para os desafios que a Europa ainda enfrenta para superar a pandemia, apontando que a \u2018receita\u2019 at\u00e9 l\u00e1 deve continuar a passar pela unidade e solidariedade.<\/p>\n\n\n\n<p>\u201cTodos sabemos que este vai ser um longo processo. Mais longo e mais complexo do que alguma vez esper\u00e1mos, seja a n\u00edvel da sa\u00fade p\u00fablica ou das repercuss\u00f5es s\u00f3cio-econ\u00f3micas da pandemia. A vacina\u00e7\u00e3o \u00e9 uma ferramenta poderosa, mas vai levar tempo at\u00e9 que a maioria da popula\u00e7\u00e3o europeia esteja vacinada. [\u2026] Temos de nos manter juntos e unidos, essa \u00e9 a \u00fanica forma de ultrapassarmos\u201d a pandemia, completou.<\/p>\n\n\n\n<p>O debate de hoje realiza-se no \u00e2mbito da sess\u00e3o plen\u00e1ria da assembleia europeia, em Bruxelas, e decorre numa altura de tens\u00e3o entre Bruxelas e as farmac\u00eauticas, que n\u00e3o dever\u00e3o entregar as doses acordadas com a Comiss\u00e3o Europeia para estes primeiros meses de 2021 por n\u00e3o terem capacidade de produ\u00e7\u00e3o suficiente para os 27 Estados-membros, o que j\u00e1 levou a atrasos na distribui\u00e7\u00e3o.<\/p>\n\n\n\n<p>Depois de terem sido registados atrasos no in\u00edcio do ano na entrega da vacina da Pfizer e BioNTech, em uso na UE desde dezembro passado, a farmac\u00eautica AstraZeneca anunciou no final de janeiro que pretendia entregar doses consideravelmente menores do que acordado com Bruxelas do seu f\u00e1rmaco, que teve \u2018luz verde\u2019 do regulador europeu tamb\u00e9m nessa altura.<\/p>\n\n\n\n<p>A decis\u00e3o da AstraZeneca, justificada com base em problemas de capacidade na produ\u00e7\u00e3o da empresa, causou a indigna\u00e7\u00e3o do executivo comunit\u00e1rio.<\/p>\n\n\n\n<p>Por isso, a Comiss\u00e3o Europeia estabeleceu, tamb\u00e9m no final de janeiro, um mecanismo de autoriza\u00e7\u00e3o de exporta\u00e7\u00e3o de vacinas para a covid-19, com o objetivo de garantir a transpar\u00eancia do processo e as doses suficiente para os cidad\u00e3os da UE.<\/p>\n","protected":false},"excerpt":{"rendered":"<p>A secret\u00e1ria de Estado dos Assuntos Europeus enalteceu hoje, num debate no Parlamento Europeu, a unidade da Europa face \u00e0 pandemia da covid-19, e declarou que Portugal \u201cest\u00e1 muito grato\u201d pela solidariedade mostrada recentemente pelos seus parceiros. Participando, em representa\u00e7\u00e3o da presid\u00eancia do Conselho da Uni\u00e3o Europeia, num debate no hemiciclo de Bruxelas sobre a [&hellip;]<\/p>\n","protected":false},"author":13,"featured_media":61810,"comment_status":"closed","ping_status":"closed","sticky":false,"template":"","format":"standard","meta":{"_exactmetrics_skip_tracking":false,"_exactmetrics_sitenote_active":false,"_exactmetrics_sitenote_note":"","_exactmetrics_sitenote_category":0,"footnotes":""},"categories":[42722],"tags":[26,27],"class_list":["post-61809","post","type-post","status-publish","format-standard","has-post-thumbnail","hentry","category-covid-19","tag-saude","tag-sociedade"],"yoast_head":"<!-- This site is optimized with the Yoast SEO Premium plugin v27.4 (Yoast SEO v27.4) - https:\/\/yoast.com\/product\/yoast-seo-premium-wordpress\/ -->\n<title>Portugal \u201cest\u00e1 muito grato\u201d pela solidariedade europeia face \u00e0 covid-19<\/title>\n<meta name=\"robots\" content=\"index, follow, max-snippet:-1, max-image-preview:large, max-video-preview:-1\" \/>\n<link rel=\"canonical\" href=\"https:\/\/www.altominho.tv\/site\/2021\/02\/10\/portugal-esta-muito-grato-pela-solidariedade-europeia-face-a-covid-19\/\" \/>\n<meta property=\"og:locale\" content=\"pt_PT\" \/>\n<meta property=\"og:type\" content=\"article\" \/>\n<meta property=\"og:title\" content=\"Portugal \u201cest\u00e1 muito grato\u201d pela solidariedade europeia face \u00e0 covid-19\" \/>\n<meta property=\"og:description\" content=\"A secret\u00e1ria de Estado dos Assuntos Europeus enalteceu hoje, num debate no Parlamento Europeu, a unidade da Europa face \u00e0 pandemia da covid-19, e declarou que Portugal \u201cest\u00e1 muito grato\u201d pela solidariedade mostrada recentemente pelos seus parceiros. Participando, em representa\u00e7\u00e3o da presid\u00eancia do Conselho da Uni\u00e3o Europeia, num debate no hemiciclo de Bruxelas sobre a [&hellip;]\" \/>\n<meta property=\"og:url\" content=\"https:\/\/www.altominho.tv\/site\/2021\/02\/10\/portugal-esta-muito-grato-pela-solidariedade-europeia-face-a-covid-19\/\" \/>\n<meta property=\"og:site_name\" content=\"Altominho.tv\" \/>\n<meta property=\"article:publisher\" content=\"https:\/\/www.facebook.com\/altominhotv\" \/>\n<meta property=\"article:published_time\" content=\"2021-02-10T12:45:27+00:00\" \/>\n<meta property=\"article:modified_time\" content=\"2021-02-10T12:45:31+00:00\" \/>\n<meta property=\"og:image\" content=\"https:\/\/www.altominho.tv\/site\/wp-content\/uploads\/2021\/02\/1024.jpeg\" \/>\n\t<meta property=\"og:image:width\" content=\"1024\" \/>\n\t<meta property=\"og:image:height\" content=\"576\" \/>\n\t<meta property=\"og:image:type\" content=\"image\/jpeg\" \/>\n<meta name=\"author\" content=\"Lusa\" \/>\n<meta name=\"twitter:card\" content=\"summary_large_image\" \/>\n<meta name=\"twitter:creator\" content=\"@altominhoTV\" \/>\n<meta name=\"twitter:site\" content=\"@altominhoTV\" \/>\n<meta name=\"twitter:label1\" content=\"Escrito por\" \/>\n\t<meta name=\"twitter:data1\" content=\"Lusa\" \/>\n\t<meta name=\"twitter:label2\" content=\"Tempo estimado de leitura\" \/>\n\t<meta name=\"twitter:data2\" content=\"3 minutos\" \/>\n<script type=\"application\/ld+json\" class=\"yoast-schema-graph\">{\"@context\":\"https:\\\/\\\/schema.org\",\"@graph\":[{\"@type\":\"Article\",\"@id\":\"https:\\\/\\\/www.altominho.tv\\\/site\\\/2021\\\/02\\\/10\\\/portugal-esta-muito-grato-pela-solidariedade-europeia-face-a-covid-19\\\/#article\",\"isPartOf\":{\"@id\":\"https:\\\/\\\/www.altominho.tv\\\/site\\\/2021\\\/02\\\/10\\\/portugal-esta-muito-grato-pela-solidariedade-europeia-face-a-covid-19\\\/\"},\"author\":{\"name\":\"Lusa\",\"@id\":\"https:\\\/\\\/www.altominho.tv\\\/site\\\/#\\\/schema\\\/person\\\/63f693da3e1899361cbe955c46f3232e\"},\"headline\":\"Portugal \u201cest\u00e1 muito grato\u201d pela solidariedade europeia face \u00e0 covid-19\",\"datePublished\":\"2021-02-10T12:45:27+00:00\",\"dateModified\":\"2021-02-10T12:45:31+00:00\",\"mainEntityOfPage\":{\"@id\":\"https:\\\/\\\/www.altominho.tv\\\/site\\\/2021\\\/02\\\/10\\\/portugal-esta-muito-grato-pela-solidariedade-europeia-face-a-covid-19\\\/\"},\"wordCount\":680,\"image\":{\"@id\":\"https:\\\/\\\/www.altominho.tv\\\/site\\\/2021\\\/02\\\/10\\\/portugal-esta-muito-grato-pela-solidariedade-europeia-face-a-covid-19\\\/#primaryimage\"},\"thumbnailUrl\":\"https:\\\/\\\/www.altominho.tv\\\/site\\\/wp-content\\\/uploads\\\/2021\\\/02\\\/1024.jpeg\",\"keywords\":[\"Sa\u00fade\",\"Sociedade\"],\"articleSection\":[\"Coronav\u00edrus\"],\"inLanguage\":\"pt-PT\",\"copyrightYear\":\"2021\",\"copyrightHolder\":{\"@id\":\"https:\\\/\\\/www.altominho.tv\\\/site\\\/#organization\"}},{\"@type\":\"WebPage\",\"@id\":\"https:\\\/\\\/www.altominho.tv\\\/site\\\/2021\\\/02\\\/10\\\/portugal-esta-muito-grato-pela-solidariedade-europeia-face-a-covid-19\\\/\",\"url\":\"https:\\\/\\\/www.altominho.tv\\\/site\\\/2021\\\/02\\\/10\\\/portugal-esta-muito-grato-pela-solidariedade-europeia-face-a-covid-19\\\/\",\"name\":\"Portugal \u201cest\u00e1 muito grato\u201d pela solidariedade europeia face \u00e0 covid-19\",\"isPartOf\":{\"@id\":\"https:\\\/\\\/www.altominho.tv\\\/site\\\/#website\"},\"primaryImageOfPage\":{\"@id\":\"https:\\\/\\\/www.altominho.tv\\\/site\\\/2021\\\/02\\\/10\\\/portugal-esta-muito-grato-pela-solidariedade-europeia-face-a-covid-19\\\/#primaryimage\"},\"image\":{\"@id\":\"https:\\\/\\\/www.altominho.tv\\\/site\\\/2021\\\/02\\\/10\\\/portugal-esta-muito-grato-pela-solidariedade-europeia-face-a-covid-19\\\/#primaryimage\"},\"thumbnailUrl\":\"https:\\\/\\\/www.altominho.tv\\\/site\\\/wp-content\\\/uploads\\\/2021\\\/02\\\/1024.jpeg\",\"datePublished\":\"2021-02-10T12:45:27+00:00\",\"dateModified\":\"2021-02-10T12:45:31+00:00\",\"author\":{\"@id\":\"https:\\\/\\\/www.altominho.tv\\\/site\\\/#\\\/schema\\\/person\\\/63f693da3e1899361cbe955c46f3232e\"},\"breadcrumb\":{\"@id\":\"https:\\\/\\\/www.altominho.tv\\\/site\\\/2021\\\/02\\\/10\\\/portugal-esta-muito-grato-pela-solidariedade-europeia-face-a-covid-19\\\/#breadcrumb\"},\"inLanguage\":\"pt-PT\",\"potentialAction\":[{\"@type\":\"ReadAction\",\"target\":[\"https:\\\/\\\/www.altominho.tv\\\/site\\\/2021\\\/02\\\/10\\\/portugal-esta-muito-grato-pela-solidariedade-europeia-face-a-covid-19\\\/\"]}]},{\"@type\":\"ImageObject\",\"inLanguage\":\"pt-PT\",\"@id\":\"https:\\\/\\\/www.altominho.tv\\\/site\\\/2021\\\/02\\\/10\\\/portugal-esta-muito-grato-pela-solidariedade-europeia-face-a-covid-19\\\/#primaryimage\",\"url\":\"https:\\\/\\\/www.altominho.tv\\\/site\\\/wp-content\\\/uploads\\\/2021\\\/02\\\/1024.jpeg\",\"contentUrl\":\"https:\\\/\\\/www.altominho.tv\\\/site\\\/wp-content\\\/uploads\\\/2021\\\/02\\\/1024.jpeg\",\"width\":1024,\"height\":576},{\"@type\":\"BreadcrumbList\",\"@id\":\"https:\\\/\\\/www.altominho.tv\\\/site\\\/2021\\\/02\\\/10\\\/portugal-esta-muito-grato-pela-solidariedade-europeia-face-a-covid-19\\\/#breadcrumb\",\"itemListElement\":[{\"@type\":\"ListItem\",\"position\":1,\"name\":\"In\u00edcio\",\"item\":\"https:\\\/\\\/www.altominho.tv\\\/site\\\/\"},{\"@type\":\"ListItem\",\"position\":2,\"name\":\"Portugal \u201cest\u00e1 muito grato\u201d pela solidariedade europeia face \u00e0 covid-19\"}]},{\"@type\":\"WebSite\",\"@id\":\"https:\\\/\\\/www.altominho.tv\\\/site\\\/#website\",\"url\":\"https:\\\/\\\/www.altominho.tv\\\/site\\\/\",\"name\":\"Altominho.tv\",\"description\":\"A sua regi\u00e3o \u00e0 dist\u00e2ncia de um clique...\",\"potentialAction\":[{\"@type\":\"SearchAction\",\"target\":{\"@type\":\"EntryPoint\",\"urlTemplate\":\"https:\\\/\\\/www.altominho.tv\\\/site\\\/?s={search_term_string}\"},\"query-input\":{\"@type\":\"PropertyValueSpecification\",\"valueRequired\":true,\"valueName\":\"search_term_string\"}}],\"inLanguage\":\"pt-PT\"},{\"@type\":\"Person\",\"@id\":\"https:\\\/\\\/www.altominho.tv\\\/site\\\/#\\\/schema\\\/person\\\/63f693da3e1899361cbe955c46f3232e\",\"name\":\"Lusa\",\"image\":{\"@type\":\"ImageObject\",\"inLanguage\":\"pt-PT\",\"@id\":\"https:\\\/\\\/www.altominho.tv\\\/site\\\/wp-content\\\/uploads\\\/2019\\\/08\\\/LUSA_Logo.gif\",\"url\":\"https:\\\/\\\/www.altominho.tv\\\/site\\\/wp-content\\\/uploads\\\/2019\\\/08\\\/LUSA_Logo.gif\",\"contentUrl\":\"https:\\\/\\\/www.altominho.tv\\\/site\\\/wp-content\\\/uploads\\\/2019\\\/08\\\/LUSA_Logo.gif\",\"caption\":\"Lusa\"},\"sameAs\":[\"http:\\\/\\\/\\\/\\\/www.altominho.tv\\\/site\"],\"url\":\"https:\\\/\\\/www.altominho.tv\\\/site\\\/author\\\/lusa\\\/\"}]}<\/script>\n<!-- \/ Yoast SEO Premium plugin. -->","yoast_head_json":{"title":"Portugal \u201cest\u00e1 muito grato\u201d pela solidariedade europeia face \u00e0 covid-19","robots":{"index":"index","follow":"follow","max-snippet":"max-snippet:-1","max-image-preview":"max-image-preview:large","max-video-preview":"max-video-preview:-1"},"canonical":"https:\/\/www.altominho.tv\/site\/2021\/02\/10\/portugal-esta-muito-grato-pela-solidariedade-europeia-face-a-covid-19\/","og_locale":"pt_PT","og_type":"article","og_title":"Portugal \u201cest\u00e1 muito grato\u201d pela solidariedade europeia face \u00e0 covid-19","og_description":"A secret\u00e1ria de Estado dos Assuntos Europeus enalteceu hoje, num debate no Parlamento Europeu, a unidade da Europa face \u00e0 pandemia da covid-19, e declarou que Portugal \u201cest\u00e1 muito grato\u201d pela solidariedade mostrada recentemente pelos seus parceiros. Participando, em representa\u00e7\u00e3o da presid\u00eancia do Conselho da Uni\u00e3o Europeia, num debate no hemiciclo de Bruxelas sobre a [&hellip;]","og_url":"https:\/\/www.altominho.tv\/site\/2021\/02\/10\/portugal-esta-muito-grato-pela-solidariedade-europeia-face-a-covid-19\/","og_site_name":"Altominho.tv","article_publisher":"https:\/\/www.facebook.com\/altominhotv","article_published_time":"2021-02-10T12:45:27+00:00","article_modified_time":"2021-02-10T12:45:31+00:00","og_image":[{"width":1024,"height":576,"url":"https:\/\/www.altominho.tv\/site\/wp-content\/uploads\/2021\/02\/1024.jpeg","type":"image\/jpeg"}],"author":"Lusa","twitter_card":"summary_large_image","twitter_creator":"@altominhoTV","twitter_site":"@altominhoTV","twitter_misc":{"Escrito por":"Lusa","Tempo estimado de leitura":"3 minutos"},"schema":{"@context":"https:\/\/schema.org","@graph":[{"@type":"Article","@id":"https:\/\/www.altominho.tv\/site\/2021\/02\/10\/portugal-esta-muito-grato-pela-solidariedade-europeia-face-a-covid-19\/#article","isPartOf":{"@id":"https:\/\/www.altominho.tv\/site\/2021\/02\/10\/portugal-esta-muito-grato-pela-solidariedade-europeia-face-a-covid-19\/"},"author":{"name":"Lusa","@id":"https:\/\/www.altominho.tv\/site\/#\/schema\/person\/63f693da3e1899361cbe955c46f3232e"},"headline":"Portugal \u201cest\u00e1 muito grato\u201d pela solidariedade europeia face \u00e0 covid-19","datePublished":"2021-02-10T12:45:27+00:00","dateModified":"2021-02-10T12:45:31+00:00","mainEntityOfPage":{"@id":"https:\/\/www.altominho.tv\/site\/2021\/02\/10\/portugal-esta-muito-grato-pela-solidariedade-europeia-face-a-covid-19\/"},"wordCount":680,"image":{"@id":"https:\/\/www.altominho.tv\/site\/2021\/02\/10\/portugal-esta-muito-grato-pela-solidariedade-europeia-face-a-covid-19\/#primaryimage"},"thumbnailUrl":"https:\/\/www.altominho.tv\/site\/wp-content\/uploads\/2021\/02\/1024.jpeg","keywords":["Sa\u00fade","Sociedade"],"articleSection":["Coronav\u00edrus"],"inLanguage":"pt-PT","copyrightYear":"2021","copyrightHolder":{"@id":"https:\/\/www.altominho.tv\/site\/#organization"}},{"@type":"WebPage","@id":"https:\/\/www.altominho.tv\/site\/2021\/02\/10\/portugal-esta-muito-grato-pela-solidariedade-europeia-face-a-covid-19\/","url":"https:\/\/www.altominho.tv\/site\/2021\/02\/10\/portugal-esta-muito-grato-pela-solidariedade-europeia-face-a-covid-19\/","name":"Portugal \u201cest\u00e1 muito grato\u201d pela solidariedade europeia face \u00e0 covid-19","isPartOf":{"@id":"https:\/\/www.altominho.tv\/site\/#website"},"primaryImageOfPage":{"@id":"https:\/\/www.altominho.tv\/site\/2021\/02\/10\/portugal-esta-muito-grato-pela-solidariedade-europeia-face-a-covid-19\/#primaryimage"},"image":{"@id":"https:\/\/www.altominho.tv\/site\/2021\/02\/10\/portugal-esta-muito-grato-pela-solidariedade-europeia-face-a-covid-19\/#primaryimage"},"thumbnailUrl":"https:\/\/www.altominho.tv\/site\/wp-content\/uploads\/2021\/02\/1024.jpeg","datePublished":"2021-02-10T12:45:27+00:00","dateModified":"2021-02-10T12:45:31+00:00","author":{"@id":"https:\/\/www.altominho.tv\/site\/#\/schema\/person\/63f693da3e1899361cbe955c46f3232e"},"breadcrumb":{"@id":"https:\/\/www.altominho.tv\/site\/2021\/02\/10\/portugal-esta-muito-grato-pela-solidariedade-europeia-face-a-covid-19\/#breadcrumb"},"inLanguage":"pt-PT","potentialAction":[{"@type":"ReadAction","target":["https:\/\/www.altominho.tv\/site\/2021\/02\/10\/portugal-esta-muito-grato-pela-solidariedade-europeia-face-a-covid-19\/"]}]},{"@type":"ImageObject","inLanguage":"pt-PT","@id":"https:\/\/www.altominho.tv\/site\/2021\/02\/10\/portugal-esta-muito-grato-pela-solidariedade-europeia-face-a-covid-19\/#primaryimage","url":"https:\/\/www.altominho.tv\/site\/wp-content\/uploads\/2021\/02\/1024.jpeg","contentUrl":"https:\/\/www.altominho.tv\/site\/wp-content\/uploads\/2021\/02\/1024.jpeg","width":1024,"height":576},{"@type":"BreadcrumbList","@id":"https:\/\/www.altominho.tv\/site\/2021\/02\/10\/portugal-esta-muito-grato-pela-solidariedade-europeia-face-a-covid-19\/#breadcrumb","itemListElement":[{"@type":"ListItem","position":1,"name":"In\u00edcio","item":"https:\/\/www.altominho.tv\/site\/"},{"@type":"ListItem","position":2,"name":"Portugal \u201cest\u00e1 muito grato\u201d pela solidariedade europeia face \u00e0 covid-19"}]},{"@type":"WebSite","@id":"https:\/\/www.altominho.tv\/site\/#website","url":"https:\/\/www.altominho.tv\/site\/","name":"Altominho.tv","description":"A sua regi\u00e3o \u00e0 dist\u00e2ncia de um clique...","potentialAction":[{"@type":"SearchAction","target":{"@type":"EntryPoint","urlTemplate":"https:\/\/www.altominho.tv\/site\/?s={search_term_string}"},"query-input":{"@type":"PropertyValueSpecification","valueRequired":true,"valueName":"search_term_string"}}],"inLanguage":"pt-PT"},{"@type":"Person","@id":"https:\/\/www.altominho.tv\/site\/#\/schema\/person\/63f693da3e1899361cbe955c46f3232e","name":"Lusa","image":{"@type":"ImageObject","inLanguage":"pt-PT","@id":"https:\/\/www.altominho.tv\/site\/wp-content\/uploads\/2019\/08\/LUSA_Logo.gif","url":"https:\/\/www.altominho.tv\/site\/wp-content\/uploads\/2019\/08\/LUSA_Logo.gif","contentUrl":"https:\/\/www.altominho.tv\/site\/wp-content\/uploads\/2019\/08\/LUSA_Logo.gif","caption":"Lusa"},"sameAs":["http:\/\/\/\/www.altominho.tv\/site"],"url":"https:\/\/www.altominho.tv\/site\/author\/lusa\/"}]}},"_links":{"self":[{"href":"https:\/\/www.altominho.tv\/site\/wp-json\/wp\/v2\/posts\/61809","targetHints":{"allow":["GET"]}}],"collection":[{"href":"https:\/\/www.altominho.tv\/site\/wp-json\/wp\/v2\/posts"}],"about":[{"href":"https:\/\/www.altominho.tv\/site\/wp-json\/wp\/v2\/types\/post"}],"author":[{"embeddable":true,"href":"https:\/\/www.altominho.tv\/site\/wp-json\/wp\/v2\/users\/13"}],"replies":[{"embeddable":true,"href":"https:\/\/www.altominho.tv\/site\/wp-json\/wp\/v2\/comments?post=61809"}],"version-history":[{"count":0,"href":"https:\/\/www.altominho.tv\/site\/wp-json\/wp\/v2\/posts\/61809\/revisions"}],"wp:featuredmedia":[{"embeddable":true,"href":"https:\/\/www.altominho.tv\/site\/wp-json\/wp\/v2\/media\/61810"}],"wp:attachment":[{"href":"https:\/\/www.altominho.tv\/site\/wp-json\/wp\/v2\/media?parent=61809"}],"wp:term":[{"taxonomy":"category","embeddable":true,"href":"https:\/\/www.altominho.tv\/site\/wp-json\/wp\/v2\/categories?post=61809"},{"taxonomy":"post_tag","embeddable":true,"href":"https:\/\/www.altominho.tv\/site\/wp-json\/wp\/v2\/tags?post=61809"}],"curies":[{"name":"wp","href":"https:\/\/api.w.org\/{rel}","templated":true}]}}