{"id":61801,"date":"2021-02-10T12:23:00","date_gmt":"2021-02-10T12:23:00","guid":{"rendered":"https:\/\/www.altominho.tv\/site\/?p=61801"},"modified":"2021-02-10T12:23:04","modified_gmt":"2021-02-10T12:23:04","slug":"pandemia-deixara-um-rasto-pesado-na-saude-mental-da-populacao","status":"publish","type":"post","link":"https:\/\/www.altominho.tv\/site\/2021\/02\/10\/pandemia-deixara-um-rasto-pesado-na-saude-mental-da-populacao\/","title":{"rendered":"Pandemia deixar\u00e1 \u201cum rasto pesado\u201d na sa\u00fade mental da popula\u00e7\u00e3o"},"content":{"rendered":"\n<p>A ministra da Sa\u00fade, Marta Temido, afirmou hoje que a pandemia de covid-19 deixar\u00e1 \u201cum rasto pesado\u201d na sa\u00fade mental da popula\u00e7\u00e3o, sublinhando que h\u00e1 muito por fazer nesta \u00e1rea.<\/p>\n\n\n\n<p>\u201cNaturalmente, a pandemia deixar\u00e1 um rasto pesado sobre aquilo que \u00e9 a sa\u00fade mental de todos n\u00f3s, quer em termos estritamente de equil\u00edbrio quer em termos de doen\u00e7a mental mais profunda\u201d, afirmou Marta Temido na Comiss\u00e3o de Sa\u00fade, onde est\u00e1 a ser ouvida na primeira audi\u00e7\u00e3o regimental do ano.<\/p>\n\n\n\n<p>A quest\u00e3o da sa\u00fade mental foi levantada pela deputada do PS Hortense Martins, afirmando que a sa\u00fade mental, \u201cque muitos tentam desvalorizar, \u00e9 important\u00edssima\u201d.<\/p>\n\n\n\n<p>\u201cN\u00e3o salvam vidas s\u00f3 com as quest\u00f5es f\u00edsicas. A sa\u00fade mental tamb\u00e9m \u00e9 importante para salvar essas mesmas vidas\u201d, defendeu Hortense Martins.<\/p>\n\n\n\n<p>Em resposta, Marta Temido afirmou que h\u00e1 muito por fazer nos sistemas relativamente a esta \u00e1rea, nomeadamente dos doentes que aguardam alta por falta de condi\u00e7\u00f5es sociais.<\/p>\n\n\n\n<p>\u201cMuitos deles s\u00e3o situa\u00e7\u00f5es de inexist\u00eancia de alternativas na \u00e1rea da sa\u00fade mental e, por isso, n\u00f3s no plano de recupera\u00e7\u00e3o e resili\u00eancia temos uma linha espec\u00edfica para a sa\u00fade mental\u201d, avan\u00e7ou.<\/p>\n\n\n\n<p>Entre outros aspetos, adiantou: \u201cpretendemos concluir a reforma da aplica\u00e7\u00e3o do Plano Nacional de Sa\u00fade Mental e a reforma daquilo que \u00e9 o trabalho dos hospitais psiqui\u00e1tricos integrando-os, desenvolvendo unidades de psiquiatria em hospitais gerais e criando resid\u00eancias assistidas para os doentes que n\u00e3o t\u00eam alternativa\u201d.<\/p>\n\n\n\n<p>A covid-19 j\u00e1 matou em Portugal 14.354 pessoas dos 767.919 casos de infe\u00e7\u00e3o confirmados, de acordo com o boletim mais recente da Dire\u00e7\u00e3o-Geral da Sa\u00fade.<\/p>\n","protected":false},"excerpt":{"rendered":"<p>A ministra da Sa\u00fade, Marta Temido, afirmou hoje que a pandemia de covid-19 deixar\u00e1 \u201cum rasto pesado\u201d na sa\u00fade mental da popula\u00e7\u00e3o, sublinhando que h\u00e1 muito por fazer nesta \u00e1rea. \u201cNaturalmente, a pandemia deixar\u00e1 um rasto pesado sobre aquilo que \u00e9 a sa\u00fade mental de todos n\u00f3s, quer em termos estritamente de equil\u00edbrio quer em [&hellip;]<\/p>\n","protected":false},"author":13,"featured_media":61803,"comment_status":"closed","ping_status":"closed","sticky":false,"template":"","format":"standard","meta":{"_exactmetrics_skip_tracking":false,"_exactmetrics_sitenote_active":false,"_exactmetrics_sitenote_note":"","_exactmetrics_sitenote_category":0,"footnotes":""},"categories":[42722],"tags":[26,27],"class_list":["post-61801","post","type-post","status-publish","format-standard","has-post-thumbnail","hentry","category-covid-19","tag-saude","tag-sociedade"],"yoast_head":"<!-- This site is optimized with the Yoast SEO Premium plugin v27.4 (Yoast SEO v27.4) - https:\/\/yoast.com\/product\/yoast-seo-premium-wordpress\/ -->\n<title>Pandemia deixar\u00e1 \u201cum rasto pesado\u201d na sa\u00fade mental da popula\u00e7\u00e3o<\/title>\n<meta name=\"robots\" content=\"index, follow, max-snippet:-1, max-image-preview:large, max-video-preview:-1\" \/>\n<link rel=\"canonical\" href=\"https:\/\/www.altominho.tv\/site\/2021\/02\/10\/pandemia-deixara-um-rasto-pesado-na-saude-mental-da-populacao\/\" \/>\n<meta property=\"og:locale\" content=\"pt_PT\" \/>\n<meta property=\"og:type\" content=\"article\" \/>\n<meta property=\"og:title\" content=\"Pandemia deixar\u00e1 \u201cum rasto pesado\u201d na sa\u00fade mental da popula\u00e7\u00e3o\" \/>\n<meta property=\"og:description\" content=\"A ministra da Sa\u00fade, Marta Temido, afirmou hoje que a pandemia de covid-19 deixar\u00e1 \u201cum rasto pesado\u201d na sa\u00fade mental da popula\u00e7\u00e3o, sublinhando que h\u00e1 muito por fazer nesta \u00e1rea. \u201cNaturalmente, a pandemia deixar\u00e1 um rasto pesado sobre aquilo que \u00e9 a sa\u00fade mental de todos n\u00f3s, quer em termos estritamente de equil\u00edbrio quer em [&hellip;]\" \/>\n<meta property=\"og:url\" content=\"https:\/\/www.altominho.tv\/site\/2021\/02\/10\/pandemia-deixara-um-rasto-pesado-na-saude-mental-da-populacao\/\" \/>\n<meta property=\"og:site_name\" content=\"Altominho.tv\" \/>\n<meta property=\"article:publisher\" content=\"https:\/\/www.facebook.com\/altominhotv\" \/>\n<meta property=\"article:published_time\" content=\"2021-02-10T12:23:00+00:00\" \/>\n<meta property=\"article:modified_time\" content=\"2021-02-10T12:23:04+00:00\" \/>\n<meta property=\"og:image\" content=\"https:\/\/www.altominho.tv\/site\/wp-content\/uploads\/2021\/02\/transferir-2.jpeg\" \/>\n\t<meta property=\"og:image:width\" content=\"800\" \/>\n\t<meta property=\"og:image:height\" content=\"533\" \/>\n\t<meta property=\"og:image:type\" content=\"image\/jpeg\" \/>\n<meta name=\"author\" content=\"Lusa\" \/>\n<meta name=\"twitter:card\" content=\"summary_large_image\" \/>\n<meta name=\"twitter:creator\" content=\"@altominhoTV\" \/>\n<meta name=\"twitter:site\" content=\"@altominhoTV\" \/>\n<meta name=\"twitter:label1\" content=\"Escrito por\" \/>\n\t<meta name=\"twitter:data1\" content=\"Lusa\" \/>\n\t<meta name=\"twitter:label2\" content=\"Tempo estimado de leitura\" \/>\n\t<meta name=\"twitter:data2\" content=\"1 minuto\" \/>\n<script type=\"application\/ld+json\" class=\"yoast-schema-graph\">{\"@context\":\"https:\\\/\\\/schema.org\",\"@graph\":[{\"@type\":\"Article\",\"@id\":\"https:\\\/\\\/www.altominho.tv\\\/site\\\/2021\\\/02\\\/10\\\/pandemia-deixara-um-rasto-pesado-na-saude-mental-da-populacao\\\/#article\",\"isPartOf\":{\"@id\":\"https:\\\/\\\/www.altominho.tv\\\/site\\\/2021\\\/02\\\/10\\\/pandemia-deixara-um-rasto-pesado-na-saude-mental-da-populacao\\\/\"},\"author\":{\"name\":\"Lusa\",\"@id\":\"https:\\\/\\\/www.altominho.tv\\\/site\\\/#\\\/schema\\\/person\\\/63f693da3e1899361cbe955c46f3232e\"},\"headline\":\"Pandemia deixar\u00e1 \u201cum rasto pesado\u201d na sa\u00fade mental da popula\u00e7\u00e3o\",\"datePublished\":\"2021-02-10T12:23:00+00:00\",\"dateModified\":\"2021-02-10T12:23:04+00:00\",\"mainEntityOfPage\":{\"@id\":\"https:\\\/\\\/www.altominho.tv\\\/site\\\/2021\\\/02\\\/10\\\/pandemia-deixara-um-rasto-pesado-na-saude-mental-da-populacao\\\/\"},\"wordCount\":300,\"image\":{\"@id\":\"https:\\\/\\\/www.altominho.tv\\\/site\\\/2021\\\/02\\\/10\\\/pandemia-deixara-um-rasto-pesado-na-saude-mental-da-populacao\\\/#primaryimage\"},\"thumbnailUrl\":\"https:\\\/\\\/www.altominho.tv\\\/site\\\/wp-content\\\/uploads\\\/2021\\\/02\\\/transferir-2.jpeg\",\"keywords\":[\"Sa\u00fade\",\"Sociedade\"],\"articleSection\":[\"Coronav\u00edrus\"],\"inLanguage\":\"pt-PT\",\"copyrightYear\":\"2021\",\"copyrightHolder\":{\"@id\":\"https:\\\/\\\/www.altominho.tv\\\/site\\\/#organization\"}},{\"@type\":\"WebPage\",\"@id\":\"https:\\\/\\\/www.altominho.tv\\\/site\\\/2021\\\/02\\\/10\\\/pandemia-deixara-um-rasto-pesado-na-saude-mental-da-populacao\\\/\",\"url\":\"https:\\\/\\\/www.altominho.tv\\\/site\\\/2021\\\/02\\\/10\\\/pandemia-deixara-um-rasto-pesado-na-saude-mental-da-populacao\\\/\",\"name\":\"Pandemia deixar\u00e1 \u201cum rasto pesado\u201d na sa\u00fade mental da popula\u00e7\u00e3o\",\"isPartOf\":{\"@id\":\"https:\\\/\\\/www.altominho.tv\\\/site\\\/#website\"},\"primaryImageOfPage\":{\"@id\":\"https:\\\/\\\/www.altominho.tv\\\/site\\\/2021\\\/02\\\/10\\\/pandemia-deixara-um-rasto-pesado-na-saude-mental-da-populacao\\\/#primaryimage\"},\"image\":{\"@id\":\"https:\\\/\\\/www.altominho.tv\\\/site\\\/2021\\\/02\\\/10\\\/pandemia-deixara-um-rasto-pesado-na-saude-mental-da-populacao\\\/#primaryimage\"},\"thumbnailUrl\":\"https:\\\/\\\/www.altominho.tv\\\/site\\\/wp-content\\\/uploads\\\/2021\\\/02\\\/transferir-2.jpeg\",\"datePublished\":\"2021-02-10T12:23:00+00:00\",\"dateModified\":\"2021-02-10T12:23:04+00:00\",\"author\":{\"@id\":\"https:\\\/\\\/www.altominho.tv\\\/site\\\/#\\\/schema\\\/person\\\/63f693da3e1899361cbe955c46f3232e\"},\"breadcrumb\":{\"@id\":\"https:\\\/\\\/www.altominho.tv\\\/site\\\/2021\\\/02\\\/10\\\/pandemia-deixara-um-rasto-pesado-na-saude-mental-da-populacao\\\/#breadcrumb\"},\"inLanguage\":\"pt-PT\",\"potentialAction\":[{\"@type\":\"ReadAction\",\"target\":[\"https:\\\/\\\/www.altominho.tv\\\/site\\\/2021\\\/02\\\/10\\\/pandemia-deixara-um-rasto-pesado-na-saude-mental-da-populacao\\\/\"]}]},{\"@type\":\"ImageObject\",\"inLanguage\":\"pt-PT\",\"@id\":\"https:\\\/\\\/www.altominho.tv\\\/site\\\/2021\\\/02\\\/10\\\/pandemia-deixara-um-rasto-pesado-na-saude-mental-da-populacao\\\/#primaryimage\",\"url\":\"https:\\\/\\\/www.altominho.tv\\\/site\\\/wp-content\\\/uploads\\\/2021\\\/02\\\/transferir-2.jpeg\",\"contentUrl\":\"https:\\\/\\\/www.altominho.tv\\\/site\\\/wp-content\\\/uploads\\\/2021\\\/02\\\/transferir-2.jpeg\",\"width\":800,\"height\":533},{\"@type\":\"BreadcrumbList\",\"@id\":\"https:\\\/\\\/www.altominho.tv\\\/site\\\/2021\\\/02\\\/10\\\/pandemia-deixara-um-rasto-pesado-na-saude-mental-da-populacao\\\/#breadcrumb\",\"itemListElement\":[{\"@type\":\"ListItem\",\"position\":1,\"name\":\"In\u00edcio\",\"item\":\"https:\\\/\\\/www.altominho.tv\\\/site\\\/\"},{\"@type\":\"ListItem\",\"position\":2,\"name\":\"Pandemia deixar\u00e1 \u201cum rasto pesado\u201d na sa\u00fade mental da popula\u00e7\u00e3o\"}]},{\"@type\":\"WebSite\",\"@id\":\"https:\\\/\\\/www.altominho.tv\\\/site\\\/#website\",\"url\":\"https:\\\/\\\/www.altominho.tv\\\/site\\\/\",\"name\":\"Altominho.tv\",\"description\":\"A sua regi\u00e3o \u00e0 dist\u00e2ncia de um clique...\",\"potentialAction\":[{\"@type\":\"SearchAction\",\"target\":{\"@type\":\"EntryPoint\",\"urlTemplate\":\"https:\\\/\\\/www.altominho.tv\\\/site\\\/?s={search_term_string}\"},\"query-input\":{\"@type\":\"PropertyValueSpecification\",\"valueRequired\":true,\"valueName\":\"search_term_string\"}}],\"inLanguage\":\"pt-PT\"},{\"@type\":\"Person\",\"@id\":\"https:\\\/\\\/www.altominho.tv\\\/site\\\/#\\\/schema\\\/person\\\/63f693da3e1899361cbe955c46f3232e\",\"name\":\"Lusa\",\"image\":{\"@type\":\"ImageObject\",\"inLanguage\":\"pt-PT\",\"@id\":\"https:\\\/\\\/www.altominho.tv\\\/site\\\/wp-content\\\/uploads\\\/2019\\\/08\\\/LUSA_Logo.gif\",\"url\":\"https:\\\/\\\/www.altominho.tv\\\/site\\\/wp-content\\\/uploads\\\/2019\\\/08\\\/LUSA_Logo.gif\",\"contentUrl\":\"https:\\\/\\\/www.altominho.tv\\\/site\\\/wp-content\\\/uploads\\\/2019\\\/08\\\/LUSA_Logo.gif\",\"caption\":\"Lusa\"},\"sameAs\":[\"http:\\\/\\\/\\\/\\\/www.altominho.tv\\\/site\"],\"url\":\"https:\\\/\\\/www.altominho.tv\\\/site\\\/author\\\/lusa\\\/\"}]}<\/script>\n<!-- \/ Yoast SEO Premium plugin. -->","yoast_head_json":{"title":"Pandemia deixar\u00e1 \u201cum rasto pesado\u201d na sa\u00fade mental da popula\u00e7\u00e3o","robots":{"index":"index","follow":"follow","max-snippet":"max-snippet:-1","max-image-preview":"max-image-preview:large","max-video-preview":"max-video-preview:-1"},"canonical":"https:\/\/www.altominho.tv\/site\/2021\/02\/10\/pandemia-deixara-um-rasto-pesado-na-saude-mental-da-populacao\/","og_locale":"pt_PT","og_type":"article","og_title":"Pandemia deixar\u00e1 \u201cum rasto pesado\u201d na sa\u00fade mental da popula\u00e7\u00e3o","og_description":"A ministra da Sa\u00fade, Marta Temido, afirmou hoje que a pandemia de covid-19 deixar\u00e1 \u201cum rasto pesado\u201d na sa\u00fade mental da popula\u00e7\u00e3o, sublinhando que h\u00e1 muito por fazer nesta \u00e1rea. \u201cNaturalmente, a pandemia deixar\u00e1 um rasto pesado sobre aquilo que \u00e9 a sa\u00fade mental de todos n\u00f3s, quer em termos estritamente de equil\u00edbrio quer em [&hellip;]","og_url":"https:\/\/www.altominho.tv\/site\/2021\/02\/10\/pandemia-deixara-um-rasto-pesado-na-saude-mental-da-populacao\/","og_site_name":"Altominho.tv","article_publisher":"https:\/\/www.facebook.com\/altominhotv","article_published_time":"2021-02-10T12:23:00+00:00","article_modified_time":"2021-02-10T12:23:04+00:00","og_image":[{"width":800,"height":533,"url":"https:\/\/www.altominho.tv\/site\/wp-content\/uploads\/2021\/02\/transferir-2.jpeg","type":"image\/jpeg"}],"author":"Lusa","twitter_card":"summary_large_image","twitter_creator":"@altominhoTV","twitter_site":"@altominhoTV","twitter_misc":{"Escrito por":"Lusa","Tempo estimado de leitura":"1 minuto"},"schema":{"@context":"https:\/\/schema.org","@graph":[{"@type":"Article","@id":"https:\/\/www.altominho.tv\/site\/2021\/02\/10\/pandemia-deixara-um-rasto-pesado-na-saude-mental-da-populacao\/#article","isPartOf":{"@id":"https:\/\/www.altominho.tv\/site\/2021\/02\/10\/pandemia-deixara-um-rasto-pesado-na-saude-mental-da-populacao\/"},"author":{"name":"Lusa","@id":"https:\/\/www.altominho.tv\/site\/#\/schema\/person\/63f693da3e1899361cbe955c46f3232e"},"headline":"Pandemia deixar\u00e1 \u201cum rasto pesado\u201d na sa\u00fade mental da popula\u00e7\u00e3o","datePublished":"2021-02-10T12:23:00+00:00","dateModified":"2021-02-10T12:23:04+00:00","mainEntityOfPage":{"@id":"https:\/\/www.altominho.tv\/site\/2021\/02\/10\/pandemia-deixara-um-rasto-pesado-na-saude-mental-da-populacao\/"},"wordCount":300,"image":{"@id":"https:\/\/www.altominho.tv\/site\/2021\/02\/10\/pandemia-deixara-um-rasto-pesado-na-saude-mental-da-populacao\/#primaryimage"},"thumbnailUrl":"https:\/\/www.altominho.tv\/site\/wp-content\/uploads\/2021\/02\/transferir-2.jpeg","keywords":["Sa\u00fade","Sociedade"],"articleSection":["Coronav\u00edrus"],"inLanguage":"pt-PT","copyrightYear":"2021","copyrightHolder":{"@id":"https:\/\/www.altominho.tv\/site\/#organization"}},{"@type":"WebPage","@id":"https:\/\/www.altominho.tv\/site\/2021\/02\/10\/pandemia-deixara-um-rasto-pesado-na-saude-mental-da-populacao\/","url":"https:\/\/www.altominho.tv\/site\/2021\/02\/10\/pandemia-deixara-um-rasto-pesado-na-saude-mental-da-populacao\/","name":"Pandemia deixar\u00e1 \u201cum rasto pesado\u201d na sa\u00fade mental da popula\u00e7\u00e3o","isPartOf":{"@id":"https:\/\/www.altominho.tv\/site\/#website"},"primaryImageOfPage":{"@id":"https:\/\/www.altominho.tv\/site\/2021\/02\/10\/pandemia-deixara-um-rasto-pesado-na-saude-mental-da-populacao\/#primaryimage"},"image":{"@id":"https:\/\/www.altominho.tv\/site\/2021\/02\/10\/pandemia-deixara-um-rasto-pesado-na-saude-mental-da-populacao\/#primaryimage"},"thumbnailUrl":"https:\/\/www.altominho.tv\/site\/wp-content\/uploads\/2021\/02\/transferir-2.jpeg","datePublished":"2021-02-10T12:23:00+00:00","dateModified":"2021-02-10T12:23:04+00:00","author":{"@id":"https:\/\/www.altominho.tv\/site\/#\/schema\/person\/63f693da3e1899361cbe955c46f3232e"},"breadcrumb":{"@id":"https:\/\/www.altominho.tv\/site\/2021\/02\/10\/pandemia-deixara-um-rasto-pesado-na-saude-mental-da-populacao\/#breadcrumb"},"inLanguage":"pt-PT","potentialAction":[{"@type":"ReadAction","target":["https:\/\/www.altominho.tv\/site\/2021\/02\/10\/pandemia-deixara-um-rasto-pesado-na-saude-mental-da-populacao\/"]}]},{"@type":"ImageObject","inLanguage":"pt-PT","@id":"https:\/\/www.altominho.tv\/site\/2021\/02\/10\/pandemia-deixara-um-rasto-pesado-na-saude-mental-da-populacao\/#primaryimage","url":"https:\/\/www.altominho.tv\/site\/wp-content\/uploads\/2021\/02\/transferir-2.jpeg","contentUrl":"https:\/\/www.altominho.tv\/site\/wp-content\/uploads\/2021\/02\/transferir-2.jpeg","width":800,"height":533},{"@type":"BreadcrumbList","@id":"https:\/\/www.altominho.tv\/site\/2021\/02\/10\/pandemia-deixara-um-rasto-pesado-na-saude-mental-da-populacao\/#breadcrumb","itemListElement":[{"@type":"ListItem","position":1,"name":"In\u00edcio","item":"https:\/\/www.altominho.tv\/site\/"},{"@type":"ListItem","position":2,"name":"Pandemia deixar\u00e1 \u201cum rasto pesado\u201d na sa\u00fade mental da popula\u00e7\u00e3o"}]},{"@type":"WebSite","@id":"https:\/\/www.altominho.tv\/site\/#website","url":"https:\/\/www.altominho.tv\/site\/","name":"Altominho.tv","description":"A sua regi\u00e3o \u00e0 dist\u00e2ncia de um clique...","potentialAction":[{"@type":"SearchAction","target":{"@type":"EntryPoint","urlTemplate":"https:\/\/www.altominho.tv\/site\/?s={search_term_string}"},"query-input":{"@type":"PropertyValueSpecification","valueRequired":true,"valueName":"search_term_string"}}],"inLanguage":"pt-PT"},{"@type":"Person","@id":"https:\/\/www.altominho.tv\/site\/#\/schema\/person\/63f693da3e1899361cbe955c46f3232e","name":"Lusa","image":{"@type":"ImageObject","inLanguage":"pt-PT","@id":"https:\/\/www.altominho.tv\/site\/wp-content\/uploads\/2019\/08\/LUSA_Logo.gif","url":"https:\/\/www.altominho.tv\/site\/wp-content\/uploads\/2019\/08\/LUSA_Logo.gif","contentUrl":"https:\/\/www.altominho.tv\/site\/wp-content\/uploads\/2019\/08\/LUSA_Logo.gif","caption":"Lusa"},"sameAs":["http:\/\/\/\/www.altominho.tv\/site"],"url":"https:\/\/www.altominho.tv\/site\/author\/lusa\/"}]}},"_links":{"self":[{"href":"https:\/\/www.altominho.tv\/site\/wp-json\/wp\/v2\/posts\/61801","targetHints":{"allow":["GET"]}}],"collection":[{"href":"https:\/\/www.altominho.tv\/site\/wp-json\/wp\/v2\/posts"}],"about":[{"href":"https:\/\/www.altominho.tv\/site\/wp-json\/wp\/v2\/types\/post"}],"author":[{"embeddable":true,"href":"https:\/\/www.altominho.tv\/site\/wp-json\/wp\/v2\/users\/13"}],"replies":[{"embeddable":true,"href":"https:\/\/www.altominho.tv\/site\/wp-json\/wp\/v2\/comments?post=61801"}],"version-history":[{"count":0,"href":"https:\/\/www.altominho.tv\/site\/wp-json\/wp\/v2\/posts\/61801\/revisions"}],"wp:featuredmedia":[{"embeddable":true,"href":"https:\/\/www.altominho.tv\/site\/wp-json\/wp\/v2\/media\/61803"}],"wp:attachment":[{"href":"https:\/\/www.altominho.tv\/site\/wp-json\/wp\/v2\/media?parent=61801"}],"wp:term":[{"taxonomy":"category","embeddable":true,"href":"https:\/\/www.altominho.tv\/site\/wp-json\/wp\/v2\/categories?post=61801"},{"taxonomy":"post_tag","embeddable":true,"href":"https:\/\/www.altominho.tv\/site\/wp-json\/wp\/v2\/tags?post=61801"}],"curies":[{"name":"wp","href":"https:\/\/api.w.org\/{rel}","templated":true}]}}