{"id":61748,"date":"2021-02-09T19:26:02","date_gmt":"2021-02-09T19:26:02","guid":{"rendered":"https:\/\/www.altominho.tv\/site\/?p=61748"},"modified":"2021-02-10T09:37:27","modified_gmt":"2021-02-10T09:37:27","slug":"camara-de-viana-entrega-mais-200-computadores-e-263-routers-de-internet","status":"publish","type":"post","link":"https:\/\/www.altominho.tv\/site\/2021\/02\/09\/camara-de-viana-entrega-mais-200-computadores-e-263-routers-de-internet\/","title":{"rendered":"C\u00e2mara de Viana entrega mais 200 computadores e 263 &#8216;routers&#8217; de internet"},"content":{"rendered":"<p>A C\u00e2mara de Viana do Castelo distribuiu, esta ter\u00e7a-feira, 200 computadores e 263 &#8216;routers&#8217; pelos sete agrupamentos de escolas do concelho, para garantir que os alunos mais carenciados t\u00eam acesso ao ensino \u00e0 dist\u00e2ncia.<\/p>\n<p>Em comunicado, o munic\u00edpio explicou que &#8220;os computadores servem para dar apoio aos alunos identificados do escal\u00e3o A e B com car\u00eancias econ\u00f3micas&#8221;.<\/p>\n<p>Desde o in\u00edcio da pandemia de Covid-19, &#8220;a autarquia j\u00e1 distribuiu pelas escolas do concelho um total de 600 computadores e 663 &#8216;hotspots'&#8221;.<\/p>\n<p>A entrega \u00e9 feita aos agrupamentos de escola em regime de ced\u00eancia para depois serem emprestados aos alunos. Os equipamentos ser\u00e3o devolvidos no final do ano letivo para ficarem, posteriormente, ao servi\u00e7o de outros alunos.<\/p>\n","protected":false},"excerpt":{"rendered":"<p>A C\u00e2mara de Viana do Castelo distribuiu, esta ter\u00e7a-feira, 200 computadores e 263 &#8216;routers&#8217; pelos sete agrupamentos de escolas do concelho, para garantir que os alunos mais carenciados t\u00eam acesso ao ensino \u00e0 dist\u00e2ncia. Em comunicado, o munic\u00edpio explicou que &#8220;os computadores servem para dar apoio aos alunos identificados do escal\u00e3o A e B com [&hellip;]<\/p>\n","protected":false},"author":13,"featured_media":61750,"comment_status":"closed","ping_status":"closed","sticky":false,"template":"","format":"standard","meta":{"_exactmetrics_skip_tracking":false,"footnotes":""},"categories":[14],"tags":[22],"class_list":["post-61748","post","type-post","status-publish","format-standard","has-post-thumbnail","hentry","category-viana-do-castelo","tag-educacao"],"yoast_head":"<!-- This site is optimized with the Yoast SEO Premium plugin v28.3 (Yoast SEO v28.3) - https:\/\/yoast.com\/product\/yoast-seo-premium-wordpress\/ -->\n<title>C\u00e2mara de Viana entrega mais 200 computadores e 263 &#039;routers&#039; de internet<\/title>\n<meta name=\"robots\" content=\"index, follow, max-snippet:-1, max-image-preview:large, max-video-preview:-1\" \/>\n<link rel=\"canonical\" href=\"https:\/\/www.altominho.tv\/site\/2021\/02\/09\/camara-de-viana-entrega-mais-200-computadores-e-263-routers-de-internet\/\" \/>\n<meta property=\"og:locale\" content=\"pt_PT\" \/>\n<meta property=\"og:type\" content=\"article\" \/>\n<meta property=\"og:title\" content=\"C\u00e2mara de Viana entrega mais 200 computadores e 263 &#039;routers&#039; de internet\" \/>\n<meta property=\"og:description\" content=\"A C\u00e2mara de Viana do Castelo distribuiu, esta ter\u00e7a-feira, 200 computadores e 263 &#8216;routers&#8217; pelos sete agrupamentos de escolas do concelho, para garantir que os alunos mais carenciados t\u00eam acesso ao ensino \u00e0 dist\u00e2ncia. Em comunicado, o munic\u00edpio explicou que &#8220;os computadores servem para dar apoio aos alunos identificados do escal\u00e3o A e B com [&hellip;]\" \/>\n<meta property=\"og:url\" content=\"https:\/\/www.altominho.tv\/site\/2021\/02\/09\/camara-de-viana-entrega-mais-200-computadores-e-263-routers-de-internet\/\" \/>\n<meta property=\"og:site_name\" content=\"Altominho.tv\" \/>\n<meta property=\"article:publisher\" content=\"https:\/\/www.facebook.com\/altominhotv\" \/>\n<meta property=\"article:published_time\" content=\"2021-02-09T19:26:02+00:00\" \/>\n<meta property=\"article:modified_time\" content=\"2021-02-10T09:37:27+00:00\" \/>\n<meta property=\"og:image\" content=\"https:\/\/www.altominho.tv\/site\/wp-content\/uploads\/2021\/02\/Ensino-a\u0300-dista\u0302ncia-e1612898738940.jpg\" \/>\n\t<meta property=\"og:image:width\" content=\"1250\" \/>\n\t<meta property=\"og:image:height\" content=\"790\" \/>\n\t<meta property=\"og:image:type\" content=\"image\/jpeg\" \/>\n<meta name=\"author\" content=\"Lusa\" \/>\n<meta name=\"twitter:card\" content=\"summary_large_image\" \/>\n<meta name=\"twitter:creator\" content=\"@altominhoTV\" \/>\n<meta name=\"twitter:site\" content=\"@altominhoTV\" \/>\n<meta name=\"twitter:label1\" content=\"Escrito por\" \/>\n\t<meta name=\"twitter:data1\" content=\"Lusa\" \/>\n\t<meta name=\"twitter:label2\" content=\"Tempo estimado de leitura\" \/>\n\t<meta name=\"twitter:data2\" content=\"1 minuto\" \/>\n<script type=\"application\/ld+json\" class=\"yoast-schema-graph\">{\"@context\":\"https:\\\/\\\/schema.org\",\"@graph\":[{\"@type\":\"Article\",\"@id\":\"https:\\\/\\\/www.altominho.tv\\\/site\\\/2021\\\/02\\\/09\\\/camara-de-viana-entrega-mais-200-computadores-e-263-routers-de-internet\\\/#article\",\"isPartOf\":{\"@id\":\"https:\\\/\\\/www.altominho.tv\\\/site\\\/2021\\\/02\\\/09\\\/camara-de-viana-entrega-mais-200-computadores-e-263-routers-de-internet\\\/\"},\"author\":{\"name\":\"Lusa\",\"@id\":\"https:\\\/\\\/www.altominho.tv\\\/site\\\/#\\\/schema\\\/person\\\/63f693da3e1899361cbe955c46f3232e\"},\"headline\":\"C\u00e2mara de Viana entrega mais 200 computadores e 263 &#8216;routers&#8217; de internet\",\"datePublished\":\"2021-02-09T19:26:02+00:00\",\"dateModified\":\"2021-02-10T09:37:27+00:00\",\"mainEntityOfPage\":{\"@id\":\"https:\\\/\\\/www.altominho.tv\\\/site\\\/2021\\\/02\\\/09\\\/camara-de-viana-entrega-mais-200-computadores-e-263-routers-de-internet\\\/\"},\"wordCount\":132,\"image\":{\"@id\":\"https:\\\/\\\/www.altominho.tv\\\/site\\\/2021\\\/02\\\/09\\\/camara-de-viana-entrega-mais-200-computadores-e-263-routers-de-internet\\\/#primaryimage\"},\"thumbnailUrl\":\"https:\\\/\\\/www.altominho.tv\\\/site\\\/wp-content\\\/uploads\\\/2021\\\/02\\\/Ensino-a\u0300-dista\u0302ncia-e1612898738940.jpg\",\"keywords\":[\"Educa\u00e7\u00e3o\"],\"articleSection\":[\"Viana do Castelo\"],\"inLanguage\":\"pt-PT\",\"copyrightYear\":\"2021\",\"copyrightHolder\":{\"@id\":\"https:\\\/\\\/www.altominho.tv\\\/site\\\/#organization\"}},{\"@type\":\"WebPage\",\"@id\":\"https:\\\/\\\/www.altominho.tv\\\/site\\\/2021\\\/02\\\/09\\\/camara-de-viana-entrega-mais-200-computadores-e-263-routers-de-internet\\\/\",\"url\":\"https:\\\/\\\/www.altominho.tv\\\/site\\\/2021\\\/02\\\/09\\\/camara-de-viana-entrega-mais-200-computadores-e-263-routers-de-internet\\\/\",\"name\":\"C\u00e2mara de Viana entrega mais 200 computadores e 263 'routers' de internet\",\"isPartOf\":{\"@id\":\"https:\\\/\\\/www.altominho.tv\\\/site\\\/#website\"},\"primaryImageOfPage\":{\"@id\":\"https:\\\/\\\/www.altominho.tv\\\/site\\\/2021\\\/02\\\/09\\\/camara-de-viana-entrega-mais-200-computadores-e-263-routers-de-internet\\\/#primaryimage\"},\"image\":{\"@id\":\"https:\\\/\\\/www.altominho.tv\\\/site\\\/2021\\\/02\\\/09\\\/camara-de-viana-entrega-mais-200-computadores-e-263-routers-de-internet\\\/#primaryimage\"},\"thumbnailUrl\":\"https:\\\/\\\/www.altominho.tv\\\/site\\\/wp-content\\\/uploads\\\/2021\\\/02\\\/Ensino-a\u0300-dista\u0302ncia-e1612898738940.jpg\",\"datePublished\":\"2021-02-09T19:26:02+00:00\",\"dateModified\":\"2021-02-10T09:37:27+00:00\",\"author\":{\"@id\":\"https:\\\/\\\/www.altominho.tv\\\/site\\\/#\\\/schema\\\/person\\\/63f693da3e1899361cbe955c46f3232e\"},\"breadcrumb\":{\"@id\":\"https:\\\/\\\/www.altominho.tv\\\/site\\\/2021\\\/02\\\/09\\\/camara-de-viana-entrega-mais-200-computadores-e-263-routers-de-internet\\\/#breadcrumb\"},\"inLanguage\":\"pt-PT\",\"potentialAction\":[{\"@type\":\"ReadAction\",\"target\":[\"https:\\\/\\\/www.altominho.tv\\\/site\\\/2021\\\/02\\\/09\\\/camara-de-viana-entrega-mais-200-computadores-e-263-routers-de-internet\\\/\"]}]},{\"@type\":\"ImageObject\",\"inLanguage\":\"pt-PT\",\"@id\":\"https:\\\/\\\/www.altominho.tv\\\/site\\\/2021\\\/02\\\/09\\\/camara-de-viana-entrega-mais-200-computadores-e-263-routers-de-internet\\\/#primaryimage\",\"url\":\"https:\\\/\\\/www.altominho.tv\\\/site\\\/wp-content\\\/uploads\\\/2021\\\/02\\\/Ensino-a\u0300-dista\u0302ncia-e1612898738940.jpg\",\"contentUrl\":\"https:\\\/\\\/www.altominho.tv\\\/site\\\/wp-content\\\/uploads\\\/2021\\\/02\\\/Ensino-a\u0300-dista\u0302ncia-e1612898738940.jpg\",\"width\":1250,\"height\":790},{\"@type\":\"BreadcrumbList\",\"@id\":\"https:\\\/\\\/www.altominho.tv\\\/site\\\/2021\\\/02\\\/09\\\/camara-de-viana-entrega-mais-200-computadores-e-263-routers-de-internet\\\/#breadcrumb\",\"itemListElement\":[{\"@type\":\"ListItem\",\"position\":1,\"name\":\"In\u00edcio\",\"item\":\"https:\\\/\\\/www.altominho.tv\\\/site\\\/\"},{\"@type\":\"ListItem\",\"position\":2,\"name\":\"C\u00e2mara de Viana entrega mais 200 computadores e 263 &#8216;routers&#8217; de internet\"}]},{\"@type\":\"WebSite\",\"@id\":\"https:\\\/\\\/www.altominho.tv\\\/site\\\/#website\",\"url\":\"https:\\\/\\\/www.altominho.tv\\\/site\\\/\",\"name\":\"Altominho.tv\",\"description\":\"A sua regi\u00e3o \u00e0 dist\u00e2ncia de um clique...\",\"potentialAction\":[{\"@type\":\"SearchAction\",\"target\":{\"@type\":\"EntryPoint\",\"urlTemplate\":\"https:\\\/\\\/www.altominho.tv\\\/site\\\/?s={search_term_string}\"},\"query-input\":{\"@type\":\"PropertyValueSpecification\",\"valueRequired\":true,\"valueName\":\"search_term_string\"}}],\"inLanguage\":\"pt-PT\"},{\"@type\":\"Person\",\"@id\":\"https:\\\/\\\/www.altominho.tv\\\/site\\\/#\\\/schema\\\/person\\\/63f693da3e1899361cbe955c46f3232e\",\"name\":\"Lusa\",\"image\":{\"@type\":\"ImageObject\",\"inLanguage\":\"pt-PT\",\"@id\":\"https:\\\/\\\/www.altominho.tv\\\/site\\\/wp-content\\\/uploads\\\/2019\\\/08\\\/LUSA_Logo.gif\",\"url\":\"https:\\\/\\\/www.altominho.tv\\\/site\\\/wp-content\\\/uploads\\\/2019\\\/08\\\/LUSA_Logo.gif\",\"contentUrl\":\"https:\\\/\\\/www.altominho.tv\\\/site\\\/wp-content\\\/uploads\\\/2019\\\/08\\\/LUSA_Logo.gif\",\"caption\":\"Lusa\"},\"sameAs\":[\"http:\\\/\\\/\\\/\\\/www.altominho.tv\\\/site\"],\"url\":\"https:\\\/\\\/www.altominho.tv\\\/site\\\/author\\\/lusa\\\/\"}]}<\/script>\n<!-- \/ Yoast SEO Premium plugin. -->","yoast_head_json":{"title":"C\u00e2mara de Viana entrega mais 200 computadores e 263 'routers' de internet","robots":{"index":"index","follow":"follow","max-snippet":"max-snippet:-1","max-image-preview":"max-image-preview:large","max-video-preview":"max-video-preview:-1"},"canonical":"https:\/\/www.altominho.tv\/site\/2021\/02\/09\/camara-de-viana-entrega-mais-200-computadores-e-263-routers-de-internet\/","og_locale":"pt_PT","og_type":"article","og_title":"C\u00e2mara de Viana entrega mais 200 computadores e 263 'routers' de internet","og_description":"A C\u00e2mara de Viana do Castelo distribuiu, esta ter\u00e7a-feira, 200 computadores e 263 &#8216;routers&#8217; pelos sete agrupamentos de escolas do concelho, para garantir que os alunos mais carenciados t\u00eam acesso ao ensino \u00e0 dist\u00e2ncia. Em comunicado, o munic\u00edpio explicou que &#8220;os computadores servem para dar apoio aos alunos identificados do escal\u00e3o A e B com [&hellip;]","og_url":"https:\/\/www.altominho.tv\/site\/2021\/02\/09\/camara-de-viana-entrega-mais-200-computadores-e-263-routers-de-internet\/","og_site_name":"Altominho.tv","article_publisher":"https:\/\/www.facebook.com\/altominhotv","article_published_time":"2021-02-09T19:26:02+00:00","article_modified_time":"2021-02-10T09:37:27+00:00","og_image":[{"width":1250,"height":790,"url":"https:\/\/www.altominho.tv\/site\/wp-content\/uploads\/2021\/02\/Ensino-a\u0300-dista\u0302ncia-e1612898738940.jpg","type":"image\/jpeg"}],"author":"Lusa","twitter_card":"summary_large_image","twitter_creator":"@altominhoTV","twitter_site":"@altominhoTV","twitter_misc":{"Escrito por":"Lusa","Tempo estimado de leitura":"1 minuto"},"schema":{"@context":"https:\/\/schema.org","@graph":[{"@type":"Article","@id":"https:\/\/www.altominho.tv\/site\/2021\/02\/09\/camara-de-viana-entrega-mais-200-computadores-e-263-routers-de-internet\/#article","isPartOf":{"@id":"https:\/\/www.altominho.tv\/site\/2021\/02\/09\/camara-de-viana-entrega-mais-200-computadores-e-263-routers-de-internet\/"},"author":{"name":"Lusa","@id":"https:\/\/www.altominho.tv\/site\/#\/schema\/person\/63f693da3e1899361cbe955c46f3232e"},"headline":"C\u00e2mara de Viana entrega mais 200 computadores e 263 &#8216;routers&#8217; de internet","datePublished":"2021-02-09T19:26:02+00:00","dateModified":"2021-02-10T09:37:27+00:00","mainEntityOfPage":{"@id":"https:\/\/www.altominho.tv\/site\/2021\/02\/09\/camara-de-viana-entrega-mais-200-computadores-e-263-routers-de-internet\/"},"wordCount":132,"image":{"@id":"https:\/\/www.altominho.tv\/site\/2021\/02\/09\/camara-de-viana-entrega-mais-200-computadores-e-263-routers-de-internet\/#primaryimage"},"thumbnailUrl":"https:\/\/www.altominho.tv\/site\/wp-content\/uploads\/2021\/02\/Ensino-a\u0300-dista\u0302ncia-e1612898738940.jpg","keywords":["Educa\u00e7\u00e3o"],"articleSection":["Viana do Castelo"],"inLanguage":"pt-PT","copyrightYear":"2021","copyrightHolder":{"@id":"https:\/\/www.altominho.tv\/site\/#organization"}},{"@type":"WebPage","@id":"https:\/\/www.altominho.tv\/site\/2021\/02\/09\/camara-de-viana-entrega-mais-200-computadores-e-263-routers-de-internet\/","url":"https:\/\/www.altominho.tv\/site\/2021\/02\/09\/camara-de-viana-entrega-mais-200-computadores-e-263-routers-de-internet\/","name":"C\u00e2mara de Viana entrega mais 200 computadores e 263 'routers' de internet","isPartOf":{"@id":"https:\/\/www.altominho.tv\/site\/#website"},"primaryImageOfPage":{"@id":"https:\/\/www.altominho.tv\/site\/2021\/02\/09\/camara-de-viana-entrega-mais-200-computadores-e-263-routers-de-internet\/#primaryimage"},"image":{"@id":"https:\/\/www.altominho.tv\/site\/2021\/02\/09\/camara-de-viana-entrega-mais-200-computadores-e-263-routers-de-internet\/#primaryimage"},"thumbnailUrl":"https:\/\/www.altominho.tv\/site\/wp-content\/uploads\/2021\/02\/Ensino-a\u0300-dista\u0302ncia-e1612898738940.jpg","datePublished":"2021-02-09T19:26:02+00:00","dateModified":"2021-02-10T09:37:27+00:00","author":{"@id":"https:\/\/www.altominho.tv\/site\/#\/schema\/person\/63f693da3e1899361cbe955c46f3232e"},"breadcrumb":{"@id":"https:\/\/www.altominho.tv\/site\/2021\/02\/09\/camara-de-viana-entrega-mais-200-computadores-e-263-routers-de-internet\/#breadcrumb"},"inLanguage":"pt-PT","potentialAction":[{"@type":"ReadAction","target":["https:\/\/www.altominho.tv\/site\/2021\/02\/09\/camara-de-viana-entrega-mais-200-computadores-e-263-routers-de-internet\/"]}]},{"@type":"ImageObject","inLanguage":"pt-PT","@id":"https:\/\/www.altominho.tv\/site\/2021\/02\/09\/camara-de-viana-entrega-mais-200-computadores-e-263-routers-de-internet\/#primaryimage","url":"https:\/\/www.altominho.tv\/site\/wp-content\/uploads\/2021\/02\/Ensino-a\u0300-dista\u0302ncia-e1612898738940.jpg","contentUrl":"https:\/\/www.altominho.tv\/site\/wp-content\/uploads\/2021\/02\/Ensino-a\u0300-dista\u0302ncia-e1612898738940.jpg","width":1250,"height":790},{"@type":"BreadcrumbList","@id":"https:\/\/www.altominho.tv\/site\/2021\/02\/09\/camara-de-viana-entrega-mais-200-computadores-e-263-routers-de-internet\/#breadcrumb","itemListElement":[{"@type":"ListItem","position":1,"name":"In\u00edcio","item":"https:\/\/www.altominho.tv\/site\/"},{"@type":"ListItem","position":2,"name":"C\u00e2mara de Viana entrega mais 200 computadores e 263 &#8216;routers&#8217; de internet"}]},{"@type":"WebSite","@id":"https:\/\/www.altominho.tv\/site\/#website","url":"https:\/\/www.altominho.tv\/site\/","name":"Altominho.tv","description":"A sua regi\u00e3o \u00e0 dist\u00e2ncia de um clique...","potentialAction":[{"@type":"SearchAction","target":{"@type":"EntryPoint","urlTemplate":"https:\/\/www.altominho.tv\/site\/?s={search_term_string}"},"query-input":{"@type":"PropertyValueSpecification","valueRequired":true,"valueName":"search_term_string"}}],"inLanguage":"pt-PT"},{"@type":"Person","@id":"https:\/\/www.altominho.tv\/site\/#\/schema\/person\/63f693da3e1899361cbe955c46f3232e","name":"Lusa","image":{"@type":"ImageObject","inLanguage":"pt-PT","@id":"https:\/\/www.altominho.tv\/site\/wp-content\/uploads\/2019\/08\/LUSA_Logo.gif","url":"https:\/\/www.altominho.tv\/site\/wp-content\/uploads\/2019\/08\/LUSA_Logo.gif","contentUrl":"https:\/\/www.altominho.tv\/site\/wp-content\/uploads\/2019\/08\/LUSA_Logo.gif","caption":"Lusa"},"sameAs":["http:\/\/\/\/www.altominho.tv\/site"],"url":"https:\/\/www.altominho.tv\/site\/author\/lusa\/"}]}},"_links":{"self":[{"href":"https:\/\/www.altominho.tv\/site\/wp-json\/wp\/v2\/posts\/61748","targetHints":{"allow":["GET"]}}],"collection":[{"href":"https:\/\/www.altominho.tv\/site\/wp-json\/wp\/v2\/posts"}],"about":[{"href":"https:\/\/www.altominho.tv\/site\/wp-json\/wp\/v2\/types\/post"}],"author":[{"embeddable":true,"href":"https:\/\/www.altominho.tv\/site\/wp-json\/wp\/v2\/users\/13"}],"replies":[{"embeddable":true,"href":"https:\/\/www.altominho.tv\/site\/wp-json\/wp\/v2\/comments?post=61748"}],"version-history":[{"count":0,"href":"https:\/\/www.altominho.tv\/site\/wp-json\/wp\/v2\/posts\/61748\/revisions"}],"wp:featuredmedia":[{"embeddable":true,"href":"https:\/\/www.altominho.tv\/site\/wp-json\/wp\/v2\/media\/61750"}],"wp:attachment":[{"href":"https:\/\/www.altominho.tv\/site\/wp-json\/wp\/v2\/media?parent=61748"}],"wp:term":[{"taxonomy":"category","embeddable":true,"href":"https:\/\/www.altominho.tv\/site\/wp-json\/wp\/v2\/categories?post=61748"},{"taxonomy":"post_tag","embeddable":true,"href":"https:\/\/www.altominho.tv\/site\/wp-json\/wp\/v2\/tags?post=61748"}],"curies":[{"name":"wp","href":"https:\/\/api.w.org\/{rel}","templated":true}]}}