{"id":61737,"date":"2021-02-09T20:30:00","date_gmt":"2021-02-09T20:30:00","guid":{"rendered":"https:\/\/www.altominho.tv\/site\/?p=61737"},"modified":"2021-02-09T18:09:23","modified_gmt":"2021-02-09T18:09:23","slug":"casal-apostou-na-producao-de-vinho-alvarinho-e-criou-o-seu-negocio-em-moncao","status":"publish","type":"post","link":"https:\/\/www.altominho.tv\/site\/2021\/02\/09\/casal-apostou-na-producao-de-vinho-alvarinho-e-criou-o-seu-negocio-em-moncao\/","title":{"rendered":"Casal apostou na produ\u00e7\u00e3o de vinho Alvarinho e criou o seu neg\u00f3cio em Mon\u00e7\u00e3o"},"content":{"rendered":"\n<figure class=\"wp-block-embed is-type-video is-provider-youtube wp-block-embed-youtube wp-embed-aspect-16-9 wp-has-aspect-ratio\"><div class=\"wp-block-embed__wrapper\">\n<iframe loading=\"lazy\" title=\"Casal apostou na produ\u00e7\u00e3o de vinho Alvarinho e criou o seu neg\u00f3cio em Mon\u00e7\u00e3o | Altominho TV\" width=\"770\" height=\"433\" src=\"https:\/\/www.youtube.com\/embed\/HIrwHsXp56M?feature=oembed\" frameborder=\"0\" allow=\"accelerometer; autoplay; clipboard-write; encrypted-media; gyroscope; picture-in-picture\" allowfullscreen><\/iframe>\n<\/div><\/figure>\n\n\n\n<p>Em tempo de pandemia houve quem arriscasse em novos neg\u00f3cios. No concelho de Mon\u00e7\u00e3o, um jovem casal apostou na produ\u00e7\u00e3o de vinho da casta Alvarinho. Na adega instalada na freguesia de Merufe, o desafio passa agora por desenvolver experi\u00eancias tur\u00edsticas ligadas \u00e0 vinha e ao vinho.<\/p>\n","protected":false},"excerpt":{"rendered":"<p>Em tempo de pandemia houve quem arriscasse em novos neg\u00f3cios. No concelho de Mon\u00e7\u00e3o, um jovem casal apostou na produ\u00e7\u00e3o de vinho da casta Alvarinho. Na adega instalada na freguesia de Merufe, o desafio passa agora por desenvolver experi\u00eancias tur\u00edsticas ligadas \u00e0 vinha e ao vinho.<\/p>\n","protected":false},"author":8,"featured_media":61739,"comment_status":"closed","ping_status":"closed","sticky":false,"template":"","format":"video","meta":{"_exactmetrics_skip_tracking":false,"_exactmetrics_sitenote_active":false,"_exactmetrics_sitenote_note":"","_exactmetrics_sitenote_category":0,"footnotes":""},"categories":[9],"tags":[23],"class_list":["post-61737","post","type-post","status-publish","format-video","has-post-thumbnail","hentry","category-moncao","tag-gente","post_format-post-format-video"],"yoast_head":"<!-- This site is optimized with the Yoast SEO Premium plugin v27.5 (Yoast SEO v27.5) - https:\/\/yoast.com\/product\/yoast-seo-premium-wordpress\/ -->\n<title>Casal apostou na produ\u00e7\u00e3o de vinho Alvarinho e criou o seu neg\u00f3cio em Mon\u00e7\u00e3o<\/title>\n<meta name=\"robots\" content=\"index, follow, max-snippet:-1, max-image-preview:large, max-video-preview:-1\" \/>\n<link rel=\"canonical\" href=\"https:\/\/www.altominho.tv\/site\/2021\/02\/09\/casal-apostou-na-producao-de-vinho-alvarinho-e-criou-o-seu-negocio-em-moncao\/\" \/>\n<meta property=\"og:locale\" content=\"pt_PT\" \/>\n<meta property=\"og:type\" content=\"article\" \/>\n<meta property=\"og:title\" content=\"Casal apostou na produ\u00e7\u00e3o de vinho Alvarinho e criou o seu neg\u00f3cio em Mon\u00e7\u00e3o\" \/>\n<meta property=\"og:description\" content=\"Em tempo de pandemia houve quem arriscasse em novos neg\u00f3cios. No concelho de Mon\u00e7\u00e3o, um jovem casal apostou na produ\u00e7\u00e3o de vinho da casta Alvarinho. Na adega instalada na freguesia de Merufe, o desafio passa agora por desenvolver experi\u00eancias tur\u00edsticas ligadas \u00e0 vinha e ao vinho.\" \/>\n<meta property=\"og:url\" content=\"https:\/\/www.altominho.tv\/site\/2021\/02\/09\/casal-apostou-na-producao-de-vinho-alvarinho-e-criou-o-seu-negocio-em-moncao\/\" \/>\n<meta property=\"og:site_name\" content=\"Altominho.tv\" \/>\n<meta property=\"article:publisher\" content=\"https:\/\/www.facebook.com\/altominhotv\" \/>\n<meta property=\"article:published_time\" content=\"2021-02-09T20:30:00+00:00\" \/>\n<meta property=\"og:image\" content=\"https:\/\/www.altominho.tv\/site\/wp-content\/uploads\/2021\/02\/elio.jpg\" \/>\n\t<meta property=\"og:image:width\" content=\"1920\" \/>\n\t<meta property=\"og:image:height\" content=\"1080\" \/>\n\t<meta property=\"og:image:type\" content=\"image\/jpeg\" \/>\n<meta name=\"author\" content=\"Alexandre Ferreira\" \/>\n<meta name=\"twitter:card\" content=\"summary_large_image\" \/>\n<meta name=\"twitter:creator\" content=\"@altominhoTV\" \/>\n<meta name=\"twitter:site\" content=\"@altominhoTV\" \/>\n<meta name=\"twitter:label1\" content=\"Escrito por\" \/>\n\t<meta name=\"twitter:data1\" content=\"Alexandre Ferreira\" \/>\n<script type=\"application\/ld+json\" class=\"yoast-schema-graph\">{\"@context\":\"https:\\\/\\\/schema.org\",\"@graph\":[{\"@type\":\"Article\",\"@id\":\"https:\\\/\\\/www.altominho.tv\\\/site\\\/2021\\\/02\\\/09\\\/casal-apostou-na-producao-de-vinho-alvarinho-e-criou-o-seu-negocio-em-moncao\\\/#article\",\"isPartOf\":{\"@id\":\"https:\\\/\\\/www.altominho.tv\\\/site\\\/2021\\\/02\\\/09\\\/casal-apostou-na-producao-de-vinho-alvarinho-e-criou-o-seu-negocio-em-moncao\\\/\"},\"author\":{\"name\":\"Alexandre Ferreira\",\"@id\":\"https:\\\/\\\/www.altominho.tv\\\/site\\\/#\\\/schema\\\/person\\\/56c462a0f6591602f4e9fb3fa6ea49bd\"},\"headline\":\"Casal apostou na produ\u00e7\u00e3o de vinho Alvarinho e criou o seu neg\u00f3cio em Mon\u00e7\u00e3o\",\"datePublished\":\"2021-02-09T20:30:00+00:00\",\"mainEntityOfPage\":{\"@id\":\"https:\\\/\\\/www.altominho.tv\\\/site\\\/2021\\\/02\\\/09\\\/casal-apostou-na-producao-de-vinho-alvarinho-e-criou-o-seu-negocio-em-moncao\\\/\"},\"wordCount\":72,\"image\":{\"@id\":\"https:\\\/\\\/www.altominho.tv\\\/site\\\/2021\\\/02\\\/09\\\/casal-apostou-na-producao-de-vinho-alvarinho-e-criou-o-seu-negocio-em-moncao\\\/#primaryimage\"},\"thumbnailUrl\":\"https:\\\/\\\/www.altominho.tv\\\/site\\\/wp-content\\\/uploads\\\/2021\\\/02\\\/elio.jpg\",\"keywords\":[\"Gente\"],\"articleSection\":[\"Mon\u00e7\u00e3o\"],\"inLanguage\":\"pt-PT\",\"copyrightYear\":\"2021\",\"copyrightHolder\":{\"@id\":\"https:\\\/\\\/www.altominho.tv\\\/site\\\/#organization\"}},{\"@type\":\"WebPage\",\"@id\":\"https:\\\/\\\/www.altominho.tv\\\/site\\\/2021\\\/02\\\/09\\\/casal-apostou-na-producao-de-vinho-alvarinho-e-criou-o-seu-negocio-em-moncao\\\/\",\"url\":\"https:\\\/\\\/www.altominho.tv\\\/site\\\/2021\\\/02\\\/09\\\/casal-apostou-na-producao-de-vinho-alvarinho-e-criou-o-seu-negocio-em-moncao\\\/\",\"name\":\"Casal apostou na produ\u00e7\u00e3o de vinho Alvarinho e criou o seu neg\u00f3cio em Mon\u00e7\u00e3o\",\"isPartOf\":{\"@id\":\"https:\\\/\\\/www.altominho.tv\\\/site\\\/#website\"},\"primaryImageOfPage\":{\"@id\":\"https:\\\/\\\/www.altominho.tv\\\/site\\\/2021\\\/02\\\/09\\\/casal-apostou-na-producao-de-vinho-alvarinho-e-criou-o-seu-negocio-em-moncao\\\/#primaryimage\"},\"image\":{\"@id\":\"https:\\\/\\\/www.altominho.tv\\\/site\\\/2021\\\/02\\\/09\\\/casal-apostou-na-producao-de-vinho-alvarinho-e-criou-o-seu-negocio-em-moncao\\\/#primaryimage\"},\"thumbnailUrl\":\"https:\\\/\\\/www.altominho.tv\\\/site\\\/wp-content\\\/uploads\\\/2021\\\/02\\\/elio.jpg\",\"datePublished\":\"2021-02-09T20:30:00+00:00\",\"author\":{\"@id\":\"https:\\\/\\\/www.altominho.tv\\\/site\\\/#\\\/schema\\\/person\\\/56c462a0f6591602f4e9fb3fa6ea49bd\"},\"breadcrumb\":{\"@id\":\"https:\\\/\\\/www.altominho.tv\\\/site\\\/2021\\\/02\\\/09\\\/casal-apostou-na-producao-de-vinho-alvarinho-e-criou-o-seu-negocio-em-moncao\\\/#breadcrumb\"},\"inLanguage\":\"pt-PT\",\"potentialAction\":[{\"@type\":\"ReadAction\",\"target\":[\"https:\\\/\\\/www.altominho.tv\\\/site\\\/2021\\\/02\\\/09\\\/casal-apostou-na-producao-de-vinho-alvarinho-e-criou-o-seu-negocio-em-moncao\\\/\"]}]},{\"@type\":\"ImageObject\",\"inLanguage\":\"pt-PT\",\"@id\":\"https:\\\/\\\/www.altominho.tv\\\/site\\\/2021\\\/02\\\/09\\\/casal-apostou-na-producao-de-vinho-alvarinho-e-criou-o-seu-negocio-em-moncao\\\/#primaryimage\",\"url\":\"https:\\\/\\\/www.altominho.tv\\\/site\\\/wp-content\\\/uploads\\\/2021\\\/02\\\/elio.jpg\",\"contentUrl\":\"https:\\\/\\\/www.altominho.tv\\\/site\\\/wp-content\\\/uploads\\\/2021\\\/02\\\/elio.jpg\",\"width\":1920,\"height\":1080},{\"@type\":\"BreadcrumbList\",\"@id\":\"https:\\\/\\\/www.altominho.tv\\\/site\\\/2021\\\/02\\\/09\\\/casal-apostou-na-producao-de-vinho-alvarinho-e-criou-o-seu-negocio-em-moncao\\\/#breadcrumb\",\"itemListElement\":[{\"@type\":\"ListItem\",\"position\":1,\"name\":\"In\u00edcio\",\"item\":\"https:\\\/\\\/www.altominho.tv\\\/site\\\/\"},{\"@type\":\"ListItem\",\"position\":2,\"name\":\"Casal apostou na produ\u00e7\u00e3o de vinho Alvarinho e criou o seu neg\u00f3cio em Mon\u00e7\u00e3o\"}]},{\"@type\":\"WebSite\",\"@id\":\"https:\\\/\\\/www.altominho.tv\\\/site\\\/#website\",\"url\":\"https:\\\/\\\/www.altominho.tv\\\/site\\\/\",\"name\":\"Altominho.tv\",\"description\":\"A sua regi\u00e3o \u00e0 dist\u00e2ncia de um clique...\",\"potentialAction\":[{\"@type\":\"SearchAction\",\"target\":{\"@type\":\"EntryPoint\",\"urlTemplate\":\"https:\\\/\\\/www.altominho.tv\\\/site\\\/?s={search_term_string}\"},\"query-input\":{\"@type\":\"PropertyValueSpecification\",\"valueRequired\":true,\"valueName\":\"search_term_string\"}}],\"inLanguage\":\"pt-PT\"},{\"@type\":\"Person\",\"@id\":\"https:\\\/\\\/www.altominho.tv\\\/site\\\/#\\\/schema\\\/person\\\/56c462a0f6591602f4e9fb3fa6ea49bd\",\"name\":\"Alexandre Ferreira\",\"image\":{\"@type\":\"ImageObject\",\"inLanguage\":\"pt-PT\",\"@id\":\"https:\\\/\\\/www.altominho.tv\\\/site\\\/wp-content\\\/uploads\\\/2017\\\/11\\\/Alexandre-150x150.jpg\",\"url\":\"https:\\\/\\\/www.altominho.tv\\\/site\\\/wp-content\\\/uploads\\\/2017\\\/11\\\/Alexandre-150x150.jpg\",\"contentUrl\":\"https:\\\/\\\/www.altominho.tv\\\/site\\\/wp-content\\\/uploads\\\/2017\\\/11\\\/Alexandre-150x150.jpg\",\"caption\":\"Alexandre Ferreira\"},\"url\":\"https:\\\/\\\/www.altominho.tv\\\/site\\\/author\\\/alexandreferreira\\\/\"}]}<\/script>\n<meta property=\"og:video\" content=\"https:\/\/www.youtube.com\/embed\/HIrwHsXp56M\" \/>\n<meta property=\"og:video:type\" content=\"text\/html\" \/>\n<meta property=\"og:video:duration\" content=\"173\" \/>\n<meta property=\"og:video:width\" content=\"480\" \/>\n<meta property=\"og:video:height\" content=\"270\" \/>\n<meta property=\"ya:ovs:adult\" content=\"false\" \/>\n<meta property=\"ya:ovs:upload_date\" content=\"2021-02-09T20:30:00+00:00\" \/>\n<meta property=\"ya:ovs:allow_embed\" content=\"true\" \/>\n<!-- \/ Yoast SEO Premium plugin. -->","yoast_head_json":{"title":"Casal apostou na produ\u00e7\u00e3o de vinho Alvarinho e criou o seu neg\u00f3cio em Mon\u00e7\u00e3o","robots":{"index":"index","follow":"follow","max-snippet":"max-snippet:-1","max-image-preview":"max-image-preview:large","max-video-preview":"max-video-preview:-1"},"canonical":"https:\/\/www.altominho.tv\/site\/2021\/02\/09\/casal-apostou-na-producao-de-vinho-alvarinho-e-criou-o-seu-negocio-em-moncao\/","og_locale":"pt_PT","og_type":"article","og_title":"Casal apostou na produ\u00e7\u00e3o de vinho Alvarinho e criou o seu neg\u00f3cio em Mon\u00e7\u00e3o","og_description":"Em tempo de pandemia houve quem arriscasse em novos neg\u00f3cios. No concelho de Mon\u00e7\u00e3o, um jovem casal apostou na produ\u00e7\u00e3o de vinho da casta Alvarinho. Na adega instalada na freguesia de Merufe, o desafio passa agora por desenvolver experi\u00eancias tur\u00edsticas ligadas \u00e0 vinha e ao vinho.","og_url":"https:\/\/www.altominho.tv\/site\/2021\/02\/09\/casal-apostou-na-producao-de-vinho-alvarinho-e-criou-o-seu-negocio-em-moncao\/","og_site_name":"Altominho.tv","article_publisher":"https:\/\/www.facebook.com\/altominhotv","article_published_time":"2021-02-09T20:30:00+00:00","og_image":[{"width":1920,"height":1080,"url":"https:\/\/www.altominho.tv\/site\/wp-content\/uploads\/2021\/02\/elio.jpg","type":"image\/jpeg"}],"author":"Alexandre Ferreira","twitter_card":"summary_large_image","twitter_creator":"@altominhoTV","twitter_site":"@altominhoTV","twitter_misc":{"Escrito por":"Alexandre Ferreira"},"schema":{"@context":"https:\/\/schema.org","@graph":[{"@type":"Article","@id":"https:\/\/www.altominho.tv\/site\/2021\/02\/09\/casal-apostou-na-producao-de-vinho-alvarinho-e-criou-o-seu-negocio-em-moncao\/#article","isPartOf":{"@id":"https:\/\/www.altominho.tv\/site\/2021\/02\/09\/casal-apostou-na-producao-de-vinho-alvarinho-e-criou-o-seu-negocio-em-moncao\/"},"author":{"name":"Alexandre Ferreira","@id":"https:\/\/www.altominho.tv\/site\/#\/schema\/person\/56c462a0f6591602f4e9fb3fa6ea49bd"},"headline":"Casal apostou na produ\u00e7\u00e3o de vinho Alvarinho e criou o seu neg\u00f3cio em Mon\u00e7\u00e3o","datePublished":"2021-02-09T20:30:00+00:00","mainEntityOfPage":{"@id":"https:\/\/www.altominho.tv\/site\/2021\/02\/09\/casal-apostou-na-producao-de-vinho-alvarinho-e-criou-o-seu-negocio-em-moncao\/"},"wordCount":72,"image":{"@id":"https:\/\/www.altominho.tv\/site\/2021\/02\/09\/casal-apostou-na-producao-de-vinho-alvarinho-e-criou-o-seu-negocio-em-moncao\/#primaryimage"},"thumbnailUrl":"https:\/\/www.altominho.tv\/site\/wp-content\/uploads\/2021\/02\/elio.jpg","keywords":["Gente"],"articleSection":["Mon\u00e7\u00e3o"],"inLanguage":"pt-PT","copyrightYear":"2021","copyrightHolder":{"@id":"https:\/\/www.altominho.tv\/site\/#organization"}},{"@type":"WebPage","@id":"https:\/\/www.altominho.tv\/site\/2021\/02\/09\/casal-apostou-na-producao-de-vinho-alvarinho-e-criou-o-seu-negocio-em-moncao\/","url":"https:\/\/www.altominho.tv\/site\/2021\/02\/09\/casal-apostou-na-producao-de-vinho-alvarinho-e-criou-o-seu-negocio-em-moncao\/","name":"Casal apostou na produ\u00e7\u00e3o de vinho Alvarinho e criou o seu neg\u00f3cio em Mon\u00e7\u00e3o","isPartOf":{"@id":"https:\/\/www.altominho.tv\/site\/#website"},"primaryImageOfPage":{"@id":"https:\/\/www.altominho.tv\/site\/2021\/02\/09\/casal-apostou-na-producao-de-vinho-alvarinho-e-criou-o-seu-negocio-em-moncao\/#primaryimage"},"image":{"@id":"https:\/\/www.altominho.tv\/site\/2021\/02\/09\/casal-apostou-na-producao-de-vinho-alvarinho-e-criou-o-seu-negocio-em-moncao\/#primaryimage"},"thumbnailUrl":"https:\/\/www.altominho.tv\/site\/wp-content\/uploads\/2021\/02\/elio.jpg","datePublished":"2021-02-09T20:30:00+00:00","author":{"@id":"https:\/\/www.altominho.tv\/site\/#\/schema\/person\/56c462a0f6591602f4e9fb3fa6ea49bd"},"breadcrumb":{"@id":"https:\/\/www.altominho.tv\/site\/2021\/02\/09\/casal-apostou-na-producao-de-vinho-alvarinho-e-criou-o-seu-negocio-em-moncao\/#breadcrumb"},"inLanguage":"pt-PT","potentialAction":[{"@type":"ReadAction","target":["https:\/\/www.altominho.tv\/site\/2021\/02\/09\/casal-apostou-na-producao-de-vinho-alvarinho-e-criou-o-seu-negocio-em-moncao\/"]}]},{"@type":"ImageObject","inLanguage":"pt-PT","@id":"https:\/\/www.altominho.tv\/site\/2021\/02\/09\/casal-apostou-na-producao-de-vinho-alvarinho-e-criou-o-seu-negocio-em-moncao\/#primaryimage","url":"https:\/\/www.altominho.tv\/site\/wp-content\/uploads\/2021\/02\/elio.jpg","contentUrl":"https:\/\/www.altominho.tv\/site\/wp-content\/uploads\/2021\/02\/elio.jpg","width":1920,"height":1080},{"@type":"BreadcrumbList","@id":"https:\/\/www.altominho.tv\/site\/2021\/02\/09\/casal-apostou-na-producao-de-vinho-alvarinho-e-criou-o-seu-negocio-em-moncao\/#breadcrumb","itemListElement":[{"@type":"ListItem","position":1,"name":"In\u00edcio","item":"https:\/\/www.altominho.tv\/site\/"},{"@type":"ListItem","position":2,"name":"Casal apostou na produ\u00e7\u00e3o de vinho Alvarinho e criou o seu neg\u00f3cio em Mon\u00e7\u00e3o"}]},{"@type":"WebSite","@id":"https:\/\/www.altominho.tv\/site\/#website","url":"https:\/\/www.altominho.tv\/site\/","name":"Altominho.tv","description":"A sua regi\u00e3o \u00e0 dist\u00e2ncia de um clique...","potentialAction":[{"@type":"SearchAction","target":{"@type":"EntryPoint","urlTemplate":"https:\/\/www.altominho.tv\/site\/?s={search_term_string}"},"query-input":{"@type":"PropertyValueSpecification","valueRequired":true,"valueName":"search_term_string"}}],"inLanguage":"pt-PT"},{"@type":"Person","@id":"https:\/\/www.altominho.tv\/site\/#\/schema\/person\/56c462a0f6591602f4e9fb3fa6ea49bd","name":"Alexandre Ferreira","image":{"@type":"ImageObject","inLanguage":"pt-PT","@id":"https:\/\/www.altominho.tv\/site\/wp-content\/uploads\/2017\/11\/Alexandre-150x150.jpg","url":"https:\/\/www.altominho.tv\/site\/wp-content\/uploads\/2017\/11\/Alexandre-150x150.jpg","contentUrl":"https:\/\/www.altominho.tv\/site\/wp-content\/uploads\/2017\/11\/Alexandre-150x150.jpg","caption":"Alexandre Ferreira"},"url":"https:\/\/www.altominho.tv\/site\/author\/alexandreferreira\/"}]},"og_video":"https:\/\/www.youtube.com\/embed\/HIrwHsXp56M","og_video_type":"text\/html","og_video_duration":"173","og_video_width":"480","og_video_height":"270","ya_ovs_adult":"false","ya_ovs_upload_date":"2021-02-09T20:30:00+00:00","ya_ovs_allow_embed":"true"},"_links":{"self":[{"href":"https:\/\/www.altominho.tv\/site\/wp-json\/wp\/v2\/posts\/61737","targetHints":{"allow":["GET"]}}],"collection":[{"href":"https:\/\/www.altominho.tv\/site\/wp-json\/wp\/v2\/posts"}],"about":[{"href":"https:\/\/www.altominho.tv\/site\/wp-json\/wp\/v2\/types\/post"}],"author":[{"embeddable":true,"href":"https:\/\/www.altominho.tv\/site\/wp-json\/wp\/v2\/users\/8"}],"replies":[{"embeddable":true,"href":"https:\/\/www.altominho.tv\/site\/wp-json\/wp\/v2\/comments?post=61737"}],"version-history":[{"count":0,"href":"https:\/\/www.altominho.tv\/site\/wp-json\/wp\/v2\/posts\/61737\/revisions"}],"wp:featuredmedia":[{"embeddable":true,"href":"https:\/\/www.altominho.tv\/site\/wp-json\/wp\/v2\/media\/61739"}],"wp:attachment":[{"href":"https:\/\/www.altominho.tv\/site\/wp-json\/wp\/v2\/media?parent=61737"}],"wp:term":[{"taxonomy":"category","embeddable":true,"href":"https:\/\/www.altominho.tv\/site\/wp-json\/wp\/v2\/categories?post=61737"},{"taxonomy":"post_tag","embeddable":true,"href":"https:\/\/www.altominho.tv\/site\/wp-json\/wp\/v2\/tags?post=61737"}],"curies":[{"name":"wp","href":"https:\/\/api.w.org\/{rel}","templated":true}]}}