{"id":61734,"date":"2021-02-09T18:06:00","date_gmt":"2021-02-09T18:06:00","guid":{"rendered":"https:\/\/www.altominho.tv\/site\/?p=61734"},"modified":"2021-02-09T18:06:13","modified_gmt":"2021-02-09T18:06:13","slug":"lar-de-cerveira-com-10-utentes-infetados-e-dois-hospitalizados","status":"publish","type":"post","link":"https:\/\/www.altominho.tv\/site\/2021\/02\/09\/lar-de-cerveira-com-10-utentes-infetados-e-dois-hospitalizados\/","title":{"rendered":"Lar de Cerveira com 10 utentes infetados e dois hospitalizados"},"content":{"rendered":"<p>O <span class=\"il\">Lar<\/span>\u00a0<span class=\"il\">Maria<\/span>\u00a0<span class=\"il\">Lu\u00edsa<\/span>, em Vila Nova de Cerveira, continua com 10 casos de infe\u00e7\u00e3o entre os utentes da institui\u00e7\u00e3o, sendo que um dos tr\u00eas que se encontravam hospitalizados recebeu alta, foi hoje divulgado.<\/p>\n<p>Em comunicado conjunto, a C\u00e2mara Municipal e a Santa Casa da Miseric\u00f3rdia de Vila Nova de Cerveira referem que, &#8220;dos tr\u00eas utentes hospitalizados, um recebeu alta e regressou \u00e0 institui\u00e7\u00e3o, permanecendo ainda dois utentes no Hospital de Viana do Castelo&#8221;.<\/p>\n<p>&#8220;Neste momento, 43 j\u00e1 receberam alta cl\u00ednica das entidades de sa\u00fade p\u00fablica distrital e os 10 utentes ainda positivos v\u00e3o ser reavaliados, prevendo-se que, na pr\u00f3xima semana, possam ter alta cl\u00ednica&#8221;, refere a nota.<\/p>\n<p>Desde o in\u00edcio do surto, o\u00a0<span class=\"il\">lar<\/span>\u00a0registou 14 mortes de utentes.<\/p>\n<p>O primeiro surto que atingiu a institui\u00e7\u00e3o, com in\u00edcio em 12 de janeiro, infetou 41 dos 70 utentes e nove dos 48 funcion\u00e1rios da institui\u00e7\u00e3o.<\/p>\n<p>A nota adianta ainda que, &#8220;ao n\u00edvel de recursos humanos, 31 dos 52 trabalhadores j\u00e1 se encontram a desempenhar as suas fun\u00e7\u00f5es, estando ainda 11 de baixa m\u00e9dica devido \u00e0 Covid-19 e 10 baixa m\u00e9dica prolongada&#8221;.<\/p>\n","protected":false},"excerpt":{"rendered":"<p>O Lar\u00a0Maria\u00a0Lu\u00edsa, em Vila Nova de Cerveira, continua com 10 casos de infe\u00e7\u00e3o entre os utentes da institui\u00e7\u00e3o, sendo que um dos tr\u00eas que se encontravam hospitalizados recebeu alta, foi hoje divulgado. Em comunicado conjunto, a C\u00e2mara Municipal e a Santa Casa da Miseric\u00f3rdia de Vila Nova de Cerveira referem que, &#8220;dos tr\u00eas utentes hospitalizados, [&hellip;]<\/p>\n","protected":false},"author":12,"featured_media":60155,"comment_status":"closed","ping_status":"closed","sticky":false,"template":"","format":"standard","meta":{"_exactmetrics_skip_tracking":false,"_exactmetrics_sitenote_active":false,"_exactmetrics_sitenote_note":"","_exactmetrics_sitenote_category":0,"footnotes":""},"categories":[15],"tags":[27],"class_list":["post-61734","post","type-post","status-publish","format-standard","has-post-thumbnail","hentry","category-vila-nova-de-cerveira","tag-sociedade"],"yoast_head":"<!-- This site is optimized with the Yoast SEO Premium plugin v27.5 (Yoast SEO v27.5) - https:\/\/yoast.com\/product\/yoast-seo-premium-wordpress\/ -->\n<title>Lar de Cerveira com 10 utentes infetados e dois hospitalizados<\/title>\n<meta name=\"robots\" content=\"index, follow, max-snippet:-1, max-image-preview:large, max-video-preview:-1\" \/>\n<link rel=\"canonical\" href=\"https:\/\/www.altominho.tv\/site\/2021\/02\/09\/lar-de-cerveira-com-10-utentes-infetados-e-dois-hospitalizados\/\" \/>\n<meta property=\"og:locale\" content=\"pt_PT\" \/>\n<meta property=\"og:type\" content=\"article\" \/>\n<meta property=\"og:title\" content=\"Lar de Cerveira com 10 utentes infetados e dois hospitalizados\" \/>\n<meta property=\"og:description\" content=\"O Lar\u00a0Maria\u00a0Lu\u00edsa, em Vila Nova de Cerveira, continua com 10 casos de infe\u00e7\u00e3o entre os utentes da institui\u00e7\u00e3o, sendo que um dos tr\u00eas que se encontravam hospitalizados recebeu alta, foi hoje divulgado. Em comunicado conjunto, a C\u00e2mara Municipal e a Santa Casa da Miseric\u00f3rdia de Vila Nova de Cerveira referem que, &#8220;dos tr\u00eas utentes hospitalizados, [&hellip;]\" \/>\n<meta property=\"og:url\" content=\"https:\/\/www.altominho.tv\/site\/2021\/02\/09\/lar-de-cerveira-com-10-utentes-infetados-e-dois-hospitalizados\/\" \/>\n<meta property=\"og:site_name\" content=\"Altominho.tv\" \/>\n<meta property=\"article:publisher\" content=\"https:\/\/www.facebook.com\/altominhotv\" \/>\n<meta property=\"article:published_time\" content=\"2021-02-09T18:06:00+00:00\" \/>\n<meta property=\"article:modified_time\" content=\"2021-02-09T18:06:13+00:00\" \/>\n<meta property=\"og:image\" content=\"https:\/\/www.altominho.tv\/site\/wp-content\/uploads\/2021\/01\/lolo.jpg\" \/>\n\t<meta property=\"og:image:width\" content=\"1532\" \/>\n\t<meta property=\"og:image:height\" content=\"904\" \/>\n\t<meta property=\"og:image:type\" content=\"image\/jpeg\" \/>\n<meta name=\"author\" content=\"Andreia Ferreira\" \/>\n<meta name=\"twitter:card\" content=\"summary_large_image\" \/>\n<meta name=\"twitter:creator\" content=\"@altominhoTV\" \/>\n<meta name=\"twitter:site\" content=\"@altominhoTV\" \/>\n<meta name=\"twitter:label1\" content=\"Escrito por\" \/>\n\t<meta name=\"twitter:data1\" content=\"Andreia Ferreira\" \/>\n\t<meta name=\"twitter:label2\" content=\"Tempo estimado de leitura\" \/>\n\t<meta name=\"twitter:data2\" content=\"1 minuto\" \/>\n<script type=\"application\/ld+json\" class=\"yoast-schema-graph\">{\"@context\":\"https:\\\/\\\/schema.org\",\"@graph\":[{\"@type\":\"Article\",\"@id\":\"https:\\\/\\\/www.altominho.tv\\\/site\\\/2021\\\/02\\\/09\\\/lar-de-cerveira-com-10-utentes-infetados-e-dois-hospitalizados\\\/#article\",\"isPartOf\":{\"@id\":\"https:\\\/\\\/www.altominho.tv\\\/site\\\/2021\\\/02\\\/09\\\/lar-de-cerveira-com-10-utentes-infetados-e-dois-hospitalizados\\\/\"},\"author\":{\"name\":\"Andreia Ferreira\",\"@id\":\"https:\\\/\\\/www.altominho.tv\\\/site\\\/#\\\/schema\\\/person\\\/d9be4265364723f14ea8e0d56a1d38cd\"},\"headline\":\"Lar de Cerveira com 10 utentes infetados e dois hospitalizados\",\"datePublished\":\"2021-02-09T18:06:00+00:00\",\"dateModified\":\"2021-02-09T18:06:13+00:00\",\"mainEntityOfPage\":{\"@id\":\"https:\\\/\\\/www.altominho.tv\\\/site\\\/2021\\\/02\\\/09\\\/lar-de-cerveira-com-10-utentes-infetados-e-dois-hospitalizados\\\/\"},\"wordCount\":199,\"image\":{\"@id\":\"https:\\\/\\\/www.altominho.tv\\\/site\\\/2021\\\/02\\\/09\\\/lar-de-cerveira-com-10-utentes-infetados-e-dois-hospitalizados\\\/#primaryimage\"},\"thumbnailUrl\":\"https:\\\/\\\/www.altominho.tv\\\/site\\\/wp-content\\\/uploads\\\/2021\\\/01\\\/lolo.jpg\",\"keywords\":[\"Sociedade\"],\"articleSection\":[\"Vila Nova de Cerveira\"],\"inLanguage\":\"pt-PT\",\"copyrightYear\":\"2021\",\"copyrightHolder\":{\"@id\":\"https:\\\/\\\/www.altominho.tv\\\/site\\\/#organization\"}},{\"@type\":\"WebPage\",\"@id\":\"https:\\\/\\\/www.altominho.tv\\\/site\\\/2021\\\/02\\\/09\\\/lar-de-cerveira-com-10-utentes-infetados-e-dois-hospitalizados\\\/\",\"url\":\"https:\\\/\\\/www.altominho.tv\\\/site\\\/2021\\\/02\\\/09\\\/lar-de-cerveira-com-10-utentes-infetados-e-dois-hospitalizados\\\/\",\"name\":\"Lar de Cerveira com 10 utentes infetados e dois hospitalizados\",\"isPartOf\":{\"@id\":\"https:\\\/\\\/www.altominho.tv\\\/site\\\/#website\"},\"primaryImageOfPage\":{\"@id\":\"https:\\\/\\\/www.altominho.tv\\\/site\\\/2021\\\/02\\\/09\\\/lar-de-cerveira-com-10-utentes-infetados-e-dois-hospitalizados\\\/#primaryimage\"},\"image\":{\"@id\":\"https:\\\/\\\/www.altominho.tv\\\/site\\\/2021\\\/02\\\/09\\\/lar-de-cerveira-com-10-utentes-infetados-e-dois-hospitalizados\\\/#primaryimage\"},\"thumbnailUrl\":\"https:\\\/\\\/www.altominho.tv\\\/site\\\/wp-content\\\/uploads\\\/2021\\\/01\\\/lolo.jpg\",\"datePublished\":\"2021-02-09T18:06:00+00:00\",\"dateModified\":\"2021-02-09T18:06:13+00:00\",\"author\":{\"@id\":\"https:\\\/\\\/www.altominho.tv\\\/site\\\/#\\\/schema\\\/person\\\/d9be4265364723f14ea8e0d56a1d38cd\"},\"breadcrumb\":{\"@id\":\"https:\\\/\\\/www.altominho.tv\\\/site\\\/2021\\\/02\\\/09\\\/lar-de-cerveira-com-10-utentes-infetados-e-dois-hospitalizados\\\/#breadcrumb\"},\"inLanguage\":\"pt-PT\",\"potentialAction\":[{\"@type\":\"ReadAction\",\"target\":[\"https:\\\/\\\/www.altominho.tv\\\/site\\\/2021\\\/02\\\/09\\\/lar-de-cerveira-com-10-utentes-infetados-e-dois-hospitalizados\\\/\"]}]},{\"@type\":\"ImageObject\",\"inLanguage\":\"pt-PT\",\"@id\":\"https:\\\/\\\/www.altominho.tv\\\/site\\\/2021\\\/02\\\/09\\\/lar-de-cerveira-com-10-utentes-infetados-e-dois-hospitalizados\\\/#primaryimage\",\"url\":\"https:\\\/\\\/www.altominho.tv\\\/site\\\/wp-content\\\/uploads\\\/2021\\\/01\\\/lolo.jpg\",\"contentUrl\":\"https:\\\/\\\/www.altominho.tv\\\/site\\\/wp-content\\\/uploads\\\/2021\\\/01\\\/lolo.jpg\",\"width\":1532,\"height\":904},{\"@type\":\"BreadcrumbList\",\"@id\":\"https:\\\/\\\/www.altominho.tv\\\/site\\\/2021\\\/02\\\/09\\\/lar-de-cerveira-com-10-utentes-infetados-e-dois-hospitalizados\\\/#breadcrumb\",\"itemListElement\":[{\"@type\":\"ListItem\",\"position\":1,\"name\":\"In\u00edcio\",\"item\":\"https:\\\/\\\/www.altominho.tv\\\/site\\\/\"},{\"@type\":\"ListItem\",\"position\":2,\"name\":\"Lar de Cerveira com 10 utentes infetados e dois hospitalizados\"}]},{\"@type\":\"WebSite\",\"@id\":\"https:\\\/\\\/www.altominho.tv\\\/site\\\/#website\",\"url\":\"https:\\\/\\\/www.altominho.tv\\\/site\\\/\",\"name\":\"Altominho.tv\",\"description\":\"A sua regi\u00e3o \u00e0 dist\u00e2ncia de um clique...\",\"potentialAction\":[{\"@type\":\"SearchAction\",\"target\":{\"@type\":\"EntryPoint\",\"urlTemplate\":\"https:\\\/\\\/www.altominho.tv\\\/site\\\/?s={search_term_string}\"},\"query-input\":{\"@type\":\"PropertyValueSpecification\",\"valueRequired\":true,\"valueName\":\"search_term_string\"}}],\"inLanguage\":\"pt-PT\"},{\"@type\":\"Person\",\"@id\":\"https:\\\/\\\/www.altominho.tv\\\/site\\\/#\\\/schema\\\/person\\\/d9be4265364723f14ea8e0d56a1d38cd\",\"name\":\"Andreia Ferreira\",\"image\":{\"@type\":\"ImageObject\",\"inLanguage\":\"pt-PT\",\"@id\":\"https:\\\/\\\/www.altominho.tv\\\/site\\\/wp-content\\\/uploads\\\/2021\\\/01\\\/AndreiaFerreira-150x150.jpg\",\"url\":\"https:\\\/\\\/www.altominho.tv\\\/site\\\/wp-content\\\/uploads\\\/2021\\\/01\\\/AndreiaFerreira-150x150.jpg\",\"contentUrl\":\"https:\\\/\\\/www.altominho.tv\\\/site\\\/wp-content\\\/uploads\\\/2021\\\/01\\\/AndreiaFerreira-150x150.jpg\",\"caption\":\"Andreia Ferreira\"},\"url\":\"https:\\\/\\\/www.altominho.tv\\\/site\\\/author\\\/andreiaferreira\\\/\"}]}<\/script>\n<!-- \/ Yoast SEO Premium plugin. -->","yoast_head_json":{"title":"Lar de Cerveira com 10 utentes infetados e dois hospitalizados","robots":{"index":"index","follow":"follow","max-snippet":"max-snippet:-1","max-image-preview":"max-image-preview:large","max-video-preview":"max-video-preview:-1"},"canonical":"https:\/\/www.altominho.tv\/site\/2021\/02\/09\/lar-de-cerveira-com-10-utentes-infetados-e-dois-hospitalizados\/","og_locale":"pt_PT","og_type":"article","og_title":"Lar de Cerveira com 10 utentes infetados e dois hospitalizados","og_description":"O Lar\u00a0Maria\u00a0Lu\u00edsa, em Vila Nova de Cerveira, continua com 10 casos de infe\u00e7\u00e3o entre os utentes da institui\u00e7\u00e3o, sendo que um dos tr\u00eas que se encontravam hospitalizados recebeu alta, foi hoje divulgado. Em comunicado conjunto, a C\u00e2mara Municipal e a Santa Casa da Miseric\u00f3rdia de Vila Nova de Cerveira referem que, &#8220;dos tr\u00eas utentes hospitalizados, [&hellip;]","og_url":"https:\/\/www.altominho.tv\/site\/2021\/02\/09\/lar-de-cerveira-com-10-utentes-infetados-e-dois-hospitalizados\/","og_site_name":"Altominho.tv","article_publisher":"https:\/\/www.facebook.com\/altominhotv","article_published_time":"2021-02-09T18:06:00+00:00","article_modified_time":"2021-02-09T18:06:13+00:00","og_image":[{"width":1532,"height":904,"url":"https:\/\/www.altominho.tv\/site\/wp-content\/uploads\/2021\/01\/lolo.jpg","type":"image\/jpeg"}],"author":"Andreia Ferreira","twitter_card":"summary_large_image","twitter_creator":"@altominhoTV","twitter_site":"@altominhoTV","twitter_misc":{"Escrito por":"Andreia Ferreira","Tempo estimado de leitura":"1 minuto"},"schema":{"@context":"https:\/\/schema.org","@graph":[{"@type":"Article","@id":"https:\/\/www.altominho.tv\/site\/2021\/02\/09\/lar-de-cerveira-com-10-utentes-infetados-e-dois-hospitalizados\/#article","isPartOf":{"@id":"https:\/\/www.altominho.tv\/site\/2021\/02\/09\/lar-de-cerveira-com-10-utentes-infetados-e-dois-hospitalizados\/"},"author":{"name":"Andreia Ferreira","@id":"https:\/\/www.altominho.tv\/site\/#\/schema\/person\/d9be4265364723f14ea8e0d56a1d38cd"},"headline":"Lar de Cerveira com 10 utentes infetados e dois hospitalizados","datePublished":"2021-02-09T18:06:00+00:00","dateModified":"2021-02-09T18:06:13+00:00","mainEntityOfPage":{"@id":"https:\/\/www.altominho.tv\/site\/2021\/02\/09\/lar-de-cerveira-com-10-utentes-infetados-e-dois-hospitalizados\/"},"wordCount":199,"image":{"@id":"https:\/\/www.altominho.tv\/site\/2021\/02\/09\/lar-de-cerveira-com-10-utentes-infetados-e-dois-hospitalizados\/#primaryimage"},"thumbnailUrl":"https:\/\/www.altominho.tv\/site\/wp-content\/uploads\/2021\/01\/lolo.jpg","keywords":["Sociedade"],"articleSection":["Vila Nova de Cerveira"],"inLanguage":"pt-PT","copyrightYear":"2021","copyrightHolder":{"@id":"https:\/\/www.altominho.tv\/site\/#organization"}},{"@type":"WebPage","@id":"https:\/\/www.altominho.tv\/site\/2021\/02\/09\/lar-de-cerveira-com-10-utentes-infetados-e-dois-hospitalizados\/","url":"https:\/\/www.altominho.tv\/site\/2021\/02\/09\/lar-de-cerveira-com-10-utentes-infetados-e-dois-hospitalizados\/","name":"Lar de Cerveira com 10 utentes infetados e dois hospitalizados","isPartOf":{"@id":"https:\/\/www.altominho.tv\/site\/#website"},"primaryImageOfPage":{"@id":"https:\/\/www.altominho.tv\/site\/2021\/02\/09\/lar-de-cerveira-com-10-utentes-infetados-e-dois-hospitalizados\/#primaryimage"},"image":{"@id":"https:\/\/www.altominho.tv\/site\/2021\/02\/09\/lar-de-cerveira-com-10-utentes-infetados-e-dois-hospitalizados\/#primaryimage"},"thumbnailUrl":"https:\/\/www.altominho.tv\/site\/wp-content\/uploads\/2021\/01\/lolo.jpg","datePublished":"2021-02-09T18:06:00+00:00","dateModified":"2021-02-09T18:06:13+00:00","author":{"@id":"https:\/\/www.altominho.tv\/site\/#\/schema\/person\/d9be4265364723f14ea8e0d56a1d38cd"},"breadcrumb":{"@id":"https:\/\/www.altominho.tv\/site\/2021\/02\/09\/lar-de-cerveira-com-10-utentes-infetados-e-dois-hospitalizados\/#breadcrumb"},"inLanguage":"pt-PT","potentialAction":[{"@type":"ReadAction","target":["https:\/\/www.altominho.tv\/site\/2021\/02\/09\/lar-de-cerveira-com-10-utentes-infetados-e-dois-hospitalizados\/"]}]},{"@type":"ImageObject","inLanguage":"pt-PT","@id":"https:\/\/www.altominho.tv\/site\/2021\/02\/09\/lar-de-cerveira-com-10-utentes-infetados-e-dois-hospitalizados\/#primaryimage","url":"https:\/\/www.altominho.tv\/site\/wp-content\/uploads\/2021\/01\/lolo.jpg","contentUrl":"https:\/\/www.altominho.tv\/site\/wp-content\/uploads\/2021\/01\/lolo.jpg","width":1532,"height":904},{"@type":"BreadcrumbList","@id":"https:\/\/www.altominho.tv\/site\/2021\/02\/09\/lar-de-cerveira-com-10-utentes-infetados-e-dois-hospitalizados\/#breadcrumb","itemListElement":[{"@type":"ListItem","position":1,"name":"In\u00edcio","item":"https:\/\/www.altominho.tv\/site\/"},{"@type":"ListItem","position":2,"name":"Lar de Cerveira com 10 utentes infetados e dois hospitalizados"}]},{"@type":"WebSite","@id":"https:\/\/www.altominho.tv\/site\/#website","url":"https:\/\/www.altominho.tv\/site\/","name":"Altominho.tv","description":"A sua regi\u00e3o \u00e0 dist\u00e2ncia de um clique...","potentialAction":[{"@type":"SearchAction","target":{"@type":"EntryPoint","urlTemplate":"https:\/\/www.altominho.tv\/site\/?s={search_term_string}"},"query-input":{"@type":"PropertyValueSpecification","valueRequired":true,"valueName":"search_term_string"}}],"inLanguage":"pt-PT"},{"@type":"Person","@id":"https:\/\/www.altominho.tv\/site\/#\/schema\/person\/d9be4265364723f14ea8e0d56a1d38cd","name":"Andreia Ferreira","image":{"@type":"ImageObject","inLanguage":"pt-PT","@id":"https:\/\/www.altominho.tv\/site\/wp-content\/uploads\/2021\/01\/AndreiaFerreira-150x150.jpg","url":"https:\/\/www.altominho.tv\/site\/wp-content\/uploads\/2021\/01\/AndreiaFerreira-150x150.jpg","contentUrl":"https:\/\/www.altominho.tv\/site\/wp-content\/uploads\/2021\/01\/AndreiaFerreira-150x150.jpg","caption":"Andreia Ferreira"},"url":"https:\/\/www.altominho.tv\/site\/author\/andreiaferreira\/"}]}},"_links":{"self":[{"href":"https:\/\/www.altominho.tv\/site\/wp-json\/wp\/v2\/posts\/61734","targetHints":{"allow":["GET"]}}],"collection":[{"href":"https:\/\/www.altominho.tv\/site\/wp-json\/wp\/v2\/posts"}],"about":[{"href":"https:\/\/www.altominho.tv\/site\/wp-json\/wp\/v2\/types\/post"}],"author":[{"embeddable":true,"href":"https:\/\/www.altominho.tv\/site\/wp-json\/wp\/v2\/users\/12"}],"replies":[{"embeddable":true,"href":"https:\/\/www.altominho.tv\/site\/wp-json\/wp\/v2\/comments?post=61734"}],"version-history":[{"count":0,"href":"https:\/\/www.altominho.tv\/site\/wp-json\/wp\/v2\/posts\/61734\/revisions"}],"wp:featuredmedia":[{"embeddable":true,"href":"https:\/\/www.altominho.tv\/site\/wp-json\/wp\/v2\/media\/60155"}],"wp:attachment":[{"href":"https:\/\/www.altominho.tv\/site\/wp-json\/wp\/v2\/media?parent=61734"}],"wp:term":[{"taxonomy":"category","embeddable":true,"href":"https:\/\/www.altominho.tv\/site\/wp-json\/wp\/v2\/categories?post=61734"},{"taxonomy":"post_tag","embeddable":true,"href":"https:\/\/www.altominho.tv\/site\/wp-json\/wp\/v2\/tags?post=61734"}],"curies":[{"name":"wp","href":"https:\/\/api.w.org\/{rel}","templated":true}]}}