{"id":61717,"date":"2021-02-09T13:59:28","date_gmt":"2021-02-09T13:59:28","guid":{"rendered":"https:\/\/www.altominho.tv\/site\/?p=61717"},"modified":"2021-02-09T13:59:31","modified_gmt":"2021-02-09T13:59:31","slug":"dgs-torna-obrigatoria-lista-de-pessoas-a-convocar-se-sobrarem-vacinas","status":"publish","type":"post","link":"https:\/\/www.altominho.tv\/site\/2021\/02\/09\/dgs-torna-obrigatoria-lista-de-pessoas-a-convocar-se-sobrarem-vacinas\/","title":{"rendered":"DGS torna obrigat\u00f3ria lista de pessoas a convocar se sobrarem vacinas"},"content":{"rendered":"<p>A Dire\u00e7\u00e3o-Geral da Sa\u00fade (DGS) incluiu a obrigatoriedade de exist\u00eancia de uma lista de pessoas a convocar para a vacina contra a covid-19 no caso de sobrarem doses, sublinhando que deve ser sempre respeitada a ordem das prioridades.<\/p>\n<p class=\"text-paragraph\">Numa atualiza\u00e7\u00e3o da norma hoje divulgada, a DGS lembra que a administra\u00e7\u00e3o de vacinas \u00e9 organizada de forma a evitar o desperd\u00edcio de doses e diz que as doses sobrantes em cada sess\u00e3o devem ser utilizadas em qualquer pessoa eleg\u00edvel dentro da fase em curso, devendo respeitar-se a ordem de prioridades definida \u201catrav\u00e9s da defini\u00e7\u00e3o de uma lista, de elabora\u00e7\u00e3o obrigat\u00f3ria, de pessoas a convocar\u201d para estes casos.<\/p>\n<p class=\"text-paragraph\">A norma diz ainda que para evitar desperd\u00edcio, os frascos n\u00e3o perfurados que sobrarem numa sess\u00e3o vacinal devem ser utilizados no mesmo dia se n\u00e3o tiverem sido mantidos a uma temperatura de 02 a 08 graus cent\u00edgrados e que os frascos j\u00e1 perfurados \u201cn\u00e3o devem ser transportados\u201d.<\/p>\n<p class=\"text-paragraph\">\u201cN\u00e3o sendo poss\u00edvel evitar o desperd\u00edcio atrav\u00e9s dos procedimentos referidos na al\u00ednea anterior, a vacina\u00e7\u00e3o deve prosseguir atrav\u00e9s da vacina\u00e7\u00e3o de pessoas inclu\u00eddas noutra fase do plano de vacina\u00e7\u00e3o, desde que pertencentes aos grupos priorit\u00e1rios e em respeito pelos subgrupos de prioridades\u201d, acrescenta.<\/p>\n<p class=\"text-paragraph\">Esta inclus\u00e3o da obrigatoriedade de uma lista de pessoas a convocar no caso de sobrarem doses nas sess\u00f5es de vacina\u00e7\u00e3o surge depois da pol\u00e9mica sobre o uso indevido destas doses em pessoas que n\u00e3o pertenciam a grupos priorit\u00e1rios, situa\u00e7\u00f5es que j\u00e1 est\u00e3o a ser investigadas pela Inspe\u00e7\u00e3o-Geral das Atividades em Sa\u00fade (IGAS) e pelo Minist\u00e9rio P\u00fablico.<\/p>\n<p class=\"text-paragraph\">A norma explica ainda que, em rela\u00e7\u00e3o \u00e0 vacina\u00e7\u00e3o nos lares, os frascos devem ser abertos apenas se houver profissionais suficientes para utilizar todas as doses na mesma institui\u00e7\u00e3o, mas admite que as doses n\u00e3o utilizadas (por n\u00e3o ades\u00e3o \u00e0 vacina\u00e7\u00e3o ou por surto ativo n\u00e3o existente aquando do planeamento) deve a vacina\u00e7\u00e3o prosseguir noutro lar ou unidade da rede de cuidados continuados integrados vizinha ou de concelho lim\u00edtrofe.<\/p>\n<p class=\"text-paragraph\">Refere igualmente que deve ser dada prioridade ao concelho \u201ccom maior risco epidemiol\u00f3gico e\/ou a estrutura ou unidade com maior n\u00famero de pessoas\u201d.<\/p>\n<p class=\"text-paragraph\">Caso n\u00e3o seja poss\u00edvel esta estrat\u00e9gia, a norma diz que, para evitar desperd\u00edcio, as doses sobrantes devem ser usadas para vacinar profissionais de sa\u00fade ainda n\u00e3o vacinados.<\/p>\n<p class=\"text-paragraph\">\u201cSe n\u00e3o for poss\u00edvel vacinar todos os profissionais da institui\u00e7\u00e3o, na mesma sess\u00e3o, estes profissionais devem ser vacinados num ponto de vacina\u00e7\u00e3o do ACES [Agrupamento de Centros de Sa\u00fade] \/ ULS [Unidade Local de Sa\u00fade], na primeira oportunidade, podendo ser realizada uma sess\u00e3o de vacina\u00e7\u00e3o dedicada para estes profissionais, numa unidade de sa\u00fade do Servi\u00e7o Nacional de Sa\u00fade\u201d, acrescenta.<\/p>\n<p class=\"text-paragraph\">Tal como referido na norma anterior, hoje atualizada, os pontos de vacina\u00e7\u00e3o podem incluir todos os locais habilitados para a administra\u00e7\u00e3o de vacinas, desde que exista rede de frio adequada, conforme as especifica\u00e7\u00f5es t\u00e9cnicas de cada vacina e as instru\u00e7\u00f5es do fabricante.<\/p>\n<p class=\"text-paragraph\">Nos locais de vacina\u00e7\u00e3o devem existir \u201cprofissionais de sa\u00fade com treino e forma\u00e7\u00e3o para a vacina\u00e7\u00e3o e para a atua\u00e7\u00e3o em caso de rea\u00e7\u00f5es anafil\u00e1ticas\u201d e \u201cequipamento e medicamentos para o tratamento de rea\u00e7\u00f5es anafil\u00e1ticas\u201d, refere a DGS.<\/p>\n<p class=\"text-paragraph\">A norma diz ainda que antes da vacina\u00e7\u00e3o contra a covid-19 \u201c\u00e9 obrigat\u00f3ria a consulta da Plataforma Nacional de Registo e Gest\u00e3o da Vacina\u00e7\u00e3o \u2013 VACINAS para verificar o estado vacinal contra a covid-19 da pessoa a vacinar\u201d.<\/p>\n<p class=\"text-paragraph\">Quanto aos profissionais de sa\u00fade diretamente envolvidos na presta\u00e7\u00e3o de cuidados a doentes n\u00e3o integrados em entidades prestadoras de cuidados de sa\u00fade ou n\u00e3o inscritos em associa\u00e7\u00f5es p\u00fablicas profissionais e que querem ser vacinados, a norma diz que se podem inscrever atrav\u00e9s do portal COVID19 (https:\/\/covid19.min-saude.pt\/).<\/p>\n<p class=\"text-paragraph\">\u201cEstes profissionais ser\u00e3o convocados para vacina\u00e7\u00e3o nos pontos de vacina\u00e7\u00e3o dos ACES\u201d, acrescenta.<\/p>\n<p class=\"text-paragraph\">Em rela\u00e7\u00e3o \u00e0s pessoas dos grupos de risco por idade e comorbilidades da Fase 1 que n\u00e3o sejam seguidas no Servi\u00e7o Nacional de Sa\u00fade, \u201cos respetivos m\u00e9dicos assistentes devem emitir uma declara\u00e7\u00e3o m\u00e9dica, obrigatoriamente por meios eletr\u00f3nicos, da sua inclus\u00e3o na Fase 1, de forma a permitir o agendamento autom\u00e1tico para a vacina\u00e7\u00e3o contra a covid-19 num ACES\u201d, adianta.<\/p>\n<p class=\"text-paragraph\">At\u00e9 segunda-feira, tinham sido vacinadas contra a doen\u00e7a 396.371 pessoas em Portugal, das quais 104.613 j\u00e1 com a segunda dose, segundo dados da DGS.<\/p>\n<p class=\"text-paragraph\">A doen\u00e7a matou 14.354 pessoas em Portugal, entre os 767.919 casos de infe\u00e7\u00e3o com o coronav\u00edrus que a provoca, o SARS-CoV-2.<\/p>\n<p class=\"text-paragraph\">O novo coronav\u00edrus foi detetado pela primeira vez na China no final de 2019, e, desde ent\u00e3o, provocou mais de 2,3 milh\u00f5es de mortos.<\/p>\n","protected":false},"excerpt":{"rendered":"<p>A Dire\u00e7\u00e3o-Geral da Sa\u00fade (DGS) incluiu a obrigatoriedade de exist\u00eancia de uma lista de pessoas a convocar para a vacina contra a covid-19 no caso de sobrarem doses, sublinhando que deve ser sempre respeitada a ordem das prioridades. Numa atualiza\u00e7\u00e3o da norma hoje divulgada, a DGS lembra que a administra\u00e7\u00e3o de vacinas \u00e9 organizada de [&hellip;]<\/p>\n","protected":false},"author":13,"featured_media":61428,"comment_status":"closed","ping_status":"closed","sticky":false,"template":"","format":"standard","meta":{"_exactmetrics_skip_tracking":false,"_exactmetrics_sitenote_active":false,"_exactmetrics_sitenote_note":"","_exactmetrics_sitenote_category":0,"footnotes":""},"categories":[42722],"tags":[26,27],"class_list":["post-61717","post","type-post","status-publish","format-standard","has-post-thumbnail","hentry","category-covid-19","tag-saude","tag-sociedade"],"yoast_head":"<!-- This site is optimized with the Yoast SEO Premium plugin v27.4 (Yoast SEO v27.4) - https:\/\/yoast.com\/product\/yoast-seo-premium-wordpress\/ -->\n<title>DGS torna obrigat\u00f3ria lista de pessoas a convocar se sobrarem vacinas<\/title>\n<meta name=\"robots\" content=\"index, follow, max-snippet:-1, max-image-preview:large, max-video-preview:-1\" \/>\n<link rel=\"canonical\" href=\"https:\/\/www.altominho.tv\/site\/2021\/02\/09\/dgs-torna-obrigatoria-lista-de-pessoas-a-convocar-se-sobrarem-vacinas\/\" \/>\n<meta property=\"og:locale\" content=\"pt_PT\" \/>\n<meta property=\"og:type\" content=\"article\" \/>\n<meta property=\"og:title\" content=\"DGS torna obrigat\u00f3ria lista de pessoas a convocar se sobrarem vacinas\" \/>\n<meta property=\"og:description\" content=\"A Dire\u00e7\u00e3o-Geral da Sa\u00fade (DGS) incluiu a obrigatoriedade de exist\u00eancia de uma lista de pessoas a convocar para a vacina contra a covid-19 no caso de sobrarem doses, sublinhando que deve ser sempre respeitada a ordem das prioridades. Numa atualiza\u00e7\u00e3o da norma hoje divulgada, a DGS lembra que a administra\u00e7\u00e3o de vacinas \u00e9 organizada de [&hellip;]\" \/>\n<meta property=\"og:url\" content=\"https:\/\/www.altominho.tv\/site\/2021\/02\/09\/dgs-torna-obrigatoria-lista-de-pessoas-a-convocar-se-sobrarem-vacinas\/\" \/>\n<meta property=\"og:site_name\" content=\"Altominho.tv\" \/>\n<meta property=\"article:publisher\" content=\"https:\/\/www.facebook.com\/altominhotv\" \/>\n<meta property=\"article:published_time\" content=\"2021-02-09T13:59:28+00:00\" \/>\n<meta property=\"article:modified_time\" content=\"2021-02-09T13:59:31+00:00\" \/>\n<meta property=\"og:image\" content=\"https:\/\/www.altominho.tv\/site\/wp-content\/uploads\/2021\/02\/vacina-idoso-1.png\" \/>\n\t<meta property=\"og:image:width\" content=\"642\" \/>\n\t<meta property=\"og:image:height\" content=\"405\" \/>\n\t<meta property=\"og:image:type\" content=\"image\/png\" \/>\n<meta name=\"author\" content=\"Lusa\" \/>\n<meta name=\"twitter:card\" content=\"summary_large_image\" \/>\n<meta name=\"twitter:creator\" content=\"@altominhoTV\" \/>\n<meta name=\"twitter:site\" content=\"@altominhoTV\" \/>\n<meta name=\"twitter:label1\" content=\"Escrito por\" \/>\n\t<meta name=\"twitter:data1\" content=\"Lusa\" \/>\n\t<meta name=\"twitter:label2\" content=\"Tempo estimado de leitura\" \/>\n\t<meta name=\"twitter:data2\" content=\"4 minutos\" \/>\n<script type=\"application\/ld+json\" class=\"yoast-schema-graph\">{\"@context\":\"https:\\\/\\\/schema.org\",\"@graph\":[{\"@type\":\"Article\",\"@id\":\"https:\\\/\\\/www.altominho.tv\\\/site\\\/2021\\\/02\\\/09\\\/dgs-torna-obrigatoria-lista-de-pessoas-a-convocar-se-sobrarem-vacinas\\\/#article\",\"isPartOf\":{\"@id\":\"https:\\\/\\\/www.altominho.tv\\\/site\\\/2021\\\/02\\\/09\\\/dgs-torna-obrigatoria-lista-de-pessoas-a-convocar-se-sobrarem-vacinas\\\/\"},\"author\":{\"name\":\"Lusa\",\"@id\":\"https:\\\/\\\/www.altominho.tv\\\/site\\\/#\\\/schema\\\/person\\\/63f693da3e1899361cbe955c46f3232e\"},\"headline\":\"DGS torna obrigat\u00f3ria lista de pessoas a convocar se sobrarem vacinas\",\"datePublished\":\"2021-02-09T13:59:28+00:00\",\"dateModified\":\"2021-02-09T13:59:31+00:00\",\"mainEntityOfPage\":{\"@id\":\"https:\\\/\\\/www.altominho.tv\\\/site\\\/2021\\\/02\\\/09\\\/dgs-torna-obrigatoria-lista-de-pessoas-a-convocar-se-sobrarem-vacinas\\\/\"},\"wordCount\":853,\"image\":{\"@id\":\"https:\\\/\\\/www.altominho.tv\\\/site\\\/2021\\\/02\\\/09\\\/dgs-torna-obrigatoria-lista-de-pessoas-a-convocar-se-sobrarem-vacinas\\\/#primaryimage\"},\"thumbnailUrl\":\"https:\\\/\\\/www.altominho.tv\\\/site\\\/wp-content\\\/uploads\\\/2021\\\/02\\\/vacina-idoso-1.png\",\"keywords\":[\"Sa\u00fade\",\"Sociedade\"],\"articleSection\":[\"Coronav\u00edrus\"],\"inLanguage\":\"pt-PT\",\"copyrightYear\":\"2021\",\"copyrightHolder\":{\"@id\":\"https:\\\/\\\/www.altominho.tv\\\/site\\\/#organization\"}},{\"@type\":\"WebPage\",\"@id\":\"https:\\\/\\\/www.altominho.tv\\\/site\\\/2021\\\/02\\\/09\\\/dgs-torna-obrigatoria-lista-de-pessoas-a-convocar-se-sobrarem-vacinas\\\/\",\"url\":\"https:\\\/\\\/www.altominho.tv\\\/site\\\/2021\\\/02\\\/09\\\/dgs-torna-obrigatoria-lista-de-pessoas-a-convocar-se-sobrarem-vacinas\\\/\",\"name\":\"DGS torna obrigat\u00f3ria lista de pessoas a convocar se sobrarem vacinas\",\"isPartOf\":{\"@id\":\"https:\\\/\\\/www.altominho.tv\\\/site\\\/#website\"},\"primaryImageOfPage\":{\"@id\":\"https:\\\/\\\/www.altominho.tv\\\/site\\\/2021\\\/02\\\/09\\\/dgs-torna-obrigatoria-lista-de-pessoas-a-convocar-se-sobrarem-vacinas\\\/#primaryimage\"},\"image\":{\"@id\":\"https:\\\/\\\/www.altominho.tv\\\/site\\\/2021\\\/02\\\/09\\\/dgs-torna-obrigatoria-lista-de-pessoas-a-convocar-se-sobrarem-vacinas\\\/#primaryimage\"},\"thumbnailUrl\":\"https:\\\/\\\/www.altominho.tv\\\/site\\\/wp-content\\\/uploads\\\/2021\\\/02\\\/vacina-idoso-1.png\",\"datePublished\":\"2021-02-09T13:59:28+00:00\",\"dateModified\":\"2021-02-09T13:59:31+00:00\",\"author\":{\"@id\":\"https:\\\/\\\/www.altominho.tv\\\/site\\\/#\\\/schema\\\/person\\\/63f693da3e1899361cbe955c46f3232e\"},\"breadcrumb\":{\"@id\":\"https:\\\/\\\/www.altominho.tv\\\/site\\\/2021\\\/02\\\/09\\\/dgs-torna-obrigatoria-lista-de-pessoas-a-convocar-se-sobrarem-vacinas\\\/#breadcrumb\"},\"inLanguage\":\"pt-PT\",\"potentialAction\":[{\"@type\":\"ReadAction\",\"target\":[\"https:\\\/\\\/www.altominho.tv\\\/site\\\/2021\\\/02\\\/09\\\/dgs-torna-obrigatoria-lista-de-pessoas-a-convocar-se-sobrarem-vacinas\\\/\"]}]},{\"@type\":\"ImageObject\",\"inLanguage\":\"pt-PT\",\"@id\":\"https:\\\/\\\/www.altominho.tv\\\/site\\\/2021\\\/02\\\/09\\\/dgs-torna-obrigatoria-lista-de-pessoas-a-convocar-se-sobrarem-vacinas\\\/#primaryimage\",\"url\":\"https:\\\/\\\/www.altominho.tv\\\/site\\\/wp-content\\\/uploads\\\/2021\\\/02\\\/vacina-idoso-1.png\",\"contentUrl\":\"https:\\\/\\\/www.altominho.tv\\\/site\\\/wp-content\\\/uploads\\\/2021\\\/02\\\/vacina-idoso-1.png\",\"width\":642,\"height\":405,\"caption\":\"Vacina\u00e7\u00e3o Bombeiros\"},{\"@type\":\"BreadcrumbList\",\"@id\":\"https:\\\/\\\/www.altominho.tv\\\/site\\\/2021\\\/02\\\/09\\\/dgs-torna-obrigatoria-lista-de-pessoas-a-convocar-se-sobrarem-vacinas\\\/#breadcrumb\",\"itemListElement\":[{\"@type\":\"ListItem\",\"position\":1,\"name\":\"In\u00edcio\",\"item\":\"https:\\\/\\\/www.altominho.tv\\\/site\\\/\"},{\"@type\":\"ListItem\",\"position\":2,\"name\":\"DGS torna obrigat\u00f3ria lista de pessoas a convocar se sobrarem vacinas\"}]},{\"@type\":\"WebSite\",\"@id\":\"https:\\\/\\\/www.altominho.tv\\\/site\\\/#website\",\"url\":\"https:\\\/\\\/www.altominho.tv\\\/site\\\/\",\"name\":\"Altominho.tv\",\"description\":\"A sua regi\u00e3o \u00e0 dist\u00e2ncia de um clique...\",\"potentialAction\":[{\"@type\":\"SearchAction\",\"target\":{\"@type\":\"EntryPoint\",\"urlTemplate\":\"https:\\\/\\\/www.altominho.tv\\\/site\\\/?s={search_term_string}\"},\"query-input\":{\"@type\":\"PropertyValueSpecification\",\"valueRequired\":true,\"valueName\":\"search_term_string\"}}],\"inLanguage\":\"pt-PT\"},{\"@type\":\"Person\",\"@id\":\"https:\\\/\\\/www.altominho.tv\\\/site\\\/#\\\/schema\\\/person\\\/63f693da3e1899361cbe955c46f3232e\",\"name\":\"Lusa\",\"image\":{\"@type\":\"ImageObject\",\"inLanguage\":\"pt-PT\",\"@id\":\"https:\\\/\\\/www.altominho.tv\\\/site\\\/wp-content\\\/uploads\\\/2019\\\/08\\\/LUSA_Logo.gif\",\"url\":\"https:\\\/\\\/www.altominho.tv\\\/site\\\/wp-content\\\/uploads\\\/2019\\\/08\\\/LUSA_Logo.gif\",\"contentUrl\":\"https:\\\/\\\/www.altominho.tv\\\/site\\\/wp-content\\\/uploads\\\/2019\\\/08\\\/LUSA_Logo.gif\",\"caption\":\"Lusa\"},\"sameAs\":[\"http:\\\/\\\/\\\/\\\/www.altominho.tv\\\/site\"],\"url\":\"https:\\\/\\\/www.altominho.tv\\\/site\\\/author\\\/lusa\\\/\"}]}<\/script>\n<!-- \/ Yoast SEO Premium plugin. -->","yoast_head_json":{"title":"DGS torna obrigat\u00f3ria lista de pessoas a convocar se sobrarem vacinas","robots":{"index":"index","follow":"follow","max-snippet":"max-snippet:-1","max-image-preview":"max-image-preview:large","max-video-preview":"max-video-preview:-1"},"canonical":"https:\/\/www.altominho.tv\/site\/2021\/02\/09\/dgs-torna-obrigatoria-lista-de-pessoas-a-convocar-se-sobrarem-vacinas\/","og_locale":"pt_PT","og_type":"article","og_title":"DGS torna obrigat\u00f3ria lista de pessoas a convocar se sobrarem vacinas","og_description":"A Dire\u00e7\u00e3o-Geral da Sa\u00fade (DGS) incluiu a obrigatoriedade de exist\u00eancia de uma lista de pessoas a convocar para a vacina contra a covid-19 no caso de sobrarem doses, sublinhando que deve ser sempre respeitada a ordem das prioridades. Numa atualiza\u00e7\u00e3o da norma hoje divulgada, a DGS lembra que a administra\u00e7\u00e3o de vacinas \u00e9 organizada de [&hellip;]","og_url":"https:\/\/www.altominho.tv\/site\/2021\/02\/09\/dgs-torna-obrigatoria-lista-de-pessoas-a-convocar-se-sobrarem-vacinas\/","og_site_name":"Altominho.tv","article_publisher":"https:\/\/www.facebook.com\/altominhotv","article_published_time":"2021-02-09T13:59:28+00:00","article_modified_time":"2021-02-09T13:59:31+00:00","og_image":[{"width":642,"height":405,"url":"https:\/\/www.altominho.tv\/site\/wp-content\/uploads\/2021\/02\/vacina-idoso-1.png","type":"image\/png"}],"author":"Lusa","twitter_card":"summary_large_image","twitter_creator":"@altominhoTV","twitter_site":"@altominhoTV","twitter_misc":{"Escrito por":"Lusa","Tempo estimado de leitura":"4 minutos"},"schema":{"@context":"https:\/\/schema.org","@graph":[{"@type":"Article","@id":"https:\/\/www.altominho.tv\/site\/2021\/02\/09\/dgs-torna-obrigatoria-lista-de-pessoas-a-convocar-se-sobrarem-vacinas\/#article","isPartOf":{"@id":"https:\/\/www.altominho.tv\/site\/2021\/02\/09\/dgs-torna-obrigatoria-lista-de-pessoas-a-convocar-se-sobrarem-vacinas\/"},"author":{"name":"Lusa","@id":"https:\/\/www.altominho.tv\/site\/#\/schema\/person\/63f693da3e1899361cbe955c46f3232e"},"headline":"DGS torna obrigat\u00f3ria lista de pessoas a convocar se sobrarem vacinas","datePublished":"2021-02-09T13:59:28+00:00","dateModified":"2021-02-09T13:59:31+00:00","mainEntityOfPage":{"@id":"https:\/\/www.altominho.tv\/site\/2021\/02\/09\/dgs-torna-obrigatoria-lista-de-pessoas-a-convocar-se-sobrarem-vacinas\/"},"wordCount":853,"image":{"@id":"https:\/\/www.altominho.tv\/site\/2021\/02\/09\/dgs-torna-obrigatoria-lista-de-pessoas-a-convocar-se-sobrarem-vacinas\/#primaryimage"},"thumbnailUrl":"https:\/\/www.altominho.tv\/site\/wp-content\/uploads\/2021\/02\/vacina-idoso-1.png","keywords":["Sa\u00fade","Sociedade"],"articleSection":["Coronav\u00edrus"],"inLanguage":"pt-PT","copyrightYear":"2021","copyrightHolder":{"@id":"https:\/\/www.altominho.tv\/site\/#organization"}},{"@type":"WebPage","@id":"https:\/\/www.altominho.tv\/site\/2021\/02\/09\/dgs-torna-obrigatoria-lista-de-pessoas-a-convocar-se-sobrarem-vacinas\/","url":"https:\/\/www.altominho.tv\/site\/2021\/02\/09\/dgs-torna-obrigatoria-lista-de-pessoas-a-convocar-se-sobrarem-vacinas\/","name":"DGS torna obrigat\u00f3ria lista de pessoas a convocar se sobrarem vacinas","isPartOf":{"@id":"https:\/\/www.altominho.tv\/site\/#website"},"primaryImageOfPage":{"@id":"https:\/\/www.altominho.tv\/site\/2021\/02\/09\/dgs-torna-obrigatoria-lista-de-pessoas-a-convocar-se-sobrarem-vacinas\/#primaryimage"},"image":{"@id":"https:\/\/www.altominho.tv\/site\/2021\/02\/09\/dgs-torna-obrigatoria-lista-de-pessoas-a-convocar-se-sobrarem-vacinas\/#primaryimage"},"thumbnailUrl":"https:\/\/www.altominho.tv\/site\/wp-content\/uploads\/2021\/02\/vacina-idoso-1.png","datePublished":"2021-02-09T13:59:28+00:00","dateModified":"2021-02-09T13:59:31+00:00","author":{"@id":"https:\/\/www.altominho.tv\/site\/#\/schema\/person\/63f693da3e1899361cbe955c46f3232e"},"breadcrumb":{"@id":"https:\/\/www.altominho.tv\/site\/2021\/02\/09\/dgs-torna-obrigatoria-lista-de-pessoas-a-convocar-se-sobrarem-vacinas\/#breadcrumb"},"inLanguage":"pt-PT","potentialAction":[{"@type":"ReadAction","target":["https:\/\/www.altominho.tv\/site\/2021\/02\/09\/dgs-torna-obrigatoria-lista-de-pessoas-a-convocar-se-sobrarem-vacinas\/"]}]},{"@type":"ImageObject","inLanguage":"pt-PT","@id":"https:\/\/www.altominho.tv\/site\/2021\/02\/09\/dgs-torna-obrigatoria-lista-de-pessoas-a-convocar-se-sobrarem-vacinas\/#primaryimage","url":"https:\/\/www.altominho.tv\/site\/wp-content\/uploads\/2021\/02\/vacina-idoso-1.png","contentUrl":"https:\/\/www.altominho.tv\/site\/wp-content\/uploads\/2021\/02\/vacina-idoso-1.png","width":642,"height":405,"caption":"Vacina\u00e7\u00e3o Bombeiros"},{"@type":"BreadcrumbList","@id":"https:\/\/www.altominho.tv\/site\/2021\/02\/09\/dgs-torna-obrigatoria-lista-de-pessoas-a-convocar-se-sobrarem-vacinas\/#breadcrumb","itemListElement":[{"@type":"ListItem","position":1,"name":"In\u00edcio","item":"https:\/\/www.altominho.tv\/site\/"},{"@type":"ListItem","position":2,"name":"DGS torna obrigat\u00f3ria lista de pessoas a convocar se sobrarem vacinas"}]},{"@type":"WebSite","@id":"https:\/\/www.altominho.tv\/site\/#website","url":"https:\/\/www.altominho.tv\/site\/","name":"Altominho.tv","description":"A sua regi\u00e3o \u00e0 dist\u00e2ncia de um clique...","potentialAction":[{"@type":"SearchAction","target":{"@type":"EntryPoint","urlTemplate":"https:\/\/www.altominho.tv\/site\/?s={search_term_string}"},"query-input":{"@type":"PropertyValueSpecification","valueRequired":true,"valueName":"search_term_string"}}],"inLanguage":"pt-PT"},{"@type":"Person","@id":"https:\/\/www.altominho.tv\/site\/#\/schema\/person\/63f693da3e1899361cbe955c46f3232e","name":"Lusa","image":{"@type":"ImageObject","inLanguage":"pt-PT","@id":"https:\/\/www.altominho.tv\/site\/wp-content\/uploads\/2019\/08\/LUSA_Logo.gif","url":"https:\/\/www.altominho.tv\/site\/wp-content\/uploads\/2019\/08\/LUSA_Logo.gif","contentUrl":"https:\/\/www.altominho.tv\/site\/wp-content\/uploads\/2019\/08\/LUSA_Logo.gif","caption":"Lusa"},"sameAs":["http:\/\/\/\/www.altominho.tv\/site"],"url":"https:\/\/www.altominho.tv\/site\/author\/lusa\/"}]}},"_links":{"self":[{"href":"https:\/\/www.altominho.tv\/site\/wp-json\/wp\/v2\/posts\/61717","targetHints":{"allow":["GET"]}}],"collection":[{"href":"https:\/\/www.altominho.tv\/site\/wp-json\/wp\/v2\/posts"}],"about":[{"href":"https:\/\/www.altominho.tv\/site\/wp-json\/wp\/v2\/types\/post"}],"author":[{"embeddable":true,"href":"https:\/\/www.altominho.tv\/site\/wp-json\/wp\/v2\/users\/13"}],"replies":[{"embeddable":true,"href":"https:\/\/www.altominho.tv\/site\/wp-json\/wp\/v2\/comments?post=61717"}],"version-history":[{"count":0,"href":"https:\/\/www.altominho.tv\/site\/wp-json\/wp\/v2\/posts\/61717\/revisions"}],"wp:featuredmedia":[{"embeddable":true,"href":"https:\/\/www.altominho.tv\/site\/wp-json\/wp\/v2\/media\/61428"}],"wp:attachment":[{"href":"https:\/\/www.altominho.tv\/site\/wp-json\/wp\/v2\/media?parent=61717"}],"wp:term":[{"taxonomy":"category","embeddable":true,"href":"https:\/\/www.altominho.tv\/site\/wp-json\/wp\/v2\/categories?post=61717"},{"taxonomy":"post_tag","embeddable":true,"href":"https:\/\/www.altominho.tv\/site\/wp-json\/wp\/v2\/tags?post=61717"}],"curies":[{"name":"wp","href":"https:\/\/api.w.org\/{rel}","templated":true}]}}