{"id":61708,"date":"2021-02-09T12:51:16","date_gmt":"2021-02-09T12:51:16","guid":{"rendered":"https:\/\/www.altominho.tv\/site\/?p=61708"},"modified":"2021-02-09T13:00:50","modified_gmt":"2021-02-09T13:00:50","slug":"concluida-construcao-de-skate-parque-em-viana-do-castelo","status":"publish","type":"post","link":"https:\/\/www.altominho.tv\/site\/2021\/02\/09\/concluida-construcao-de-skate-parque-em-viana-do-castelo\/","title":{"rendered":"Conclu\u00edda constru\u00e7\u00e3o de Skate Parque em Viana do Castelo"},"content":{"rendered":"<p>A empreitada de constru\u00e7\u00e3o de um Skate Parque na cidade de Viana do Castelo est\u00e1 conclu\u00edda. De acordo com o munic\u00edpio, o equipamento instalado na Rua da Arga\u00e7osa, junto ao parque da cidade, dever\u00e1 entrar em funcionamento assim que a pandemia o permita.<\/p>\n<p>O Skate Parque, composto por quatro rampas e um rail, \u00e9 um de tr\u00eas espa\u00e7os p\u00fablicos para a pr\u00e1tica desportiva que resultam de um investimento municipal a realizar na Praia Norte e no parque da cidade.<\/p>\n<p>&#8220;A nova estrutura integra um futuro espa\u00e7o de jogo e recreio, que ir\u00e1 tamb\u00e9m incluir dois campos de areia para a pr\u00e1tica de voleibol de praia e um campo de basquetebol 3&#215;3, numa empreitada global de 147 mil euros&#8221;, refere a autarquia.<\/p>\n<figure id=\"attachment_61709\" aria-describedby=\"caption-attachment-61709\" style=\"width: 770px\" class=\"wp-caption alignnone\"><img loading=\"lazy\" decoding=\"async\" class=\"size-large wp-image-61709\" src=\"https:\/\/www.altominho.tv\/site\/wp-content\/uploads\/2021\/02\/dji_0033-1024x575.jpg\" alt=\"\" width=\"770\" height=\"432\" srcset=\"https:\/\/www.altominho.tv\/site\/wp-content\/uploads\/2021\/02\/dji_0033-1024x575.jpg 1024w, https:\/\/www.altominho.tv\/site\/wp-content\/uploads\/2021\/02\/dji_0033-770x433.jpg 770w, https:\/\/www.altominho.tv\/site\/wp-content\/uploads\/2021\/02\/dji_0033-768x432.jpg 768w, https:\/\/www.altominho.tv\/site\/wp-content\/uploads\/2021\/02\/dji_0033-370x208.jpg 370w, https:\/\/www.altominho.tv\/site\/wp-content\/uploads\/2021\/02\/dji_0033-270x152.jpg 270w, https:\/\/www.altominho.tv\/site\/wp-content\/uploads\/2021\/02\/dji_0033-570x320.jpg 570w, https:\/\/www.altominho.tv\/site\/wp-content\/uploads\/2021\/02\/dji_0033-740x416.jpg 740w, https:\/\/www.altominho.tv\/site\/wp-content\/uploads\/2021\/02\/dji_0033.jpg 1500w\" sizes=\"auto, (max-width: 770px) 100vw, 770px\" \/><figcaption id=\"caption-attachment-61709\" class=\"wp-caption-text\">MUNIC\u00cdPIO DE VIANA DO CASTELO<\/figcaption><\/figure>\n<p>&#8220;O espa\u00e7o de jogo e recreio, com a sua diversidade estrutural ao n\u00edvel da pr\u00e1tica desportiva, al\u00e9m de cooperar fortemente com a oferta de espa\u00e7os desportivos de contexto urbano que a C\u00e2mara Municipal tem implementado, ser\u00e1 tamb\u00e9m uma mais-valia considerando o enquadramento paisag\u00edstico nesta zona que se afigura num futuro pr\u00f3ximo como uma \u00e1rea singular de desporto e lazer&#8221;, sustenta o munic\u00edpio em comunicado.<\/p>\n<p>A interven\u00e7\u00e3o contempla ainda a &#8220;reestrutura\u00e7\u00e3o dos acessos pedonais, coloca\u00e7\u00e3o de mobili\u00e1rio urbano e constru\u00e7\u00e3o de sistema para drenagem de \u00e1guas pluviais&#8221;.<\/p>\n","protected":false},"excerpt":{"rendered":"<p>A empreitada de constru\u00e7\u00e3o de um Skate Parque na cidade de Viana do Castelo est\u00e1 conclu\u00edda. De acordo com o munic\u00edpio, o equipamento instalado na Rua da Arga\u00e7osa, junto ao parque da cidade, dever\u00e1 entrar em funcionamento assim que a pandemia o permita. O Skate Parque, composto por quatro rampas e um rail, \u00e9 um [&hellip;]<\/p>\n","protected":false},"author":12,"featured_media":61710,"comment_status":"closed","ping_status":"closed","sticky":false,"template":"","format":"standard","meta":{"_exactmetrics_skip_tracking":false,"footnotes":""},"categories":[14],"tags":[20],"class_list":["post-61708","post","type-post","status-publish","format-standard","has-post-thumbnail","hentry","category-viana-do-castelo","tag-desporto"],"yoast_head":"<!-- This site is optimized with the Yoast SEO Premium plugin v28.3 (Yoast SEO v28.3) - https:\/\/yoast.com\/product\/yoast-seo-premium-wordpress\/ -->\n<title>Conclu\u00edda constru\u00e7\u00e3o de Skate Parque em Viana do Castelo<\/title>\n<meta name=\"robots\" content=\"index, follow, max-snippet:-1, max-image-preview:large, max-video-preview:-1\" \/>\n<link rel=\"canonical\" href=\"https:\/\/www.altominho.tv\/site\/2021\/02\/09\/concluida-construcao-de-skate-parque-em-viana-do-castelo\/\" \/>\n<meta property=\"og:locale\" content=\"pt_PT\" \/>\n<meta property=\"og:type\" content=\"article\" \/>\n<meta property=\"og:title\" content=\"Conclu\u00edda constru\u00e7\u00e3o de Skate Parque em Viana do Castelo\" \/>\n<meta property=\"og:description\" content=\"A empreitada de constru\u00e7\u00e3o de um Skate Parque na cidade de Viana do Castelo est\u00e1 conclu\u00edda. De acordo com o munic\u00edpio, o equipamento instalado na Rua da Arga\u00e7osa, junto ao parque da cidade, dever\u00e1 entrar em funcionamento assim que a pandemia o permita. O Skate Parque, composto por quatro rampas e um rail, \u00e9 um [&hellip;]\" \/>\n<meta property=\"og:url\" content=\"https:\/\/www.altominho.tv\/site\/2021\/02\/09\/concluida-construcao-de-skate-parque-em-viana-do-castelo\/\" \/>\n<meta property=\"og:site_name\" content=\"Altominho.tv\" \/>\n<meta property=\"article:publisher\" content=\"https:\/\/www.facebook.com\/altominhotv\" \/>\n<meta property=\"article:published_time\" content=\"2021-02-09T12:51:16+00:00\" \/>\n<meta property=\"article:modified_time\" content=\"2021-02-09T13:00:50+00:00\" \/>\n<meta property=\"og:image\" content=\"https:\/\/www.altominho.tv\/site\/wp-content\/uploads\/2021\/02\/227-e1612872844353.jpg\" \/>\n\t<meta property=\"og:image:width\" content=\"1920\" \/>\n\t<meta property=\"og:image:height\" content=\"1156\" \/>\n\t<meta property=\"og:image:type\" content=\"image\/jpeg\" \/>\n<meta name=\"author\" content=\"Andreia Ferreira\" \/>\n<meta name=\"twitter:card\" content=\"summary_large_image\" \/>\n<meta name=\"twitter:creator\" content=\"@altominhoTV\" \/>\n<meta name=\"twitter:site\" content=\"@altominhoTV\" \/>\n<meta name=\"twitter:label1\" content=\"Escrito por\" \/>\n\t<meta name=\"twitter:data1\" content=\"Andreia Ferreira\" \/>\n\t<meta name=\"twitter:label2\" content=\"Tempo estimado de leitura\" \/>\n\t<meta name=\"twitter:data2\" content=\"1 minuto\" \/>\n<script type=\"application\/ld+json\" class=\"yoast-schema-graph\">{\"@context\":\"https:\\\/\\\/schema.org\",\"@graph\":[{\"@type\":\"Article\",\"@id\":\"https:\\\/\\\/www.altominho.tv\\\/site\\\/2021\\\/02\\\/09\\\/concluida-construcao-de-skate-parque-em-viana-do-castelo\\\/#article\",\"isPartOf\":{\"@id\":\"https:\\\/\\\/www.altominho.tv\\\/site\\\/2021\\\/02\\\/09\\\/concluida-construcao-de-skate-parque-em-viana-do-castelo\\\/\"},\"author\":{\"name\":\"Andreia Ferreira\",\"@id\":\"https:\\\/\\\/www.altominho.tv\\\/site\\\/#\\\/schema\\\/person\\\/d9be4265364723f14ea8e0d56a1d38cd\"},\"headline\":\"Conclu\u00edda constru\u00e7\u00e3o de Skate Parque em Viana do Castelo\",\"datePublished\":\"2021-02-09T12:51:16+00:00\",\"dateModified\":\"2021-02-09T13:00:50+00:00\",\"mainEntityOfPage\":{\"@id\":\"https:\\\/\\\/www.altominho.tv\\\/site\\\/2021\\\/02\\\/09\\\/concluida-construcao-de-skate-parque-em-viana-do-castelo\\\/\"},\"wordCount\":255,\"image\":{\"@id\":\"https:\\\/\\\/www.altominho.tv\\\/site\\\/2021\\\/02\\\/09\\\/concluida-construcao-de-skate-parque-em-viana-do-castelo\\\/#primaryimage\"},\"thumbnailUrl\":\"https:\\\/\\\/www.altominho.tv\\\/site\\\/wp-content\\\/uploads\\\/2021\\\/02\\\/227-e1612872844353.jpg\",\"keywords\":[\"Desporto\"],\"articleSection\":[\"Viana do Castelo\"],\"inLanguage\":\"pt-PT\",\"copyrightYear\":\"2021\",\"copyrightHolder\":{\"@id\":\"https:\\\/\\\/www.altominho.tv\\\/site\\\/#organization\"}},{\"@type\":\"WebPage\",\"@id\":\"https:\\\/\\\/www.altominho.tv\\\/site\\\/2021\\\/02\\\/09\\\/concluida-construcao-de-skate-parque-em-viana-do-castelo\\\/\",\"url\":\"https:\\\/\\\/www.altominho.tv\\\/site\\\/2021\\\/02\\\/09\\\/concluida-construcao-de-skate-parque-em-viana-do-castelo\\\/\",\"name\":\"Conclu\u00edda constru\u00e7\u00e3o de Skate Parque em Viana do Castelo\",\"isPartOf\":{\"@id\":\"https:\\\/\\\/www.altominho.tv\\\/site\\\/#website\"},\"primaryImageOfPage\":{\"@id\":\"https:\\\/\\\/www.altominho.tv\\\/site\\\/2021\\\/02\\\/09\\\/concluida-construcao-de-skate-parque-em-viana-do-castelo\\\/#primaryimage\"},\"image\":{\"@id\":\"https:\\\/\\\/www.altominho.tv\\\/site\\\/2021\\\/02\\\/09\\\/concluida-construcao-de-skate-parque-em-viana-do-castelo\\\/#primaryimage\"},\"thumbnailUrl\":\"https:\\\/\\\/www.altominho.tv\\\/site\\\/wp-content\\\/uploads\\\/2021\\\/02\\\/227-e1612872844353.jpg\",\"datePublished\":\"2021-02-09T12:51:16+00:00\",\"dateModified\":\"2021-02-09T13:00:50+00:00\",\"author\":{\"@id\":\"https:\\\/\\\/www.altominho.tv\\\/site\\\/#\\\/schema\\\/person\\\/d9be4265364723f14ea8e0d56a1d38cd\"},\"breadcrumb\":{\"@id\":\"https:\\\/\\\/www.altominho.tv\\\/site\\\/2021\\\/02\\\/09\\\/concluida-construcao-de-skate-parque-em-viana-do-castelo\\\/#breadcrumb\"},\"inLanguage\":\"pt-PT\",\"potentialAction\":[{\"@type\":\"ReadAction\",\"target\":[\"https:\\\/\\\/www.altominho.tv\\\/site\\\/2021\\\/02\\\/09\\\/concluida-construcao-de-skate-parque-em-viana-do-castelo\\\/\"]}]},{\"@type\":\"ImageObject\",\"inLanguage\":\"pt-PT\",\"@id\":\"https:\\\/\\\/www.altominho.tv\\\/site\\\/2021\\\/02\\\/09\\\/concluida-construcao-de-skate-parque-em-viana-do-castelo\\\/#primaryimage\",\"url\":\"https:\\\/\\\/www.altominho.tv\\\/site\\\/wp-content\\\/uploads\\\/2021\\\/02\\\/227-e1612872844353.jpg\",\"contentUrl\":\"https:\\\/\\\/www.altominho.tv\\\/site\\\/wp-content\\\/uploads\\\/2021\\\/02\\\/227-e1612872844353.jpg\",\"width\":1920,\"height\":1156,\"caption\":\"MUNIC\u00cdPIO DE VIANA DO CASTELO\"},{\"@type\":\"BreadcrumbList\",\"@id\":\"https:\\\/\\\/www.altominho.tv\\\/site\\\/2021\\\/02\\\/09\\\/concluida-construcao-de-skate-parque-em-viana-do-castelo\\\/#breadcrumb\",\"itemListElement\":[{\"@type\":\"ListItem\",\"position\":1,\"name\":\"In\u00edcio\",\"item\":\"https:\\\/\\\/www.altominho.tv\\\/site\\\/\"},{\"@type\":\"ListItem\",\"position\":2,\"name\":\"Conclu\u00edda constru\u00e7\u00e3o de Skate Parque em Viana do Castelo\"}]},{\"@type\":\"WebSite\",\"@id\":\"https:\\\/\\\/www.altominho.tv\\\/site\\\/#website\",\"url\":\"https:\\\/\\\/www.altominho.tv\\\/site\\\/\",\"name\":\"Altominho.tv\",\"description\":\"A sua regi\u00e3o \u00e0 dist\u00e2ncia de um clique...\",\"potentialAction\":[{\"@type\":\"SearchAction\",\"target\":{\"@type\":\"EntryPoint\",\"urlTemplate\":\"https:\\\/\\\/www.altominho.tv\\\/site\\\/?s={search_term_string}\"},\"query-input\":{\"@type\":\"PropertyValueSpecification\",\"valueRequired\":true,\"valueName\":\"search_term_string\"}}],\"inLanguage\":\"pt-PT\"},{\"@type\":\"Person\",\"@id\":\"https:\\\/\\\/www.altominho.tv\\\/site\\\/#\\\/schema\\\/person\\\/d9be4265364723f14ea8e0d56a1d38cd\",\"name\":\"Andreia Ferreira\",\"image\":{\"@type\":\"ImageObject\",\"inLanguage\":\"pt-PT\",\"@id\":\"https:\\\/\\\/www.altominho.tv\\\/site\\\/wp-content\\\/uploads\\\/2021\\\/01\\\/AndreiaFerreira-150x150.jpg\",\"url\":\"https:\\\/\\\/www.altominho.tv\\\/site\\\/wp-content\\\/uploads\\\/2021\\\/01\\\/AndreiaFerreira-150x150.jpg\",\"contentUrl\":\"https:\\\/\\\/www.altominho.tv\\\/site\\\/wp-content\\\/uploads\\\/2021\\\/01\\\/AndreiaFerreira-150x150.jpg\",\"caption\":\"Andreia Ferreira\"},\"url\":\"https:\\\/\\\/www.altominho.tv\\\/site\\\/author\\\/andreiaferreira\\\/\"}]}<\/script>\n<!-- \/ Yoast SEO Premium plugin. -->","yoast_head_json":{"title":"Conclu\u00edda constru\u00e7\u00e3o de Skate Parque em Viana do Castelo","robots":{"index":"index","follow":"follow","max-snippet":"max-snippet:-1","max-image-preview":"max-image-preview:large","max-video-preview":"max-video-preview:-1"},"canonical":"https:\/\/www.altominho.tv\/site\/2021\/02\/09\/concluida-construcao-de-skate-parque-em-viana-do-castelo\/","og_locale":"pt_PT","og_type":"article","og_title":"Conclu\u00edda constru\u00e7\u00e3o de Skate Parque em Viana do Castelo","og_description":"A empreitada de constru\u00e7\u00e3o de um Skate Parque na cidade de Viana do Castelo est\u00e1 conclu\u00edda. De acordo com o munic\u00edpio, o equipamento instalado na Rua da Arga\u00e7osa, junto ao parque da cidade, dever\u00e1 entrar em funcionamento assim que a pandemia o permita. O Skate Parque, composto por quatro rampas e um rail, \u00e9 um [&hellip;]","og_url":"https:\/\/www.altominho.tv\/site\/2021\/02\/09\/concluida-construcao-de-skate-parque-em-viana-do-castelo\/","og_site_name":"Altominho.tv","article_publisher":"https:\/\/www.facebook.com\/altominhotv","article_published_time":"2021-02-09T12:51:16+00:00","article_modified_time":"2021-02-09T13:00:50+00:00","og_image":[{"width":1920,"height":1156,"url":"https:\/\/www.altominho.tv\/site\/wp-content\/uploads\/2021\/02\/227-e1612872844353.jpg","type":"image\/jpeg"}],"author":"Andreia Ferreira","twitter_card":"summary_large_image","twitter_creator":"@altominhoTV","twitter_site":"@altominhoTV","twitter_misc":{"Escrito por":"Andreia Ferreira","Tempo estimado de leitura":"1 minuto"},"schema":{"@context":"https:\/\/schema.org","@graph":[{"@type":"Article","@id":"https:\/\/www.altominho.tv\/site\/2021\/02\/09\/concluida-construcao-de-skate-parque-em-viana-do-castelo\/#article","isPartOf":{"@id":"https:\/\/www.altominho.tv\/site\/2021\/02\/09\/concluida-construcao-de-skate-parque-em-viana-do-castelo\/"},"author":{"name":"Andreia Ferreira","@id":"https:\/\/www.altominho.tv\/site\/#\/schema\/person\/d9be4265364723f14ea8e0d56a1d38cd"},"headline":"Conclu\u00edda constru\u00e7\u00e3o de Skate Parque em Viana do Castelo","datePublished":"2021-02-09T12:51:16+00:00","dateModified":"2021-02-09T13:00:50+00:00","mainEntityOfPage":{"@id":"https:\/\/www.altominho.tv\/site\/2021\/02\/09\/concluida-construcao-de-skate-parque-em-viana-do-castelo\/"},"wordCount":255,"image":{"@id":"https:\/\/www.altominho.tv\/site\/2021\/02\/09\/concluida-construcao-de-skate-parque-em-viana-do-castelo\/#primaryimage"},"thumbnailUrl":"https:\/\/www.altominho.tv\/site\/wp-content\/uploads\/2021\/02\/227-e1612872844353.jpg","keywords":["Desporto"],"articleSection":["Viana do Castelo"],"inLanguage":"pt-PT","copyrightYear":"2021","copyrightHolder":{"@id":"https:\/\/www.altominho.tv\/site\/#organization"}},{"@type":"WebPage","@id":"https:\/\/www.altominho.tv\/site\/2021\/02\/09\/concluida-construcao-de-skate-parque-em-viana-do-castelo\/","url":"https:\/\/www.altominho.tv\/site\/2021\/02\/09\/concluida-construcao-de-skate-parque-em-viana-do-castelo\/","name":"Conclu\u00edda constru\u00e7\u00e3o de Skate Parque em Viana do Castelo","isPartOf":{"@id":"https:\/\/www.altominho.tv\/site\/#website"},"primaryImageOfPage":{"@id":"https:\/\/www.altominho.tv\/site\/2021\/02\/09\/concluida-construcao-de-skate-parque-em-viana-do-castelo\/#primaryimage"},"image":{"@id":"https:\/\/www.altominho.tv\/site\/2021\/02\/09\/concluida-construcao-de-skate-parque-em-viana-do-castelo\/#primaryimage"},"thumbnailUrl":"https:\/\/www.altominho.tv\/site\/wp-content\/uploads\/2021\/02\/227-e1612872844353.jpg","datePublished":"2021-02-09T12:51:16+00:00","dateModified":"2021-02-09T13:00:50+00:00","author":{"@id":"https:\/\/www.altominho.tv\/site\/#\/schema\/person\/d9be4265364723f14ea8e0d56a1d38cd"},"breadcrumb":{"@id":"https:\/\/www.altominho.tv\/site\/2021\/02\/09\/concluida-construcao-de-skate-parque-em-viana-do-castelo\/#breadcrumb"},"inLanguage":"pt-PT","potentialAction":[{"@type":"ReadAction","target":["https:\/\/www.altominho.tv\/site\/2021\/02\/09\/concluida-construcao-de-skate-parque-em-viana-do-castelo\/"]}]},{"@type":"ImageObject","inLanguage":"pt-PT","@id":"https:\/\/www.altominho.tv\/site\/2021\/02\/09\/concluida-construcao-de-skate-parque-em-viana-do-castelo\/#primaryimage","url":"https:\/\/www.altominho.tv\/site\/wp-content\/uploads\/2021\/02\/227-e1612872844353.jpg","contentUrl":"https:\/\/www.altominho.tv\/site\/wp-content\/uploads\/2021\/02\/227-e1612872844353.jpg","width":1920,"height":1156,"caption":"MUNIC\u00cdPIO DE VIANA DO CASTELO"},{"@type":"BreadcrumbList","@id":"https:\/\/www.altominho.tv\/site\/2021\/02\/09\/concluida-construcao-de-skate-parque-em-viana-do-castelo\/#breadcrumb","itemListElement":[{"@type":"ListItem","position":1,"name":"In\u00edcio","item":"https:\/\/www.altominho.tv\/site\/"},{"@type":"ListItem","position":2,"name":"Conclu\u00edda constru\u00e7\u00e3o de Skate Parque em Viana do Castelo"}]},{"@type":"WebSite","@id":"https:\/\/www.altominho.tv\/site\/#website","url":"https:\/\/www.altominho.tv\/site\/","name":"Altominho.tv","description":"A sua regi\u00e3o \u00e0 dist\u00e2ncia de um clique...","potentialAction":[{"@type":"SearchAction","target":{"@type":"EntryPoint","urlTemplate":"https:\/\/www.altominho.tv\/site\/?s={search_term_string}"},"query-input":{"@type":"PropertyValueSpecification","valueRequired":true,"valueName":"search_term_string"}}],"inLanguage":"pt-PT"},{"@type":"Person","@id":"https:\/\/www.altominho.tv\/site\/#\/schema\/person\/d9be4265364723f14ea8e0d56a1d38cd","name":"Andreia Ferreira","image":{"@type":"ImageObject","inLanguage":"pt-PT","@id":"https:\/\/www.altominho.tv\/site\/wp-content\/uploads\/2021\/01\/AndreiaFerreira-150x150.jpg","url":"https:\/\/www.altominho.tv\/site\/wp-content\/uploads\/2021\/01\/AndreiaFerreira-150x150.jpg","contentUrl":"https:\/\/www.altominho.tv\/site\/wp-content\/uploads\/2021\/01\/AndreiaFerreira-150x150.jpg","caption":"Andreia Ferreira"},"url":"https:\/\/www.altominho.tv\/site\/author\/andreiaferreira\/"}]}},"_links":{"self":[{"href":"https:\/\/www.altominho.tv\/site\/wp-json\/wp\/v2\/posts\/61708","targetHints":{"allow":["GET"]}}],"collection":[{"href":"https:\/\/www.altominho.tv\/site\/wp-json\/wp\/v2\/posts"}],"about":[{"href":"https:\/\/www.altominho.tv\/site\/wp-json\/wp\/v2\/types\/post"}],"author":[{"embeddable":true,"href":"https:\/\/www.altominho.tv\/site\/wp-json\/wp\/v2\/users\/12"}],"replies":[{"embeddable":true,"href":"https:\/\/www.altominho.tv\/site\/wp-json\/wp\/v2\/comments?post=61708"}],"version-history":[{"count":0,"href":"https:\/\/www.altominho.tv\/site\/wp-json\/wp\/v2\/posts\/61708\/revisions"}],"wp:featuredmedia":[{"embeddable":true,"href":"https:\/\/www.altominho.tv\/site\/wp-json\/wp\/v2\/media\/61710"}],"wp:attachment":[{"href":"https:\/\/www.altominho.tv\/site\/wp-json\/wp\/v2\/media?parent=61708"}],"wp:term":[{"taxonomy":"category","embeddable":true,"href":"https:\/\/www.altominho.tv\/site\/wp-json\/wp\/v2\/categories?post=61708"},{"taxonomy":"post_tag","embeddable":true,"href":"https:\/\/www.altominho.tv\/site\/wp-json\/wp\/v2\/tags?post=61708"}],"curies":[{"name":"wp","href":"https:\/\/api.w.org\/{rel}","templated":true}]}}