{"id":61703,"date":"2021-02-09T12:07:08","date_gmt":"2021-02-09T12:07:08","guid":{"rendered":"https:\/\/www.altominho.tv\/site\/?p=61703"},"modified":"2021-02-09T12:12:27","modified_gmt":"2021-02-09T12:12:27","slug":"pico-da-terceira-vaga-da-pandemia-atingido-a-29-de-janeiro","status":"publish","type":"post","link":"https:\/\/www.altominho.tv\/site\/2021\/02\/09\/pico-da-terceira-vaga-da-pandemia-atingido-a-29-de-janeiro\/","title":{"rendered":"Pico da terceira vaga da pandemia atingido a 29 de janeiro"},"content":{"rendered":"<p>O pico da terceira vaga da epidemia de Covid-19 foi atingido em Portugal a 29 de janeiro com 1.669 casos cumulativos a 14 dias por 100 mil habitantes, com uma \u201ctend\u00eancia decrescente\u201d.<\/p>\n<p class=\"text-paragraph\">Na abertura da reuni\u00e3o do Infarmed, que re\u00fane especialistas, o Presidente da Rep\u00fablica, o primeiro-ministro, a ministra da Sa\u00fade e partidos, Andr\u00e9 Peralta fez o retrato da situa\u00e7\u00e3o epidemiol\u00f3gica no pa\u00eds, afirmando que \u201c\u00e0 data de hoje a situa\u00e7\u00e3o \u00e9 mais favor\u00e1vel&#8221;.<\/p>\n<p class=\"text-paragraph\">A terceira vaga teve o pico a 29 de janeiro e tem tido uma varia\u00e7\u00e3o semanal de menos 24%, adiantou o diretor de Servi\u00e7os de Informa\u00e7\u00e3o e An\u00e1lise da Dire\u00e7\u00e3o-Geral da Sa\u00fade (DGS), durante a reuni\u00e3o no Infarmed, em Lisboa.<\/p>\n<p class=\"text-paragraph\">&#8220;A regi\u00e3o de Lisboa e Vale do Tejo tem, na maioria dos munic\u00edpios, uma incid\u00eancia de mais de 960 casos por 100 mil habitantes e em alguns concelhos superior a 1920. \u00c0 data de hoje a situa\u00e7\u00e3o \u00e9 mais favor\u00e1vel&#8221;, afirmou o especialista da DGS.<\/p>\n<p class=\"text-paragraph\">Salientou ainda que \u201ch\u00e1 uma progress\u00e3o da propor\u00e7\u00e3o de casos confirmados com a nova variante\u201d associada ao Reino Unido, que tem \u201cmaior foco\u201d na regi\u00e3o de Lisboa e Vale do Tejo.<\/p>\n<p class=\"text-paragraph\">Contudo, afirmou, \u201ceste n\u00edvel de confinamento parece suficiente para inverter a tend\u00eancia mesmo nas \u00e1reas onde h\u00e1 maior preval\u00eancia da variante inglesa\u201d.<\/p>\n<p class=\"text-paragraph\">\u201cNo in\u00edcio de janeiro a epidemia estava em franco crescimento e \u00e0 medida que nos aproximamos do final de janeiro\u201d come\u00e7a a haver um decr\u00e9scimo da incid\u00eancia por todo o pa\u00eds, \u00e0 exce\u00e7\u00e3o da Regi\u00e3o Aut\u00f3noma da Madeira, adiantou Andr\u00e9 Peralta.<\/p>\n<p class=\"text-paragraph\">Relativamente \u00e0s faixas et\u00e1rias, o investigador afirmou que h\u00e1 uma \u201ctend\u00eancia decrescente\u201d em todas as idades e \u00e9 generalizado pelo territ\u00f3rio. As faixas et\u00e1rias acima dos 60 anos s\u00e3o as que geram \u201cmaior preocupa\u00e7\u00e3o\u201d em termos de hospitaliza\u00e7\u00e3o e de mortalidade.<\/p>\n<p class=\"text-paragraph\">\u201cO panorama \u00e9 de um grande aumento da faixa et\u00e1ria mais vulner\u00e1vel dos 80 e mais anos, que atingiu incid\u00eancias realmente muito elevadas, e uma manuten\u00e7\u00e3o do comportamento das duas faixas et\u00e1rias 60, 70 e 70, 80 que s\u00e3o tradicionalmente em termos de faixas et\u00e1rias as mais protegidas em compara\u00e7\u00e3o com todas as faixas et\u00e1rias\u201d, explicou.<\/p>\n<p class=\"text-paragraph\">Andr\u00e9 Peralta adiantou que o comportamento da faixa et\u00e1ria dos 80 e mais anos ajuda a explicar a press\u00e3o sobre os sistemas de sa\u00fade.<\/p>\n<p class=\"text-paragraph\">Segundo o especialista, as hospitaliza\u00e7\u00f5es em Unidades de Cuidados Intensivos e as hospitaliza\u00e7\u00f5es totais j\u00e1 apresentam uma indica\u00e7\u00e3o da forma\u00e7\u00e3o de um pico, \u201cmas ainda sem tend\u00eancia claramente definida\u201d.<\/p>\n<p class=\"text-paragraph\">Relativamente \u00e0 mortalidade, afirmou que se observou \u201cum aumento bastante expressivo durante o m\u00eas de janeiro\u201d, quase tr\u00eas vezes em rela\u00e7\u00e3o ao pico de dezembro, mas j\u00e1 com a forma\u00e7\u00e3o clara de um pico na primeira semana de fevereiro.<\/p>\n<p class=\"text-paragraph\">Nas hospitaliza\u00e7\u00f5es, houve um crescimento no m\u00eas de janeiro ao se atingir m\u00e1ximos hist\u00f3ricos, assim como em termos de mortalidade, mas j\u00e1 com a invers\u00e3o a tend\u00eancia.<\/p>\n","protected":false},"excerpt":{"rendered":"<p>O pico da terceira vaga da epidemia de Covid-19 foi atingido em Portugal a 29 de janeiro com 1.669 casos cumulativos a 14 dias por 100 mil habitantes, com uma \u201ctend\u00eancia decrescente\u201d. Na abertura da reuni\u00e3o do Infarmed, que re\u00fane especialistas, o Presidente da Rep\u00fablica, o primeiro-ministro, a ministra da Sa\u00fade e partidos, Andr\u00e9 Peralta [&hellip;]<\/p>\n","protected":false},"author":13,"featured_media":60365,"comment_status":"closed","ping_status":"closed","sticky":false,"template":"","format":"standard","meta":{"_exactmetrics_skip_tracking":false,"_exactmetrics_sitenote_active":false,"_exactmetrics_sitenote_note":"","_exactmetrics_sitenote_category":0,"footnotes":""},"categories":[42722],"tags":[26],"class_list":["post-61703","post","type-post","status-publish","format-standard","has-post-thumbnail","hentry","category-covid-19","tag-saude"],"yoast_head":"<!-- This site is optimized with the Yoast SEO Premium plugin v27.4 (Yoast SEO v27.4) - https:\/\/yoast.com\/product\/yoast-seo-premium-wordpress\/ -->\n<title>Pico da terceira vaga da pandemia atingido a 29 de janeiro<\/title>\n<meta name=\"robots\" content=\"index, follow, max-snippet:-1, max-image-preview:large, max-video-preview:-1\" \/>\n<link rel=\"canonical\" href=\"https:\/\/www.altominho.tv\/site\/2021\/02\/09\/pico-da-terceira-vaga-da-pandemia-atingido-a-29-de-janeiro\/\" \/>\n<meta property=\"og:locale\" content=\"pt_PT\" \/>\n<meta property=\"og:type\" content=\"article\" \/>\n<meta property=\"og:title\" content=\"Pico da terceira vaga da pandemia atingido a 29 de janeiro\" \/>\n<meta property=\"og:description\" content=\"O pico da terceira vaga da epidemia de Covid-19 foi atingido em Portugal a 29 de janeiro com 1.669 casos cumulativos a 14 dias por 100 mil habitantes, com uma \u201ctend\u00eancia decrescente\u201d. Na abertura da reuni\u00e3o do Infarmed, que re\u00fane especialistas, o Presidente da Rep\u00fablica, o primeiro-ministro, a ministra da Sa\u00fade e partidos, Andr\u00e9 Peralta [&hellip;]\" \/>\n<meta property=\"og:url\" content=\"https:\/\/www.altominho.tv\/site\/2021\/02\/09\/pico-da-terceira-vaga-da-pandemia-atingido-a-29-de-janeiro\/\" \/>\n<meta property=\"og:site_name\" content=\"Altominho.tv\" \/>\n<meta property=\"article:publisher\" content=\"https:\/\/www.facebook.com\/altominhotv\" \/>\n<meta property=\"article:published_time\" content=\"2021-02-09T12:07:08+00:00\" \/>\n<meta property=\"article:modified_time\" content=\"2021-02-09T12:12:27+00:00\" \/>\n<meta property=\"og:image\" content=\"https:\/\/www.altominho.tv\/site\/wp-content\/uploads\/2021\/01\/covid-PT-mortes.jpg\" \/>\n\t<meta property=\"og:image:width\" content=\"744\" \/>\n\t<meta property=\"og:image:height\" content=\"495\" \/>\n\t<meta property=\"og:image:type\" content=\"image\/jpeg\" \/>\n<meta name=\"author\" content=\"Lusa\" \/>\n<meta name=\"twitter:card\" content=\"summary_large_image\" \/>\n<meta name=\"twitter:creator\" content=\"@altominhoTV\" \/>\n<meta name=\"twitter:site\" content=\"@altominhoTV\" \/>\n<meta name=\"twitter:label1\" content=\"Escrito por\" \/>\n\t<meta name=\"twitter:data1\" content=\"Lusa\" \/>\n\t<meta name=\"twitter:label2\" content=\"Tempo estimado de leitura\" \/>\n\t<meta name=\"twitter:data2\" content=\"3 minutos\" \/>\n<script type=\"application\/ld+json\" class=\"yoast-schema-graph\">{\"@context\":\"https:\\\/\\\/schema.org\",\"@graph\":[{\"@type\":\"Article\",\"@id\":\"https:\\\/\\\/www.altominho.tv\\\/site\\\/2021\\\/02\\\/09\\\/pico-da-terceira-vaga-da-pandemia-atingido-a-29-de-janeiro\\\/#article\",\"isPartOf\":{\"@id\":\"https:\\\/\\\/www.altominho.tv\\\/site\\\/2021\\\/02\\\/09\\\/pico-da-terceira-vaga-da-pandemia-atingido-a-29-de-janeiro\\\/\"},\"author\":{\"name\":\"Lusa\",\"@id\":\"https:\\\/\\\/www.altominho.tv\\\/site\\\/#\\\/schema\\\/person\\\/63f693da3e1899361cbe955c46f3232e\"},\"headline\":\"Pico da terceira vaga da pandemia atingido a 29 de janeiro\",\"datePublished\":\"2021-02-09T12:07:08+00:00\",\"dateModified\":\"2021-02-09T12:12:27+00:00\",\"mainEntityOfPage\":{\"@id\":\"https:\\\/\\\/www.altominho.tv\\\/site\\\/2021\\\/02\\\/09\\\/pico-da-terceira-vaga-da-pandemia-atingido-a-29-de-janeiro\\\/\"},\"wordCount\":524,\"image\":{\"@id\":\"https:\\\/\\\/www.altominho.tv\\\/site\\\/2021\\\/02\\\/09\\\/pico-da-terceira-vaga-da-pandemia-atingido-a-29-de-janeiro\\\/#primaryimage\"},\"thumbnailUrl\":\"https:\\\/\\\/www.altominho.tv\\\/site\\\/wp-content\\\/uploads\\\/2021\\\/01\\\/covid-PT-mortes.jpg\",\"keywords\":[\"Sa\u00fade\"],\"articleSection\":[\"Coronav\u00edrus\"],\"inLanguage\":\"pt-PT\",\"copyrightYear\":\"2021\",\"copyrightHolder\":{\"@id\":\"https:\\\/\\\/www.altominho.tv\\\/site\\\/#organization\"}},{\"@type\":\"WebPage\",\"@id\":\"https:\\\/\\\/www.altominho.tv\\\/site\\\/2021\\\/02\\\/09\\\/pico-da-terceira-vaga-da-pandemia-atingido-a-29-de-janeiro\\\/\",\"url\":\"https:\\\/\\\/www.altominho.tv\\\/site\\\/2021\\\/02\\\/09\\\/pico-da-terceira-vaga-da-pandemia-atingido-a-29-de-janeiro\\\/\",\"name\":\"Pico da terceira vaga da pandemia atingido a 29 de janeiro\",\"isPartOf\":{\"@id\":\"https:\\\/\\\/www.altominho.tv\\\/site\\\/#website\"},\"primaryImageOfPage\":{\"@id\":\"https:\\\/\\\/www.altominho.tv\\\/site\\\/2021\\\/02\\\/09\\\/pico-da-terceira-vaga-da-pandemia-atingido-a-29-de-janeiro\\\/#primaryimage\"},\"image\":{\"@id\":\"https:\\\/\\\/www.altominho.tv\\\/site\\\/2021\\\/02\\\/09\\\/pico-da-terceira-vaga-da-pandemia-atingido-a-29-de-janeiro\\\/#primaryimage\"},\"thumbnailUrl\":\"https:\\\/\\\/www.altominho.tv\\\/site\\\/wp-content\\\/uploads\\\/2021\\\/01\\\/covid-PT-mortes.jpg\",\"datePublished\":\"2021-02-09T12:07:08+00:00\",\"dateModified\":\"2021-02-09T12:12:27+00:00\",\"author\":{\"@id\":\"https:\\\/\\\/www.altominho.tv\\\/site\\\/#\\\/schema\\\/person\\\/63f693da3e1899361cbe955c46f3232e\"},\"breadcrumb\":{\"@id\":\"https:\\\/\\\/www.altominho.tv\\\/site\\\/2021\\\/02\\\/09\\\/pico-da-terceira-vaga-da-pandemia-atingido-a-29-de-janeiro\\\/#breadcrumb\"},\"inLanguage\":\"pt-PT\",\"potentialAction\":[{\"@type\":\"ReadAction\",\"target\":[\"https:\\\/\\\/www.altominho.tv\\\/site\\\/2021\\\/02\\\/09\\\/pico-da-terceira-vaga-da-pandemia-atingido-a-29-de-janeiro\\\/\"]}]},{\"@type\":\"ImageObject\",\"inLanguage\":\"pt-PT\",\"@id\":\"https:\\\/\\\/www.altominho.tv\\\/site\\\/2021\\\/02\\\/09\\\/pico-da-terceira-vaga-da-pandemia-atingido-a-29-de-janeiro\\\/#primaryimage\",\"url\":\"https:\\\/\\\/www.altominho.tv\\\/site\\\/wp-content\\\/uploads\\\/2021\\\/01\\\/covid-PT-mortes.jpg\",\"contentUrl\":\"https:\\\/\\\/www.altominho.tv\\\/site\\\/wp-content\\\/uploads\\\/2021\\\/01\\\/covid-PT-mortes.jpg\",\"width\":744,\"height\":495},{\"@type\":\"BreadcrumbList\",\"@id\":\"https:\\\/\\\/www.altominho.tv\\\/site\\\/2021\\\/02\\\/09\\\/pico-da-terceira-vaga-da-pandemia-atingido-a-29-de-janeiro\\\/#breadcrumb\",\"itemListElement\":[{\"@type\":\"ListItem\",\"position\":1,\"name\":\"In\u00edcio\",\"item\":\"https:\\\/\\\/www.altominho.tv\\\/site\\\/\"},{\"@type\":\"ListItem\",\"position\":2,\"name\":\"Pico da terceira vaga da pandemia atingido a 29 de janeiro\"}]},{\"@type\":\"WebSite\",\"@id\":\"https:\\\/\\\/www.altominho.tv\\\/site\\\/#website\",\"url\":\"https:\\\/\\\/www.altominho.tv\\\/site\\\/\",\"name\":\"Altominho.tv\",\"description\":\"A sua regi\u00e3o \u00e0 dist\u00e2ncia de um clique...\",\"potentialAction\":[{\"@type\":\"SearchAction\",\"target\":{\"@type\":\"EntryPoint\",\"urlTemplate\":\"https:\\\/\\\/www.altominho.tv\\\/site\\\/?s={search_term_string}\"},\"query-input\":{\"@type\":\"PropertyValueSpecification\",\"valueRequired\":true,\"valueName\":\"search_term_string\"}}],\"inLanguage\":\"pt-PT\"},{\"@type\":\"Person\",\"@id\":\"https:\\\/\\\/www.altominho.tv\\\/site\\\/#\\\/schema\\\/person\\\/63f693da3e1899361cbe955c46f3232e\",\"name\":\"Lusa\",\"image\":{\"@type\":\"ImageObject\",\"inLanguage\":\"pt-PT\",\"@id\":\"https:\\\/\\\/www.altominho.tv\\\/site\\\/wp-content\\\/uploads\\\/2019\\\/08\\\/LUSA_Logo.gif\",\"url\":\"https:\\\/\\\/www.altominho.tv\\\/site\\\/wp-content\\\/uploads\\\/2019\\\/08\\\/LUSA_Logo.gif\",\"contentUrl\":\"https:\\\/\\\/www.altominho.tv\\\/site\\\/wp-content\\\/uploads\\\/2019\\\/08\\\/LUSA_Logo.gif\",\"caption\":\"Lusa\"},\"sameAs\":[\"http:\\\/\\\/\\\/\\\/www.altominho.tv\\\/site\"],\"url\":\"https:\\\/\\\/www.altominho.tv\\\/site\\\/author\\\/lusa\\\/\"}]}<\/script>\n<!-- \/ Yoast SEO Premium plugin. -->","yoast_head_json":{"title":"Pico da terceira vaga da pandemia atingido a 29 de janeiro","robots":{"index":"index","follow":"follow","max-snippet":"max-snippet:-1","max-image-preview":"max-image-preview:large","max-video-preview":"max-video-preview:-1"},"canonical":"https:\/\/www.altominho.tv\/site\/2021\/02\/09\/pico-da-terceira-vaga-da-pandemia-atingido-a-29-de-janeiro\/","og_locale":"pt_PT","og_type":"article","og_title":"Pico da terceira vaga da pandemia atingido a 29 de janeiro","og_description":"O pico da terceira vaga da epidemia de Covid-19 foi atingido em Portugal a 29 de janeiro com 1.669 casos cumulativos a 14 dias por 100 mil habitantes, com uma \u201ctend\u00eancia decrescente\u201d. Na abertura da reuni\u00e3o do Infarmed, que re\u00fane especialistas, o Presidente da Rep\u00fablica, o primeiro-ministro, a ministra da Sa\u00fade e partidos, Andr\u00e9 Peralta [&hellip;]","og_url":"https:\/\/www.altominho.tv\/site\/2021\/02\/09\/pico-da-terceira-vaga-da-pandemia-atingido-a-29-de-janeiro\/","og_site_name":"Altominho.tv","article_publisher":"https:\/\/www.facebook.com\/altominhotv","article_published_time":"2021-02-09T12:07:08+00:00","article_modified_time":"2021-02-09T12:12:27+00:00","og_image":[{"width":744,"height":495,"url":"https:\/\/www.altominho.tv\/site\/wp-content\/uploads\/2021\/01\/covid-PT-mortes.jpg","type":"image\/jpeg"}],"author":"Lusa","twitter_card":"summary_large_image","twitter_creator":"@altominhoTV","twitter_site":"@altominhoTV","twitter_misc":{"Escrito por":"Lusa","Tempo estimado de leitura":"3 minutos"},"schema":{"@context":"https:\/\/schema.org","@graph":[{"@type":"Article","@id":"https:\/\/www.altominho.tv\/site\/2021\/02\/09\/pico-da-terceira-vaga-da-pandemia-atingido-a-29-de-janeiro\/#article","isPartOf":{"@id":"https:\/\/www.altominho.tv\/site\/2021\/02\/09\/pico-da-terceira-vaga-da-pandemia-atingido-a-29-de-janeiro\/"},"author":{"name":"Lusa","@id":"https:\/\/www.altominho.tv\/site\/#\/schema\/person\/63f693da3e1899361cbe955c46f3232e"},"headline":"Pico da terceira vaga da pandemia atingido a 29 de janeiro","datePublished":"2021-02-09T12:07:08+00:00","dateModified":"2021-02-09T12:12:27+00:00","mainEntityOfPage":{"@id":"https:\/\/www.altominho.tv\/site\/2021\/02\/09\/pico-da-terceira-vaga-da-pandemia-atingido-a-29-de-janeiro\/"},"wordCount":524,"image":{"@id":"https:\/\/www.altominho.tv\/site\/2021\/02\/09\/pico-da-terceira-vaga-da-pandemia-atingido-a-29-de-janeiro\/#primaryimage"},"thumbnailUrl":"https:\/\/www.altominho.tv\/site\/wp-content\/uploads\/2021\/01\/covid-PT-mortes.jpg","keywords":["Sa\u00fade"],"articleSection":["Coronav\u00edrus"],"inLanguage":"pt-PT","copyrightYear":"2021","copyrightHolder":{"@id":"https:\/\/www.altominho.tv\/site\/#organization"}},{"@type":"WebPage","@id":"https:\/\/www.altominho.tv\/site\/2021\/02\/09\/pico-da-terceira-vaga-da-pandemia-atingido-a-29-de-janeiro\/","url":"https:\/\/www.altominho.tv\/site\/2021\/02\/09\/pico-da-terceira-vaga-da-pandemia-atingido-a-29-de-janeiro\/","name":"Pico da terceira vaga da pandemia atingido a 29 de janeiro","isPartOf":{"@id":"https:\/\/www.altominho.tv\/site\/#website"},"primaryImageOfPage":{"@id":"https:\/\/www.altominho.tv\/site\/2021\/02\/09\/pico-da-terceira-vaga-da-pandemia-atingido-a-29-de-janeiro\/#primaryimage"},"image":{"@id":"https:\/\/www.altominho.tv\/site\/2021\/02\/09\/pico-da-terceira-vaga-da-pandemia-atingido-a-29-de-janeiro\/#primaryimage"},"thumbnailUrl":"https:\/\/www.altominho.tv\/site\/wp-content\/uploads\/2021\/01\/covid-PT-mortes.jpg","datePublished":"2021-02-09T12:07:08+00:00","dateModified":"2021-02-09T12:12:27+00:00","author":{"@id":"https:\/\/www.altominho.tv\/site\/#\/schema\/person\/63f693da3e1899361cbe955c46f3232e"},"breadcrumb":{"@id":"https:\/\/www.altominho.tv\/site\/2021\/02\/09\/pico-da-terceira-vaga-da-pandemia-atingido-a-29-de-janeiro\/#breadcrumb"},"inLanguage":"pt-PT","potentialAction":[{"@type":"ReadAction","target":["https:\/\/www.altominho.tv\/site\/2021\/02\/09\/pico-da-terceira-vaga-da-pandemia-atingido-a-29-de-janeiro\/"]}]},{"@type":"ImageObject","inLanguage":"pt-PT","@id":"https:\/\/www.altominho.tv\/site\/2021\/02\/09\/pico-da-terceira-vaga-da-pandemia-atingido-a-29-de-janeiro\/#primaryimage","url":"https:\/\/www.altominho.tv\/site\/wp-content\/uploads\/2021\/01\/covid-PT-mortes.jpg","contentUrl":"https:\/\/www.altominho.tv\/site\/wp-content\/uploads\/2021\/01\/covid-PT-mortes.jpg","width":744,"height":495},{"@type":"BreadcrumbList","@id":"https:\/\/www.altominho.tv\/site\/2021\/02\/09\/pico-da-terceira-vaga-da-pandemia-atingido-a-29-de-janeiro\/#breadcrumb","itemListElement":[{"@type":"ListItem","position":1,"name":"In\u00edcio","item":"https:\/\/www.altominho.tv\/site\/"},{"@type":"ListItem","position":2,"name":"Pico da terceira vaga da pandemia atingido a 29 de janeiro"}]},{"@type":"WebSite","@id":"https:\/\/www.altominho.tv\/site\/#website","url":"https:\/\/www.altominho.tv\/site\/","name":"Altominho.tv","description":"A sua regi\u00e3o \u00e0 dist\u00e2ncia de um clique...","potentialAction":[{"@type":"SearchAction","target":{"@type":"EntryPoint","urlTemplate":"https:\/\/www.altominho.tv\/site\/?s={search_term_string}"},"query-input":{"@type":"PropertyValueSpecification","valueRequired":true,"valueName":"search_term_string"}}],"inLanguage":"pt-PT"},{"@type":"Person","@id":"https:\/\/www.altominho.tv\/site\/#\/schema\/person\/63f693da3e1899361cbe955c46f3232e","name":"Lusa","image":{"@type":"ImageObject","inLanguage":"pt-PT","@id":"https:\/\/www.altominho.tv\/site\/wp-content\/uploads\/2019\/08\/LUSA_Logo.gif","url":"https:\/\/www.altominho.tv\/site\/wp-content\/uploads\/2019\/08\/LUSA_Logo.gif","contentUrl":"https:\/\/www.altominho.tv\/site\/wp-content\/uploads\/2019\/08\/LUSA_Logo.gif","caption":"Lusa"},"sameAs":["http:\/\/\/\/www.altominho.tv\/site"],"url":"https:\/\/www.altominho.tv\/site\/author\/lusa\/"}]}},"_links":{"self":[{"href":"https:\/\/www.altominho.tv\/site\/wp-json\/wp\/v2\/posts\/61703","targetHints":{"allow":["GET"]}}],"collection":[{"href":"https:\/\/www.altominho.tv\/site\/wp-json\/wp\/v2\/posts"}],"about":[{"href":"https:\/\/www.altominho.tv\/site\/wp-json\/wp\/v2\/types\/post"}],"author":[{"embeddable":true,"href":"https:\/\/www.altominho.tv\/site\/wp-json\/wp\/v2\/users\/13"}],"replies":[{"embeddable":true,"href":"https:\/\/www.altominho.tv\/site\/wp-json\/wp\/v2\/comments?post=61703"}],"version-history":[{"count":0,"href":"https:\/\/www.altominho.tv\/site\/wp-json\/wp\/v2\/posts\/61703\/revisions"}],"wp:featuredmedia":[{"embeddable":true,"href":"https:\/\/www.altominho.tv\/site\/wp-json\/wp\/v2\/media\/60365"}],"wp:attachment":[{"href":"https:\/\/www.altominho.tv\/site\/wp-json\/wp\/v2\/media?parent=61703"}],"wp:term":[{"taxonomy":"category","embeddable":true,"href":"https:\/\/www.altominho.tv\/site\/wp-json\/wp\/v2\/categories?post=61703"},{"taxonomy":"post_tag","embeddable":true,"href":"https:\/\/www.altominho.tv\/site\/wp-json\/wp\/v2\/tags?post=61703"}],"curies":[{"name":"wp","href":"https:\/\/api.w.org\/{rel}","templated":true}]}}