{"id":61674,"date":"2021-02-09T09:56:44","date_gmt":"2021-02-09T09:56:44","guid":{"rendered":"https:\/\/www.altominho.tv\/site\/?p=61674"},"modified":"2021-02-09T09:56:48","modified_gmt":"2021-02-09T09:56:48","slug":"espanha-prolonga-controlos-fronteiricos-ate-marco","status":"publish","type":"post","link":"https:\/\/www.altominho.tv\/site\/2021\/02\/09\/espanha-prolonga-controlos-fronteiricos-ate-marco\/","title":{"rendered":"Espanha prolonga controlos fronteiri\u00e7os at\u00e9 mar\u00e7o"},"content":{"rendered":"<p>O Governo espanhol prolongou as restri\u00e7\u00f5es nas fronteiras terrestres com Portugal, devido \u00e0 pandemia de covid-19, at\u00e9 1 de mar\u00e7o, de acordo com uma resolu\u00e7\u00e3o publicada esta ter\u00e7a-feira no Boletim Oficial do Estado espanhol.<\/p>\n<p class=\"text-paragraph\">Segundo o Minist\u00e9rio do Interior espanhol (Administra\u00e7\u00e3o Interna) apenas podem atravessar as fronteiras autorizadas os residentes em Espanha, trabalhadores transfronteiri\u00e7os, motoristas de ve\u00edculos de mercadorias ou perante quest\u00f5es essenciais.<\/p>\n<p class=\"text-paragraph\">&#8220;A severidade das medidas restritivas da mobilidade ainda em vigor em Espanha e Portugal recomenda a manuten\u00e7\u00e3o, [&#8230;], de controlos na fronteira terrestre interna entre os dois pa\u00edses com as mesmas limita\u00e7\u00f5es que foram aplicadas durante os 10 dias iniciais\u201d, segundo a publica\u00e7\u00e3o correspondente ao Di\u00e1rio da Rep\u00fablica em Portugal.<\/p>\n<p class=\"text-paragraph\">A resolu\u00e7\u00e3o anterior foi prorrogada at\u00e9 10 de fevereiro e agora o Minist\u00e9rio do Interior espanhol concordou num novo prolongamento at\u00e9 ao primeiro dia de mar\u00e7o.<\/p>\n<p class=\"text-paragraph\">Estas medidas foram tomadas em coordena\u00e7\u00e3o com o Governo portugu\u00eas, que em 28 de janeiro \u00faltimo decidiu limitar as desloca\u00e7\u00f5es para fora do territ\u00f3rio continental, por qualquer meio de transporte, e repor o controlo nas fronteiras terrestres.<\/p>\n<p class=\"text-paragraph\">Lisboa e Madrid estipularam que h\u00e1 oito pontos de passagem permanentes entre os dois pa\u00edses, designadamente em Valen\u00e7a, Vila Verde da Raia, Quintanilha, Vilar Formoso, Marv\u00e3o, Caia, Vila Verde e Castro Marim, e seis pontos de passagem em hor\u00e1rios espec\u00edficos, entre eles, a ponte de Mon\u00e7\u00e3o, no Alto Minho.<\/p>\n","protected":false},"excerpt":{"rendered":"<p>O Governo espanhol prolongou as restri\u00e7\u00f5es nas fronteiras terrestres com Portugal, devido \u00e0 pandemia de covid-19, at\u00e9 1 de mar\u00e7o, de acordo com uma resolu\u00e7\u00e3o publicada esta ter\u00e7a-feira no Boletim Oficial do Estado espanhol. Segundo o Minist\u00e9rio do Interior espanhol (Administra\u00e7\u00e3o Interna) apenas podem atravessar as fronteiras autorizadas os residentes em Espanha, trabalhadores transfronteiri\u00e7os, motoristas [&hellip;]<\/p>\n","protected":false},"author":13,"featured_media":61677,"comment_status":"closed","ping_status":"closed","sticky":false,"template":"","format":"standard","meta":{"_exactmetrics_skip_tracking":false,"_exactmetrics_sitenote_active":false,"_exactmetrics_sitenote_note":"","_exactmetrics_sitenote_category":0,"footnotes":""},"categories":[42722],"tags":[27],"class_list":["post-61674","post","type-post","status-publish","format-standard","has-post-thumbnail","hentry","category-covid-19","tag-sociedade"],"yoast_head":"<!-- This site is optimized with the Yoast SEO Premium plugin v27.4 (Yoast SEO v27.4) - https:\/\/yoast.com\/product\/yoast-seo-premium-wordpress\/ -->\n<title>Espanha prolonga controlos fronteiri\u00e7os at\u00e9 mar\u00e7o<\/title>\n<meta name=\"robots\" content=\"index, follow, max-snippet:-1, max-image-preview:large, max-video-preview:-1\" \/>\n<link rel=\"canonical\" href=\"https:\/\/www.altominho.tv\/site\/2021\/02\/09\/espanha-prolonga-controlos-fronteiricos-ate-marco\/\" \/>\n<meta property=\"og:locale\" content=\"pt_PT\" \/>\n<meta property=\"og:type\" content=\"article\" \/>\n<meta property=\"og:title\" content=\"Espanha prolonga controlos fronteiri\u00e7os at\u00e9 mar\u00e7o\" \/>\n<meta property=\"og:description\" content=\"O Governo espanhol prolongou as restri\u00e7\u00f5es nas fronteiras terrestres com Portugal, devido \u00e0 pandemia de covid-19, at\u00e9 1 de mar\u00e7o, de acordo com uma resolu\u00e7\u00e3o publicada esta ter\u00e7a-feira no Boletim Oficial do Estado espanhol. Segundo o Minist\u00e9rio do Interior espanhol (Administra\u00e7\u00e3o Interna) apenas podem atravessar as fronteiras autorizadas os residentes em Espanha, trabalhadores transfronteiri\u00e7os, motoristas [&hellip;]\" \/>\n<meta property=\"og:url\" content=\"https:\/\/www.altominho.tv\/site\/2021\/02\/09\/espanha-prolonga-controlos-fronteiricos-ate-marco\/\" \/>\n<meta property=\"og:site_name\" content=\"Altominho.tv\" \/>\n<meta property=\"article:publisher\" content=\"https:\/\/www.facebook.com\/altominhotv\" \/>\n<meta property=\"article:published_time\" content=\"2021-02-09T09:56:44+00:00\" \/>\n<meta property=\"article:modified_time\" content=\"2021-02-09T09:56:48+00:00\" \/>\n<meta property=\"og:image\" content=\"https:\/\/www.altominho.tv\/site\/wp-content\/uploads\/2021\/02\/Fronteira-fechada.jpg\" \/>\n\t<meta property=\"og:image:width\" content=\"1366\" \/>\n\t<meta property=\"og:image:height\" content=\"768\" \/>\n\t<meta property=\"og:image:type\" content=\"image\/jpeg\" \/>\n<meta name=\"author\" content=\"Lusa\" \/>\n<meta name=\"twitter:card\" content=\"summary_large_image\" \/>\n<meta name=\"twitter:creator\" content=\"@altominhoTV\" \/>\n<meta name=\"twitter:site\" content=\"@altominhoTV\" \/>\n<meta name=\"twitter:label1\" content=\"Escrito por\" \/>\n\t<meta name=\"twitter:data1\" content=\"Lusa\" \/>\n\t<meta name=\"twitter:label2\" content=\"Tempo estimado de leitura\" \/>\n\t<meta name=\"twitter:data2\" content=\"1 minuto\" \/>\n<script type=\"application\/ld+json\" class=\"yoast-schema-graph\">{\"@context\":\"https:\\\/\\\/schema.org\",\"@graph\":[{\"@type\":\"Article\",\"@id\":\"https:\\\/\\\/www.altominho.tv\\\/site\\\/2021\\\/02\\\/09\\\/espanha-prolonga-controlos-fronteiricos-ate-marco\\\/#article\",\"isPartOf\":{\"@id\":\"https:\\\/\\\/www.altominho.tv\\\/site\\\/2021\\\/02\\\/09\\\/espanha-prolonga-controlos-fronteiricos-ate-marco\\\/\"},\"author\":{\"name\":\"Lusa\",\"@id\":\"https:\\\/\\\/www.altominho.tv\\\/site\\\/#\\\/schema\\\/person\\\/63f693da3e1899361cbe955c46f3232e\"},\"headline\":\"Espanha prolonga controlos fronteiri\u00e7os at\u00e9 mar\u00e7o\",\"datePublished\":\"2021-02-09T09:56:44+00:00\",\"dateModified\":\"2021-02-09T09:56:48+00:00\",\"mainEntityOfPage\":{\"@id\":\"https:\\\/\\\/www.altominho.tv\\\/site\\\/2021\\\/02\\\/09\\\/espanha-prolonga-controlos-fronteiricos-ate-marco\\\/\"},\"wordCount\":255,\"image\":{\"@id\":\"https:\\\/\\\/www.altominho.tv\\\/site\\\/2021\\\/02\\\/09\\\/espanha-prolonga-controlos-fronteiricos-ate-marco\\\/#primaryimage\"},\"thumbnailUrl\":\"https:\\\/\\\/www.altominho.tv\\\/site\\\/wp-content\\\/uploads\\\/2021\\\/02\\\/Fronteira-fechada.jpg\",\"keywords\":[\"Sociedade\"],\"articleSection\":[\"Coronav\u00edrus\"],\"inLanguage\":\"pt-PT\",\"copyrightYear\":\"2021\",\"copyrightHolder\":{\"@id\":\"https:\\\/\\\/www.altominho.tv\\\/site\\\/#organization\"}},{\"@type\":\"WebPage\",\"@id\":\"https:\\\/\\\/www.altominho.tv\\\/site\\\/2021\\\/02\\\/09\\\/espanha-prolonga-controlos-fronteiricos-ate-marco\\\/\",\"url\":\"https:\\\/\\\/www.altominho.tv\\\/site\\\/2021\\\/02\\\/09\\\/espanha-prolonga-controlos-fronteiricos-ate-marco\\\/\",\"name\":\"Espanha prolonga controlos fronteiri\u00e7os at\u00e9 mar\u00e7o\",\"isPartOf\":{\"@id\":\"https:\\\/\\\/www.altominho.tv\\\/site\\\/#website\"},\"primaryImageOfPage\":{\"@id\":\"https:\\\/\\\/www.altominho.tv\\\/site\\\/2021\\\/02\\\/09\\\/espanha-prolonga-controlos-fronteiricos-ate-marco\\\/#primaryimage\"},\"image\":{\"@id\":\"https:\\\/\\\/www.altominho.tv\\\/site\\\/2021\\\/02\\\/09\\\/espanha-prolonga-controlos-fronteiricos-ate-marco\\\/#primaryimage\"},\"thumbnailUrl\":\"https:\\\/\\\/www.altominho.tv\\\/site\\\/wp-content\\\/uploads\\\/2021\\\/02\\\/Fronteira-fechada.jpg\",\"datePublished\":\"2021-02-09T09:56:44+00:00\",\"dateModified\":\"2021-02-09T09:56:48+00:00\",\"author\":{\"@id\":\"https:\\\/\\\/www.altominho.tv\\\/site\\\/#\\\/schema\\\/person\\\/63f693da3e1899361cbe955c46f3232e\"},\"breadcrumb\":{\"@id\":\"https:\\\/\\\/www.altominho.tv\\\/site\\\/2021\\\/02\\\/09\\\/espanha-prolonga-controlos-fronteiricos-ate-marco\\\/#breadcrumb\"},\"inLanguage\":\"pt-PT\",\"potentialAction\":[{\"@type\":\"ReadAction\",\"target\":[\"https:\\\/\\\/www.altominho.tv\\\/site\\\/2021\\\/02\\\/09\\\/espanha-prolonga-controlos-fronteiricos-ate-marco\\\/\"]}]},{\"@type\":\"ImageObject\",\"inLanguage\":\"pt-PT\",\"@id\":\"https:\\\/\\\/www.altominho.tv\\\/site\\\/2021\\\/02\\\/09\\\/espanha-prolonga-controlos-fronteiricos-ate-marco\\\/#primaryimage\",\"url\":\"https:\\\/\\\/www.altominho.tv\\\/site\\\/wp-content\\\/uploads\\\/2021\\\/02\\\/Fronteira-fechada.jpg\",\"contentUrl\":\"https:\\\/\\\/www.altominho.tv\\\/site\\\/wp-content\\\/uploads\\\/2021\\\/02\\\/Fronteira-fechada.jpg\",\"width\":1366,\"height\":768},{\"@type\":\"BreadcrumbList\",\"@id\":\"https:\\\/\\\/www.altominho.tv\\\/site\\\/2021\\\/02\\\/09\\\/espanha-prolonga-controlos-fronteiricos-ate-marco\\\/#breadcrumb\",\"itemListElement\":[{\"@type\":\"ListItem\",\"position\":1,\"name\":\"In\u00edcio\",\"item\":\"https:\\\/\\\/www.altominho.tv\\\/site\\\/\"},{\"@type\":\"ListItem\",\"position\":2,\"name\":\"Espanha prolonga controlos fronteiri\u00e7os at\u00e9 mar\u00e7o\"}]},{\"@type\":\"WebSite\",\"@id\":\"https:\\\/\\\/www.altominho.tv\\\/site\\\/#website\",\"url\":\"https:\\\/\\\/www.altominho.tv\\\/site\\\/\",\"name\":\"Altominho.tv\",\"description\":\"A sua regi\u00e3o \u00e0 dist\u00e2ncia de um clique...\",\"potentialAction\":[{\"@type\":\"SearchAction\",\"target\":{\"@type\":\"EntryPoint\",\"urlTemplate\":\"https:\\\/\\\/www.altominho.tv\\\/site\\\/?s={search_term_string}\"},\"query-input\":{\"@type\":\"PropertyValueSpecification\",\"valueRequired\":true,\"valueName\":\"search_term_string\"}}],\"inLanguage\":\"pt-PT\"},{\"@type\":\"Person\",\"@id\":\"https:\\\/\\\/www.altominho.tv\\\/site\\\/#\\\/schema\\\/person\\\/63f693da3e1899361cbe955c46f3232e\",\"name\":\"Lusa\",\"image\":{\"@type\":\"ImageObject\",\"inLanguage\":\"pt-PT\",\"@id\":\"https:\\\/\\\/www.altominho.tv\\\/site\\\/wp-content\\\/uploads\\\/2019\\\/08\\\/LUSA_Logo.gif\",\"url\":\"https:\\\/\\\/www.altominho.tv\\\/site\\\/wp-content\\\/uploads\\\/2019\\\/08\\\/LUSA_Logo.gif\",\"contentUrl\":\"https:\\\/\\\/www.altominho.tv\\\/site\\\/wp-content\\\/uploads\\\/2019\\\/08\\\/LUSA_Logo.gif\",\"caption\":\"Lusa\"},\"sameAs\":[\"http:\\\/\\\/\\\/\\\/www.altominho.tv\\\/site\"],\"url\":\"https:\\\/\\\/www.altominho.tv\\\/site\\\/author\\\/lusa\\\/\"}]}<\/script>\n<!-- \/ Yoast SEO Premium plugin. -->","yoast_head_json":{"title":"Espanha prolonga controlos fronteiri\u00e7os at\u00e9 mar\u00e7o","robots":{"index":"index","follow":"follow","max-snippet":"max-snippet:-1","max-image-preview":"max-image-preview:large","max-video-preview":"max-video-preview:-1"},"canonical":"https:\/\/www.altominho.tv\/site\/2021\/02\/09\/espanha-prolonga-controlos-fronteiricos-ate-marco\/","og_locale":"pt_PT","og_type":"article","og_title":"Espanha prolonga controlos fronteiri\u00e7os at\u00e9 mar\u00e7o","og_description":"O Governo espanhol prolongou as restri\u00e7\u00f5es nas fronteiras terrestres com Portugal, devido \u00e0 pandemia de covid-19, at\u00e9 1 de mar\u00e7o, de acordo com uma resolu\u00e7\u00e3o publicada esta ter\u00e7a-feira no Boletim Oficial do Estado espanhol. Segundo o Minist\u00e9rio do Interior espanhol (Administra\u00e7\u00e3o Interna) apenas podem atravessar as fronteiras autorizadas os residentes em Espanha, trabalhadores transfronteiri\u00e7os, motoristas [&hellip;]","og_url":"https:\/\/www.altominho.tv\/site\/2021\/02\/09\/espanha-prolonga-controlos-fronteiricos-ate-marco\/","og_site_name":"Altominho.tv","article_publisher":"https:\/\/www.facebook.com\/altominhotv","article_published_time":"2021-02-09T09:56:44+00:00","article_modified_time":"2021-02-09T09:56:48+00:00","og_image":[{"width":1366,"height":768,"url":"https:\/\/www.altominho.tv\/site\/wp-content\/uploads\/2021\/02\/Fronteira-fechada.jpg","type":"image\/jpeg"}],"author":"Lusa","twitter_card":"summary_large_image","twitter_creator":"@altominhoTV","twitter_site":"@altominhoTV","twitter_misc":{"Escrito por":"Lusa","Tempo estimado de leitura":"1 minuto"},"schema":{"@context":"https:\/\/schema.org","@graph":[{"@type":"Article","@id":"https:\/\/www.altominho.tv\/site\/2021\/02\/09\/espanha-prolonga-controlos-fronteiricos-ate-marco\/#article","isPartOf":{"@id":"https:\/\/www.altominho.tv\/site\/2021\/02\/09\/espanha-prolonga-controlos-fronteiricos-ate-marco\/"},"author":{"name":"Lusa","@id":"https:\/\/www.altominho.tv\/site\/#\/schema\/person\/63f693da3e1899361cbe955c46f3232e"},"headline":"Espanha prolonga controlos fronteiri\u00e7os at\u00e9 mar\u00e7o","datePublished":"2021-02-09T09:56:44+00:00","dateModified":"2021-02-09T09:56:48+00:00","mainEntityOfPage":{"@id":"https:\/\/www.altominho.tv\/site\/2021\/02\/09\/espanha-prolonga-controlos-fronteiricos-ate-marco\/"},"wordCount":255,"image":{"@id":"https:\/\/www.altominho.tv\/site\/2021\/02\/09\/espanha-prolonga-controlos-fronteiricos-ate-marco\/#primaryimage"},"thumbnailUrl":"https:\/\/www.altominho.tv\/site\/wp-content\/uploads\/2021\/02\/Fronteira-fechada.jpg","keywords":["Sociedade"],"articleSection":["Coronav\u00edrus"],"inLanguage":"pt-PT","copyrightYear":"2021","copyrightHolder":{"@id":"https:\/\/www.altominho.tv\/site\/#organization"}},{"@type":"WebPage","@id":"https:\/\/www.altominho.tv\/site\/2021\/02\/09\/espanha-prolonga-controlos-fronteiricos-ate-marco\/","url":"https:\/\/www.altominho.tv\/site\/2021\/02\/09\/espanha-prolonga-controlos-fronteiricos-ate-marco\/","name":"Espanha prolonga controlos fronteiri\u00e7os at\u00e9 mar\u00e7o","isPartOf":{"@id":"https:\/\/www.altominho.tv\/site\/#website"},"primaryImageOfPage":{"@id":"https:\/\/www.altominho.tv\/site\/2021\/02\/09\/espanha-prolonga-controlos-fronteiricos-ate-marco\/#primaryimage"},"image":{"@id":"https:\/\/www.altominho.tv\/site\/2021\/02\/09\/espanha-prolonga-controlos-fronteiricos-ate-marco\/#primaryimage"},"thumbnailUrl":"https:\/\/www.altominho.tv\/site\/wp-content\/uploads\/2021\/02\/Fronteira-fechada.jpg","datePublished":"2021-02-09T09:56:44+00:00","dateModified":"2021-02-09T09:56:48+00:00","author":{"@id":"https:\/\/www.altominho.tv\/site\/#\/schema\/person\/63f693da3e1899361cbe955c46f3232e"},"breadcrumb":{"@id":"https:\/\/www.altominho.tv\/site\/2021\/02\/09\/espanha-prolonga-controlos-fronteiricos-ate-marco\/#breadcrumb"},"inLanguage":"pt-PT","potentialAction":[{"@type":"ReadAction","target":["https:\/\/www.altominho.tv\/site\/2021\/02\/09\/espanha-prolonga-controlos-fronteiricos-ate-marco\/"]}]},{"@type":"ImageObject","inLanguage":"pt-PT","@id":"https:\/\/www.altominho.tv\/site\/2021\/02\/09\/espanha-prolonga-controlos-fronteiricos-ate-marco\/#primaryimage","url":"https:\/\/www.altominho.tv\/site\/wp-content\/uploads\/2021\/02\/Fronteira-fechada.jpg","contentUrl":"https:\/\/www.altominho.tv\/site\/wp-content\/uploads\/2021\/02\/Fronteira-fechada.jpg","width":1366,"height":768},{"@type":"BreadcrumbList","@id":"https:\/\/www.altominho.tv\/site\/2021\/02\/09\/espanha-prolonga-controlos-fronteiricos-ate-marco\/#breadcrumb","itemListElement":[{"@type":"ListItem","position":1,"name":"In\u00edcio","item":"https:\/\/www.altominho.tv\/site\/"},{"@type":"ListItem","position":2,"name":"Espanha prolonga controlos fronteiri\u00e7os at\u00e9 mar\u00e7o"}]},{"@type":"WebSite","@id":"https:\/\/www.altominho.tv\/site\/#website","url":"https:\/\/www.altominho.tv\/site\/","name":"Altominho.tv","description":"A sua regi\u00e3o \u00e0 dist\u00e2ncia de um clique...","potentialAction":[{"@type":"SearchAction","target":{"@type":"EntryPoint","urlTemplate":"https:\/\/www.altominho.tv\/site\/?s={search_term_string}"},"query-input":{"@type":"PropertyValueSpecification","valueRequired":true,"valueName":"search_term_string"}}],"inLanguage":"pt-PT"},{"@type":"Person","@id":"https:\/\/www.altominho.tv\/site\/#\/schema\/person\/63f693da3e1899361cbe955c46f3232e","name":"Lusa","image":{"@type":"ImageObject","inLanguage":"pt-PT","@id":"https:\/\/www.altominho.tv\/site\/wp-content\/uploads\/2019\/08\/LUSA_Logo.gif","url":"https:\/\/www.altominho.tv\/site\/wp-content\/uploads\/2019\/08\/LUSA_Logo.gif","contentUrl":"https:\/\/www.altominho.tv\/site\/wp-content\/uploads\/2019\/08\/LUSA_Logo.gif","caption":"Lusa"},"sameAs":["http:\/\/\/\/www.altominho.tv\/site"],"url":"https:\/\/www.altominho.tv\/site\/author\/lusa\/"}]}},"_links":{"self":[{"href":"https:\/\/www.altominho.tv\/site\/wp-json\/wp\/v2\/posts\/61674","targetHints":{"allow":["GET"]}}],"collection":[{"href":"https:\/\/www.altominho.tv\/site\/wp-json\/wp\/v2\/posts"}],"about":[{"href":"https:\/\/www.altominho.tv\/site\/wp-json\/wp\/v2\/types\/post"}],"author":[{"embeddable":true,"href":"https:\/\/www.altominho.tv\/site\/wp-json\/wp\/v2\/users\/13"}],"replies":[{"embeddable":true,"href":"https:\/\/www.altominho.tv\/site\/wp-json\/wp\/v2\/comments?post=61674"}],"version-history":[{"count":0,"href":"https:\/\/www.altominho.tv\/site\/wp-json\/wp\/v2\/posts\/61674\/revisions"}],"wp:featuredmedia":[{"embeddable":true,"href":"https:\/\/www.altominho.tv\/site\/wp-json\/wp\/v2\/media\/61677"}],"wp:attachment":[{"href":"https:\/\/www.altominho.tv\/site\/wp-json\/wp\/v2\/media?parent=61674"}],"wp:term":[{"taxonomy":"category","embeddable":true,"href":"https:\/\/www.altominho.tv\/site\/wp-json\/wp\/v2\/categories?post=61674"},{"taxonomy":"post_tag","embeddable":true,"href":"https:\/\/www.altominho.tv\/site\/wp-json\/wp\/v2\/tags?post=61674"}],"curies":[{"name":"wp","href":"https:\/\/api.w.org\/{rel}","templated":true}]}}