{"id":61637,"date":"2021-02-08T19:50:35","date_gmt":"2021-02-08T19:50:35","guid":{"rendered":"https:\/\/www.altominho.tv\/site\/?p=61637"},"modified":"2021-02-09T11:28:40","modified_gmt":"2021-02-09T11:28:40","slug":"professora-de-castro-laboreiro-com-casa-as-costas-para-apanhar-rede-e-dar-aulas","status":"publish","type":"post","link":"https:\/\/www.altominho.tv\/site\/2021\/02\/08\/professora-de-castro-laboreiro-com-casa-as-costas-para-apanhar-rede-e-dar-aulas\/","title":{"rendered":"Professora de Castro Laboreiro com &#8220;casa \u00e0s costas\u201d para \u201capanhar\u201d rede e dar aulas"},"content":{"rendered":"<p>A professora C\u00e9lia Bernardo deixou a casa em Ribeiro de Cima, Castro Laboreiro, por falta de rede m\u00f3vel para as aulas \u00e0 dist\u00e2ncia, mudou-se para outra habita\u00e7\u00e3o no centro de Melga\u00e7o, mas s\u00f3 conseguiu cobertura na escola.<\/p>\n<p>&#8220;Ando com a casa \u00e0s costas. Em Ribeiro de Cima, Castro Laboreiro, n\u00e3o h\u00e1 rede m\u00f3vel e a rede fixa \u00e9 um problema aut\u00eantico. A maior parte das vezes, estamos sem telefone e a Internet ligada ao telefone \u00e9 super lenta. Mudei-me para um apartamento na sede do concelho, em Melga\u00e7o, e hoje quis dar a aula em casa, com a minha \u2018net&#8217; e n\u00e3o consegui. Deixava, constantemente, de ouvir os meus alunos&#8221;, explicou a docente.<\/p>\n<p>Em 2017, foi apresentado na Porta de Lamas de Mouro um projeto de interesse p\u00fablico do Minist\u00e9rio do Ambiente para refor\u00e7ar a cobertura da rede eletr\u00f3nica m\u00f3vel no Parque Nacional da Peneda Ger\u00eas (PNPG), no distrito de Viana do Castelo.<\/p>\n<p>&#8220;Castro Laboreiro est\u00e1 dentro do parque. Disseram que a vila ia ficar coberta, mas n\u00e3o ficou. Instalaram uma antena, mas h\u00e1 v\u00e1rias zonas em que se apanha muito mal e nos lugares de Ribeiro de Cima e Ribeiro de Baixo n\u00e3o se apanha nada. \u00c9 impens\u00e1vel&#8221;, lamentou C\u00e9lia Bernardo.<\/p>\n<p>Hoje, no primeiro dia de ensino \u00e0 dist\u00e2ncia, a solu\u00e7\u00e3o que lhe restou foi dar a aula a partir da sala do agrupamento escolas de Melga\u00e7o. Com 53 anos, C\u00e9lia \u00e9 professora desde 2003, sempre contratada.<\/p>\n<p>&#8220;Ando de escola em escola. J\u00e1 dei aulas na P\u00f3voa de Lanhoso, Vila do Conde, Viana do Castelo, Ponte de Lima, Chaves e tantos outros lugares. Este ano \u00e9 a primeira vez no meu concelho, pela primeira vez a lecionar o primeiro ciclo e acontece uma coisa destas&#8221;, desabafou.<\/p>\n<p>Sozinha na sala de aula do agrupamento em Melga\u00e7o, faz o que pode para acalmar a ansiedade dos &#8220;meninos&#8221; que querem voltar \u00e0 escola. &#8220;Eles querem tanto vir para a escola e eu tenho muitas saudades deles. Quero os meus meninos na sala de aula. No meio disto tudo, ainda tenho a sorte de ter uma turma de 26 alunos em que todos os pais s\u00e3o muito participativos. Hoje, estiveram todos os alunos na sala de aula virtual. Nesse aspeto tenho sorte. S\u00f3 n\u00e3o tenho sorte \u00e9 com a rede&#8221;, observou.<\/p>\n<p>Melga\u00e7o, com 238 quil\u00f3metros quadrados distribu\u00eddos por 13 freguesias, \u00e9 o concelho menos populoso do distrito de Viana do Castelo, tendo, de acordo com os Censos 2011, 9.213 habitantes.<\/p>\n<p>O ponto mais elevado de Melga\u00e7o situa-se no Giestoso, com 1.335 metros de altitude, na Uni\u00e3o de Freguesias de Castro Laboreiro e Lamas de Mouro, a cerca de 27 quil\u00f3metros da sede do concelho, e a mais de 100 quil\u00f3metros da capital do Alto Minho, Viana do Castelo.<\/p>\n","protected":false},"excerpt":{"rendered":"<p>A professora C\u00e9lia Bernardo deixou a casa em Ribeiro de Cima, Castro Laboreiro, por falta de rede m\u00f3vel para as aulas \u00e0 dist\u00e2ncia, mudou-se para outra habita\u00e7\u00e3o no centro de Melga\u00e7o, mas s\u00f3 conseguiu cobertura na escola. &#8220;Ando com a casa \u00e0s costas. Em Ribeiro de Cima, Castro Laboreiro, n\u00e3o h\u00e1 rede m\u00f3vel e a [&hellip;]<\/p>\n","protected":false},"author":13,"featured_media":61638,"comment_status":"closed","ping_status":"closed","sticky":false,"template":"","format":"standard","meta":{"_exactmetrics_skip_tracking":false,"_exactmetrics_sitenote_active":false,"_exactmetrics_sitenote_note":"","_exactmetrics_sitenote_category":0,"footnotes":""},"categories":[8],"tags":[22,23],"class_list":["post-61637","post","type-post","status-publish","format-standard","has-post-thumbnail","hentry","category-melgaco","tag-educacao","tag-gente"],"yoast_head":"<!-- This site is optimized with the Yoast SEO Premium plugin v27.5 (Yoast SEO v27.5) - https:\/\/yoast.com\/product\/yoast-seo-premium-wordpress\/ -->\n<title>Professora de Castro Laboreiro com &quot;casa \u00e0s costas\u201d para \u201capanhar\u201d rede e dar aulas<\/title>\n<meta name=\"robots\" content=\"index, follow, max-snippet:-1, max-image-preview:large, max-video-preview:-1\" \/>\n<link rel=\"canonical\" href=\"https:\/\/www.altominho.tv\/site\/2021\/02\/08\/professora-de-castro-laboreiro-com-casa-as-costas-para-apanhar-rede-e-dar-aulas\/\" \/>\n<meta property=\"og:locale\" content=\"pt_PT\" \/>\n<meta property=\"og:type\" content=\"article\" \/>\n<meta property=\"og:title\" content=\"Professora de Castro Laboreiro com &quot;casa \u00e0s costas\u201d para \u201capanhar\u201d rede e dar aulas\" \/>\n<meta property=\"og:description\" content=\"A professora C\u00e9lia Bernardo deixou a casa em Ribeiro de Cima, Castro Laboreiro, por falta de rede m\u00f3vel para as aulas \u00e0 dist\u00e2ncia, mudou-se para outra habita\u00e7\u00e3o no centro de Melga\u00e7o, mas s\u00f3 conseguiu cobertura na escola. &#8220;Ando com a casa \u00e0s costas. Em Ribeiro de Cima, Castro Laboreiro, n\u00e3o h\u00e1 rede m\u00f3vel e a [&hellip;]\" \/>\n<meta property=\"og:url\" content=\"https:\/\/www.altominho.tv\/site\/2021\/02\/08\/professora-de-castro-laboreiro-com-casa-as-costas-para-apanhar-rede-e-dar-aulas\/\" \/>\n<meta property=\"og:site_name\" content=\"Altominho.tv\" \/>\n<meta property=\"article:publisher\" content=\"https:\/\/www.facebook.com\/altominhotv\" \/>\n<meta property=\"article:published_time\" content=\"2021-02-08T19:50:35+00:00\" \/>\n<meta property=\"article:modified_time\" content=\"2021-02-09T11:28:40+00:00\" \/>\n<meta property=\"og:image\" content=\"https:\/\/www.altominho.tv\/site\/wp-content\/uploads\/2021\/02\/Vista-Castelo-C_laboreiro-1030x687-1.jpg\" \/>\n\t<meta property=\"og:image:width\" content=\"1030\" \/>\n\t<meta property=\"og:image:height\" content=\"687\" \/>\n\t<meta property=\"og:image:type\" content=\"image\/jpeg\" \/>\n<meta name=\"author\" content=\"Lusa\" \/>\n<meta name=\"twitter:card\" content=\"summary_large_image\" \/>\n<meta name=\"twitter:creator\" content=\"@altominhoTV\" \/>\n<meta name=\"twitter:site\" content=\"@altominhoTV\" \/>\n<meta name=\"twitter:label1\" content=\"Escrito por\" \/>\n\t<meta name=\"twitter:data1\" content=\"Lusa\" \/>\n\t<meta name=\"twitter:label2\" content=\"Tempo estimado de leitura\" \/>\n\t<meta name=\"twitter:data2\" content=\"2 minutos\" \/>\n<script type=\"application\/ld+json\" class=\"yoast-schema-graph\">{\"@context\":\"https:\\\/\\\/schema.org\",\"@graph\":[{\"@type\":\"Article\",\"@id\":\"https:\\\/\\\/www.altominho.tv\\\/site\\\/2021\\\/02\\\/08\\\/professora-de-castro-laboreiro-com-casa-as-costas-para-apanhar-rede-e-dar-aulas\\\/#article\",\"isPartOf\":{\"@id\":\"https:\\\/\\\/www.altominho.tv\\\/site\\\/2021\\\/02\\\/08\\\/professora-de-castro-laboreiro-com-casa-as-costas-para-apanhar-rede-e-dar-aulas\\\/\"},\"author\":{\"name\":\"Lusa\",\"@id\":\"https:\\\/\\\/www.altominho.tv\\\/site\\\/#\\\/schema\\\/person\\\/63f693da3e1899361cbe955c46f3232e\"},\"headline\":\"Professora de Castro Laboreiro com &#8220;casa \u00e0s costas\u201d para \u201capanhar\u201d rede e dar aulas\",\"datePublished\":\"2021-02-08T19:50:35+00:00\",\"dateModified\":\"2021-02-09T11:28:40+00:00\",\"mainEntityOfPage\":{\"@id\":\"https:\\\/\\\/www.altominho.tv\\\/site\\\/2021\\\/02\\\/08\\\/professora-de-castro-laboreiro-com-casa-as-costas-para-apanhar-rede-e-dar-aulas\\\/\"},\"wordCount\":484,\"image\":{\"@id\":\"https:\\\/\\\/www.altominho.tv\\\/site\\\/2021\\\/02\\\/08\\\/professora-de-castro-laboreiro-com-casa-as-costas-para-apanhar-rede-e-dar-aulas\\\/#primaryimage\"},\"thumbnailUrl\":\"https:\\\/\\\/www.altominho.tv\\\/site\\\/wp-content\\\/uploads\\\/2021\\\/02\\\/Vista-Castelo-C_laboreiro-1030x687-1.jpg\",\"keywords\":[\"Educa\u00e7\u00e3o\",\"Gente\"],\"articleSection\":[\"Melga\u00e7o\"],\"inLanguage\":\"pt-PT\",\"copyrightYear\":\"2021\",\"copyrightHolder\":{\"@id\":\"https:\\\/\\\/www.altominho.tv\\\/site\\\/#organization\"}},{\"@type\":\"WebPage\",\"@id\":\"https:\\\/\\\/www.altominho.tv\\\/site\\\/2021\\\/02\\\/08\\\/professora-de-castro-laboreiro-com-casa-as-costas-para-apanhar-rede-e-dar-aulas\\\/\",\"url\":\"https:\\\/\\\/www.altominho.tv\\\/site\\\/2021\\\/02\\\/08\\\/professora-de-castro-laboreiro-com-casa-as-costas-para-apanhar-rede-e-dar-aulas\\\/\",\"name\":\"Professora de Castro Laboreiro com \\\"casa \u00e0s costas\u201d para \u201capanhar\u201d rede e dar aulas\",\"isPartOf\":{\"@id\":\"https:\\\/\\\/www.altominho.tv\\\/site\\\/#website\"},\"primaryImageOfPage\":{\"@id\":\"https:\\\/\\\/www.altominho.tv\\\/site\\\/2021\\\/02\\\/08\\\/professora-de-castro-laboreiro-com-casa-as-costas-para-apanhar-rede-e-dar-aulas\\\/#primaryimage\"},\"image\":{\"@id\":\"https:\\\/\\\/www.altominho.tv\\\/site\\\/2021\\\/02\\\/08\\\/professora-de-castro-laboreiro-com-casa-as-costas-para-apanhar-rede-e-dar-aulas\\\/#primaryimage\"},\"thumbnailUrl\":\"https:\\\/\\\/www.altominho.tv\\\/site\\\/wp-content\\\/uploads\\\/2021\\\/02\\\/Vista-Castelo-C_laboreiro-1030x687-1.jpg\",\"datePublished\":\"2021-02-08T19:50:35+00:00\",\"dateModified\":\"2021-02-09T11:28:40+00:00\",\"author\":{\"@id\":\"https:\\\/\\\/www.altominho.tv\\\/site\\\/#\\\/schema\\\/person\\\/63f693da3e1899361cbe955c46f3232e\"},\"breadcrumb\":{\"@id\":\"https:\\\/\\\/www.altominho.tv\\\/site\\\/2021\\\/02\\\/08\\\/professora-de-castro-laboreiro-com-casa-as-costas-para-apanhar-rede-e-dar-aulas\\\/#breadcrumb\"},\"inLanguage\":\"pt-PT\",\"potentialAction\":[{\"@type\":\"ReadAction\",\"target\":[\"https:\\\/\\\/www.altominho.tv\\\/site\\\/2021\\\/02\\\/08\\\/professora-de-castro-laboreiro-com-casa-as-costas-para-apanhar-rede-e-dar-aulas\\\/\"]}]},{\"@type\":\"ImageObject\",\"inLanguage\":\"pt-PT\",\"@id\":\"https:\\\/\\\/www.altominho.tv\\\/site\\\/2021\\\/02\\\/08\\\/professora-de-castro-laboreiro-com-casa-as-costas-para-apanhar-rede-e-dar-aulas\\\/#primaryimage\",\"url\":\"https:\\\/\\\/www.altominho.tv\\\/site\\\/wp-content\\\/uploads\\\/2021\\\/02\\\/Vista-Castelo-C_laboreiro-1030x687-1.jpg\",\"contentUrl\":\"https:\\\/\\\/www.altominho.tv\\\/site\\\/wp-content\\\/uploads\\\/2021\\\/02\\\/Vista-Castelo-C_laboreiro-1030x687-1.jpg\",\"width\":1030,\"height\":687},{\"@type\":\"BreadcrumbList\",\"@id\":\"https:\\\/\\\/www.altominho.tv\\\/site\\\/2021\\\/02\\\/08\\\/professora-de-castro-laboreiro-com-casa-as-costas-para-apanhar-rede-e-dar-aulas\\\/#breadcrumb\",\"itemListElement\":[{\"@type\":\"ListItem\",\"position\":1,\"name\":\"In\u00edcio\",\"item\":\"https:\\\/\\\/www.altominho.tv\\\/site\\\/\"},{\"@type\":\"ListItem\",\"position\":2,\"name\":\"Professora de Castro Laboreiro com &#8220;casa \u00e0s costas\u201d para \u201capanhar\u201d rede e dar aulas\"}]},{\"@type\":\"WebSite\",\"@id\":\"https:\\\/\\\/www.altominho.tv\\\/site\\\/#website\",\"url\":\"https:\\\/\\\/www.altominho.tv\\\/site\\\/\",\"name\":\"Altominho.tv\",\"description\":\"A sua regi\u00e3o \u00e0 dist\u00e2ncia de um clique...\",\"potentialAction\":[{\"@type\":\"SearchAction\",\"target\":{\"@type\":\"EntryPoint\",\"urlTemplate\":\"https:\\\/\\\/www.altominho.tv\\\/site\\\/?s={search_term_string}\"},\"query-input\":{\"@type\":\"PropertyValueSpecification\",\"valueRequired\":true,\"valueName\":\"search_term_string\"}}],\"inLanguage\":\"pt-PT\"},{\"@type\":\"Person\",\"@id\":\"https:\\\/\\\/www.altominho.tv\\\/site\\\/#\\\/schema\\\/person\\\/63f693da3e1899361cbe955c46f3232e\",\"name\":\"Lusa\",\"image\":{\"@type\":\"ImageObject\",\"inLanguage\":\"pt-PT\",\"@id\":\"https:\\\/\\\/www.altominho.tv\\\/site\\\/wp-content\\\/uploads\\\/2019\\\/08\\\/LUSA_Logo.gif\",\"url\":\"https:\\\/\\\/www.altominho.tv\\\/site\\\/wp-content\\\/uploads\\\/2019\\\/08\\\/LUSA_Logo.gif\",\"contentUrl\":\"https:\\\/\\\/www.altominho.tv\\\/site\\\/wp-content\\\/uploads\\\/2019\\\/08\\\/LUSA_Logo.gif\",\"caption\":\"Lusa\"},\"sameAs\":[\"http:\\\/\\\/\\\/\\\/www.altominho.tv\\\/site\"],\"url\":\"https:\\\/\\\/www.altominho.tv\\\/site\\\/author\\\/lusa\\\/\"}]}<\/script>\n<!-- \/ Yoast SEO Premium plugin. -->","yoast_head_json":{"title":"Professora de Castro Laboreiro com \"casa \u00e0s costas\u201d para \u201capanhar\u201d rede e dar aulas","robots":{"index":"index","follow":"follow","max-snippet":"max-snippet:-1","max-image-preview":"max-image-preview:large","max-video-preview":"max-video-preview:-1"},"canonical":"https:\/\/www.altominho.tv\/site\/2021\/02\/08\/professora-de-castro-laboreiro-com-casa-as-costas-para-apanhar-rede-e-dar-aulas\/","og_locale":"pt_PT","og_type":"article","og_title":"Professora de Castro Laboreiro com \"casa \u00e0s costas\u201d para \u201capanhar\u201d rede e dar aulas","og_description":"A professora C\u00e9lia Bernardo deixou a casa em Ribeiro de Cima, Castro Laboreiro, por falta de rede m\u00f3vel para as aulas \u00e0 dist\u00e2ncia, mudou-se para outra habita\u00e7\u00e3o no centro de Melga\u00e7o, mas s\u00f3 conseguiu cobertura na escola. &#8220;Ando com a casa \u00e0s costas. Em Ribeiro de Cima, Castro Laboreiro, n\u00e3o h\u00e1 rede m\u00f3vel e a [&hellip;]","og_url":"https:\/\/www.altominho.tv\/site\/2021\/02\/08\/professora-de-castro-laboreiro-com-casa-as-costas-para-apanhar-rede-e-dar-aulas\/","og_site_name":"Altominho.tv","article_publisher":"https:\/\/www.facebook.com\/altominhotv","article_published_time":"2021-02-08T19:50:35+00:00","article_modified_time":"2021-02-09T11:28:40+00:00","og_image":[{"width":1030,"height":687,"url":"https:\/\/www.altominho.tv\/site\/wp-content\/uploads\/2021\/02\/Vista-Castelo-C_laboreiro-1030x687-1.jpg","type":"image\/jpeg"}],"author":"Lusa","twitter_card":"summary_large_image","twitter_creator":"@altominhoTV","twitter_site":"@altominhoTV","twitter_misc":{"Escrito por":"Lusa","Tempo estimado de leitura":"2 minutos"},"schema":{"@context":"https:\/\/schema.org","@graph":[{"@type":"Article","@id":"https:\/\/www.altominho.tv\/site\/2021\/02\/08\/professora-de-castro-laboreiro-com-casa-as-costas-para-apanhar-rede-e-dar-aulas\/#article","isPartOf":{"@id":"https:\/\/www.altominho.tv\/site\/2021\/02\/08\/professora-de-castro-laboreiro-com-casa-as-costas-para-apanhar-rede-e-dar-aulas\/"},"author":{"name":"Lusa","@id":"https:\/\/www.altominho.tv\/site\/#\/schema\/person\/63f693da3e1899361cbe955c46f3232e"},"headline":"Professora de Castro Laboreiro com &#8220;casa \u00e0s costas\u201d para \u201capanhar\u201d rede e dar aulas","datePublished":"2021-02-08T19:50:35+00:00","dateModified":"2021-02-09T11:28:40+00:00","mainEntityOfPage":{"@id":"https:\/\/www.altominho.tv\/site\/2021\/02\/08\/professora-de-castro-laboreiro-com-casa-as-costas-para-apanhar-rede-e-dar-aulas\/"},"wordCount":484,"image":{"@id":"https:\/\/www.altominho.tv\/site\/2021\/02\/08\/professora-de-castro-laboreiro-com-casa-as-costas-para-apanhar-rede-e-dar-aulas\/#primaryimage"},"thumbnailUrl":"https:\/\/www.altominho.tv\/site\/wp-content\/uploads\/2021\/02\/Vista-Castelo-C_laboreiro-1030x687-1.jpg","keywords":["Educa\u00e7\u00e3o","Gente"],"articleSection":["Melga\u00e7o"],"inLanguage":"pt-PT","copyrightYear":"2021","copyrightHolder":{"@id":"https:\/\/www.altominho.tv\/site\/#organization"}},{"@type":"WebPage","@id":"https:\/\/www.altominho.tv\/site\/2021\/02\/08\/professora-de-castro-laboreiro-com-casa-as-costas-para-apanhar-rede-e-dar-aulas\/","url":"https:\/\/www.altominho.tv\/site\/2021\/02\/08\/professora-de-castro-laboreiro-com-casa-as-costas-para-apanhar-rede-e-dar-aulas\/","name":"Professora de Castro Laboreiro com \"casa \u00e0s costas\u201d para \u201capanhar\u201d rede e dar aulas","isPartOf":{"@id":"https:\/\/www.altominho.tv\/site\/#website"},"primaryImageOfPage":{"@id":"https:\/\/www.altominho.tv\/site\/2021\/02\/08\/professora-de-castro-laboreiro-com-casa-as-costas-para-apanhar-rede-e-dar-aulas\/#primaryimage"},"image":{"@id":"https:\/\/www.altominho.tv\/site\/2021\/02\/08\/professora-de-castro-laboreiro-com-casa-as-costas-para-apanhar-rede-e-dar-aulas\/#primaryimage"},"thumbnailUrl":"https:\/\/www.altominho.tv\/site\/wp-content\/uploads\/2021\/02\/Vista-Castelo-C_laboreiro-1030x687-1.jpg","datePublished":"2021-02-08T19:50:35+00:00","dateModified":"2021-02-09T11:28:40+00:00","author":{"@id":"https:\/\/www.altominho.tv\/site\/#\/schema\/person\/63f693da3e1899361cbe955c46f3232e"},"breadcrumb":{"@id":"https:\/\/www.altominho.tv\/site\/2021\/02\/08\/professora-de-castro-laboreiro-com-casa-as-costas-para-apanhar-rede-e-dar-aulas\/#breadcrumb"},"inLanguage":"pt-PT","potentialAction":[{"@type":"ReadAction","target":["https:\/\/www.altominho.tv\/site\/2021\/02\/08\/professora-de-castro-laboreiro-com-casa-as-costas-para-apanhar-rede-e-dar-aulas\/"]}]},{"@type":"ImageObject","inLanguage":"pt-PT","@id":"https:\/\/www.altominho.tv\/site\/2021\/02\/08\/professora-de-castro-laboreiro-com-casa-as-costas-para-apanhar-rede-e-dar-aulas\/#primaryimage","url":"https:\/\/www.altominho.tv\/site\/wp-content\/uploads\/2021\/02\/Vista-Castelo-C_laboreiro-1030x687-1.jpg","contentUrl":"https:\/\/www.altominho.tv\/site\/wp-content\/uploads\/2021\/02\/Vista-Castelo-C_laboreiro-1030x687-1.jpg","width":1030,"height":687},{"@type":"BreadcrumbList","@id":"https:\/\/www.altominho.tv\/site\/2021\/02\/08\/professora-de-castro-laboreiro-com-casa-as-costas-para-apanhar-rede-e-dar-aulas\/#breadcrumb","itemListElement":[{"@type":"ListItem","position":1,"name":"In\u00edcio","item":"https:\/\/www.altominho.tv\/site\/"},{"@type":"ListItem","position":2,"name":"Professora de Castro Laboreiro com &#8220;casa \u00e0s costas\u201d para \u201capanhar\u201d rede e dar aulas"}]},{"@type":"WebSite","@id":"https:\/\/www.altominho.tv\/site\/#website","url":"https:\/\/www.altominho.tv\/site\/","name":"Altominho.tv","description":"A sua regi\u00e3o \u00e0 dist\u00e2ncia de um clique...","potentialAction":[{"@type":"SearchAction","target":{"@type":"EntryPoint","urlTemplate":"https:\/\/www.altominho.tv\/site\/?s={search_term_string}"},"query-input":{"@type":"PropertyValueSpecification","valueRequired":true,"valueName":"search_term_string"}}],"inLanguage":"pt-PT"},{"@type":"Person","@id":"https:\/\/www.altominho.tv\/site\/#\/schema\/person\/63f693da3e1899361cbe955c46f3232e","name":"Lusa","image":{"@type":"ImageObject","inLanguage":"pt-PT","@id":"https:\/\/www.altominho.tv\/site\/wp-content\/uploads\/2019\/08\/LUSA_Logo.gif","url":"https:\/\/www.altominho.tv\/site\/wp-content\/uploads\/2019\/08\/LUSA_Logo.gif","contentUrl":"https:\/\/www.altominho.tv\/site\/wp-content\/uploads\/2019\/08\/LUSA_Logo.gif","caption":"Lusa"},"sameAs":["http:\/\/\/\/www.altominho.tv\/site"],"url":"https:\/\/www.altominho.tv\/site\/author\/lusa\/"}]}},"_links":{"self":[{"href":"https:\/\/www.altominho.tv\/site\/wp-json\/wp\/v2\/posts\/61637","targetHints":{"allow":["GET"]}}],"collection":[{"href":"https:\/\/www.altominho.tv\/site\/wp-json\/wp\/v2\/posts"}],"about":[{"href":"https:\/\/www.altominho.tv\/site\/wp-json\/wp\/v2\/types\/post"}],"author":[{"embeddable":true,"href":"https:\/\/www.altominho.tv\/site\/wp-json\/wp\/v2\/users\/13"}],"replies":[{"embeddable":true,"href":"https:\/\/www.altominho.tv\/site\/wp-json\/wp\/v2\/comments?post=61637"}],"version-history":[{"count":0,"href":"https:\/\/www.altominho.tv\/site\/wp-json\/wp\/v2\/posts\/61637\/revisions"}],"wp:featuredmedia":[{"embeddable":true,"href":"https:\/\/www.altominho.tv\/site\/wp-json\/wp\/v2\/media\/61638"}],"wp:attachment":[{"href":"https:\/\/www.altominho.tv\/site\/wp-json\/wp\/v2\/media?parent=61637"}],"wp:term":[{"taxonomy":"category","embeddable":true,"href":"https:\/\/www.altominho.tv\/site\/wp-json\/wp\/v2\/categories?post=61637"},{"taxonomy":"post_tag","embeddable":true,"href":"https:\/\/www.altominho.tv\/site\/wp-json\/wp\/v2\/tags?post=61637"}],"curies":[{"name":"wp","href":"https:\/\/api.w.org\/{rel}","templated":true}]}}