{"id":61601,"date":"2021-02-08T16:15:15","date_gmt":"2021-02-08T16:15:15","guid":{"rendered":"https:\/\/www.altominho.tv\/site\/?p=61601"},"modified":"2021-02-08T16:15:19","modified_gmt":"2021-02-08T16:15:19","slug":"portugal-deixa-de-ter-maior-media-de-novos-casos-mas-continua-com-mais-mortes","status":"publish","type":"post","link":"https:\/\/www.altominho.tv\/site\/2021\/02\/08\/portugal-deixa-de-ter-maior-media-de-novos-casos-mas-continua-com-mais-mortes\/","title":{"rendered":"Portugal deixa de ter maior m\u00e9dia de novos casos mas continua com mais mortes"},"content":{"rendered":"\n<p>Portugal deixou de ser o pa\u00eds com mais novos cont\u00e1gios pelo novo coronav\u00edrus por milh\u00e3o de habitantes nos \u00faltimos sete dias, mas continua \u00e0 frente no n\u00famero de mortos, segundo os n\u00fameros do \u2018site\u2019 estat\u00edstico Our World in Data.<\/p>\n\n\n\n<p>Portugal era hoje o s\u00e9timo pa\u00eds do mundo de alguma dimens\u00e3o com mais novos casos por dia confirmados por milh\u00e3o de habitantes (344), superado por Israel (753), Rep\u00fablica Checa (454), Peru (414), Alb\u00e2nia (390), Brasil (364) e Bahrain (362).<\/p>\n\n\n\n<p>Na segunda-feira passada, no mesmo \u2018site\u2019, Portugal apresentava uma m\u00e9dia de 1.142 novos casos di\u00e1rios por milh\u00e3o nos \u00faltimos sete dias.<\/p>\n\n\n\n<p>Quanto \u00e0 m\u00e9dia di\u00e1ria de mortes por milh\u00e3o de habitantes, Portugal continua no topo da lista, com 20 novos \u00f3bitos di\u00e1rios por milh\u00e3o.<\/p>\n\n\n\n<p>Abaixo est\u00e3o Eslov\u00e1quia (11,4), Peru (11,4), Rep\u00fablica Checa (9,9), L\u00edbano (7,9) e Brasil (7,1).<\/p>\n\n\n\n<p>Na semana passada, Portugal estava com uma m\u00e9dia di\u00e1ria de novas mortes por milh\u00e3o de habitantes de 29,7, segundo o Our World in Data, que recorre a dados compilados pela universidade norte-americana Johns Hopkins.<\/p>\n\n\n\n<p>Descontando os n\u00fameros de pequenos territ\u00f3rios como San Marino, Luxemburgo, Andorra e Montenegro, que tem menos de um milh\u00e3o de habitantes, Portugal \u00e9 agora o sexto pa\u00eds do mundo em n\u00famero total de casos por milh\u00e3o de habitantes (75.064), numa lista encabe\u00e7ada pela Rep\u00fablica Checa (96.645).<\/p>\n\n\n\n<p>No que toca ao n\u00famero global de mortes por milh\u00e3o de habitantes, Portugal \u00e9 o oitavo pa\u00eds com mais de um milh\u00e3o de habitantes a surgir na lista, com 1.388 mortes. A B\u00e9lgica, com 1.845 mortes por milh\u00e3o de habitantes, lidera este indicador.<\/p>\n\n\n\n<p>A pandemia de covid-19 provocou, pelo menos, 2.316.812 mortos no mundo, resultantes de mais de 106 milh\u00f5es de casos de infe\u00e7\u00e3o, segundo um balan\u00e7o feito pela ag\u00eancia francesa AFP.<\/p>\n\n\n\n<p>Em Portugal, morreram 14.354 pessoas dos 767.919 casos de infe\u00e7\u00e3o confirmados, de acordo com o boletim mais recente da Dire\u00e7\u00e3o-Geral da Sa\u00fade.<\/p>\n","protected":false},"excerpt":{"rendered":"<p>Portugal deixou de ser o pa\u00eds com mais novos cont\u00e1gios pelo novo coronav\u00edrus por milh\u00e3o de habitantes nos \u00faltimos sete dias, mas continua \u00e0 frente no n\u00famero de mortos, segundo os n\u00fameros do \u2018site\u2019 estat\u00edstico Our World in Data. Portugal era hoje o s\u00e9timo pa\u00eds do mundo de alguma dimens\u00e3o com mais novos casos por [&hellip;]<\/p>\n","protected":false},"author":13,"featured_media":61603,"comment_status":"closed","ping_status":"closed","sticky":false,"template":"","format":"standard","meta":{"_exactmetrics_skip_tracking":false,"_exactmetrics_sitenote_active":false,"_exactmetrics_sitenote_note":"","_exactmetrics_sitenote_category":0,"footnotes":""},"categories":[42722],"tags":[26,27],"class_list":["post-61601","post","type-post","status-publish","format-standard","has-post-thumbnail","hentry","category-covid-19","tag-saude","tag-sociedade"],"yoast_head":"<!-- This site is optimized with the Yoast SEO Premium plugin v27.4 (Yoast SEO v27.4) - https:\/\/yoast.com\/product\/yoast-seo-premium-wordpress\/ -->\n<title>Portugal deixa de ter maior m\u00e9dia de novos casos mas continua com mais mortes<\/title>\n<meta name=\"robots\" content=\"index, follow, max-snippet:-1, max-image-preview:large, max-video-preview:-1\" \/>\n<link rel=\"canonical\" href=\"https:\/\/www.altominho.tv\/site\/2021\/02\/08\/portugal-deixa-de-ter-maior-media-de-novos-casos-mas-continua-com-mais-mortes\/\" \/>\n<meta property=\"og:locale\" content=\"pt_PT\" \/>\n<meta property=\"og:type\" content=\"article\" \/>\n<meta property=\"og:title\" content=\"Portugal deixa de ter maior m\u00e9dia de novos casos mas continua com mais mortes\" \/>\n<meta property=\"og:description\" content=\"Portugal deixou de ser o pa\u00eds com mais novos cont\u00e1gios pelo novo coronav\u00edrus por milh\u00e3o de habitantes nos \u00faltimos sete dias, mas continua \u00e0 frente no n\u00famero de mortos, segundo os n\u00fameros do \u2018site\u2019 estat\u00edstico Our World in Data. Portugal era hoje o s\u00e9timo pa\u00eds do mundo de alguma dimens\u00e3o com mais novos casos por [&hellip;]\" \/>\n<meta property=\"og:url\" content=\"https:\/\/www.altominho.tv\/site\/2021\/02\/08\/portugal-deixa-de-ter-maior-media-de-novos-casos-mas-continua-com-mais-mortes\/\" \/>\n<meta property=\"og:site_name\" content=\"Altominho.tv\" \/>\n<meta property=\"article:publisher\" content=\"https:\/\/www.facebook.com\/altominhotv\" \/>\n<meta property=\"article:published_time\" content=\"2021-02-08T16:15:15+00:00\" \/>\n<meta property=\"article:modified_time\" content=\"2021-02-08T16:15:19+00:00\" \/>\n<meta property=\"og:image\" content=\"https:\/\/www.altominho.tv\/site\/wp-content\/uploads\/2021\/02\/transferir-1.jpeg\" \/>\n\t<meta property=\"og:image:width\" content=\"800\" \/>\n\t<meta property=\"og:image:height\" content=\"400\" \/>\n\t<meta property=\"og:image:type\" content=\"image\/jpeg\" \/>\n<meta name=\"author\" content=\"Lusa\" \/>\n<meta name=\"twitter:card\" content=\"summary_large_image\" \/>\n<meta name=\"twitter:creator\" content=\"@altominhoTV\" \/>\n<meta name=\"twitter:site\" content=\"@altominhoTV\" \/>\n<meta name=\"twitter:label1\" content=\"Escrito por\" \/>\n\t<meta name=\"twitter:data1\" content=\"Lusa\" \/>\n\t<meta name=\"twitter:label2\" content=\"Tempo estimado de leitura\" \/>\n\t<meta name=\"twitter:data2\" content=\"2 minutos\" \/>\n<script type=\"application\/ld+json\" class=\"yoast-schema-graph\">{\"@context\":\"https:\\\/\\\/schema.org\",\"@graph\":[{\"@type\":\"Article\",\"@id\":\"https:\\\/\\\/www.altominho.tv\\\/site\\\/2021\\\/02\\\/08\\\/portugal-deixa-de-ter-maior-media-de-novos-casos-mas-continua-com-mais-mortes\\\/#article\",\"isPartOf\":{\"@id\":\"https:\\\/\\\/www.altominho.tv\\\/site\\\/2021\\\/02\\\/08\\\/portugal-deixa-de-ter-maior-media-de-novos-casos-mas-continua-com-mais-mortes\\\/\"},\"author\":{\"name\":\"Lusa\",\"@id\":\"https:\\\/\\\/www.altominho.tv\\\/site\\\/#\\\/schema\\\/person\\\/63f693da3e1899361cbe955c46f3232e\"},\"headline\":\"Portugal deixa de ter maior m\u00e9dia de novos casos mas continua com mais mortes\",\"datePublished\":\"2021-02-08T16:15:15+00:00\",\"dateModified\":\"2021-02-08T16:15:19+00:00\",\"mainEntityOfPage\":{\"@id\":\"https:\\\/\\\/www.altominho.tv\\\/site\\\/2021\\\/02\\\/08\\\/portugal-deixa-de-ter-maior-media-de-novos-casos-mas-continua-com-mais-mortes\\\/\"},\"wordCount\":347,\"image\":{\"@id\":\"https:\\\/\\\/www.altominho.tv\\\/site\\\/2021\\\/02\\\/08\\\/portugal-deixa-de-ter-maior-media-de-novos-casos-mas-continua-com-mais-mortes\\\/#primaryimage\"},\"thumbnailUrl\":\"https:\\\/\\\/www.altominho.tv\\\/site\\\/wp-content\\\/uploads\\\/2021\\\/02\\\/transferir-1.jpeg\",\"keywords\":[\"Sa\u00fade\",\"Sociedade\"],\"articleSection\":[\"Coronav\u00edrus\"],\"inLanguage\":\"pt-PT\",\"copyrightYear\":\"2021\",\"copyrightHolder\":{\"@id\":\"https:\\\/\\\/www.altominho.tv\\\/site\\\/#organization\"}},{\"@type\":\"WebPage\",\"@id\":\"https:\\\/\\\/www.altominho.tv\\\/site\\\/2021\\\/02\\\/08\\\/portugal-deixa-de-ter-maior-media-de-novos-casos-mas-continua-com-mais-mortes\\\/\",\"url\":\"https:\\\/\\\/www.altominho.tv\\\/site\\\/2021\\\/02\\\/08\\\/portugal-deixa-de-ter-maior-media-de-novos-casos-mas-continua-com-mais-mortes\\\/\",\"name\":\"Portugal deixa de ter maior m\u00e9dia de novos casos mas continua com mais mortes\",\"isPartOf\":{\"@id\":\"https:\\\/\\\/www.altominho.tv\\\/site\\\/#website\"},\"primaryImageOfPage\":{\"@id\":\"https:\\\/\\\/www.altominho.tv\\\/site\\\/2021\\\/02\\\/08\\\/portugal-deixa-de-ter-maior-media-de-novos-casos-mas-continua-com-mais-mortes\\\/#primaryimage\"},\"image\":{\"@id\":\"https:\\\/\\\/www.altominho.tv\\\/site\\\/2021\\\/02\\\/08\\\/portugal-deixa-de-ter-maior-media-de-novos-casos-mas-continua-com-mais-mortes\\\/#primaryimage\"},\"thumbnailUrl\":\"https:\\\/\\\/www.altominho.tv\\\/site\\\/wp-content\\\/uploads\\\/2021\\\/02\\\/transferir-1.jpeg\",\"datePublished\":\"2021-02-08T16:15:15+00:00\",\"dateModified\":\"2021-02-08T16:15:19+00:00\",\"author\":{\"@id\":\"https:\\\/\\\/www.altominho.tv\\\/site\\\/#\\\/schema\\\/person\\\/63f693da3e1899361cbe955c46f3232e\"},\"breadcrumb\":{\"@id\":\"https:\\\/\\\/www.altominho.tv\\\/site\\\/2021\\\/02\\\/08\\\/portugal-deixa-de-ter-maior-media-de-novos-casos-mas-continua-com-mais-mortes\\\/#breadcrumb\"},\"inLanguage\":\"pt-PT\",\"potentialAction\":[{\"@type\":\"ReadAction\",\"target\":[\"https:\\\/\\\/www.altominho.tv\\\/site\\\/2021\\\/02\\\/08\\\/portugal-deixa-de-ter-maior-media-de-novos-casos-mas-continua-com-mais-mortes\\\/\"]}]},{\"@type\":\"ImageObject\",\"inLanguage\":\"pt-PT\",\"@id\":\"https:\\\/\\\/www.altominho.tv\\\/site\\\/2021\\\/02\\\/08\\\/portugal-deixa-de-ter-maior-media-de-novos-casos-mas-continua-com-mais-mortes\\\/#primaryimage\",\"url\":\"https:\\\/\\\/www.altominho.tv\\\/site\\\/wp-content\\\/uploads\\\/2021\\\/02\\\/transferir-1.jpeg\",\"contentUrl\":\"https:\\\/\\\/www.altominho.tv\\\/site\\\/wp-content\\\/uploads\\\/2021\\\/02\\\/transferir-1.jpeg\",\"width\":800,\"height\":400},{\"@type\":\"BreadcrumbList\",\"@id\":\"https:\\\/\\\/www.altominho.tv\\\/site\\\/2021\\\/02\\\/08\\\/portugal-deixa-de-ter-maior-media-de-novos-casos-mas-continua-com-mais-mortes\\\/#breadcrumb\",\"itemListElement\":[{\"@type\":\"ListItem\",\"position\":1,\"name\":\"In\u00edcio\",\"item\":\"https:\\\/\\\/www.altominho.tv\\\/site\\\/\"},{\"@type\":\"ListItem\",\"position\":2,\"name\":\"Portugal deixa de ter maior m\u00e9dia de novos casos mas continua com mais mortes\"}]},{\"@type\":\"WebSite\",\"@id\":\"https:\\\/\\\/www.altominho.tv\\\/site\\\/#website\",\"url\":\"https:\\\/\\\/www.altominho.tv\\\/site\\\/\",\"name\":\"Altominho.tv\",\"description\":\"A sua regi\u00e3o \u00e0 dist\u00e2ncia de um clique...\",\"potentialAction\":[{\"@type\":\"SearchAction\",\"target\":{\"@type\":\"EntryPoint\",\"urlTemplate\":\"https:\\\/\\\/www.altominho.tv\\\/site\\\/?s={search_term_string}\"},\"query-input\":{\"@type\":\"PropertyValueSpecification\",\"valueRequired\":true,\"valueName\":\"search_term_string\"}}],\"inLanguage\":\"pt-PT\"},{\"@type\":\"Person\",\"@id\":\"https:\\\/\\\/www.altominho.tv\\\/site\\\/#\\\/schema\\\/person\\\/63f693da3e1899361cbe955c46f3232e\",\"name\":\"Lusa\",\"image\":{\"@type\":\"ImageObject\",\"inLanguage\":\"pt-PT\",\"@id\":\"https:\\\/\\\/www.altominho.tv\\\/site\\\/wp-content\\\/uploads\\\/2019\\\/08\\\/LUSA_Logo.gif\",\"url\":\"https:\\\/\\\/www.altominho.tv\\\/site\\\/wp-content\\\/uploads\\\/2019\\\/08\\\/LUSA_Logo.gif\",\"contentUrl\":\"https:\\\/\\\/www.altominho.tv\\\/site\\\/wp-content\\\/uploads\\\/2019\\\/08\\\/LUSA_Logo.gif\",\"caption\":\"Lusa\"},\"sameAs\":[\"http:\\\/\\\/\\\/\\\/www.altominho.tv\\\/site\"],\"url\":\"https:\\\/\\\/www.altominho.tv\\\/site\\\/author\\\/lusa\\\/\"}]}<\/script>\n<!-- \/ Yoast SEO Premium plugin. -->","yoast_head_json":{"title":"Portugal deixa de ter maior m\u00e9dia de novos casos mas continua com mais mortes","robots":{"index":"index","follow":"follow","max-snippet":"max-snippet:-1","max-image-preview":"max-image-preview:large","max-video-preview":"max-video-preview:-1"},"canonical":"https:\/\/www.altominho.tv\/site\/2021\/02\/08\/portugal-deixa-de-ter-maior-media-de-novos-casos-mas-continua-com-mais-mortes\/","og_locale":"pt_PT","og_type":"article","og_title":"Portugal deixa de ter maior m\u00e9dia de novos casos mas continua com mais mortes","og_description":"Portugal deixou de ser o pa\u00eds com mais novos cont\u00e1gios pelo novo coronav\u00edrus por milh\u00e3o de habitantes nos \u00faltimos sete dias, mas continua \u00e0 frente no n\u00famero de mortos, segundo os n\u00fameros do \u2018site\u2019 estat\u00edstico Our World in Data. Portugal era hoje o s\u00e9timo pa\u00eds do mundo de alguma dimens\u00e3o com mais novos casos por [&hellip;]","og_url":"https:\/\/www.altominho.tv\/site\/2021\/02\/08\/portugal-deixa-de-ter-maior-media-de-novos-casos-mas-continua-com-mais-mortes\/","og_site_name":"Altominho.tv","article_publisher":"https:\/\/www.facebook.com\/altominhotv","article_published_time":"2021-02-08T16:15:15+00:00","article_modified_time":"2021-02-08T16:15:19+00:00","og_image":[{"width":800,"height":400,"url":"https:\/\/www.altominho.tv\/site\/wp-content\/uploads\/2021\/02\/transferir-1.jpeg","type":"image\/jpeg"}],"author":"Lusa","twitter_card":"summary_large_image","twitter_creator":"@altominhoTV","twitter_site":"@altominhoTV","twitter_misc":{"Escrito por":"Lusa","Tempo estimado de leitura":"2 minutos"},"schema":{"@context":"https:\/\/schema.org","@graph":[{"@type":"Article","@id":"https:\/\/www.altominho.tv\/site\/2021\/02\/08\/portugal-deixa-de-ter-maior-media-de-novos-casos-mas-continua-com-mais-mortes\/#article","isPartOf":{"@id":"https:\/\/www.altominho.tv\/site\/2021\/02\/08\/portugal-deixa-de-ter-maior-media-de-novos-casos-mas-continua-com-mais-mortes\/"},"author":{"name":"Lusa","@id":"https:\/\/www.altominho.tv\/site\/#\/schema\/person\/63f693da3e1899361cbe955c46f3232e"},"headline":"Portugal deixa de ter maior m\u00e9dia de novos casos mas continua com mais mortes","datePublished":"2021-02-08T16:15:15+00:00","dateModified":"2021-02-08T16:15:19+00:00","mainEntityOfPage":{"@id":"https:\/\/www.altominho.tv\/site\/2021\/02\/08\/portugal-deixa-de-ter-maior-media-de-novos-casos-mas-continua-com-mais-mortes\/"},"wordCount":347,"image":{"@id":"https:\/\/www.altominho.tv\/site\/2021\/02\/08\/portugal-deixa-de-ter-maior-media-de-novos-casos-mas-continua-com-mais-mortes\/#primaryimage"},"thumbnailUrl":"https:\/\/www.altominho.tv\/site\/wp-content\/uploads\/2021\/02\/transferir-1.jpeg","keywords":["Sa\u00fade","Sociedade"],"articleSection":["Coronav\u00edrus"],"inLanguage":"pt-PT","copyrightYear":"2021","copyrightHolder":{"@id":"https:\/\/www.altominho.tv\/site\/#organization"}},{"@type":"WebPage","@id":"https:\/\/www.altominho.tv\/site\/2021\/02\/08\/portugal-deixa-de-ter-maior-media-de-novos-casos-mas-continua-com-mais-mortes\/","url":"https:\/\/www.altominho.tv\/site\/2021\/02\/08\/portugal-deixa-de-ter-maior-media-de-novos-casos-mas-continua-com-mais-mortes\/","name":"Portugal deixa de ter maior m\u00e9dia de novos casos mas continua com mais mortes","isPartOf":{"@id":"https:\/\/www.altominho.tv\/site\/#website"},"primaryImageOfPage":{"@id":"https:\/\/www.altominho.tv\/site\/2021\/02\/08\/portugal-deixa-de-ter-maior-media-de-novos-casos-mas-continua-com-mais-mortes\/#primaryimage"},"image":{"@id":"https:\/\/www.altominho.tv\/site\/2021\/02\/08\/portugal-deixa-de-ter-maior-media-de-novos-casos-mas-continua-com-mais-mortes\/#primaryimage"},"thumbnailUrl":"https:\/\/www.altominho.tv\/site\/wp-content\/uploads\/2021\/02\/transferir-1.jpeg","datePublished":"2021-02-08T16:15:15+00:00","dateModified":"2021-02-08T16:15:19+00:00","author":{"@id":"https:\/\/www.altominho.tv\/site\/#\/schema\/person\/63f693da3e1899361cbe955c46f3232e"},"breadcrumb":{"@id":"https:\/\/www.altominho.tv\/site\/2021\/02\/08\/portugal-deixa-de-ter-maior-media-de-novos-casos-mas-continua-com-mais-mortes\/#breadcrumb"},"inLanguage":"pt-PT","potentialAction":[{"@type":"ReadAction","target":["https:\/\/www.altominho.tv\/site\/2021\/02\/08\/portugal-deixa-de-ter-maior-media-de-novos-casos-mas-continua-com-mais-mortes\/"]}]},{"@type":"ImageObject","inLanguage":"pt-PT","@id":"https:\/\/www.altominho.tv\/site\/2021\/02\/08\/portugal-deixa-de-ter-maior-media-de-novos-casos-mas-continua-com-mais-mortes\/#primaryimage","url":"https:\/\/www.altominho.tv\/site\/wp-content\/uploads\/2021\/02\/transferir-1.jpeg","contentUrl":"https:\/\/www.altominho.tv\/site\/wp-content\/uploads\/2021\/02\/transferir-1.jpeg","width":800,"height":400},{"@type":"BreadcrumbList","@id":"https:\/\/www.altominho.tv\/site\/2021\/02\/08\/portugal-deixa-de-ter-maior-media-de-novos-casos-mas-continua-com-mais-mortes\/#breadcrumb","itemListElement":[{"@type":"ListItem","position":1,"name":"In\u00edcio","item":"https:\/\/www.altominho.tv\/site\/"},{"@type":"ListItem","position":2,"name":"Portugal deixa de ter maior m\u00e9dia de novos casos mas continua com mais mortes"}]},{"@type":"WebSite","@id":"https:\/\/www.altominho.tv\/site\/#website","url":"https:\/\/www.altominho.tv\/site\/","name":"Altominho.tv","description":"A sua regi\u00e3o \u00e0 dist\u00e2ncia de um clique...","potentialAction":[{"@type":"SearchAction","target":{"@type":"EntryPoint","urlTemplate":"https:\/\/www.altominho.tv\/site\/?s={search_term_string}"},"query-input":{"@type":"PropertyValueSpecification","valueRequired":true,"valueName":"search_term_string"}}],"inLanguage":"pt-PT"},{"@type":"Person","@id":"https:\/\/www.altominho.tv\/site\/#\/schema\/person\/63f693da3e1899361cbe955c46f3232e","name":"Lusa","image":{"@type":"ImageObject","inLanguage":"pt-PT","@id":"https:\/\/www.altominho.tv\/site\/wp-content\/uploads\/2019\/08\/LUSA_Logo.gif","url":"https:\/\/www.altominho.tv\/site\/wp-content\/uploads\/2019\/08\/LUSA_Logo.gif","contentUrl":"https:\/\/www.altominho.tv\/site\/wp-content\/uploads\/2019\/08\/LUSA_Logo.gif","caption":"Lusa"},"sameAs":["http:\/\/\/\/www.altominho.tv\/site"],"url":"https:\/\/www.altominho.tv\/site\/author\/lusa\/"}]}},"_links":{"self":[{"href":"https:\/\/www.altominho.tv\/site\/wp-json\/wp\/v2\/posts\/61601","targetHints":{"allow":["GET"]}}],"collection":[{"href":"https:\/\/www.altominho.tv\/site\/wp-json\/wp\/v2\/posts"}],"about":[{"href":"https:\/\/www.altominho.tv\/site\/wp-json\/wp\/v2\/types\/post"}],"author":[{"embeddable":true,"href":"https:\/\/www.altominho.tv\/site\/wp-json\/wp\/v2\/users\/13"}],"replies":[{"embeddable":true,"href":"https:\/\/www.altominho.tv\/site\/wp-json\/wp\/v2\/comments?post=61601"}],"version-history":[{"count":0,"href":"https:\/\/www.altominho.tv\/site\/wp-json\/wp\/v2\/posts\/61601\/revisions"}],"wp:featuredmedia":[{"embeddable":true,"href":"https:\/\/www.altominho.tv\/site\/wp-json\/wp\/v2\/media\/61603"}],"wp:attachment":[{"href":"https:\/\/www.altominho.tv\/site\/wp-json\/wp\/v2\/media?parent=61601"}],"wp:term":[{"taxonomy":"category","embeddable":true,"href":"https:\/\/www.altominho.tv\/site\/wp-json\/wp\/v2\/categories?post=61601"},{"taxonomy":"post_tag","embeddable":true,"href":"https:\/\/www.altominho.tv\/site\/wp-json\/wp\/v2\/tags?post=61601"}],"curies":[{"name":"wp","href":"https:\/\/api.w.org\/{rel}","templated":true}]}}