{"id":61496,"date":"2021-02-08T09:48:34","date_gmt":"2021-02-08T09:48:34","guid":{"rendered":"https:\/\/www.altominho.tv\/site\/?p=61496"},"modified":"2021-02-08T09:48:39","modified_gmt":"2021-02-08T09:48:39","slug":"escolas-regressaram-hoje-as-aulas-mas-a-distancia","status":"publish","type":"post","link":"https:\/\/www.altominho.tv\/site\/2021\/02\/08\/escolas-regressaram-hoje-as-aulas-mas-a-distancia\/","title":{"rendered":"Escolas regressaram hoje \u00e0s aulas, mas \u00e0 dist\u00e2ncia"},"content":{"rendered":"\n<p>Os alunos do 1.\u00ba ao 12.\u00ba ano retomaram hoje as atividades letivas, mas longe das escolas, regressando das f\u00e9rias antecipadas para o j\u00e1 conhecido ensino a dist\u00e2ncia que marcou o final do ano letivo passado.<\/p>\n\n\n\n<p>No total, s\u00e3o cerca de 1,2 milh\u00f5es de alunos que voltaram a ser obrigados a trocar, por tempo indefinido, as salas de aula pelas suas casas, quase um ano depois de, em mar\u00e7o, o Governo ter encerrado as escolas e implementado o ensino a dist\u00e2ncia para conter a pandemia de covid-19.<\/p>\n\n\n\n<p>Se no ano passado o novo regime surpreendeu a comunidade educativa, desta vez j\u00e1 se previa essa possibilidade quando, h\u00e1 duas semanas, se anteciparam as f\u00e9rias e suspenderam as aulas.<\/p>\n\n\n\n<p>Quando anunciou a medida, o primeiro-ministro, Ant\u00f3nio Costa, disse que esperava que a interrup\u00e7\u00e3o das atividades presenciais fosse \u201cde curta dura\u00e7\u00e3o\u201d, mas poucos dias mais tarde admitia que a retoma dificilmente seria poss\u00edvel ao final dos 15 dias previstos e que a alternativa seria o ensino \u2018online\u2019.<\/p>\n\n\n\n<p>Apesar de este ser um cen\u00e1rio para o qual as escolas deveriam estar preparadas desde o in\u00edcio do ano letivo, conforme as orienta\u00e7\u00f5es do Minist\u00e9rio da Educa\u00e7\u00e3o, os alertas de que nem todos os problemas foram resolvidos chegam de diretores escolares, professores e pais, que antecipam o regresso com preocupa\u00e7\u00e3o e esperan\u00e7a que dure pouco tempo<\/p>\n\n\n\n<p>Em declara\u00e7\u00f5es \u00e0 Lusa, os presidentes de duas associa\u00e7\u00f5es de diretores confirmaram que as escolas e os professores est\u00e3o hoje mais bem preparados para o ensino a dist\u00e2ncia, mas preveem, ainda assim, constrangimentos semelhantes aos registados no ano passado.<\/p>\n\n\n\n<p>Na lista das preocupa\u00e7\u00f5es, constam sobretudo a falta de computadores e acesso \u00e0 Internet para acompanhar as aulas \u2018online\u2019, a fragilidade de alguns alunos decorrente do seu contexto familiar e socioecon\u00f3mico, e a depend\u00eancia dos alunos mais novos.<\/p>\n\n\n\n<p>Para minimizar algumas dificuldades, da parte do Governo h\u00e1 a promessa de mais 335 mil computadores, que dever\u00e3o ser distribu\u00eddos ao longo do 2.\u00ba per\u00edodo, al\u00e9m da compra de outros 15 mil ainda sem data prevista para chegar, e dos 100 mil j\u00e1 entregues em novembro.<\/p>\n\n\n\n<p>H\u00e1 tamb\u00e9m o programa #EstudoEmCasa, lan\u00e7ado no ano passado, que continua a transmitir aulas na RTP Mem\u00f3ria, e novas orienta\u00e7\u00f5es do Minist\u00e9rio da Educa\u00e7\u00e3o para as aulas \u2018online\u2019, para que haja \u201cum equil\u00edbrio entre atividades s\u00edncronas e ass\u00edncronas\u201d, em fun\u00e7\u00e3o dos n\u00edveis de ensino e das turmas.<\/p>\n\n\n\n<p>As estruturas sindicais t\u00eam manifestado nos \u00faltimos dias desagrado com a forma como o regresso do ensino tem sido gerido e o Sindicato de Todos os Professores (STOP) anunciou que vai manter um pr\u00e9-aviso de greve de uma semana, a partir de hoje, exigindo condi\u00e7\u00f5es para o ensino \u00e0 dist\u00e2ncia e acusando o Governo de \u201cirresponsabilidade\u201d.<\/p>\n\n\n\n<p>Esta decis\u00e3o prende-se, diz o sindicato, com \u201ca irresponsabilidade do Governo em n\u00e3o ter garantido as condi\u00e7\u00f5es para o ensino \u00e0 dist\u00e2ncia\u201d, bem como \u201cas condi\u00e7\u00f5es para todos os profissionais da educa\u00e7\u00e3o e alunos que ir\u00e3o para as escolas\u201d.<\/p>\n\n\n\n<p>O STOP queixa-se de falta de meios inform\u00e1ticos e acessos \u00e0 Internet para alunos e professores e faz cr\u00edticas \u00e0 atual situa\u00e7\u00e3o dos professores com filhos menores.<\/p>\n\n\n\n<p>\u201cEsta greve nacional de 8 a 12 de fevereiro [uma semana a contar de segunda-feira], al\u00e9m de pressionar o Governo a melhorar as condi\u00e7\u00f5es, permitir\u00e1 que os profissionais de educa\u00e7\u00e3o que sintam a sua sa\u00fade e vida em risco a possam salvaguardar\u201d, refere o sindicato.<\/p>\n\n\n\n<p>Por seu turno, a Federa\u00e7\u00e3o Nacional dos Professores (Fenprof) falava, na sexta-feira, em &#8220;confus\u00e3o instalada&#8221; em algumas escolas, na v\u00e9spera de retomarem o ensino a dist\u00e2ncia, com alguns diretores a convocarem professores para darem aulas a partir da escola.<\/p>\n\n\n\n<p>Essa op\u00e7\u00e3o, explicou na altura o secret\u00e1rio-geral, M\u00e1rio Nogueira, estaria a ser tomada para responder \u00e0s necessidades dos alunos que n\u00e3o t\u00eam como aceder \u00e0s aulas \u2018online\u2019 e que, por isso, teriam aulas presenciais, ao mesmo tempo que o professor transmitia a aula para os alunos em casa, numa esp\u00e9cie de regime misto.<\/p>\n\n\n\n<p>\u00c0 semelhan\u00e7a do que aconteceu no ano passado, algumas escolas v\u00e3o manter-se abertas para acolher os filhos de trabalhadores essenciais, e agora tamb\u00e9m as crian\u00e7as com necessidades educativas e todos aqueles identificados como pertencendo a grupos de risco.<\/p>\n\n\n\n<p>No total, s\u00e3o cerca de 700 escolas, que a meio da semana passada eram frequentadas por mais de 2.500 alunos, esperando-se mais com o in\u00edcio das aulas.<\/p>\n\n\n\n<p>Al\u00e9m destes grupos, os diretores escolares e as fam\u00edlias querem que estas escola possam tamb\u00e9m ser uma op\u00e7\u00e3o para as crian\u00e7as com maiores dificuldades de acesso ao ensino \u2018online\u2019 e em contextos familiares mais fr\u00e1geis.<\/p>\n\n\n\n<p>As escolas encerraram as portas h\u00e1 duas semanas e as crian\u00e7as e jovens ficaram em casa, numa pausa letiva que ser\u00e1 compensada com aulas nos tr\u00eas dias de f\u00e9rias do Carnaval, em outros tr\u00eas dias da P\u00e1scoa e durante mais uma semana no final do ano letivo.<\/p>\n\n\n\n<p>O ensino a dist\u00e2ncia durar\u00e1 pelo menos duas semanas, mas o ministro da Educa\u00e7\u00e3o, Tiago Brand\u00e3o Rodrigues, assegurou que a prioridade do Governo \u00e9 abrir as escolas o mais rapidamente poss\u00edvel, uma decis\u00e3o que depender\u00e1 da evolu\u00e7\u00e3o da pandemia de covid-19.<\/p>\n","protected":false},"excerpt":{"rendered":"<p>Os alunos do 1.\u00ba ao 12.\u00ba ano retomaram hoje as atividades letivas, mas longe das escolas, regressando das f\u00e9rias antecipadas para o j\u00e1 conhecido ensino a dist\u00e2ncia que marcou o final do ano letivo passado. No total, s\u00e3o cerca de 1,2 milh\u00f5es de alunos que voltaram a ser obrigados a trocar, por tempo indefinido, as [&hellip;]<\/p>\n","protected":false},"author":16,"featured_media":61497,"comment_status":"closed","ping_status":"closed","sticky":false,"template":"","format":"standard","meta":{"_exactmetrics_skip_tracking":false,"_exactmetrics_sitenote_active":false,"_exactmetrics_sitenote_note":"","_exactmetrics_sitenote_category":0,"footnotes":""},"categories":[42722],"tags":[22],"class_list":["post-61496","post","type-post","status-publish","format-standard","has-post-thumbnail","hentry","category-covid-19","tag-educacao"],"yoast_head":"<!-- This site is optimized with the Yoast SEO Premium plugin v27.5 (Yoast SEO v27.5) - https:\/\/yoast.com\/product\/yoast-seo-premium-wordpress\/ -->\n<title>Escolas regressaram hoje \u00e0s aulas, mas \u00e0 dist\u00e2ncia<\/title>\n<meta name=\"robots\" content=\"index, follow, max-snippet:-1, max-image-preview:large, max-video-preview:-1\" \/>\n<link rel=\"canonical\" href=\"https:\/\/www.altominho.tv\/site\/2021\/02\/08\/escolas-regressaram-hoje-as-aulas-mas-a-distancia\/\" \/>\n<meta property=\"og:locale\" content=\"pt_PT\" \/>\n<meta property=\"og:type\" content=\"article\" \/>\n<meta property=\"og:title\" content=\"Escolas regressaram hoje \u00e0s aulas, mas \u00e0 dist\u00e2ncia\" \/>\n<meta property=\"og:description\" content=\"Os alunos do 1.\u00ba ao 12.\u00ba ano retomaram hoje as atividades letivas, mas longe das escolas, regressando das f\u00e9rias antecipadas para o j\u00e1 conhecido ensino a dist\u00e2ncia que marcou o final do ano letivo passado. No total, s\u00e3o cerca de 1,2 milh\u00f5es de alunos que voltaram a ser obrigados a trocar, por tempo indefinido, as [&hellip;]\" \/>\n<meta property=\"og:url\" content=\"https:\/\/www.altominho.tv\/site\/2021\/02\/08\/escolas-regressaram-hoje-as-aulas-mas-a-distancia\/\" \/>\n<meta property=\"og:site_name\" content=\"Altominho.tv\" \/>\n<meta property=\"article:publisher\" content=\"https:\/\/www.facebook.com\/altominhotv\" \/>\n<meta property=\"article:published_time\" content=\"2021-02-08T09:48:34+00:00\" \/>\n<meta property=\"article:modified_time\" content=\"2021-02-08T09:48:39+00:00\" \/>\n<meta property=\"og:image\" content=\"https:\/\/www.altominho.tv\/site\/wp-content\/uploads\/2021\/02\/estudo-em-casa.jpg\" \/>\n\t<meta property=\"og:image:width\" content=\"860\" \/>\n\t<meta property=\"og:image:height\" content=\"472\" \/>\n\t<meta property=\"og:image:type\" content=\"image\/jpeg\" \/>\n<meta name=\"author\" content=\"Andreia Cunha | Lusa\" \/>\n<meta name=\"twitter:card\" content=\"summary_large_image\" \/>\n<meta name=\"twitter:creator\" content=\"@altominhoTV\" \/>\n<meta name=\"twitter:site\" content=\"@altominhoTV\" \/>\n<meta name=\"twitter:label1\" content=\"Escrito por\" \/>\n\t<meta name=\"twitter:data1\" content=\"Andreia Cunha | Lusa\" \/>\n\t<meta name=\"twitter:label2\" content=\"Tempo estimado de leitura\" \/>\n\t<meta name=\"twitter:data2\" content=\"5 minutos\" \/>\n<script type=\"application\/ld+json\" class=\"yoast-schema-graph\">{\"@context\":\"https:\\\/\\\/schema.org\",\"@graph\":[{\"@type\":\"Article\",\"@id\":\"https:\\\/\\\/www.altominho.tv\\\/site\\\/2021\\\/02\\\/08\\\/escolas-regressaram-hoje-as-aulas-mas-a-distancia\\\/#article\",\"isPartOf\":{\"@id\":\"https:\\\/\\\/www.altominho.tv\\\/site\\\/2021\\\/02\\\/08\\\/escolas-regressaram-hoje-as-aulas-mas-a-distancia\\\/\"},\"author\":{\"name\":\"Andreia Cunha | Lusa\",\"@id\":\"https:\\\/\\\/www.altominho.tv\\\/site\\\/#\\\/schema\\\/person\\\/dbaf181c01b51ff40c9f461a905d321e\"},\"headline\":\"Escolas regressaram hoje \u00e0s aulas, mas \u00e0 dist\u00e2ncia\",\"datePublished\":\"2021-02-08T09:48:34+00:00\",\"dateModified\":\"2021-02-08T09:48:39+00:00\",\"mainEntityOfPage\":{\"@id\":\"https:\\\/\\\/www.altominho.tv\\\/site\\\/2021\\\/02\\\/08\\\/escolas-regressaram-hoje-as-aulas-mas-a-distancia\\\/\"},\"wordCount\":915,\"image\":{\"@id\":\"https:\\\/\\\/www.altominho.tv\\\/site\\\/2021\\\/02\\\/08\\\/escolas-regressaram-hoje-as-aulas-mas-a-distancia\\\/#primaryimage\"},\"thumbnailUrl\":\"https:\\\/\\\/www.altominho.tv\\\/site\\\/wp-content\\\/uploads\\\/2021\\\/02\\\/estudo-em-casa.jpg\",\"keywords\":[\"Educa\u00e7\u00e3o\"],\"articleSection\":[\"Coronav\u00edrus\"],\"inLanguage\":\"pt-PT\",\"copyrightYear\":\"2021\",\"copyrightHolder\":{\"@id\":\"https:\\\/\\\/www.altominho.tv\\\/site\\\/#organization\"}},{\"@type\":\"WebPage\",\"@id\":\"https:\\\/\\\/www.altominho.tv\\\/site\\\/2021\\\/02\\\/08\\\/escolas-regressaram-hoje-as-aulas-mas-a-distancia\\\/\",\"url\":\"https:\\\/\\\/www.altominho.tv\\\/site\\\/2021\\\/02\\\/08\\\/escolas-regressaram-hoje-as-aulas-mas-a-distancia\\\/\",\"name\":\"Escolas regressaram hoje \u00e0s aulas, mas \u00e0 dist\u00e2ncia\",\"isPartOf\":{\"@id\":\"https:\\\/\\\/www.altominho.tv\\\/site\\\/#website\"},\"primaryImageOfPage\":{\"@id\":\"https:\\\/\\\/www.altominho.tv\\\/site\\\/2021\\\/02\\\/08\\\/escolas-regressaram-hoje-as-aulas-mas-a-distancia\\\/#primaryimage\"},\"image\":{\"@id\":\"https:\\\/\\\/www.altominho.tv\\\/site\\\/2021\\\/02\\\/08\\\/escolas-regressaram-hoje-as-aulas-mas-a-distancia\\\/#primaryimage\"},\"thumbnailUrl\":\"https:\\\/\\\/www.altominho.tv\\\/site\\\/wp-content\\\/uploads\\\/2021\\\/02\\\/estudo-em-casa.jpg\",\"datePublished\":\"2021-02-08T09:48:34+00:00\",\"dateModified\":\"2021-02-08T09:48:39+00:00\",\"author\":{\"@id\":\"https:\\\/\\\/www.altominho.tv\\\/site\\\/#\\\/schema\\\/person\\\/dbaf181c01b51ff40c9f461a905d321e\"},\"breadcrumb\":{\"@id\":\"https:\\\/\\\/www.altominho.tv\\\/site\\\/2021\\\/02\\\/08\\\/escolas-regressaram-hoje-as-aulas-mas-a-distancia\\\/#breadcrumb\"},\"inLanguage\":\"pt-PT\",\"potentialAction\":[{\"@type\":\"ReadAction\",\"target\":[\"https:\\\/\\\/www.altominho.tv\\\/site\\\/2021\\\/02\\\/08\\\/escolas-regressaram-hoje-as-aulas-mas-a-distancia\\\/\"]}]},{\"@type\":\"ImageObject\",\"inLanguage\":\"pt-PT\",\"@id\":\"https:\\\/\\\/www.altominho.tv\\\/site\\\/2021\\\/02\\\/08\\\/escolas-regressaram-hoje-as-aulas-mas-a-distancia\\\/#primaryimage\",\"url\":\"https:\\\/\\\/www.altominho.tv\\\/site\\\/wp-content\\\/uploads\\\/2021\\\/02\\\/estudo-em-casa.jpg\",\"contentUrl\":\"https:\\\/\\\/www.altominho.tv\\\/site\\\/wp-content\\\/uploads\\\/2021\\\/02\\\/estudo-em-casa.jpg\",\"width\":860,\"height\":472},{\"@type\":\"BreadcrumbList\",\"@id\":\"https:\\\/\\\/www.altominho.tv\\\/site\\\/2021\\\/02\\\/08\\\/escolas-regressaram-hoje-as-aulas-mas-a-distancia\\\/#breadcrumb\",\"itemListElement\":[{\"@type\":\"ListItem\",\"position\":1,\"name\":\"In\u00edcio\",\"item\":\"https:\\\/\\\/www.altominho.tv\\\/site\\\/\"},{\"@type\":\"ListItem\",\"position\":2,\"name\":\"Escolas regressaram hoje \u00e0s aulas, mas \u00e0 dist\u00e2ncia\"}]},{\"@type\":\"WebSite\",\"@id\":\"https:\\\/\\\/www.altominho.tv\\\/site\\\/#website\",\"url\":\"https:\\\/\\\/www.altominho.tv\\\/site\\\/\",\"name\":\"Altominho.tv\",\"description\":\"A sua regi\u00e3o \u00e0 dist\u00e2ncia de um clique...\",\"potentialAction\":[{\"@type\":\"SearchAction\",\"target\":{\"@type\":\"EntryPoint\",\"urlTemplate\":\"https:\\\/\\\/www.altominho.tv\\\/site\\\/?s={search_term_string}\"},\"query-input\":{\"@type\":\"PropertyValueSpecification\",\"valueRequired\":true,\"valueName\":\"search_term_string\"}}],\"inLanguage\":\"pt-PT\"},{\"@type\":\"Person\",\"@id\":\"https:\\\/\\\/www.altominho.tv\\\/site\\\/#\\\/schema\\\/person\\\/dbaf181c01b51ff40c9f461a905d321e\",\"name\":\"Andreia Cunha | Lusa\",\"image\":{\"@type\":\"ImageObject\",\"inLanguage\":\"pt-PT\",\"@id\":\"https:\\\/\\\/www.altominho.tv\\\/site\\\/wp-content\\\/uploads\\\/2017\\\/11\\\/Andreia_Cunha-1-150x150.jpg\",\"url\":\"https:\\\/\\\/www.altominho.tv\\\/site\\\/wp-content\\\/uploads\\\/2017\\\/11\\\/Andreia_Cunha-1-150x150.jpg\",\"contentUrl\":\"https:\\\/\\\/www.altominho.tv\\\/site\\\/wp-content\\\/uploads\\\/2017\\\/11\\\/Andreia_Cunha-1-150x150.jpg\",\"caption\":\"Andreia Cunha | Lusa\"},\"sameAs\":[\"https:\\\/\\\/www.altominho.tv\\\/site\"],\"url\":\"https:\\\/\\\/www.altominho.tv\\\/site\\\/author\\\/andreiacunhalusa\\\/\"}]}<\/script>\n<!-- \/ Yoast SEO Premium plugin. -->","yoast_head_json":{"title":"Escolas regressaram hoje \u00e0s aulas, mas \u00e0 dist\u00e2ncia","robots":{"index":"index","follow":"follow","max-snippet":"max-snippet:-1","max-image-preview":"max-image-preview:large","max-video-preview":"max-video-preview:-1"},"canonical":"https:\/\/www.altominho.tv\/site\/2021\/02\/08\/escolas-regressaram-hoje-as-aulas-mas-a-distancia\/","og_locale":"pt_PT","og_type":"article","og_title":"Escolas regressaram hoje \u00e0s aulas, mas \u00e0 dist\u00e2ncia","og_description":"Os alunos do 1.\u00ba ao 12.\u00ba ano retomaram hoje as atividades letivas, mas longe das escolas, regressando das f\u00e9rias antecipadas para o j\u00e1 conhecido ensino a dist\u00e2ncia que marcou o final do ano letivo passado. No total, s\u00e3o cerca de 1,2 milh\u00f5es de alunos que voltaram a ser obrigados a trocar, por tempo indefinido, as [&hellip;]","og_url":"https:\/\/www.altominho.tv\/site\/2021\/02\/08\/escolas-regressaram-hoje-as-aulas-mas-a-distancia\/","og_site_name":"Altominho.tv","article_publisher":"https:\/\/www.facebook.com\/altominhotv","article_published_time":"2021-02-08T09:48:34+00:00","article_modified_time":"2021-02-08T09:48:39+00:00","og_image":[{"width":860,"height":472,"url":"https:\/\/www.altominho.tv\/site\/wp-content\/uploads\/2021\/02\/estudo-em-casa.jpg","type":"image\/jpeg"}],"author":"Andreia Cunha | Lusa","twitter_card":"summary_large_image","twitter_creator":"@altominhoTV","twitter_site":"@altominhoTV","twitter_misc":{"Escrito por":"Andreia Cunha | Lusa","Tempo estimado de leitura":"5 minutos"},"schema":{"@context":"https:\/\/schema.org","@graph":[{"@type":"Article","@id":"https:\/\/www.altominho.tv\/site\/2021\/02\/08\/escolas-regressaram-hoje-as-aulas-mas-a-distancia\/#article","isPartOf":{"@id":"https:\/\/www.altominho.tv\/site\/2021\/02\/08\/escolas-regressaram-hoje-as-aulas-mas-a-distancia\/"},"author":{"name":"Andreia Cunha | Lusa","@id":"https:\/\/www.altominho.tv\/site\/#\/schema\/person\/dbaf181c01b51ff40c9f461a905d321e"},"headline":"Escolas regressaram hoje \u00e0s aulas, mas \u00e0 dist\u00e2ncia","datePublished":"2021-02-08T09:48:34+00:00","dateModified":"2021-02-08T09:48:39+00:00","mainEntityOfPage":{"@id":"https:\/\/www.altominho.tv\/site\/2021\/02\/08\/escolas-regressaram-hoje-as-aulas-mas-a-distancia\/"},"wordCount":915,"image":{"@id":"https:\/\/www.altominho.tv\/site\/2021\/02\/08\/escolas-regressaram-hoje-as-aulas-mas-a-distancia\/#primaryimage"},"thumbnailUrl":"https:\/\/www.altominho.tv\/site\/wp-content\/uploads\/2021\/02\/estudo-em-casa.jpg","keywords":["Educa\u00e7\u00e3o"],"articleSection":["Coronav\u00edrus"],"inLanguage":"pt-PT","copyrightYear":"2021","copyrightHolder":{"@id":"https:\/\/www.altominho.tv\/site\/#organization"}},{"@type":"WebPage","@id":"https:\/\/www.altominho.tv\/site\/2021\/02\/08\/escolas-regressaram-hoje-as-aulas-mas-a-distancia\/","url":"https:\/\/www.altominho.tv\/site\/2021\/02\/08\/escolas-regressaram-hoje-as-aulas-mas-a-distancia\/","name":"Escolas regressaram hoje \u00e0s aulas, mas \u00e0 dist\u00e2ncia","isPartOf":{"@id":"https:\/\/www.altominho.tv\/site\/#website"},"primaryImageOfPage":{"@id":"https:\/\/www.altominho.tv\/site\/2021\/02\/08\/escolas-regressaram-hoje-as-aulas-mas-a-distancia\/#primaryimage"},"image":{"@id":"https:\/\/www.altominho.tv\/site\/2021\/02\/08\/escolas-regressaram-hoje-as-aulas-mas-a-distancia\/#primaryimage"},"thumbnailUrl":"https:\/\/www.altominho.tv\/site\/wp-content\/uploads\/2021\/02\/estudo-em-casa.jpg","datePublished":"2021-02-08T09:48:34+00:00","dateModified":"2021-02-08T09:48:39+00:00","author":{"@id":"https:\/\/www.altominho.tv\/site\/#\/schema\/person\/dbaf181c01b51ff40c9f461a905d321e"},"breadcrumb":{"@id":"https:\/\/www.altominho.tv\/site\/2021\/02\/08\/escolas-regressaram-hoje-as-aulas-mas-a-distancia\/#breadcrumb"},"inLanguage":"pt-PT","potentialAction":[{"@type":"ReadAction","target":["https:\/\/www.altominho.tv\/site\/2021\/02\/08\/escolas-regressaram-hoje-as-aulas-mas-a-distancia\/"]}]},{"@type":"ImageObject","inLanguage":"pt-PT","@id":"https:\/\/www.altominho.tv\/site\/2021\/02\/08\/escolas-regressaram-hoje-as-aulas-mas-a-distancia\/#primaryimage","url":"https:\/\/www.altominho.tv\/site\/wp-content\/uploads\/2021\/02\/estudo-em-casa.jpg","contentUrl":"https:\/\/www.altominho.tv\/site\/wp-content\/uploads\/2021\/02\/estudo-em-casa.jpg","width":860,"height":472},{"@type":"BreadcrumbList","@id":"https:\/\/www.altominho.tv\/site\/2021\/02\/08\/escolas-regressaram-hoje-as-aulas-mas-a-distancia\/#breadcrumb","itemListElement":[{"@type":"ListItem","position":1,"name":"In\u00edcio","item":"https:\/\/www.altominho.tv\/site\/"},{"@type":"ListItem","position":2,"name":"Escolas regressaram hoje \u00e0s aulas, mas \u00e0 dist\u00e2ncia"}]},{"@type":"WebSite","@id":"https:\/\/www.altominho.tv\/site\/#website","url":"https:\/\/www.altominho.tv\/site\/","name":"Altominho.tv","description":"A sua regi\u00e3o \u00e0 dist\u00e2ncia de um clique...","potentialAction":[{"@type":"SearchAction","target":{"@type":"EntryPoint","urlTemplate":"https:\/\/www.altominho.tv\/site\/?s={search_term_string}"},"query-input":{"@type":"PropertyValueSpecification","valueRequired":true,"valueName":"search_term_string"}}],"inLanguage":"pt-PT"},{"@type":"Person","@id":"https:\/\/www.altominho.tv\/site\/#\/schema\/person\/dbaf181c01b51ff40c9f461a905d321e","name":"Andreia Cunha | Lusa","image":{"@type":"ImageObject","inLanguage":"pt-PT","@id":"https:\/\/www.altominho.tv\/site\/wp-content\/uploads\/2017\/11\/Andreia_Cunha-1-150x150.jpg","url":"https:\/\/www.altominho.tv\/site\/wp-content\/uploads\/2017\/11\/Andreia_Cunha-1-150x150.jpg","contentUrl":"https:\/\/www.altominho.tv\/site\/wp-content\/uploads\/2017\/11\/Andreia_Cunha-1-150x150.jpg","caption":"Andreia Cunha | Lusa"},"sameAs":["https:\/\/www.altominho.tv\/site"],"url":"https:\/\/www.altominho.tv\/site\/author\/andreiacunhalusa\/"}]}},"_links":{"self":[{"href":"https:\/\/www.altominho.tv\/site\/wp-json\/wp\/v2\/posts\/61496","targetHints":{"allow":["GET"]}}],"collection":[{"href":"https:\/\/www.altominho.tv\/site\/wp-json\/wp\/v2\/posts"}],"about":[{"href":"https:\/\/www.altominho.tv\/site\/wp-json\/wp\/v2\/types\/post"}],"author":[{"embeddable":true,"href":"https:\/\/www.altominho.tv\/site\/wp-json\/wp\/v2\/users\/16"}],"replies":[{"embeddable":true,"href":"https:\/\/www.altominho.tv\/site\/wp-json\/wp\/v2\/comments?post=61496"}],"version-history":[{"count":0,"href":"https:\/\/www.altominho.tv\/site\/wp-json\/wp\/v2\/posts\/61496\/revisions"}],"wp:featuredmedia":[{"embeddable":true,"href":"https:\/\/www.altominho.tv\/site\/wp-json\/wp\/v2\/media\/61497"}],"wp:attachment":[{"href":"https:\/\/www.altominho.tv\/site\/wp-json\/wp\/v2\/media?parent=61496"}],"wp:term":[{"taxonomy":"category","embeddable":true,"href":"https:\/\/www.altominho.tv\/site\/wp-json\/wp\/v2\/categories?post=61496"},{"taxonomy":"post_tag","embeddable":true,"href":"https:\/\/www.altominho.tv\/site\/wp-json\/wp\/v2\/tags?post=61496"}],"curies":[{"name":"wp","href":"https:\/\/api.w.org\/{rel}","templated":true}]}}