{"id":61489,"date":"2021-02-07T21:28:44","date_gmt":"2021-02-07T21:28:44","guid":{"rendered":"https:\/\/www.altominho.tv\/site\/?p=61489"},"modified":"2021-02-07T21:43:46","modified_gmt":"2021-02-07T21:43:46","slug":"ministerio-da-educacao-revela-programacao-do-estudo-em-casa-para-o-ensino-secundario","status":"publish","type":"post","link":"https:\/\/www.altominho.tv\/site\/2021\/02\/07\/ministerio-da-educacao-revela-programacao-do-estudo-em-casa-para-o-ensino-secundario\/","title":{"rendered":"Minist\u00e9rio da Educa\u00e7\u00e3o revela programa\u00e7\u00e3o do &#8220;estudo em casa&#8221; para o ensino secund\u00e1rio"},"content":{"rendered":"<p>As \u201caulas\u201d do #EstudoEmCasa para o Ensino Secund\u00e1rio chegam tamb\u00e9m \u00e0 televis\u00e3o, j\u00e1 a partir desta segunda-feira, dia 8 de fevereiro.<\/p>\n<p>Os 75 blocos pedag\u00f3gicos tem\u00e1ticos semanais produzidos para o Ensino Secund\u00e1rio, que desde o in\u00edcio do ano letivo t\u00eam vindo a ser disponibilizados na RTP Play, v\u00e3o passar a estar acess\u00edveis na posi\u00e7\u00e3o 8 (posi\u00e7\u00e3o 9 nos A\u00e7ores e na Madeira) da televis\u00e3o digital terrestre (TDT), num espa\u00e7o ainda sem programa\u00e7\u00e3o, que ser\u00e1 utilizado temporariamente, e na posi\u00e7\u00e3o 444 das operadoras de cabo.<\/p>\n<p>Resultado da parceria do Minist\u00e9rio da Educa\u00e7\u00e3o (ME) com a RTP, o #EstudoEmCasa nasceu em abril do ano passado, como complemento ao ensino a dist\u00e2ncia, ao qual foi decidido recorrer, por conta da situa\u00e7\u00e3o epidemiol\u00f3gica vivida.<\/p>\n<p>Apesar do ensino presencial, no in\u00edcio do ano letivo o ME decidiu manter e alargar o projeto ao Ensino Secund\u00e1rio, transformando o #EstudoEmCasa no conjunto mais completo de recursos educativos em l\u00edngua portuguesa acess\u00edvel a todos e em formato televisivo.<\/p>\n<p>Trata-se, assim, de um importante recurso ao dispor dos professores e uma ferramenta \u00fatil \u00e0 aprendizagem dos alunos.<\/p>\n<p>O #EstudoEmCasa passa a estar dispon\u00edvel na televis\u00e3o, do 10\u00ba ao 12\u00ba anos de escolaridade, de segunda a sexta-feira, com a fun\u00e7\u00e3o de refor\u00e7ar as aprendizagens num contexto s\u00edncrono e\/ou ass\u00edncrono, quer para o trabalho aut\u00f3nomo dos alunos, quer para o enriquecimento dos recursos did\u00e1ticos dos professores, cumprindo-se a maior parte das componentes curriculares dos cursos cient\u00edfico-human\u00edsticos (do 10\u00ba ao 12\u00ba ano) e dos cursos profissionais (do 1\u00ba ao 3\u00ba ano).<\/p>\n<p>Os 15 blocos pedag\u00f3gicos tem\u00e1ticos di\u00e1rios do Ensino B\u00e1sico s\u00e3o transmitidos na RTP Mem\u00f3ria e os 15 do Ensino Secund\u00e1rio atrav\u00e9s das posi\u00e7\u00f5es referidas, das 09h00 \u00e0s 16h30, com interpreta\u00e7\u00e3o em l\u00edngua gestual portuguesa (no caso do Secund\u00e1rio a grelha di\u00e1ria \u00e9 repetida a partir das 16h30).<\/p>\n<p>Todos os conte\u00fados, do B\u00e1sico ao Secund\u00e1rio, permanecem dispon\u00edveis na RTP Play, atrav\u00e9s da app #EstudoEmCasa, e nas plataformas de videoclube nas diferentes operadoras cabo.<\/p>\n\n\n<div class=\"wp-block-image\"><figure class=\"aligncenter size-large\"><img loading=\"lazy\" decoding=\"async\" width=\"1024\" height=\"727\" src=\"https:\/\/www.altominho.tv\/site\/wp-content\/uploads\/2021\/02\/HORARIO_2021_SECUNDARIO_BLUE_-1024x727.jpg\" alt=\"\" class=\"wp-image-61491\" srcset=\"https:\/\/www.altominho.tv\/site\/wp-content\/uploads\/2021\/02\/HORARIO_2021_SECUNDARIO_BLUE_-1024x727.jpg 1024w, https:\/\/www.altominho.tv\/site\/wp-content\/uploads\/2021\/02\/HORARIO_2021_SECUNDARIO_BLUE_-610x433.jpg 610w, https:\/\/www.altominho.tv\/site\/wp-content\/uploads\/2021\/02\/HORARIO_2021_SECUNDARIO_BLUE_-768x545.jpg 768w, https:\/\/www.altominho.tv\/site\/wp-content\/uploads\/2021\/02\/HORARIO_2021_SECUNDARIO_BLUE_-1536x1091.jpg 1536w, https:\/\/www.altominho.tv\/site\/wp-content\/uploads\/2021\/02\/HORARIO_2021_SECUNDARIO_BLUE_-370x263.jpg 370w, https:\/\/www.altominho.tv\/site\/wp-content\/uploads\/2021\/02\/HORARIO_2021_SECUNDARIO_BLUE_-270x192.jpg 270w, https:\/\/www.altominho.tv\/site\/wp-content\/uploads\/2021\/02\/HORARIO_2021_SECUNDARIO_BLUE_-570x405.jpg 570w, https:\/\/www.altominho.tv\/site\/wp-content\/uploads\/2021\/02\/HORARIO_2021_SECUNDARIO_BLUE_-740x525.jpg 740w, https:\/\/www.altominho.tv\/site\/wp-content\/uploads\/2021\/02\/HORARIO_2021_SECUNDARIO_BLUE_.jpg 1800w\" sizes=\"auto, (max-width: 1024px) 100vw, 1024px\" \/><\/figure><\/div>\n\n\n<p>O projeto #EstudoEmCasa \u00e9 uma parceria do Minist\u00e9rio da Educa\u00e7\u00e3o com a RTP, contando com o apoio das Editoras Leya e Porto Editora.<\/p>\n<p>Para a edi\u00e7\u00e3o 2020\/2021 foram criadas uma equipa de coordena\u00e7\u00e3o e uma equipa espec\u00edfica para o seu desenvolvimento, composta por mais de quatro dezenas de professores e cinco int\u00e9rpretes de L\u00edngua Gestual Portuguesa, estando a responsabilidade pedag\u00f3gica a cargo da Dire\u00e7\u00e3o-Geral da Educa\u00e7\u00e3o.<\/p>\n<p>O #EstudoEmCasa nas v\u00e1rias plataformas Internet: <a href=\"https:\/\/www.rtp.pt\/play\/estudoemcasa\">https:\/\/www.rtp.pt\/play\/estudoemcasa<\/a>\/ (emiss\u00e3o de cada dia ondemand e m\u00f3dulos individualizados); e em https:\/\/estudoemcasa.dge.mec.pt\/<\/p>","protected":false},"excerpt":{"rendered":"<p>As \u201caulas\u201d do #EstudoEmCasa para o Ensino Secund\u00e1rio chegam tamb\u00e9m \u00e0 televis\u00e3o, j\u00e1 a partir desta segunda-feira, dia 8 de fevereiro. Os 75 blocos pedag\u00f3gicos tem\u00e1ticos semanais produzidos para o Ensino Secund\u00e1rio, que desde o in\u00edcio do ano letivo t\u00eam vindo a ser disponibilizados na RTP Play, v\u00e3o passar a estar acess\u00edveis na posi\u00e7\u00e3o 8 [&hellip;]<\/p>\n","protected":false},"author":1,"featured_media":61490,"comment_status":"closed","ping_status":"closed","sticky":false,"template":"","format":"standard","meta":{"_exactmetrics_skip_tracking":false,"_exactmetrics_sitenote_active":false,"_exactmetrics_sitenote_note":"","_exactmetrics_sitenote_category":0,"footnotes":""},"categories":[42722],"tags":[22,27],"class_list":["post-61489","post","type-post","status-publish","format-standard","has-post-thumbnail","hentry","category-covid-19","tag-educacao","tag-sociedade"],"yoast_head":"<!-- This site is optimized with the Yoast SEO Premium plugin v27.5 (Yoast SEO v27.5) - https:\/\/yoast.com\/product\/yoast-seo-premium-wordpress\/ -->\n<title>Minist\u00e9rio da Educa\u00e7\u00e3o revela programa\u00e7\u00e3o do &quot;estudo em casa&quot; para o ensino secund\u00e1rio<\/title>\n<meta name=\"robots\" content=\"index, follow, max-snippet:-1, max-image-preview:large, max-video-preview:-1\" \/>\n<link rel=\"canonical\" href=\"https:\/\/www.altominho.tv\/site\/2021\/02\/07\/ministerio-da-educacao-revela-programacao-do-estudo-em-casa-para-o-ensino-secundario\/\" \/>\n<meta property=\"og:locale\" content=\"pt_PT\" \/>\n<meta property=\"og:type\" content=\"article\" \/>\n<meta property=\"og:title\" content=\"Minist\u00e9rio da Educa\u00e7\u00e3o revela programa\u00e7\u00e3o do &quot;estudo em casa&quot; para o ensino secund\u00e1rio\" \/>\n<meta property=\"og:description\" content=\"As \u201caulas\u201d do #EstudoEmCasa para o Ensino Secund\u00e1rio chegam tamb\u00e9m \u00e0 televis\u00e3o, j\u00e1 a partir desta segunda-feira, dia 8 de fevereiro. Os 75 blocos pedag\u00f3gicos tem\u00e1ticos semanais produzidos para o Ensino Secund\u00e1rio, que desde o in\u00edcio do ano letivo t\u00eam vindo a ser disponibilizados na RTP Play, v\u00e3o passar a estar acess\u00edveis na posi\u00e7\u00e3o 8 [&hellip;]\" \/>\n<meta property=\"og:url\" content=\"https:\/\/www.altominho.tv\/site\/2021\/02\/07\/ministerio-da-educacao-revela-programacao-do-estudo-em-casa-para-o-ensino-secundario\/\" \/>\n<meta property=\"og:site_name\" content=\"Altominho.tv\" \/>\n<meta property=\"article:publisher\" content=\"https:\/\/www.facebook.com\/altominhotv\" \/>\n<meta property=\"article:published_time\" content=\"2021-02-07T21:28:44+00:00\" \/>\n<meta property=\"article:modified_time\" content=\"2021-02-07T21:43:46+00:00\" \/>\n<meta property=\"og:image\" content=\"https:\/\/www.altominho.tv\/site\/wp-content\/uploads\/2021\/02\/estudoemcasa_ATV.jpg\" \/>\n\t<meta property=\"og:image:width\" content=\"1024\" \/>\n\t<meta property=\"og:image:height\" content=\"683\" \/>\n\t<meta property=\"og:image:type\" content=\"image\/jpeg\" \/>\n<meta name=\"author\" content=\"Altominho.tv\" \/>\n<meta name=\"twitter:card\" content=\"summary_large_image\" \/>\n<meta name=\"twitter:creator\" content=\"@altominhoTV\" \/>\n<meta name=\"twitter:site\" content=\"@altominhoTV\" \/>\n<meta name=\"twitter:label1\" content=\"Escrito por\" \/>\n\t<meta name=\"twitter:data1\" content=\"Altominho.tv\" \/>\n\t<meta name=\"twitter:label2\" content=\"Tempo estimado de leitura\" \/>\n\t<meta name=\"twitter:data2\" content=\"2 minutos\" \/>\n<script type=\"application\/ld+json\" class=\"yoast-schema-graph\">{\"@context\":\"https:\\\/\\\/schema.org\",\"@graph\":[{\"@type\":\"Article\",\"@id\":\"https:\\\/\\\/www.altominho.tv\\\/site\\\/2021\\\/02\\\/07\\\/ministerio-da-educacao-revela-programacao-do-estudo-em-casa-para-o-ensino-secundario\\\/#article\",\"isPartOf\":{\"@id\":\"https:\\\/\\\/www.altominho.tv\\\/site\\\/2021\\\/02\\\/07\\\/ministerio-da-educacao-revela-programacao-do-estudo-em-casa-para-o-ensino-secundario\\\/\"},\"author\":{\"name\":\"Altominho.tv\",\"@id\":\"https:\\\/\\\/www.altominho.tv\\\/site\\\/#\\\/schema\\\/person\\\/4e536851627d7914baf3dac752b6af22\"},\"headline\":\"Minist\u00e9rio da Educa\u00e7\u00e3o revela programa\u00e7\u00e3o do &#8220;estudo em casa&#8221; para o ensino secund\u00e1rio\",\"datePublished\":\"2021-02-07T21:28:44+00:00\",\"dateModified\":\"2021-02-07T21:43:46+00:00\",\"mainEntityOfPage\":{\"@id\":\"https:\\\/\\\/www.altominho.tv\\\/site\\\/2021\\\/02\\\/07\\\/ministerio-da-educacao-revela-programacao-do-estudo-em-casa-para-o-ensino-secundario\\\/\"},\"wordCount\":481,\"image\":{\"@id\":\"https:\\\/\\\/www.altominho.tv\\\/site\\\/2021\\\/02\\\/07\\\/ministerio-da-educacao-revela-programacao-do-estudo-em-casa-para-o-ensino-secundario\\\/#primaryimage\"},\"thumbnailUrl\":\"https:\\\/\\\/www.altominho.tv\\\/site\\\/wp-content\\\/uploads\\\/2021\\\/02\\\/estudoemcasa_ATV.jpg\",\"keywords\":[\"Educa\u00e7\u00e3o\",\"Sociedade\"],\"articleSection\":[\"Coronav\u00edrus\"],\"inLanguage\":\"pt-PT\",\"copyrightYear\":\"2021\",\"copyrightHolder\":{\"@id\":\"https:\\\/\\\/www.altominho.tv\\\/site\\\/#organization\"}},{\"@type\":\"WebPage\",\"@id\":\"https:\\\/\\\/www.altominho.tv\\\/site\\\/2021\\\/02\\\/07\\\/ministerio-da-educacao-revela-programacao-do-estudo-em-casa-para-o-ensino-secundario\\\/\",\"url\":\"https:\\\/\\\/www.altominho.tv\\\/site\\\/2021\\\/02\\\/07\\\/ministerio-da-educacao-revela-programacao-do-estudo-em-casa-para-o-ensino-secundario\\\/\",\"name\":\"Minist\u00e9rio da Educa\u00e7\u00e3o revela programa\u00e7\u00e3o do \\\"estudo em casa\\\" para o ensino secund\u00e1rio\",\"isPartOf\":{\"@id\":\"https:\\\/\\\/www.altominho.tv\\\/site\\\/#website\"},\"primaryImageOfPage\":{\"@id\":\"https:\\\/\\\/www.altominho.tv\\\/site\\\/2021\\\/02\\\/07\\\/ministerio-da-educacao-revela-programacao-do-estudo-em-casa-para-o-ensino-secundario\\\/#primaryimage\"},\"image\":{\"@id\":\"https:\\\/\\\/www.altominho.tv\\\/site\\\/2021\\\/02\\\/07\\\/ministerio-da-educacao-revela-programacao-do-estudo-em-casa-para-o-ensino-secundario\\\/#primaryimage\"},\"thumbnailUrl\":\"https:\\\/\\\/www.altominho.tv\\\/site\\\/wp-content\\\/uploads\\\/2021\\\/02\\\/estudoemcasa_ATV.jpg\",\"datePublished\":\"2021-02-07T21:28:44+00:00\",\"dateModified\":\"2021-02-07T21:43:46+00:00\",\"author\":{\"@id\":\"https:\\\/\\\/www.altominho.tv\\\/site\\\/#\\\/schema\\\/person\\\/4e536851627d7914baf3dac752b6af22\"},\"breadcrumb\":{\"@id\":\"https:\\\/\\\/www.altominho.tv\\\/site\\\/2021\\\/02\\\/07\\\/ministerio-da-educacao-revela-programacao-do-estudo-em-casa-para-o-ensino-secundario\\\/#breadcrumb\"},\"inLanguage\":\"pt-PT\",\"potentialAction\":[{\"@type\":\"ReadAction\",\"target\":[\"https:\\\/\\\/www.altominho.tv\\\/site\\\/2021\\\/02\\\/07\\\/ministerio-da-educacao-revela-programacao-do-estudo-em-casa-para-o-ensino-secundario\\\/\"]}]},{\"@type\":\"ImageObject\",\"inLanguage\":\"pt-PT\",\"@id\":\"https:\\\/\\\/www.altominho.tv\\\/site\\\/2021\\\/02\\\/07\\\/ministerio-da-educacao-revela-programacao-do-estudo-em-casa-para-o-ensino-secundario\\\/#primaryimage\",\"url\":\"https:\\\/\\\/www.altominho.tv\\\/site\\\/wp-content\\\/uploads\\\/2021\\\/02\\\/estudoemcasa_ATV.jpg\",\"contentUrl\":\"https:\\\/\\\/www.altominho.tv\\\/site\\\/wp-content\\\/uploads\\\/2021\\\/02\\\/estudoemcasa_ATV.jpg\",\"width\":1024,\"height\":683},{\"@type\":\"BreadcrumbList\",\"@id\":\"https:\\\/\\\/www.altominho.tv\\\/site\\\/2021\\\/02\\\/07\\\/ministerio-da-educacao-revela-programacao-do-estudo-em-casa-para-o-ensino-secundario\\\/#breadcrumb\",\"itemListElement\":[{\"@type\":\"ListItem\",\"position\":1,\"name\":\"In\u00edcio\",\"item\":\"https:\\\/\\\/www.altominho.tv\\\/site\\\/\"},{\"@type\":\"ListItem\",\"position\":2,\"name\":\"Minist\u00e9rio da Educa\u00e7\u00e3o revela programa\u00e7\u00e3o do &#8220;estudo em casa&#8221; para o ensino secund\u00e1rio\"}]},{\"@type\":\"WebSite\",\"@id\":\"https:\\\/\\\/www.altominho.tv\\\/site\\\/#website\",\"url\":\"https:\\\/\\\/www.altominho.tv\\\/site\\\/\",\"name\":\"Altominho.tv\",\"description\":\"A sua regi\u00e3o \u00e0 dist\u00e2ncia de um clique...\",\"potentialAction\":[{\"@type\":\"SearchAction\",\"target\":{\"@type\":\"EntryPoint\",\"urlTemplate\":\"https:\\\/\\\/www.altominho.tv\\\/site\\\/?s={search_term_string}\"},\"query-input\":{\"@type\":\"PropertyValueSpecification\",\"valueRequired\":true,\"valueName\":\"search_term_string\"}}],\"inLanguage\":\"pt-PT\"},{\"@type\":\"Person\",\"@id\":\"https:\\\/\\\/www.altominho.tv\\\/site\\\/#\\\/schema\\\/person\\\/4e536851627d7914baf3dac752b6af22\",\"name\":\"Altominho.tv\",\"image\":{\"@type\":\"ImageObject\",\"inLanguage\":\"pt-PT\",\"@id\":\"https:\\\/\\\/www.altominho.tv\\\/site\\\/wp-content\\\/uploads\\\/2019\\\/11\\\/Logo_Avatar_2-150x150.jpg\",\"url\":\"https:\\\/\\\/www.altominho.tv\\\/site\\\/wp-content\\\/uploads\\\/2019\\\/11\\\/Logo_Avatar_2-150x150.jpg\",\"contentUrl\":\"https:\\\/\\\/www.altominho.tv\\\/site\\\/wp-content\\\/uploads\\\/2019\\\/11\\\/Logo_Avatar_2-150x150.jpg\",\"caption\":\"Altominho.tv\"},\"url\":\"https:\\\/\\\/www.altominho.tv\\\/site\\\/author\\\/altominhotv-tecnico\\\/\"}]}<\/script>\n<!-- \/ Yoast SEO Premium plugin. -->","yoast_head_json":{"title":"Minist\u00e9rio da Educa\u00e7\u00e3o revela programa\u00e7\u00e3o do \"estudo em casa\" para o ensino secund\u00e1rio","robots":{"index":"index","follow":"follow","max-snippet":"max-snippet:-1","max-image-preview":"max-image-preview:large","max-video-preview":"max-video-preview:-1"},"canonical":"https:\/\/www.altominho.tv\/site\/2021\/02\/07\/ministerio-da-educacao-revela-programacao-do-estudo-em-casa-para-o-ensino-secundario\/","og_locale":"pt_PT","og_type":"article","og_title":"Minist\u00e9rio da Educa\u00e7\u00e3o revela programa\u00e7\u00e3o do \"estudo em casa\" para o ensino secund\u00e1rio","og_description":"As \u201caulas\u201d do #EstudoEmCasa para o Ensino Secund\u00e1rio chegam tamb\u00e9m \u00e0 televis\u00e3o, j\u00e1 a partir desta segunda-feira, dia 8 de fevereiro. Os 75 blocos pedag\u00f3gicos tem\u00e1ticos semanais produzidos para o Ensino Secund\u00e1rio, que desde o in\u00edcio do ano letivo t\u00eam vindo a ser disponibilizados na RTP Play, v\u00e3o passar a estar acess\u00edveis na posi\u00e7\u00e3o 8 [&hellip;]","og_url":"https:\/\/www.altominho.tv\/site\/2021\/02\/07\/ministerio-da-educacao-revela-programacao-do-estudo-em-casa-para-o-ensino-secundario\/","og_site_name":"Altominho.tv","article_publisher":"https:\/\/www.facebook.com\/altominhotv","article_published_time":"2021-02-07T21:28:44+00:00","article_modified_time":"2021-02-07T21:43:46+00:00","og_image":[{"width":1024,"height":683,"url":"https:\/\/www.altominho.tv\/site\/wp-content\/uploads\/2021\/02\/estudoemcasa_ATV.jpg","type":"image\/jpeg"}],"author":"Altominho.tv","twitter_card":"summary_large_image","twitter_creator":"@altominhoTV","twitter_site":"@altominhoTV","twitter_misc":{"Escrito por":"Altominho.tv","Tempo estimado de leitura":"2 minutos"},"schema":{"@context":"https:\/\/schema.org","@graph":[{"@type":"Article","@id":"https:\/\/www.altominho.tv\/site\/2021\/02\/07\/ministerio-da-educacao-revela-programacao-do-estudo-em-casa-para-o-ensino-secundario\/#article","isPartOf":{"@id":"https:\/\/www.altominho.tv\/site\/2021\/02\/07\/ministerio-da-educacao-revela-programacao-do-estudo-em-casa-para-o-ensino-secundario\/"},"author":{"name":"Altominho.tv","@id":"https:\/\/www.altominho.tv\/site\/#\/schema\/person\/4e536851627d7914baf3dac752b6af22"},"headline":"Minist\u00e9rio da Educa\u00e7\u00e3o revela programa\u00e7\u00e3o do &#8220;estudo em casa&#8221; para o ensino secund\u00e1rio","datePublished":"2021-02-07T21:28:44+00:00","dateModified":"2021-02-07T21:43:46+00:00","mainEntityOfPage":{"@id":"https:\/\/www.altominho.tv\/site\/2021\/02\/07\/ministerio-da-educacao-revela-programacao-do-estudo-em-casa-para-o-ensino-secundario\/"},"wordCount":481,"image":{"@id":"https:\/\/www.altominho.tv\/site\/2021\/02\/07\/ministerio-da-educacao-revela-programacao-do-estudo-em-casa-para-o-ensino-secundario\/#primaryimage"},"thumbnailUrl":"https:\/\/www.altominho.tv\/site\/wp-content\/uploads\/2021\/02\/estudoemcasa_ATV.jpg","keywords":["Educa\u00e7\u00e3o","Sociedade"],"articleSection":["Coronav\u00edrus"],"inLanguage":"pt-PT","copyrightYear":"2021","copyrightHolder":{"@id":"https:\/\/www.altominho.tv\/site\/#organization"}},{"@type":"WebPage","@id":"https:\/\/www.altominho.tv\/site\/2021\/02\/07\/ministerio-da-educacao-revela-programacao-do-estudo-em-casa-para-o-ensino-secundario\/","url":"https:\/\/www.altominho.tv\/site\/2021\/02\/07\/ministerio-da-educacao-revela-programacao-do-estudo-em-casa-para-o-ensino-secundario\/","name":"Minist\u00e9rio da Educa\u00e7\u00e3o revela programa\u00e7\u00e3o do \"estudo em casa\" para o ensino secund\u00e1rio","isPartOf":{"@id":"https:\/\/www.altominho.tv\/site\/#website"},"primaryImageOfPage":{"@id":"https:\/\/www.altominho.tv\/site\/2021\/02\/07\/ministerio-da-educacao-revela-programacao-do-estudo-em-casa-para-o-ensino-secundario\/#primaryimage"},"image":{"@id":"https:\/\/www.altominho.tv\/site\/2021\/02\/07\/ministerio-da-educacao-revela-programacao-do-estudo-em-casa-para-o-ensino-secundario\/#primaryimage"},"thumbnailUrl":"https:\/\/www.altominho.tv\/site\/wp-content\/uploads\/2021\/02\/estudoemcasa_ATV.jpg","datePublished":"2021-02-07T21:28:44+00:00","dateModified":"2021-02-07T21:43:46+00:00","author":{"@id":"https:\/\/www.altominho.tv\/site\/#\/schema\/person\/4e536851627d7914baf3dac752b6af22"},"breadcrumb":{"@id":"https:\/\/www.altominho.tv\/site\/2021\/02\/07\/ministerio-da-educacao-revela-programacao-do-estudo-em-casa-para-o-ensino-secundario\/#breadcrumb"},"inLanguage":"pt-PT","potentialAction":[{"@type":"ReadAction","target":["https:\/\/www.altominho.tv\/site\/2021\/02\/07\/ministerio-da-educacao-revela-programacao-do-estudo-em-casa-para-o-ensino-secundario\/"]}]},{"@type":"ImageObject","inLanguage":"pt-PT","@id":"https:\/\/www.altominho.tv\/site\/2021\/02\/07\/ministerio-da-educacao-revela-programacao-do-estudo-em-casa-para-o-ensino-secundario\/#primaryimage","url":"https:\/\/www.altominho.tv\/site\/wp-content\/uploads\/2021\/02\/estudoemcasa_ATV.jpg","contentUrl":"https:\/\/www.altominho.tv\/site\/wp-content\/uploads\/2021\/02\/estudoemcasa_ATV.jpg","width":1024,"height":683},{"@type":"BreadcrumbList","@id":"https:\/\/www.altominho.tv\/site\/2021\/02\/07\/ministerio-da-educacao-revela-programacao-do-estudo-em-casa-para-o-ensino-secundario\/#breadcrumb","itemListElement":[{"@type":"ListItem","position":1,"name":"In\u00edcio","item":"https:\/\/www.altominho.tv\/site\/"},{"@type":"ListItem","position":2,"name":"Minist\u00e9rio da Educa\u00e7\u00e3o revela programa\u00e7\u00e3o do &#8220;estudo em casa&#8221; para o ensino secund\u00e1rio"}]},{"@type":"WebSite","@id":"https:\/\/www.altominho.tv\/site\/#website","url":"https:\/\/www.altominho.tv\/site\/","name":"Altominho.tv","description":"A sua regi\u00e3o \u00e0 dist\u00e2ncia de um clique...","potentialAction":[{"@type":"SearchAction","target":{"@type":"EntryPoint","urlTemplate":"https:\/\/www.altominho.tv\/site\/?s={search_term_string}"},"query-input":{"@type":"PropertyValueSpecification","valueRequired":true,"valueName":"search_term_string"}}],"inLanguage":"pt-PT"},{"@type":"Person","@id":"https:\/\/www.altominho.tv\/site\/#\/schema\/person\/4e536851627d7914baf3dac752b6af22","name":"Altominho.tv","image":{"@type":"ImageObject","inLanguage":"pt-PT","@id":"https:\/\/www.altominho.tv\/site\/wp-content\/uploads\/2019\/11\/Logo_Avatar_2-150x150.jpg","url":"https:\/\/www.altominho.tv\/site\/wp-content\/uploads\/2019\/11\/Logo_Avatar_2-150x150.jpg","contentUrl":"https:\/\/www.altominho.tv\/site\/wp-content\/uploads\/2019\/11\/Logo_Avatar_2-150x150.jpg","caption":"Altominho.tv"},"url":"https:\/\/www.altominho.tv\/site\/author\/altominhotv-tecnico\/"}]}},"_links":{"self":[{"href":"https:\/\/www.altominho.tv\/site\/wp-json\/wp\/v2\/posts\/61489","targetHints":{"allow":["GET"]}}],"collection":[{"href":"https:\/\/www.altominho.tv\/site\/wp-json\/wp\/v2\/posts"}],"about":[{"href":"https:\/\/www.altominho.tv\/site\/wp-json\/wp\/v2\/types\/post"}],"author":[{"embeddable":true,"href":"https:\/\/www.altominho.tv\/site\/wp-json\/wp\/v2\/users\/1"}],"replies":[{"embeddable":true,"href":"https:\/\/www.altominho.tv\/site\/wp-json\/wp\/v2\/comments?post=61489"}],"version-history":[{"count":0,"href":"https:\/\/www.altominho.tv\/site\/wp-json\/wp\/v2\/posts\/61489\/revisions"}],"wp:featuredmedia":[{"embeddable":true,"href":"https:\/\/www.altominho.tv\/site\/wp-json\/wp\/v2\/media\/61490"}],"wp:attachment":[{"href":"https:\/\/www.altominho.tv\/site\/wp-json\/wp\/v2\/media?parent=61489"}],"wp:term":[{"taxonomy":"category","embeddable":true,"href":"https:\/\/www.altominho.tv\/site\/wp-json\/wp\/v2\/categories?post=61489"},{"taxonomy":"post_tag","embeddable":true,"href":"https:\/\/www.altominho.tv\/site\/wp-json\/wp\/v2\/tags?post=61489"}],"curies":[{"name":"wp","href":"https:\/\/api.w.org\/{rel}","templated":true}]}}