{"id":61483,"date":"2021-02-07T18:16:14","date_gmt":"2021-02-07T18:16:14","guid":{"rendered":"https:\/\/www.altominho.tv\/site\/?p=61483"},"modified":"2021-02-07T19:08:11","modified_gmt":"2021-02-07T19:08:11","slug":"portugal-deixa-de-ser-o-pais-com-mais-novos-casos-por-milhao-de-habitantes","status":"publish","type":"post","link":"https:\/\/www.altominho.tv\/site\/2021\/02\/07\/portugal-deixa-de-ser-o-pais-com-mais-novos-casos-por-milhao-de-habitantes\/","title":{"rendered":"Portugal deixa de ser o pa\u00eds com mais novos casos por milh\u00e3o de habitantes"},"content":{"rendered":"<p>Portugal deixou este s\u00e1bado de liderar a tabela mundial em novos casos de covid-19 por milh\u00e3o de habitantes, baixando para o terceiro lugar.<\/p>\n<p>A quebra de 41,2% nos cont\u00e1gios registados nos \u00faltimos sete dias permitiu a Portugal deixar o estatuto de pa\u00eds do mundo com mais casos em rela\u00e7\u00e3o \u00e0 popula\u00e7\u00e3o. <strong>O pa\u00eds liderava a tabela desde 19 de janeiro<\/strong>.<\/p>\n<p>E os dados divulgados este domingo pela Dire\u00e7\u00e3o-Geral de Sa\u00fade (DGS) <a href=\"\/\/www.altominho.tv\/site\/2021\/02\/07\/portugal-com-204-mortes-e-3-508-casos-nas-ultimas-24-horas\/\" target=\"_blank\" rel=\"noopener\">acentuam a tend\u00eancia de desacelera\u00e7\u00e3o<\/a> da pandemia em Portugal, com o n\u00famero de novos casos nos \u00faltimos sete dias a diminuir 46,7% face ao domingo passado.<\/p>\n<p>Segundo os dados do Our World In Data, Montenegro \u00e9 agora o pa\u00eds com mais novas infe\u00e7\u00f5es por milh\u00e3o de habitantes, com uma m\u00e9dia m\u00f3vel a sete dias de 804,52 novos casos por milh\u00e3o de residentes. Segue-se Israel, com um valor de 772,32 e Portugal, com 712,95.<\/p>\n<p>A 31 de janeiro, Portugal liderava com 1.181,42 casos por milh\u00e3o de habitantes, \u00e0 frente de Montenegro e Israel, com 760,39 e 759,74, respetivamente.<\/p>\n<p>No que concerne aos \u00f3bitos devido a covid-19 por milh\u00e3o de habitantes <strong>Portugal ocupa a segunda posi\u00e7\u00e3o desde 2 de fevereiro<\/strong>, altura em que o pequeno principado do M\u00f3naco superou a m\u00e9dia de mortes em rela\u00e7\u00e3o \u00e0 popula\u00e7\u00e3o de Portugal.<\/p>\n<p><strong>Entre 21 de janeiro e 1 de fevereiro Portugal foi simultaneamente o pa\u00eds de todo o mundo com mais novos casos e mortes por milh\u00e3o de habitantes<\/strong>.<\/p>\n","protected":false},"excerpt":{"rendered":"<p>Portugal deixou este s\u00e1bado de liderar a tabela mundial em novos casos de covid-19 por milh\u00e3o de habitantes, baixando para o terceiro lugar. A quebra de 41,2% nos cont\u00e1gios registados nos \u00faltimos sete dias permitiu a Portugal deixar o estatuto de pa\u00eds do mundo com mais casos em rela\u00e7\u00e3o \u00e0 popula\u00e7\u00e3o. O pa\u00eds liderava a [&hellip;]<\/p>\n","protected":false},"author":1,"featured_media":57724,"comment_status":"closed","ping_status":"closed","sticky":false,"template":"","format":"standard","meta":{"_exactmetrics_skip_tracking":false,"_exactmetrics_sitenote_active":false,"_exactmetrics_sitenote_note":"","_exactmetrics_sitenote_category":0,"footnotes":""},"categories":[42722],"tags":[26,27],"class_list":["post-61483","post","type-post","status-publish","format-standard","has-post-thumbnail","hentry","category-covid-19","tag-saude","tag-sociedade"],"yoast_head":"<!-- This site is optimized with the Yoast SEO Premium plugin v27.5 (Yoast SEO v27.5) - https:\/\/yoast.com\/product\/yoast-seo-premium-wordpress\/ -->\n<title>Portugal deixa de ser o pa\u00eds com mais novos casos por milh\u00e3o de habitantes<\/title>\n<meta name=\"robots\" content=\"index, follow, max-snippet:-1, max-image-preview:large, max-video-preview:-1\" \/>\n<link rel=\"canonical\" href=\"https:\/\/www.altominho.tv\/site\/2021\/02\/07\/portugal-deixa-de-ser-o-pais-com-mais-novos-casos-por-milhao-de-habitantes\/\" \/>\n<meta property=\"og:locale\" content=\"pt_PT\" \/>\n<meta property=\"og:type\" content=\"article\" \/>\n<meta property=\"og:title\" content=\"Portugal deixa de ser o pa\u00eds com mais novos casos por milh\u00e3o de habitantes\" \/>\n<meta property=\"og:description\" content=\"Portugal deixou este s\u00e1bado de liderar a tabela mundial em novos casos de covid-19 por milh\u00e3o de habitantes, baixando para o terceiro lugar. A quebra de 41,2% nos cont\u00e1gios registados nos \u00faltimos sete dias permitiu a Portugal deixar o estatuto de pa\u00eds do mundo com mais casos em rela\u00e7\u00e3o \u00e0 popula\u00e7\u00e3o. O pa\u00eds liderava a [&hellip;]\" \/>\n<meta property=\"og:url\" content=\"https:\/\/www.altominho.tv\/site\/2021\/02\/07\/portugal-deixa-de-ser-o-pais-com-mais-novos-casos-por-milhao-de-habitantes\/\" \/>\n<meta property=\"og:site_name\" content=\"Altominho.tv\" \/>\n<meta property=\"article:publisher\" content=\"https:\/\/www.facebook.com\/altominhotv\" \/>\n<meta property=\"article:published_time\" content=\"2021-02-07T18:16:14+00:00\" \/>\n<meta property=\"article:modified_time\" content=\"2021-02-07T19:08:11+00:00\" \/>\n<meta property=\"og:image\" content=\"https:\/\/www.altominho.tv\/site\/wp-content\/uploads\/2020\/12\/Untitled-Project-3.jpg\" \/>\n\t<meta property=\"og:image:width\" content=\"1920\" \/>\n\t<meta property=\"og:image:height\" content=\"1080\" \/>\n\t<meta property=\"og:image:type\" content=\"image\/jpeg\" \/>\n<meta name=\"author\" content=\"Altominho.tv\" \/>\n<meta name=\"twitter:card\" content=\"summary_large_image\" \/>\n<meta name=\"twitter:creator\" content=\"@altominhoTV\" \/>\n<meta name=\"twitter:site\" content=\"@altominhoTV\" \/>\n<meta name=\"twitter:label1\" content=\"Escrito por\" \/>\n\t<meta name=\"twitter:data1\" content=\"Altominho.tv\" \/>\n\t<meta name=\"twitter:label2\" content=\"Tempo estimado de leitura\" \/>\n\t<meta name=\"twitter:data2\" content=\"1 minuto\" \/>\n<script type=\"application\/ld+json\" class=\"yoast-schema-graph\">{\"@context\":\"https:\\\/\\\/schema.org\",\"@graph\":[{\"@type\":\"Article\",\"@id\":\"https:\\\/\\\/www.altominho.tv\\\/site\\\/2021\\\/02\\\/07\\\/portugal-deixa-de-ser-o-pais-com-mais-novos-casos-por-milhao-de-habitantes\\\/#article\",\"isPartOf\":{\"@id\":\"https:\\\/\\\/www.altominho.tv\\\/site\\\/2021\\\/02\\\/07\\\/portugal-deixa-de-ser-o-pais-com-mais-novos-casos-por-milhao-de-habitantes\\\/\"},\"author\":{\"name\":\"Altominho.tv\",\"@id\":\"https:\\\/\\\/www.altominho.tv\\\/site\\\/#\\\/schema\\\/person\\\/4e536851627d7914baf3dac752b6af22\"},\"headline\":\"Portugal deixa de ser o pa\u00eds com mais novos casos por milh\u00e3o de habitantes\",\"datePublished\":\"2021-02-07T18:16:14+00:00\",\"dateModified\":\"2021-02-07T19:08:11+00:00\",\"mainEntityOfPage\":{\"@id\":\"https:\\\/\\\/www.altominho.tv\\\/site\\\/2021\\\/02\\\/07\\\/portugal-deixa-de-ser-o-pais-com-mais-novos-casos-por-milhao-de-habitantes\\\/\"},\"wordCount\":261,\"image\":{\"@id\":\"https:\\\/\\\/www.altominho.tv\\\/site\\\/2021\\\/02\\\/07\\\/portugal-deixa-de-ser-o-pais-com-mais-novos-casos-por-milhao-de-habitantes\\\/#primaryimage\"},\"thumbnailUrl\":\"https:\\\/\\\/www.altominho.tv\\\/site\\\/wp-content\\\/uploads\\\/2020\\\/12\\\/Untitled-Project-3.jpg\",\"keywords\":[\"Sa\u00fade\",\"Sociedade\"],\"articleSection\":[\"Coronav\u00edrus\"],\"inLanguage\":\"pt-PT\",\"copyrightYear\":\"2021\",\"copyrightHolder\":{\"@id\":\"https:\\\/\\\/www.altominho.tv\\\/site\\\/#organization\"}},{\"@type\":\"WebPage\",\"@id\":\"https:\\\/\\\/www.altominho.tv\\\/site\\\/2021\\\/02\\\/07\\\/portugal-deixa-de-ser-o-pais-com-mais-novos-casos-por-milhao-de-habitantes\\\/\",\"url\":\"https:\\\/\\\/www.altominho.tv\\\/site\\\/2021\\\/02\\\/07\\\/portugal-deixa-de-ser-o-pais-com-mais-novos-casos-por-milhao-de-habitantes\\\/\",\"name\":\"Portugal deixa de ser o pa\u00eds com mais novos casos por milh\u00e3o de habitantes\",\"isPartOf\":{\"@id\":\"https:\\\/\\\/www.altominho.tv\\\/site\\\/#website\"},\"primaryImageOfPage\":{\"@id\":\"https:\\\/\\\/www.altominho.tv\\\/site\\\/2021\\\/02\\\/07\\\/portugal-deixa-de-ser-o-pais-com-mais-novos-casos-por-milhao-de-habitantes\\\/#primaryimage\"},\"image\":{\"@id\":\"https:\\\/\\\/www.altominho.tv\\\/site\\\/2021\\\/02\\\/07\\\/portugal-deixa-de-ser-o-pais-com-mais-novos-casos-por-milhao-de-habitantes\\\/#primaryimage\"},\"thumbnailUrl\":\"https:\\\/\\\/www.altominho.tv\\\/site\\\/wp-content\\\/uploads\\\/2020\\\/12\\\/Untitled-Project-3.jpg\",\"datePublished\":\"2021-02-07T18:16:14+00:00\",\"dateModified\":\"2021-02-07T19:08:11+00:00\",\"author\":{\"@id\":\"https:\\\/\\\/www.altominho.tv\\\/site\\\/#\\\/schema\\\/person\\\/4e536851627d7914baf3dac752b6af22\"},\"breadcrumb\":{\"@id\":\"https:\\\/\\\/www.altominho.tv\\\/site\\\/2021\\\/02\\\/07\\\/portugal-deixa-de-ser-o-pais-com-mais-novos-casos-por-milhao-de-habitantes\\\/#breadcrumb\"},\"inLanguage\":\"pt-PT\",\"potentialAction\":[{\"@type\":\"ReadAction\",\"target\":[\"https:\\\/\\\/www.altominho.tv\\\/site\\\/2021\\\/02\\\/07\\\/portugal-deixa-de-ser-o-pais-com-mais-novos-casos-por-milhao-de-habitantes\\\/\"]}]},{\"@type\":\"ImageObject\",\"inLanguage\":\"pt-PT\",\"@id\":\"https:\\\/\\\/www.altominho.tv\\\/site\\\/2021\\\/02\\\/07\\\/portugal-deixa-de-ser-o-pais-com-mais-novos-casos-por-milhao-de-habitantes\\\/#primaryimage\",\"url\":\"https:\\\/\\\/www.altominho.tv\\\/site\\\/wp-content\\\/uploads\\\/2020\\\/12\\\/Untitled-Project-3.jpg\",\"contentUrl\":\"https:\\\/\\\/www.altominho.tv\\\/site\\\/wp-content\\\/uploads\\\/2020\\\/12\\\/Untitled-Project-3.jpg\",\"width\":1920,\"height\":1080},{\"@type\":\"BreadcrumbList\",\"@id\":\"https:\\\/\\\/www.altominho.tv\\\/site\\\/2021\\\/02\\\/07\\\/portugal-deixa-de-ser-o-pais-com-mais-novos-casos-por-milhao-de-habitantes\\\/#breadcrumb\",\"itemListElement\":[{\"@type\":\"ListItem\",\"position\":1,\"name\":\"In\u00edcio\",\"item\":\"https:\\\/\\\/www.altominho.tv\\\/site\\\/\"},{\"@type\":\"ListItem\",\"position\":2,\"name\":\"Portugal deixa de ser o pa\u00eds com mais novos casos por milh\u00e3o de habitantes\"}]},{\"@type\":\"WebSite\",\"@id\":\"https:\\\/\\\/www.altominho.tv\\\/site\\\/#website\",\"url\":\"https:\\\/\\\/www.altominho.tv\\\/site\\\/\",\"name\":\"Altominho.tv\",\"description\":\"A sua regi\u00e3o \u00e0 dist\u00e2ncia de um clique...\",\"potentialAction\":[{\"@type\":\"SearchAction\",\"target\":{\"@type\":\"EntryPoint\",\"urlTemplate\":\"https:\\\/\\\/www.altominho.tv\\\/site\\\/?s={search_term_string}\"},\"query-input\":{\"@type\":\"PropertyValueSpecification\",\"valueRequired\":true,\"valueName\":\"search_term_string\"}}],\"inLanguage\":\"pt-PT\"},{\"@type\":\"Person\",\"@id\":\"https:\\\/\\\/www.altominho.tv\\\/site\\\/#\\\/schema\\\/person\\\/4e536851627d7914baf3dac752b6af22\",\"name\":\"Altominho.tv\",\"image\":{\"@type\":\"ImageObject\",\"inLanguage\":\"pt-PT\",\"@id\":\"https:\\\/\\\/www.altominho.tv\\\/site\\\/wp-content\\\/uploads\\\/2019\\\/11\\\/Logo_Avatar_2-150x150.jpg\",\"url\":\"https:\\\/\\\/www.altominho.tv\\\/site\\\/wp-content\\\/uploads\\\/2019\\\/11\\\/Logo_Avatar_2-150x150.jpg\",\"contentUrl\":\"https:\\\/\\\/www.altominho.tv\\\/site\\\/wp-content\\\/uploads\\\/2019\\\/11\\\/Logo_Avatar_2-150x150.jpg\",\"caption\":\"Altominho.tv\"},\"url\":\"https:\\\/\\\/www.altominho.tv\\\/site\\\/author\\\/altominhotv-tecnico\\\/\"}]}<\/script>\n<!-- \/ Yoast SEO Premium plugin. -->","yoast_head_json":{"title":"Portugal deixa de ser o pa\u00eds com mais novos casos por milh\u00e3o de habitantes","robots":{"index":"index","follow":"follow","max-snippet":"max-snippet:-1","max-image-preview":"max-image-preview:large","max-video-preview":"max-video-preview:-1"},"canonical":"https:\/\/www.altominho.tv\/site\/2021\/02\/07\/portugal-deixa-de-ser-o-pais-com-mais-novos-casos-por-milhao-de-habitantes\/","og_locale":"pt_PT","og_type":"article","og_title":"Portugal deixa de ser o pa\u00eds com mais novos casos por milh\u00e3o de habitantes","og_description":"Portugal deixou este s\u00e1bado de liderar a tabela mundial em novos casos de covid-19 por milh\u00e3o de habitantes, baixando para o terceiro lugar. A quebra de 41,2% nos cont\u00e1gios registados nos \u00faltimos sete dias permitiu a Portugal deixar o estatuto de pa\u00eds do mundo com mais casos em rela\u00e7\u00e3o \u00e0 popula\u00e7\u00e3o. O pa\u00eds liderava a [&hellip;]","og_url":"https:\/\/www.altominho.tv\/site\/2021\/02\/07\/portugal-deixa-de-ser-o-pais-com-mais-novos-casos-por-milhao-de-habitantes\/","og_site_name":"Altominho.tv","article_publisher":"https:\/\/www.facebook.com\/altominhotv","article_published_time":"2021-02-07T18:16:14+00:00","article_modified_time":"2021-02-07T19:08:11+00:00","og_image":[{"width":1920,"height":1080,"url":"https:\/\/www.altominho.tv\/site\/wp-content\/uploads\/2020\/12\/Untitled-Project-3.jpg","type":"image\/jpeg"}],"author":"Altominho.tv","twitter_card":"summary_large_image","twitter_creator":"@altominhoTV","twitter_site":"@altominhoTV","twitter_misc":{"Escrito por":"Altominho.tv","Tempo estimado de leitura":"1 minuto"},"schema":{"@context":"https:\/\/schema.org","@graph":[{"@type":"Article","@id":"https:\/\/www.altominho.tv\/site\/2021\/02\/07\/portugal-deixa-de-ser-o-pais-com-mais-novos-casos-por-milhao-de-habitantes\/#article","isPartOf":{"@id":"https:\/\/www.altominho.tv\/site\/2021\/02\/07\/portugal-deixa-de-ser-o-pais-com-mais-novos-casos-por-milhao-de-habitantes\/"},"author":{"name":"Altominho.tv","@id":"https:\/\/www.altominho.tv\/site\/#\/schema\/person\/4e536851627d7914baf3dac752b6af22"},"headline":"Portugal deixa de ser o pa\u00eds com mais novos casos por milh\u00e3o de habitantes","datePublished":"2021-02-07T18:16:14+00:00","dateModified":"2021-02-07T19:08:11+00:00","mainEntityOfPage":{"@id":"https:\/\/www.altominho.tv\/site\/2021\/02\/07\/portugal-deixa-de-ser-o-pais-com-mais-novos-casos-por-milhao-de-habitantes\/"},"wordCount":261,"image":{"@id":"https:\/\/www.altominho.tv\/site\/2021\/02\/07\/portugal-deixa-de-ser-o-pais-com-mais-novos-casos-por-milhao-de-habitantes\/#primaryimage"},"thumbnailUrl":"https:\/\/www.altominho.tv\/site\/wp-content\/uploads\/2020\/12\/Untitled-Project-3.jpg","keywords":["Sa\u00fade","Sociedade"],"articleSection":["Coronav\u00edrus"],"inLanguage":"pt-PT","copyrightYear":"2021","copyrightHolder":{"@id":"https:\/\/www.altominho.tv\/site\/#organization"}},{"@type":"WebPage","@id":"https:\/\/www.altominho.tv\/site\/2021\/02\/07\/portugal-deixa-de-ser-o-pais-com-mais-novos-casos-por-milhao-de-habitantes\/","url":"https:\/\/www.altominho.tv\/site\/2021\/02\/07\/portugal-deixa-de-ser-o-pais-com-mais-novos-casos-por-milhao-de-habitantes\/","name":"Portugal deixa de ser o pa\u00eds com mais novos casos por milh\u00e3o de habitantes","isPartOf":{"@id":"https:\/\/www.altominho.tv\/site\/#website"},"primaryImageOfPage":{"@id":"https:\/\/www.altominho.tv\/site\/2021\/02\/07\/portugal-deixa-de-ser-o-pais-com-mais-novos-casos-por-milhao-de-habitantes\/#primaryimage"},"image":{"@id":"https:\/\/www.altominho.tv\/site\/2021\/02\/07\/portugal-deixa-de-ser-o-pais-com-mais-novos-casos-por-milhao-de-habitantes\/#primaryimage"},"thumbnailUrl":"https:\/\/www.altominho.tv\/site\/wp-content\/uploads\/2020\/12\/Untitled-Project-3.jpg","datePublished":"2021-02-07T18:16:14+00:00","dateModified":"2021-02-07T19:08:11+00:00","author":{"@id":"https:\/\/www.altominho.tv\/site\/#\/schema\/person\/4e536851627d7914baf3dac752b6af22"},"breadcrumb":{"@id":"https:\/\/www.altominho.tv\/site\/2021\/02\/07\/portugal-deixa-de-ser-o-pais-com-mais-novos-casos-por-milhao-de-habitantes\/#breadcrumb"},"inLanguage":"pt-PT","potentialAction":[{"@type":"ReadAction","target":["https:\/\/www.altominho.tv\/site\/2021\/02\/07\/portugal-deixa-de-ser-o-pais-com-mais-novos-casos-por-milhao-de-habitantes\/"]}]},{"@type":"ImageObject","inLanguage":"pt-PT","@id":"https:\/\/www.altominho.tv\/site\/2021\/02\/07\/portugal-deixa-de-ser-o-pais-com-mais-novos-casos-por-milhao-de-habitantes\/#primaryimage","url":"https:\/\/www.altominho.tv\/site\/wp-content\/uploads\/2020\/12\/Untitled-Project-3.jpg","contentUrl":"https:\/\/www.altominho.tv\/site\/wp-content\/uploads\/2020\/12\/Untitled-Project-3.jpg","width":1920,"height":1080},{"@type":"BreadcrumbList","@id":"https:\/\/www.altominho.tv\/site\/2021\/02\/07\/portugal-deixa-de-ser-o-pais-com-mais-novos-casos-por-milhao-de-habitantes\/#breadcrumb","itemListElement":[{"@type":"ListItem","position":1,"name":"In\u00edcio","item":"https:\/\/www.altominho.tv\/site\/"},{"@type":"ListItem","position":2,"name":"Portugal deixa de ser o pa\u00eds com mais novos casos por milh\u00e3o de habitantes"}]},{"@type":"WebSite","@id":"https:\/\/www.altominho.tv\/site\/#website","url":"https:\/\/www.altominho.tv\/site\/","name":"Altominho.tv","description":"A sua regi\u00e3o \u00e0 dist\u00e2ncia de um clique...","potentialAction":[{"@type":"SearchAction","target":{"@type":"EntryPoint","urlTemplate":"https:\/\/www.altominho.tv\/site\/?s={search_term_string}"},"query-input":{"@type":"PropertyValueSpecification","valueRequired":true,"valueName":"search_term_string"}}],"inLanguage":"pt-PT"},{"@type":"Person","@id":"https:\/\/www.altominho.tv\/site\/#\/schema\/person\/4e536851627d7914baf3dac752b6af22","name":"Altominho.tv","image":{"@type":"ImageObject","inLanguage":"pt-PT","@id":"https:\/\/www.altominho.tv\/site\/wp-content\/uploads\/2019\/11\/Logo_Avatar_2-150x150.jpg","url":"https:\/\/www.altominho.tv\/site\/wp-content\/uploads\/2019\/11\/Logo_Avatar_2-150x150.jpg","contentUrl":"https:\/\/www.altominho.tv\/site\/wp-content\/uploads\/2019\/11\/Logo_Avatar_2-150x150.jpg","caption":"Altominho.tv"},"url":"https:\/\/www.altominho.tv\/site\/author\/altominhotv-tecnico\/"}]}},"_links":{"self":[{"href":"https:\/\/www.altominho.tv\/site\/wp-json\/wp\/v2\/posts\/61483","targetHints":{"allow":["GET"]}}],"collection":[{"href":"https:\/\/www.altominho.tv\/site\/wp-json\/wp\/v2\/posts"}],"about":[{"href":"https:\/\/www.altominho.tv\/site\/wp-json\/wp\/v2\/types\/post"}],"author":[{"embeddable":true,"href":"https:\/\/www.altominho.tv\/site\/wp-json\/wp\/v2\/users\/1"}],"replies":[{"embeddable":true,"href":"https:\/\/www.altominho.tv\/site\/wp-json\/wp\/v2\/comments?post=61483"}],"version-history":[{"count":0,"href":"https:\/\/www.altominho.tv\/site\/wp-json\/wp\/v2\/posts\/61483\/revisions"}],"wp:featuredmedia":[{"embeddable":true,"href":"https:\/\/www.altominho.tv\/site\/wp-json\/wp\/v2\/media\/57724"}],"wp:attachment":[{"href":"https:\/\/www.altominho.tv\/site\/wp-json\/wp\/v2\/media?parent=61483"}],"wp:term":[{"taxonomy":"category","embeddable":true,"href":"https:\/\/www.altominho.tv\/site\/wp-json\/wp\/v2\/categories?post=61483"},{"taxonomy":"post_tag","embeddable":true,"href":"https:\/\/www.altominho.tv\/site\/wp-json\/wp\/v2\/tags?post=61483"}],"curies":[{"name":"wp","href":"https:\/\/api.w.org\/{rel}","templated":true}]}}