{"id":61279,"date":"2021-02-05T09:28:36","date_gmt":"2021-02-05T09:28:36","guid":{"rendered":"https:\/\/www.altominho.tv\/site\/?p=61279"},"modified":"2021-02-05T09:28:39","modified_gmt":"2021-02-05T09:28:39","slug":"darque-kayak-clube-apoiou-familias-na-interrupcao-das-atividades-letivas","status":"publish","type":"post","link":"https:\/\/www.altominho.tv\/site\/2021\/02\/05\/darque-kayak-clube-apoiou-familias-na-interrupcao-das-atividades-letivas\/","title":{"rendered":"Darque Kayak Clube apoiou fam\u00edlias na interrup\u00e7\u00e3o das atividades letivas"},"content":{"rendered":"\n<p>Com a pandemia e o isolamento social, as fam\u00edlias veem-se a bra\u00e7os com novas<br>realidades e novos constrangimentos.<br>A interrup\u00e7\u00e3o das atividades letivas tem atenuado os malef\u00edcios dos cont\u00e1gios, mas<br>tamb\u00e9m tem causado problemas de desenvolvimento e de comportamento nas<br>crian\u00e7as e nos jovens.<\/p>\n\n\n\n<p><br>Com a exce\u00e7\u00e3o legistativa, abriu-se conscientemente a janela para que jovens,<br>adultos e crian\u00e7as possam minimizar os efeitos dos isolamentos, com baixo risco,<br>na pr\u00e1tica e treino dos desportos individuais ao ar livre.<br>Conhece-se da tenta\u00e7\u00e3o de alguns jovens de se agruparem e tem surgido noticias<br>desses agrupamentos, festas e outros eventos \u00e0 margem da lei, que facilitam os<br>cont\u00e1gios.<\/p>\n\n\n\n<p><br>Por outro lado conhecem-se os efeitos de isolamento dos jovens e crian\u00e7as<br>fechadas em casa sem atividades para realizar, o que se torna de alguma forma<br>contra natura, causando grandes problemas \u00e0s fam\u00edlias, muitas delas a ter que<br>fazer trabalho em casa com a tranquilidade e concentra\u00e7\u00e3o que isso exige.<br>Neste contexto, a Darque Kayak Clube apoiou as fam\u00edlias proporcionando<br>diariamente durante estas duas semanas sem aulas, a pr\u00e1tica da canoagem,<br>distribuindo os atletas por diferentes hor\u00e1rios e ocupando-os saudavelmente.<br>A ades\u00e3o a este projecto foi assinal\u00e1vel.<\/p>\n\n\n\n<p><br>Sempre com os cuidados que os novos tempos exigem, com uso da mascara<br>(exceto na pr\u00e1tica desportiva), do respeito pelo distanciamento e pela n\u00e3o<br>perman\u00eancia em aglomerados em \u00e1reas cobertas.<\/p>\n\n\n\n<p><br>Esta clube vianense pretende, face \u00e0 conjuntura actual, e enquanto lhe for permitido<br>por lei, de continuar com a ocupar saudavelmente estes jovens, adultos e crian\u00e7as<br>apoiando assim estas fam\u00edlias.<\/p>\n\n\n\n<p><br>Por esse facto a DKC mantem as inscri\u00e7\u00f5es abertas para a pr\u00e1tica da canoagem a<br>todos os que, dentro das regras impostas pela Dire\u00e7\u00e3o Geral de Sa\u00fade, queiram<br>treinar e praticar um desporto individual ao ar livre.<\/p>\n","protected":false},"excerpt":{"rendered":"<p>Com a pandemia e o isolamento social, as fam\u00edlias veem-se a bra\u00e7os com novasrealidades e novos constrangimentos.A interrup\u00e7\u00e3o das atividades letivas tem atenuado os malef\u00edcios dos cont\u00e1gios, mastamb\u00e9m tem causado problemas de desenvolvimento e de comportamento nascrian\u00e7as e nos jovens. Com a exce\u00e7\u00e3o legistativa, abriu-se conscientemente a janela para que jovens,adultos e crian\u00e7as possam minimizar [&hellip;]<\/p>\n","protected":false},"author":1,"featured_media":61280,"comment_status":"closed","ping_status":"closed","sticky":false,"template":"","format":"standard","meta":{"_exactmetrics_skip_tracking":false,"_exactmetrics_sitenote_active":false,"_exactmetrics_sitenote_note":"","_exactmetrics_sitenote_category":0,"footnotes":""},"categories":[14],"tags":[20,27],"class_list":["post-61279","post","type-post","status-publish","format-standard","has-post-thumbnail","hentry","category-viana-do-castelo","tag-desporto","tag-sociedade"],"yoast_head":"<!-- This site is optimized with the Yoast SEO Premium plugin v27.5 (Yoast SEO v27.5) - https:\/\/yoast.com\/product\/yoast-seo-premium-wordpress\/ -->\n<title>Darque Kayak Clube apoiou fam\u00edlias na interrup\u00e7\u00e3o das atividades letivas<\/title>\n<meta name=\"robots\" content=\"index, follow, max-snippet:-1, max-image-preview:large, max-video-preview:-1\" \/>\n<link rel=\"canonical\" href=\"https:\/\/www.altominho.tv\/site\/2021\/02\/05\/darque-kayak-clube-apoiou-familias-na-interrupcao-das-atividades-letivas\/\" \/>\n<meta property=\"og:locale\" content=\"pt_PT\" \/>\n<meta property=\"og:type\" content=\"article\" \/>\n<meta property=\"og:title\" content=\"Darque Kayak Clube apoiou fam\u00edlias na interrup\u00e7\u00e3o das atividades letivas\" \/>\n<meta property=\"og:description\" content=\"Com a pandemia e o isolamento social, as fam\u00edlias veem-se a bra\u00e7os com novasrealidades e novos constrangimentos.A interrup\u00e7\u00e3o das atividades letivas tem atenuado os malef\u00edcios dos cont\u00e1gios, mastamb\u00e9m tem causado problemas de desenvolvimento e de comportamento nascrian\u00e7as e nos jovens. Com a exce\u00e7\u00e3o legistativa, abriu-se conscientemente a janela para que jovens,adultos e crian\u00e7as possam minimizar [&hellip;]\" \/>\n<meta property=\"og:url\" content=\"https:\/\/www.altominho.tv\/site\/2021\/02\/05\/darque-kayak-clube-apoiou-familias-na-interrupcao-das-atividades-letivas\/\" \/>\n<meta property=\"og:site_name\" content=\"Altominho.tv\" \/>\n<meta property=\"article:publisher\" content=\"https:\/\/www.facebook.com\/altominhotv\" \/>\n<meta property=\"article:published_time\" content=\"2021-02-05T09:28:36+00:00\" \/>\n<meta property=\"article:modified_time\" content=\"2021-02-05T09:28:39+00:00\" \/>\n<meta property=\"og:image\" content=\"https:\/\/www.altominho.tv\/site\/wp-content\/uploads\/2021\/02\/IMG_2266.jpg\" \/>\n\t<meta property=\"og:image:width\" content=\"2048\" \/>\n\t<meta property=\"og:image:height\" content=\"1355\" \/>\n\t<meta property=\"og:image:type\" content=\"image\/jpeg\" \/>\n<meta name=\"author\" content=\"Altominho.tv\" \/>\n<meta name=\"twitter:card\" content=\"summary_large_image\" \/>\n<meta name=\"twitter:creator\" content=\"@altominhoTV\" \/>\n<meta name=\"twitter:site\" content=\"@altominhoTV\" \/>\n<meta name=\"twitter:label1\" content=\"Escrito por\" \/>\n\t<meta name=\"twitter:data1\" content=\"Altominho.tv\" \/>\n\t<meta name=\"twitter:label2\" content=\"Tempo estimado de leitura\" \/>\n\t<meta name=\"twitter:data2\" content=\"2 minutos\" \/>\n<script type=\"application\/ld+json\" class=\"yoast-schema-graph\">{\"@context\":\"https:\\\/\\\/schema.org\",\"@graph\":[{\"@type\":\"Article\",\"@id\":\"https:\\\/\\\/www.altominho.tv\\\/site\\\/2021\\\/02\\\/05\\\/darque-kayak-clube-apoiou-familias-na-interrupcao-das-atividades-letivas\\\/#article\",\"isPartOf\":{\"@id\":\"https:\\\/\\\/www.altominho.tv\\\/site\\\/2021\\\/02\\\/05\\\/darque-kayak-clube-apoiou-familias-na-interrupcao-das-atividades-letivas\\\/\"},\"author\":{\"name\":\"Altominho.tv\",\"@id\":\"https:\\\/\\\/www.altominho.tv\\\/site\\\/#\\\/schema\\\/person\\\/4e536851627d7914baf3dac752b6af22\"},\"headline\":\"Darque Kayak Clube apoiou fam\u00edlias na interrup\u00e7\u00e3o das atividades letivas\",\"datePublished\":\"2021-02-05T09:28:36+00:00\",\"dateModified\":\"2021-02-05T09:28:39+00:00\",\"mainEntityOfPage\":{\"@id\":\"https:\\\/\\\/www.altominho.tv\\\/site\\\/2021\\\/02\\\/05\\\/darque-kayak-clube-apoiou-familias-na-interrupcao-das-atividades-letivas\\\/\"},\"wordCount\":313,\"image\":{\"@id\":\"https:\\\/\\\/www.altominho.tv\\\/site\\\/2021\\\/02\\\/05\\\/darque-kayak-clube-apoiou-familias-na-interrupcao-das-atividades-letivas\\\/#primaryimage\"},\"thumbnailUrl\":\"https:\\\/\\\/www.altominho.tv\\\/site\\\/wp-content\\\/uploads\\\/2021\\\/02\\\/IMG_2266.jpg\",\"keywords\":[\"Desporto\",\"Sociedade\"],\"articleSection\":[\"Viana do Castelo\"],\"inLanguage\":\"pt-PT\",\"copyrightYear\":\"2021\",\"copyrightHolder\":{\"@id\":\"https:\\\/\\\/www.altominho.tv\\\/site\\\/#organization\"}},{\"@type\":\"WebPage\",\"@id\":\"https:\\\/\\\/www.altominho.tv\\\/site\\\/2021\\\/02\\\/05\\\/darque-kayak-clube-apoiou-familias-na-interrupcao-das-atividades-letivas\\\/\",\"url\":\"https:\\\/\\\/www.altominho.tv\\\/site\\\/2021\\\/02\\\/05\\\/darque-kayak-clube-apoiou-familias-na-interrupcao-das-atividades-letivas\\\/\",\"name\":\"Darque Kayak Clube apoiou fam\u00edlias na interrup\u00e7\u00e3o das atividades letivas\",\"isPartOf\":{\"@id\":\"https:\\\/\\\/www.altominho.tv\\\/site\\\/#website\"},\"primaryImageOfPage\":{\"@id\":\"https:\\\/\\\/www.altominho.tv\\\/site\\\/2021\\\/02\\\/05\\\/darque-kayak-clube-apoiou-familias-na-interrupcao-das-atividades-letivas\\\/#primaryimage\"},\"image\":{\"@id\":\"https:\\\/\\\/www.altominho.tv\\\/site\\\/2021\\\/02\\\/05\\\/darque-kayak-clube-apoiou-familias-na-interrupcao-das-atividades-letivas\\\/#primaryimage\"},\"thumbnailUrl\":\"https:\\\/\\\/www.altominho.tv\\\/site\\\/wp-content\\\/uploads\\\/2021\\\/02\\\/IMG_2266.jpg\",\"datePublished\":\"2021-02-05T09:28:36+00:00\",\"dateModified\":\"2021-02-05T09:28:39+00:00\",\"author\":{\"@id\":\"https:\\\/\\\/www.altominho.tv\\\/site\\\/#\\\/schema\\\/person\\\/4e536851627d7914baf3dac752b6af22\"},\"breadcrumb\":{\"@id\":\"https:\\\/\\\/www.altominho.tv\\\/site\\\/2021\\\/02\\\/05\\\/darque-kayak-clube-apoiou-familias-na-interrupcao-das-atividades-letivas\\\/#breadcrumb\"},\"inLanguage\":\"pt-PT\",\"potentialAction\":[{\"@type\":\"ReadAction\",\"target\":[\"https:\\\/\\\/www.altominho.tv\\\/site\\\/2021\\\/02\\\/05\\\/darque-kayak-clube-apoiou-familias-na-interrupcao-das-atividades-letivas\\\/\"]}]},{\"@type\":\"ImageObject\",\"inLanguage\":\"pt-PT\",\"@id\":\"https:\\\/\\\/www.altominho.tv\\\/site\\\/2021\\\/02\\\/05\\\/darque-kayak-clube-apoiou-familias-na-interrupcao-das-atividades-letivas\\\/#primaryimage\",\"url\":\"https:\\\/\\\/www.altominho.tv\\\/site\\\/wp-content\\\/uploads\\\/2021\\\/02\\\/IMG_2266.jpg\",\"contentUrl\":\"https:\\\/\\\/www.altominho.tv\\\/site\\\/wp-content\\\/uploads\\\/2021\\\/02\\\/IMG_2266.jpg\",\"width\":2048,\"height\":1355},{\"@type\":\"BreadcrumbList\",\"@id\":\"https:\\\/\\\/www.altominho.tv\\\/site\\\/2021\\\/02\\\/05\\\/darque-kayak-clube-apoiou-familias-na-interrupcao-das-atividades-letivas\\\/#breadcrumb\",\"itemListElement\":[{\"@type\":\"ListItem\",\"position\":1,\"name\":\"In\u00edcio\",\"item\":\"https:\\\/\\\/www.altominho.tv\\\/site\\\/\"},{\"@type\":\"ListItem\",\"position\":2,\"name\":\"Darque Kayak Clube apoiou fam\u00edlias na interrup\u00e7\u00e3o das atividades letivas\"}]},{\"@type\":\"WebSite\",\"@id\":\"https:\\\/\\\/www.altominho.tv\\\/site\\\/#website\",\"url\":\"https:\\\/\\\/www.altominho.tv\\\/site\\\/\",\"name\":\"Altominho.tv\",\"description\":\"A sua regi\u00e3o \u00e0 dist\u00e2ncia de um clique...\",\"potentialAction\":[{\"@type\":\"SearchAction\",\"target\":{\"@type\":\"EntryPoint\",\"urlTemplate\":\"https:\\\/\\\/www.altominho.tv\\\/site\\\/?s={search_term_string}\"},\"query-input\":{\"@type\":\"PropertyValueSpecification\",\"valueRequired\":true,\"valueName\":\"search_term_string\"}}],\"inLanguage\":\"pt-PT\"},{\"@type\":\"Person\",\"@id\":\"https:\\\/\\\/www.altominho.tv\\\/site\\\/#\\\/schema\\\/person\\\/4e536851627d7914baf3dac752b6af22\",\"name\":\"Altominho.tv\",\"image\":{\"@type\":\"ImageObject\",\"inLanguage\":\"pt-PT\",\"@id\":\"https:\\\/\\\/www.altominho.tv\\\/site\\\/wp-content\\\/uploads\\\/2019\\\/11\\\/Logo_Avatar_2-150x150.jpg\",\"url\":\"https:\\\/\\\/www.altominho.tv\\\/site\\\/wp-content\\\/uploads\\\/2019\\\/11\\\/Logo_Avatar_2-150x150.jpg\",\"contentUrl\":\"https:\\\/\\\/www.altominho.tv\\\/site\\\/wp-content\\\/uploads\\\/2019\\\/11\\\/Logo_Avatar_2-150x150.jpg\",\"caption\":\"Altominho.tv\"},\"url\":\"https:\\\/\\\/www.altominho.tv\\\/site\\\/author\\\/altominhotv-tecnico\\\/\"}]}<\/script>\n<!-- \/ Yoast SEO Premium plugin. -->","yoast_head_json":{"title":"Darque Kayak Clube apoiou fam\u00edlias na interrup\u00e7\u00e3o das atividades letivas","robots":{"index":"index","follow":"follow","max-snippet":"max-snippet:-1","max-image-preview":"max-image-preview:large","max-video-preview":"max-video-preview:-1"},"canonical":"https:\/\/www.altominho.tv\/site\/2021\/02\/05\/darque-kayak-clube-apoiou-familias-na-interrupcao-das-atividades-letivas\/","og_locale":"pt_PT","og_type":"article","og_title":"Darque Kayak Clube apoiou fam\u00edlias na interrup\u00e7\u00e3o das atividades letivas","og_description":"Com a pandemia e o isolamento social, as fam\u00edlias veem-se a bra\u00e7os com novasrealidades e novos constrangimentos.A interrup\u00e7\u00e3o das atividades letivas tem atenuado os malef\u00edcios dos cont\u00e1gios, mastamb\u00e9m tem causado problemas de desenvolvimento e de comportamento nascrian\u00e7as e nos jovens. Com a exce\u00e7\u00e3o legistativa, abriu-se conscientemente a janela para que jovens,adultos e crian\u00e7as possam minimizar [&hellip;]","og_url":"https:\/\/www.altominho.tv\/site\/2021\/02\/05\/darque-kayak-clube-apoiou-familias-na-interrupcao-das-atividades-letivas\/","og_site_name":"Altominho.tv","article_publisher":"https:\/\/www.facebook.com\/altominhotv","article_published_time":"2021-02-05T09:28:36+00:00","article_modified_time":"2021-02-05T09:28:39+00:00","og_image":[{"width":2048,"height":1355,"url":"https:\/\/www.altominho.tv\/site\/wp-content\/uploads\/2021\/02\/IMG_2266.jpg","type":"image\/jpeg"}],"author":"Altominho.tv","twitter_card":"summary_large_image","twitter_creator":"@altominhoTV","twitter_site":"@altominhoTV","twitter_misc":{"Escrito por":"Altominho.tv","Tempo estimado de leitura":"2 minutos"},"schema":{"@context":"https:\/\/schema.org","@graph":[{"@type":"Article","@id":"https:\/\/www.altominho.tv\/site\/2021\/02\/05\/darque-kayak-clube-apoiou-familias-na-interrupcao-das-atividades-letivas\/#article","isPartOf":{"@id":"https:\/\/www.altominho.tv\/site\/2021\/02\/05\/darque-kayak-clube-apoiou-familias-na-interrupcao-das-atividades-letivas\/"},"author":{"name":"Altominho.tv","@id":"https:\/\/www.altominho.tv\/site\/#\/schema\/person\/4e536851627d7914baf3dac752b6af22"},"headline":"Darque Kayak Clube apoiou fam\u00edlias na interrup\u00e7\u00e3o das atividades letivas","datePublished":"2021-02-05T09:28:36+00:00","dateModified":"2021-02-05T09:28:39+00:00","mainEntityOfPage":{"@id":"https:\/\/www.altominho.tv\/site\/2021\/02\/05\/darque-kayak-clube-apoiou-familias-na-interrupcao-das-atividades-letivas\/"},"wordCount":313,"image":{"@id":"https:\/\/www.altominho.tv\/site\/2021\/02\/05\/darque-kayak-clube-apoiou-familias-na-interrupcao-das-atividades-letivas\/#primaryimage"},"thumbnailUrl":"https:\/\/www.altominho.tv\/site\/wp-content\/uploads\/2021\/02\/IMG_2266.jpg","keywords":["Desporto","Sociedade"],"articleSection":["Viana do Castelo"],"inLanguage":"pt-PT","copyrightYear":"2021","copyrightHolder":{"@id":"https:\/\/www.altominho.tv\/site\/#organization"}},{"@type":"WebPage","@id":"https:\/\/www.altominho.tv\/site\/2021\/02\/05\/darque-kayak-clube-apoiou-familias-na-interrupcao-das-atividades-letivas\/","url":"https:\/\/www.altominho.tv\/site\/2021\/02\/05\/darque-kayak-clube-apoiou-familias-na-interrupcao-das-atividades-letivas\/","name":"Darque Kayak Clube apoiou fam\u00edlias na interrup\u00e7\u00e3o das atividades letivas","isPartOf":{"@id":"https:\/\/www.altominho.tv\/site\/#website"},"primaryImageOfPage":{"@id":"https:\/\/www.altominho.tv\/site\/2021\/02\/05\/darque-kayak-clube-apoiou-familias-na-interrupcao-das-atividades-letivas\/#primaryimage"},"image":{"@id":"https:\/\/www.altominho.tv\/site\/2021\/02\/05\/darque-kayak-clube-apoiou-familias-na-interrupcao-das-atividades-letivas\/#primaryimage"},"thumbnailUrl":"https:\/\/www.altominho.tv\/site\/wp-content\/uploads\/2021\/02\/IMG_2266.jpg","datePublished":"2021-02-05T09:28:36+00:00","dateModified":"2021-02-05T09:28:39+00:00","author":{"@id":"https:\/\/www.altominho.tv\/site\/#\/schema\/person\/4e536851627d7914baf3dac752b6af22"},"breadcrumb":{"@id":"https:\/\/www.altominho.tv\/site\/2021\/02\/05\/darque-kayak-clube-apoiou-familias-na-interrupcao-das-atividades-letivas\/#breadcrumb"},"inLanguage":"pt-PT","potentialAction":[{"@type":"ReadAction","target":["https:\/\/www.altominho.tv\/site\/2021\/02\/05\/darque-kayak-clube-apoiou-familias-na-interrupcao-das-atividades-letivas\/"]}]},{"@type":"ImageObject","inLanguage":"pt-PT","@id":"https:\/\/www.altominho.tv\/site\/2021\/02\/05\/darque-kayak-clube-apoiou-familias-na-interrupcao-das-atividades-letivas\/#primaryimage","url":"https:\/\/www.altominho.tv\/site\/wp-content\/uploads\/2021\/02\/IMG_2266.jpg","contentUrl":"https:\/\/www.altominho.tv\/site\/wp-content\/uploads\/2021\/02\/IMG_2266.jpg","width":2048,"height":1355},{"@type":"BreadcrumbList","@id":"https:\/\/www.altominho.tv\/site\/2021\/02\/05\/darque-kayak-clube-apoiou-familias-na-interrupcao-das-atividades-letivas\/#breadcrumb","itemListElement":[{"@type":"ListItem","position":1,"name":"In\u00edcio","item":"https:\/\/www.altominho.tv\/site\/"},{"@type":"ListItem","position":2,"name":"Darque Kayak Clube apoiou fam\u00edlias na interrup\u00e7\u00e3o das atividades letivas"}]},{"@type":"WebSite","@id":"https:\/\/www.altominho.tv\/site\/#website","url":"https:\/\/www.altominho.tv\/site\/","name":"Altominho.tv","description":"A sua regi\u00e3o \u00e0 dist\u00e2ncia de um clique...","potentialAction":[{"@type":"SearchAction","target":{"@type":"EntryPoint","urlTemplate":"https:\/\/www.altominho.tv\/site\/?s={search_term_string}"},"query-input":{"@type":"PropertyValueSpecification","valueRequired":true,"valueName":"search_term_string"}}],"inLanguage":"pt-PT"},{"@type":"Person","@id":"https:\/\/www.altominho.tv\/site\/#\/schema\/person\/4e536851627d7914baf3dac752b6af22","name":"Altominho.tv","image":{"@type":"ImageObject","inLanguage":"pt-PT","@id":"https:\/\/www.altominho.tv\/site\/wp-content\/uploads\/2019\/11\/Logo_Avatar_2-150x150.jpg","url":"https:\/\/www.altominho.tv\/site\/wp-content\/uploads\/2019\/11\/Logo_Avatar_2-150x150.jpg","contentUrl":"https:\/\/www.altominho.tv\/site\/wp-content\/uploads\/2019\/11\/Logo_Avatar_2-150x150.jpg","caption":"Altominho.tv"},"url":"https:\/\/www.altominho.tv\/site\/author\/altominhotv-tecnico\/"}]}},"_links":{"self":[{"href":"https:\/\/www.altominho.tv\/site\/wp-json\/wp\/v2\/posts\/61279","targetHints":{"allow":["GET"]}}],"collection":[{"href":"https:\/\/www.altominho.tv\/site\/wp-json\/wp\/v2\/posts"}],"about":[{"href":"https:\/\/www.altominho.tv\/site\/wp-json\/wp\/v2\/types\/post"}],"author":[{"embeddable":true,"href":"https:\/\/www.altominho.tv\/site\/wp-json\/wp\/v2\/users\/1"}],"replies":[{"embeddable":true,"href":"https:\/\/www.altominho.tv\/site\/wp-json\/wp\/v2\/comments?post=61279"}],"version-history":[{"count":0,"href":"https:\/\/www.altominho.tv\/site\/wp-json\/wp\/v2\/posts\/61279\/revisions"}],"wp:featuredmedia":[{"embeddable":true,"href":"https:\/\/www.altominho.tv\/site\/wp-json\/wp\/v2\/media\/61280"}],"wp:attachment":[{"href":"https:\/\/www.altominho.tv\/site\/wp-json\/wp\/v2\/media?parent=61279"}],"wp:term":[{"taxonomy":"category","embeddable":true,"href":"https:\/\/www.altominho.tv\/site\/wp-json\/wp\/v2\/categories?post=61279"},{"taxonomy":"post_tag","embeddable":true,"href":"https:\/\/www.altominho.tv\/site\/wp-json\/wp\/v2\/tags?post=61279"}],"curies":[{"name":"wp","href":"https:\/\/api.w.org\/{rel}","templated":true}]}}