{"id":61219,"date":"2021-02-04T14:43:03","date_gmt":"2021-02-04T14:43:03","guid":{"rendered":"https:\/\/www.altominho.tv\/site\/?p=61219"},"modified":"2022-01-17T14:22:26","modified_gmt":"2022-01-17T14:22:26","slug":"psd-viana-do-castelo-alerta-para-eventual-necessidade-de-se-adiar-eleicoes","status":"publish","type":"post","link":"https:\/\/www.altominho.tv\/site\/2021\/02\/04\/psd-viana-do-castelo-alerta-para-eventual-necessidade-de-se-adiar-eleicoes\/","title":{"rendered":"PSD\/Viana do Castelo alerta para eventual necessidade de se adiar elei\u00e7\u00f5es"},"content":{"rendered":"\n<p>O presidente da distrital do PSD de Viana do Castelo, Oleg\u00e1rio Gon\u00e7alves, defendeu hoje uma avalia\u00e7\u00e3o para &#8220;um eventual adiamento&#8221; das elei\u00e7\u00f5es aut\u00e1rquicas previstas para este ano, devido \u00e0 pandemia de covid-19.<\/p>\n\n\n\n<p>&#8220;Este \u00e9 o momento atempado de se avaliar se as elei\u00e7\u00f5es aut\u00e1rquicas poder\u00e3o decorrer normalmente, face \u00e0 situa\u00e7\u00e3o pand\u00e9mica que vivemos. Se a perspetiva revelar uma situa\u00e7\u00e3o como a ocorrida nas presidenciais, creio que se deveria, desde j\u00e1, ponderar a necessidade do adiamento das elei\u00e7\u00f5es&#8221;, afirmou o respons\u00e1vel, em comunicado enviado \u00e0 ag\u00eancia Lusa.<\/p>\n\n\n\n<p>Oleg\u00e1rio Gon\u00e7alves justifica a esta sua posi\u00e7\u00e3o com &#8220;a especificidade das aut\u00e1rquicas&#8221;.<br>&#8220;Ao contr\u00e1rio das presidenciais, com candidatos \u00fanicos, as aut\u00e1rquicas t\u00eam centenas e centenas de candidatos que estar\u00e3o em campanha ao n\u00edvel local, em cada territ\u00f3rio&#8221;, refor\u00e7ou.<\/p>\n\n\n\n<p>Segundo o l\u00edder da distrital do PSD, &#8220;s\u00e3o candidaturas que n\u00e3o ter\u00e3o proje\u00e7\u00e3o medi\u00e1tica e que, tendencialmente, recorrer\u00e3o ao territ\u00f3rio&#8221;.<\/p>\n\n\n\n<p>&#8220;Obviamente que se as proje\u00e7\u00f5es da evolu\u00e7\u00e3o pand\u00e9mica n\u00e3o forem favor\u00e1veis a campanha sofrer\u00e1 fortes constrangimentos, pois obviamente, as candidaturas levar\u00e3o em conta o risco de cont\u00e1gio&#8221;, alertou Oleg\u00e1rio Gon\u00e7alves.<\/p>\n\n\n\n<p>Para o social-democrata, por outro lado, \u201cdeve-se pensar se ser\u00e1 necess\u00e1rio evitar a situa\u00e7\u00e3o vivida durante as presidenciais, em que se tornou irrevers\u00edvel a data da elei\u00e7\u00e3o\u201d, quando os portugueses \u201cteriam entendido e, eventualmente, preferido o seu adiamento\u201d.<\/p>\n\n\n\n<p>O presidente da comiss\u00e3o pol\u00edtica distrital do PSD do Alto Minho disse ser &#8220;otimista em rela\u00e7\u00e3o ao futuro&#8221; e acreditar que o pa\u00eds j\u00e1 est\u00e1 a viver &#8220;outro cen\u00e1rio&#8221; relativamente a situa\u00e7\u00e3o atual da pandemia de covid-19, mas considerou ser &#8220;prudente fazer esta an\u00e1lise atempada&#8221;.<\/p>\n","protected":false},"excerpt":{"rendered":"<p>O presidente da distrital do PSD de Viana do Castelo, Oleg\u00e1rio Gon\u00e7alves, defendeu hoje uma avalia\u00e7\u00e3o para &#8220;um eventual adiamento&#8221; das elei\u00e7\u00f5es aut\u00e1rquicas previstas para este ano, devido \u00e0 pandemia de covid-19. &#8220;Este \u00e9 o momento atempado de se avaliar se as elei\u00e7\u00f5es aut\u00e1rquicas poder\u00e3o decorrer normalmente, face \u00e0 situa\u00e7\u00e3o pand\u00e9mica que vivemos. Se a [&hellip;]<\/p>\n","protected":false},"author":16,"featured_media":61220,"comment_status":"closed","ping_status":"closed","sticky":false,"template":"","format":"standard","meta":{"_exactmetrics_skip_tracking":false,"_exactmetrics_sitenote_active":false,"_exactmetrics_sitenote_note":"","_exactmetrics_sitenote_category":0,"footnotes":""},"categories":[73],"tags":[56326,27],"class_list":["post-61219","post","type-post","status-publish","format-standard","has-post-thumbnail","hentry","category-alto-minho","tag-politica","tag-sociedade"],"yoast_head":"<!-- This site is optimized with the Yoast SEO Premium plugin v27.4 (Yoast SEO v27.4) - https:\/\/yoast.com\/product\/yoast-seo-premium-wordpress\/ -->\n<title>PSD\/Viana do Castelo alerta para eventual necessidade de se adiar elei\u00e7\u00f5es<\/title>\n<meta name=\"robots\" content=\"index, follow, max-snippet:-1, max-image-preview:large, max-video-preview:-1\" \/>\n<link rel=\"canonical\" href=\"https:\/\/www.altominho.tv\/site\/2021\/02\/04\/psd-viana-do-castelo-alerta-para-eventual-necessidade-de-se-adiar-eleicoes\/\" \/>\n<meta property=\"og:locale\" content=\"pt_PT\" \/>\n<meta property=\"og:type\" content=\"article\" \/>\n<meta property=\"og:title\" content=\"PSD\/Viana do Castelo alerta para eventual necessidade de se adiar elei\u00e7\u00f5es\" \/>\n<meta property=\"og:description\" content=\"O presidente da distrital do PSD de Viana do Castelo, Oleg\u00e1rio Gon\u00e7alves, defendeu hoje uma avalia\u00e7\u00e3o para &#8220;um eventual adiamento&#8221; das elei\u00e7\u00f5es aut\u00e1rquicas previstas para este ano, devido \u00e0 pandemia de covid-19. &#8220;Este \u00e9 o momento atempado de se avaliar se as elei\u00e7\u00f5es aut\u00e1rquicas poder\u00e3o decorrer normalmente, face \u00e0 situa\u00e7\u00e3o pand\u00e9mica que vivemos. Se a [&hellip;]\" \/>\n<meta property=\"og:url\" content=\"https:\/\/www.altominho.tv\/site\/2021\/02\/04\/psd-viana-do-castelo-alerta-para-eventual-necessidade-de-se-adiar-eleicoes\/\" \/>\n<meta property=\"og:site_name\" content=\"Altominho.tv\" \/>\n<meta property=\"article:publisher\" content=\"https:\/\/www.facebook.com\/altominhotv\" \/>\n<meta property=\"article:published_time\" content=\"2021-02-04T14:43:03+00:00\" \/>\n<meta property=\"article:modified_time\" content=\"2022-01-17T14:22:26+00:00\" \/>\n<meta property=\"og:image\" content=\"https:\/\/www.altominho.tv\/site\/wp-content\/uploads\/2021\/02\/Olegario.jpg\" \/>\n\t<meta property=\"og:image:width\" content=\"1890\" \/>\n\t<meta property=\"og:image:height\" content=\"1046\" \/>\n\t<meta property=\"og:image:type\" content=\"image\/jpeg\" \/>\n<meta name=\"author\" content=\"Andreia Cunha | Lusa\" \/>\n<meta name=\"twitter:card\" content=\"summary_large_image\" \/>\n<meta name=\"twitter:creator\" content=\"@altominhoTV\" \/>\n<meta name=\"twitter:site\" content=\"@altominhoTV\" \/>\n<meta name=\"twitter:label1\" content=\"Escrito por\" \/>\n\t<meta name=\"twitter:data1\" content=\"Andreia Cunha | Lusa\" \/>\n\t<meta name=\"twitter:label2\" content=\"Tempo estimado de leitura\" \/>\n\t<meta name=\"twitter:data2\" content=\"2 minutos\" \/>\n<script type=\"application\/ld+json\" class=\"yoast-schema-graph\">{\"@context\":\"https:\\\/\\\/schema.org\",\"@graph\":[{\"@type\":\"Article\",\"@id\":\"https:\\\/\\\/www.altominho.tv\\\/site\\\/2021\\\/02\\\/04\\\/psd-viana-do-castelo-alerta-para-eventual-necessidade-de-se-adiar-eleicoes\\\/#article\",\"isPartOf\":{\"@id\":\"https:\\\/\\\/www.altominho.tv\\\/site\\\/2021\\\/02\\\/04\\\/psd-viana-do-castelo-alerta-para-eventual-necessidade-de-se-adiar-eleicoes\\\/\"},\"author\":{\"name\":\"Andreia Cunha | Lusa\",\"@id\":\"https:\\\/\\\/www.altominho.tv\\\/site\\\/#\\\/schema\\\/person\\\/dbaf181c01b51ff40c9f461a905d321e\"},\"headline\":\"PSD\\\/Viana do Castelo alerta para eventual necessidade de se adiar elei\u00e7\u00f5es\",\"datePublished\":\"2021-02-04T14:43:03+00:00\",\"dateModified\":\"2022-01-17T14:22:26+00:00\",\"mainEntityOfPage\":{\"@id\":\"https:\\\/\\\/www.altominho.tv\\\/site\\\/2021\\\/02\\\/04\\\/psd-viana-do-castelo-alerta-para-eventual-necessidade-de-se-adiar-eleicoes\\\/\"},\"wordCount\":319,\"image\":{\"@id\":\"https:\\\/\\\/www.altominho.tv\\\/site\\\/2021\\\/02\\\/04\\\/psd-viana-do-castelo-alerta-para-eventual-necessidade-de-se-adiar-eleicoes\\\/#primaryimage\"},\"thumbnailUrl\":\"https:\\\/\\\/www.altominho.tv\\\/site\\\/wp-content\\\/uploads\\\/2021\\\/02\\\/Olegario.jpg\",\"keywords\":[\"Pol\u00edtica\",\"Sociedade\"],\"articleSection\":[\"Alto Minho\"],\"inLanguage\":\"pt-PT\",\"copyrightYear\":\"2021\",\"copyrightHolder\":{\"@id\":\"https:\\\/\\\/www.altominho.tv\\\/site\\\/#organization\"}},{\"@type\":\"WebPage\",\"@id\":\"https:\\\/\\\/www.altominho.tv\\\/site\\\/2021\\\/02\\\/04\\\/psd-viana-do-castelo-alerta-para-eventual-necessidade-de-se-adiar-eleicoes\\\/\",\"url\":\"https:\\\/\\\/www.altominho.tv\\\/site\\\/2021\\\/02\\\/04\\\/psd-viana-do-castelo-alerta-para-eventual-necessidade-de-se-adiar-eleicoes\\\/\",\"name\":\"PSD\\\/Viana do Castelo alerta para eventual necessidade de se adiar elei\u00e7\u00f5es\",\"isPartOf\":{\"@id\":\"https:\\\/\\\/www.altominho.tv\\\/site\\\/#website\"},\"primaryImageOfPage\":{\"@id\":\"https:\\\/\\\/www.altominho.tv\\\/site\\\/2021\\\/02\\\/04\\\/psd-viana-do-castelo-alerta-para-eventual-necessidade-de-se-adiar-eleicoes\\\/#primaryimage\"},\"image\":{\"@id\":\"https:\\\/\\\/www.altominho.tv\\\/site\\\/2021\\\/02\\\/04\\\/psd-viana-do-castelo-alerta-para-eventual-necessidade-de-se-adiar-eleicoes\\\/#primaryimage\"},\"thumbnailUrl\":\"https:\\\/\\\/www.altominho.tv\\\/site\\\/wp-content\\\/uploads\\\/2021\\\/02\\\/Olegario.jpg\",\"datePublished\":\"2021-02-04T14:43:03+00:00\",\"dateModified\":\"2022-01-17T14:22:26+00:00\",\"author\":{\"@id\":\"https:\\\/\\\/www.altominho.tv\\\/site\\\/#\\\/schema\\\/person\\\/dbaf181c01b51ff40c9f461a905d321e\"},\"breadcrumb\":{\"@id\":\"https:\\\/\\\/www.altominho.tv\\\/site\\\/2021\\\/02\\\/04\\\/psd-viana-do-castelo-alerta-para-eventual-necessidade-de-se-adiar-eleicoes\\\/#breadcrumb\"},\"inLanguage\":\"pt-PT\",\"potentialAction\":[{\"@type\":\"ReadAction\",\"target\":[\"https:\\\/\\\/www.altominho.tv\\\/site\\\/2021\\\/02\\\/04\\\/psd-viana-do-castelo-alerta-para-eventual-necessidade-de-se-adiar-eleicoes\\\/\"]}]},{\"@type\":\"ImageObject\",\"inLanguage\":\"pt-PT\",\"@id\":\"https:\\\/\\\/www.altominho.tv\\\/site\\\/2021\\\/02\\\/04\\\/psd-viana-do-castelo-alerta-para-eventual-necessidade-de-se-adiar-eleicoes\\\/#primaryimage\",\"url\":\"https:\\\/\\\/www.altominho.tv\\\/site\\\/wp-content\\\/uploads\\\/2021\\\/02\\\/Olegario.jpg\",\"contentUrl\":\"https:\\\/\\\/www.altominho.tv\\\/site\\\/wp-content\\\/uploads\\\/2021\\\/02\\\/Olegario.jpg\",\"width\":1890,\"height\":1046},{\"@type\":\"BreadcrumbList\",\"@id\":\"https:\\\/\\\/www.altominho.tv\\\/site\\\/2021\\\/02\\\/04\\\/psd-viana-do-castelo-alerta-para-eventual-necessidade-de-se-adiar-eleicoes\\\/#breadcrumb\",\"itemListElement\":[{\"@type\":\"ListItem\",\"position\":1,\"name\":\"In\u00edcio\",\"item\":\"https:\\\/\\\/www.altominho.tv\\\/site\\\/\"},{\"@type\":\"ListItem\",\"position\":2,\"name\":\"PSD\\\/Viana do Castelo alerta para eventual necessidade de se adiar elei\u00e7\u00f5es\"}]},{\"@type\":\"WebSite\",\"@id\":\"https:\\\/\\\/www.altominho.tv\\\/site\\\/#website\",\"url\":\"https:\\\/\\\/www.altominho.tv\\\/site\\\/\",\"name\":\"Altominho.tv\",\"description\":\"A sua regi\u00e3o \u00e0 dist\u00e2ncia de um clique...\",\"potentialAction\":[{\"@type\":\"SearchAction\",\"target\":{\"@type\":\"EntryPoint\",\"urlTemplate\":\"https:\\\/\\\/www.altominho.tv\\\/site\\\/?s={search_term_string}\"},\"query-input\":{\"@type\":\"PropertyValueSpecification\",\"valueRequired\":true,\"valueName\":\"search_term_string\"}}],\"inLanguage\":\"pt-PT\"},{\"@type\":\"Person\",\"@id\":\"https:\\\/\\\/www.altominho.tv\\\/site\\\/#\\\/schema\\\/person\\\/dbaf181c01b51ff40c9f461a905d321e\",\"name\":\"Andreia Cunha | Lusa\",\"image\":{\"@type\":\"ImageObject\",\"inLanguage\":\"pt-PT\",\"@id\":\"https:\\\/\\\/www.altominho.tv\\\/site\\\/wp-content\\\/uploads\\\/2017\\\/11\\\/Andreia_Cunha-1-150x150.jpg\",\"url\":\"https:\\\/\\\/www.altominho.tv\\\/site\\\/wp-content\\\/uploads\\\/2017\\\/11\\\/Andreia_Cunha-1-150x150.jpg\",\"contentUrl\":\"https:\\\/\\\/www.altominho.tv\\\/site\\\/wp-content\\\/uploads\\\/2017\\\/11\\\/Andreia_Cunha-1-150x150.jpg\",\"caption\":\"Andreia Cunha | Lusa\"},\"sameAs\":[\"https:\\\/\\\/www.altominho.tv\\\/site\"],\"url\":\"https:\\\/\\\/www.altominho.tv\\\/site\\\/author\\\/andreiacunhalusa\\\/\"}]}<\/script>\n<!-- \/ Yoast SEO Premium plugin. -->","yoast_head_json":{"title":"PSD\/Viana do Castelo alerta para eventual necessidade de se adiar elei\u00e7\u00f5es","robots":{"index":"index","follow":"follow","max-snippet":"max-snippet:-1","max-image-preview":"max-image-preview:large","max-video-preview":"max-video-preview:-1"},"canonical":"https:\/\/www.altominho.tv\/site\/2021\/02\/04\/psd-viana-do-castelo-alerta-para-eventual-necessidade-de-se-adiar-eleicoes\/","og_locale":"pt_PT","og_type":"article","og_title":"PSD\/Viana do Castelo alerta para eventual necessidade de se adiar elei\u00e7\u00f5es","og_description":"O presidente da distrital do PSD de Viana do Castelo, Oleg\u00e1rio Gon\u00e7alves, defendeu hoje uma avalia\u00e7\u00e3o para &#8220;um eventual adiamento&#8221; das elei\u00e7\u00f5es aut\u00e1rquicas previstas para este ano, devido \u00e0 pandemia de covid-19. &#8220;Este \u00e9 o momento atempado de se avaliar se as elei\u00e7\u00f5es aut\u00e1rquicas poder\u00e3o decorrer normalmente, face \u00e0 situa\u00e7\u00e3o pand\u00e9mica que vivemos. Se a [&hellip;]","og_url":"https:\/\/www.altominho.tv\/site\/2021\/02\/04\/psd-viana-do-castelo-alerta-para-eventual-necessidade-de-se-adiar-eleicoes\/","og_site_name":"Altominho.tv","article_publisher":"https:\/\/www.facebook.com\/altominhotv","article_published_time":"2021-02-04T14:43:03+00:00","article_modified_time":"2022-01-17T14:22:26+00:00","og_image":[{"width":1890,"height":1046,"url":"https:\/\/www.altominho.tv\/site\/wp-content\/uploads\/2021\/02\/Olegario.jpg","type":"image\/jpeg"}],"author":"Andreia Cunha | Lusa","twitter_card":"summary_large_image","twitter_creator":"@altominhoTV","twitter_site":"@altominhoTV","twitter_misc":{"Escrito por":"Andreia Cunha | Lusa","Tempo estimado de leitura":"2 minutos"},"schema":{"@context":"https:\/\/schema.org","@graph":[{"@type":"Article","@id":"https:\/\/www.altominho.tv\/site\/2021\/02\/04\/psd-viana-do-castelo-alerta-para-eventual-necessidade-de-se-adiar-eleicoes\/#article","isPartOf":{"@id":"https:\/\/www.altominho.tv\/site\/2021\/02\/04\/psd-viana-do-castelo-alerta-para-eventual-necessidade-de-se-adiar-eleicoes\/"},"author":{"name":"Andreia Cunha | Lusa","@id":"https:\/\/www.altominho.tv\/site\/#\/schema\/person\/dbaf181c01b51ff40c9f461a905d321e"},"headline":"PSD\/Viana do Castelo alerta para eventual necessidade de se adiar elei\u00e7\u00f5es","datePublished":"2021-02-04T14:43:03+00:00","dateModified":"2022-01-17T14:22:26+00:00","mainEntityOfPage":{"@id":"https:\/\/www.altominho.tv\/site\/2021\/02\/04\/psd-viana-do-castelo-alerta-para-eventual-necessidade-de-se-adiar-eleicoes\/"},"wordCount":319,"image":{"@id":"https:\/\/www.altominho.tv\/site\/2021\/02\/04\/psd-viana-do-castelo-alerta-para-eventual-necessidade-de-se-adiar-eleicoes\/#primaryimage"},"thumbnailUrl":"https:\/\/www.altominho.tv\/site\/wp-content\/uploads\/2021\/02\/Olegario.jpg","keywords":["Pol\u00edtica","Sociedade"],"articleSection":["Alto Minho"],"inLanguage":"pt-PT","copyrightYear":"2021","copyrightHolder":{"@id":"https:\/\/www.altominho.tv\/site\/#organization"}},{"@type":"WebPage","@id":"https:\/\/www.altominho.tv\/site\/2021\/02\/04\/psd-viana-do-castelo-alerta-para-eventual-necessidade-de-se-adiar-eleicoes\/","url":"https:\/\/www.altominho.tv\/site\/2021\/02\/04\/psd-viana-do-castelo-alerta-para-eventual-necessidade-de-se-adiar-eleicoes\/","name":"PSD\/Viana do Castelo alerta para eventual necessidade de se adiar elei\u00e7\u00f5es","isPartOf":{"@id":"https:\/\/www.altominho.tv\/site\/#website"},"primaryImageOfPage":{"@id":"https:\/\/www.altominho.tv\/site\/2021\/02\/04\/psd-viana-do-castelo-alerta-para-eventual-necessidade-de-se-adiar-eleicoes\/#primaryimage"},"image":{"@id":"https:\/\/www.altominho.tv\/site\/2021\/02\/04\/psd-viana-do-castelo-alerta-para-eventual-necessidade-de-se-adiar-eleicoes\/#primaryimage"},"thumbnailUrl":"https:\/\/www.altominho.tv\/site\/wp-content\/uploads\/2021\/02\/Olegario.jpg","datePublished":"2021-02-04T14:43:03+00:00","dateModified":"2022-01-17T14:22:26+00:00","author":{"@id":"https:\/\/www.altominho.tv\/site\/#\/schema\/person\/dbaf181c01b51ff40c9f461a905d321e"},"breadcrumb":{"@id":"https:\/\/www.altominho.tv\/site\/2021\/02\/04\/psd-viana-do-castelo-alerta-para-eventual-necessidade-de-se-adiar-eleicoes\/#breadcrumb"},"inLanguage":"pt-PT","potentialAction":[{"@type":"ReadAction","target":["https:\/\/www.altominho.tv\/site\/2021\/02\/04\/psd-viana-do-castelo-alerta-para-eventual-necessidade-de-se-adiar-eleicoes\/"]}]},{"@type":"ImageObject","inLanguage":"pt-PT","@id":"https:\/\/www.altominho.tv\/site\/2021\/02\/04\/psd-viana-do-castelo-alerta-para-eventual-necessidade-de-se-adiar-eleicoes\/#primaryimage","url":"https:\/\/www.altominho.tv\/site\/wp-content\/uploads\/2021\/02\/Olegario.jpg","contentUrl":"https:\/\/www.altominho.tv\/site\/wp-content\/uploads\/2021\/02\/Olegario.jpg","width":1890,"height":1046},{"@type":"BreadcrumbList","@id":"https:\/\/www.altominho.tv\/site\/2021\/02\/04\/psd-viana-do-castelo-alerta-para-eventual-necessidade-de-se-adiar-eleicoes\/#breadcrumb","itemListElement":[{"@type":"ListItem","position":1,"name":"In\u00edcio","item":"https:\/\/www.altominho.tv\/site\/"},{"@type":"ListItem","position":2,"name":"PSD\/Viana do Castelo alerta para eventual necessidade de se adiar elei\u00e7\u00f5es"}]},{"@type":"WebSite","@id":"https:\/\/www.altominho.tv\/site\/#website","url":"https:\/\/www.altominho.tv\/site\/","name":"Altominho.tv","description":"A sua regi\u00e3o \u00e0 dist\u00e2ncia de um clique...","potentialAction":[{"@type":"SearchAction","target":{"@type":"EntryPoint","urlTemplate":"https:\/\/www.altominho.tv\/site\/?s={search_term_string}"},"query-input":{"@type":"PropertyValueSpecification","valueRequired":true,"valueName":"search_term_string"}}],"inLanguage":"pt-PT"},{"@type":"Person","@id":"https:\/\/www.altominho.tv\/site\/#\/schema\/person\/dbaf181c01b51ff40c9f461a905d321e","name":"Andreia Cunha | Lusa","image":{"@type":"ImageObject","inLanguage":"pt-PT","@id":"https:\/\/www.altominho.tv\/site\/wp-content\/uploads\/2017\/11\/Andreia_Cunha-1-150x150.jpg","url":"https:\/\/www.altominho.tv\/site\/wp-content\/uploads\/2017\/11\/Andreia_Cunha-1-150x150.jpg","contentUrl":"https:\/\/www.altominho.tv\/site\/wp-content\/uploads\/2017\/11\/Andreia_Cunha-1-150x150.jpg","caption":"Andreia Cunha | Lusa"},"sameAs":["https:\/\/www.altominho.tv\/site"],"url":"https:\/\/www.altominho.tv\/site\/author\/andreiacunhalusa\/"}]}},"_links":{"self":[{"href":"https:\/\/www.altominho.tv\/site\/wp-json\/wp\/v2\/posts\/61219","targetHints":{"allow":["GET"]}}],"collection":[{"href":"https:\/\/www.altominho.tv\/site\/wp-json\/wp\/v2\/posts"}],"about":[{"href":"https:\/\/www.altominho.tv\/site\/wp-json\/wp\/v2\/types\/post"}],"author":[{"embeddable":true,"href":"https:\/\/www.altominho.tv\/site\/wp-json\/wp\/v2\/users\/16"}],"replies":[{"embeddable":true,"href":"https:\/\/www.altominho.tv\/site\/wp-json\/wp\/v2\/comments?post=61219"}],"version-history":[{"count":0,"href":"https:\/\/www.altominho.tv\/site\/wp-json\/wp\/v2\/posts\/61219\/revisions"}],"wp:featuredmedia":[{"embeddable":true,"href":"https:\/\/www.altominho.tv\/site\/wp-json\/wp\/v2\/media\/61220"}],"wp:attachment":[{"href":"https:\/\/www.altominho.tv\/site\/wp-json\/wp\/v2\/media?parent=61219"}],"wp:term":[{"taxonomy":"category","embeddable":true,"href":"https:\/\/www.altominho.tv\/site\/wp-json\/wp\/v2\/categories?post=61219"},{"taxonomy":"post_tag","embeddable":true,"href":"https:\/\/www.altominho.tv\/site\/wp-json\/wp\/v2\/tags?post=61219"}],"curies":[{"name":"wp","href":"https:\/\/api.w.org\/{rel}","templated":true}]}}