{"id":61142,"date":"2021-02-03T18:40:06","date_gmt":"2021-02-03T18:40:06","guid":{"rendered":"https:\/\/www.altominho.tv\/site\/?p=61142"},"modified":"2022-01-17T14:22:38","modified_gmt":"2022-01-17T14:22:38","slug":"psd-questiona-governo-sobre-encerramento-de-tres-fronteiras-no-alto-minho","status":"publish","type":"post","link":"https:\/\/www.altominho.tv\/site\/2021\/02\/03\/psd-questiona-governo-sobre-encerramento-de-tres-fronteiras-no-alto-minho\/","title":{"rendered":"PSD questiona Governo sobre encerramento de tr\u00eas fronteiras no Alto Minho"},"content":{"rendered":"<p>Os deputados do PSD eleitos pelo Alto Minho querem saber se o Governo vai &#8220;rever&#8221; o fecho das pontes que ligam Melga\u00e7o, Cerveira e Ponte da Barca \u00e0 Galiza, por considerarem que cria &#8220;graves preju\u00edzos&#8221; aos trabalhadores transfronteiri\u00e7os.<\/p>\n<p>Numa pergunta dirigida ao ministro da Administra\u00e7\u00e3o Interna, os deputados Em\u00edlia Cerqueira, Jorge Mendes e Eduardo Teixeira sublinham que &#8220;todos os autarcas&#8221; da eurorregi\u00e3o &#8220;est\u00e3o contra&#8221; aquela decis\u00e3o, &#8220;que dizem ser altamente lesiva da economia e da vida daquela regi\u00e3o transfronteiri\u00e7a com mais popula\u00e7\u00e3o&#8221;.<\/p>\n<p>Na sexta-feira, o Minist\u00e9rio da Administra\u00e7\u00e3o Interna (MAI) explicou que h\u00e1 oito pontos de passagem permanentes (24 horas por dia), cinco pontos de passagem autorizados nos dias \u00fateis das 07h00 \u00e0s 09h00 e das 18h00 \u00e0s 20h00, e um ponto de passagem autorizado (Rio de Onor) \u00e0s quartas-feiras e aos s\u00e1bados das 10h00 \u00e0s 12h00.<\/p>\n<p>Os oitos pontos permanentes s\u00e3o em Valen\u00e7a, Vila Verde da Raia, Quintanilha, Vilar Formoso, Marv\u00e3o, Caia, Vila Verde e Castro Marim.<\/p>\n<p>Os cinco pontos de passagem nos dias \u00fateis (entre as 07h00 e as 09h00 e entre as 18h00 e as 20h00) s\u00e3o Mon\u00e7\u00e3o, Miranda do Douro, Termas de Monfortinho, Mour\u00e3o e Barrancos.<\/p>\n<p>No distrito de Viana do Castelo, foi decidido manter a Fronteira de Valen\u00e7a\/Tui aberta para todo o tipo de circula\u00e7\u00e3o e a fronteira de Mon\u00e7\u00e3o\/Salvaterra do Mi\u00f1o apenas para circula\u00e7\u00e3o de trabalhadores transfronteiri\u00e7os, encerrando as fronteiras de Melga\u00e7o\/Arbo, Vila Nova de Cerveira\/Tomi\u00f1o no Vale do Minho e a Madalena no Vale do Lima.<\/p>\n<p>Em mar\u00e7o de 2020, durante o primeiro confinamento geral, com a reposi\u00e7\u00e3o do controlo de fronteiras entre Portugal e Espanha, o \u00fanico ponto de passagem autorizado para trabalhadores transfronteiri\u00e7os e transporte de mercadorias, era a ponte nova, uma das duas que ligam Valen\u00e7a e Tui.<\/p>\n<p>Ap\u00f3s v\u00e1rios protestos dos autarcas dos dois lados do rio Minho, Portugal e Espanha acordaram a abertura das pontes que ligam o concelho de Melga\u00e7o a Arbo, Mon\u00e7\u00e3o a Salvaterra do Mi\u00f1o, e Vila Nova de Cerveira a Tomi\u00f1o, o que n\u00e3o aconteceu com a fronteira da Madalena, que reabriu a 01 de julho.<\/p>\n<p>Caminha \u00e9 o \u00fanico concelho do Alto Minho sem ponte de liga\u00e7\u00e3o \u00e0 La Guardia, na Galiza. A travessia do rio Minho \u00e9 assegurada pelo &#8216;ferryboat&#8217; Santa Rita de C\u00e1ssia, que tamb\u00e9m se encontra parado.<\/p>\n<p>Os tr\u00eas deputados eleitos pelo c\u00edrculo eleitoral de Viana do Castelo querem ainda saber se o Governo vai &#8220;criar mecanismos de compensa\u00e7\u00e3o aos trabalhadores transfronteiri\u00e7os e \u00e0s economias locais por forma a compens\u00e1-las dos preju\u00edzos decorrentes deste encerramento e pelo tempo que este durar&#8221;.<\/p>\n","protected":false},"excerpt":{"rendered":"<p>Os deputados do PSD eleitos pelo Alto Minho querem saber se o Governo vai &#8220;rever&#8221; o fecho das pontes que ligam Melga\u00e7o, Cerveira e Ponte da Barca \u00e0 Galiza, por considerarem que cria &#8220;graves preju\u00edzos&#8221; aos trabalhadores transfronteiri\u00e7os. Numa pergunta dirigida ao ministro da Administra\u00e7\u00e3o Interna, os deputados Em\u00edlia Cerqueira, Jorge Mendes e Eduardo Teixeira [&hellip;]<\/p>\n","protected":false},"author":15,"featured_media":54392,"comment_status":"closed","ping_status":"closed","sticky":false,"template":"","format":"standard","meta":{"_exactmetrics_skip_tracking":false,"_exactmetrics_sitenote_active":false,"_exactmetrics_sitenote_note":"","_exactmetrics_sitenote_category":0,"footnotes":""},"categories":[73],"tags":[56326,27],"class_list":["post-61142","post","type-post","status-publish","format-standard","has-post-thumbnail","hentry","category-alto-minho","tag-politica","tag-sociedade"],"yoast_head":"<!-- This site is optimized with the Yoast SEO Premium plugin v27.4 (Yoast SEO v27.4) - https:\/\/yoast.com\/product\/yoast-seo-premium-wordpress\/ -->\n<title>PSD questiona Governo sobre encerramento de tr\u00eas fronteiras no Alto Minho<\/title>\n<meta name=\"robots\" content=\"index, follow, max-snippet:-1, max-image-preview:large, max-video-preview:-1\" \/>\n<link rel=\"canonical\" href=\"https:\/\/www.altominho.tv\/site\/2021\/02\/03\/psd-questiona-governo-sobre-encerramento-de-tres-fronteiras-no-alto-minho\/\" \/>\n<meta property=\"og:locale\" content=\"pt_PT\" \/>\n<meta property=\"og:type\" content=\"article\" \/>\n<meta property=\"og:title\" content=\"PSD questiona Governo sobre encerramento de tr\u00eas fronteiras no Alto Minho\" \/>\n<meta property=\"og:description\" content=\"Os deputados do PSD eleitos pelo Alto Minho querem saber se o Governo vai &#8220;rever&#8221; o fecho das pontes que ligam Melga\u00e7o, Cerveira e Ponte da Barca \u00e0 Galiza, por considerarem que cria &#8220;graves preju\u00edzos&#8221; aos trabalhadores transfronteiri\u00e7os. Numa pergunta dirigida ao ministro da Administra\u00e7\u00e3o Interna, os deputados Em\u00edlia Cerqueira, Jorge Mendes e Eduardo Teixeira [&hellip;]\" \/>\n<meta property=\"og:url\" content=\"https:\/\/www.altominho.tv\/site\/2021\/02\/03\/psd-questiona-governo-sobre-encerramento-de-tres-fronteiras-no-alto-minho\/\" \/>\n<meta property=\"og:site_name\" content=\"Altominho.tv\" \/>\n<meta property=\"article:publisher\" content=\"https:\/\/www.facebook.com\/altominhotv\" \/>\n<meta property=\"article:published_time\" content=\"2021-02-03T18:40:06+00:00\" \/>\n<meta property=\"article:modified_time\" content=\"2022-01-17T14:22:38+00:00\" \/>\n<meta property=\"og:image\" content=\"https:\/\/www.altominho.tv\/site\/wp-content\/uploads\/2020\/10\/Untitled-Project-7-1.jpg\" \/>\n\t<meta property=\"og:image:width\" content=\"1920\" \/>\n\t<meta property=\"og:image:height\" content=\"1080\" \/>\n\t<meta property=\"og:image:type\" content=\"image\/jpeg\" \/>\n<meta name=\"author\" content=\"Andreia Ferreira | Lusa\" \/>\n<meta name=\"twitter:card\" content=\"summary_large_image\" \/>\n<meta name=\"twitter:creator\" content=\"@altominhoTV\" \/>\n<meta name=\"twitter:site\" content=\"@altominhoTV\" \/>\n<meta name=\"twitter:label1\" content=\"Escrito por\" \/>\n\t<meta name=\"twitter:data1\" content=\"Andreia Ferreira | Lusa\" \/>\n\t<meta name=\"twitter:label2\" content=\"Tempo estimado de leitura\" \/>\n\t<meta name=\"twitter:data2\" content=\"2 minutos\" \/>\n<script type=\"application\/ld+json\" class=\"yoast-schema-graph\">{\"@context\":\"https:\\\/\\\/schema.org\",\"@graph\":[{\"@type\":\"Article\",\"@id\":\"https:\\\/\\\/www.altominho.tv\\\/site\\\/2021\\\/02\\\/03\\\/psd-questiona-governo-sobre-encerramento-de-tres-fronteiras-no-alto-minho\\\/#article\",\"isPartOf\":{\"@id\":\"https:\\\/\\\/www.altominho.tv\\\/site\\\/2021\\\/02\\\/03\\\/psd-questiona-governo-sobre-encerramento-de-tres-fronteiras-no-alto-minho\\\/\"},\"author\":{\"name\":\"Andreia Ferreira | Lusa\",\"@id\":\"https:\\\/\\\/www.altominho.tv\\\/site\\\/#\\\/schema\\\/person\\\/a0bff6dc1041aadd46fa81887444b017\"},\"headline\":\"PSD questiona Governo sobre encerramento de tr\u00eas fronteiras no Alto Minho\",\"datePublished\":\"2021-02-03T18:40:06+00:00\",\"dateModified\":\"2022-01-17T14:22:38+00:00\",\"mainEntityOfPage\":{\"@id\":\"https:\\\/\\\/www.altominho.tv\\\/site\\\/2021\\\/02\\\/03\\\/psd-questiona-governo-sobre-encerramento-de-tres-fronteiras-no-alto-minho\\\/\"},\"wordCount\":478,\"image\":{\"@id\":\"https:\\\/\\\/www.altominho.tv\\\/site\\\/2021\\\/02\\\/03\\\/psd-questiona-governo-sobre-encerramento-de-tres-fronteiras-no-alto-minho\\\/#primaryimage\"},\"thumbnailUrl\":\"https:\\\/\\\/www.altominho.tv\\\/site\\\/wp-content\\\/uploads\\\/2020\\\/10\\\/Untitled-Project-7-1.jpg\",\"keywords\":[\"Pol\u00edtica\",\"Sociedade\"],\"articleSection\":[\"Alto Minho\"],\"inLanguage\":\"pt-PT\",\"copyrightYear\":\"2021\",\"copyrightHolder\":{\"@id\":\"https:\\\/\\\/www.altominho.tv\\\/site\\\/#organization\"}},{\"@type\":\"WebPage\",\"@id\":\"https:\\\/\\\/www.altominho.tv\\\/site\\\/2021\\\/02\\\/03\\\/psd-questiona-governo-sobre-encerramento-de-tres-fronteiras-no-alto-minho\\\/\",\"url\":\"https:\\\/\\\/www.altominho.tv\\\/site\\\/2021\\\/02\\\/03\\\/psd-questiona-governo-sobre-encerramento-de-tres-fronteiras-no-alto-minho\\\/\",\"name\":\"PSD questiona Governo sobre encerramento de tr\u00eas fronteiras no Alto Minho\",\"isPartOf\":{\"@id\":\"https:\\\/\\\/www.altominho.tv\\\/site\\\/#website\"},\"primaryImageOfPage\":{\"@id\":\"https:\\\/\\\/www.altominho.tv\\\/site\\\/2021\\\/02\\\/03\\\/psd-questiona-governo-sobre-encerramento-de-tres-fronteiras-no-alto-minho\\\/#primaryimage\"},\"image\":{\"@id\":\"https:\\\/\\\/www.altominho.tv\\\/site\\\/2021\\\/02\\\/03\\\/psd-questiona-governo-sobre-encerramento-de-tres-fronteiras-no-alto-minho\\\/#primaryimage\"},\"thumbnailUrl\":\"https:\\\/\\\/www.altominho.tv\\\/site\\\/wp-content\\\/uploads\\\/2020\\\/10\\\/Untitled-Project-7-1.jpg\",\"datePublished\":\"2021-02-03T18:40:06+00:00\",\"dateModified\":\"2022-01-17T14:22:38+00:00\",\"author\":{\"@id\":\"https:\\\/\\\/www.altominho.tv\\\/site\\\/#\\\/schema\\\/person\\\/a0bff6dc1041aadd46fa81887444b017\"},\"breadcrumb\":{\"@id\":\"https:\\\/\\\/www.altominho.tv\\\/site\\\/2021\\\/02\\\/03\\\/psd-questiona-governo-sobre-encerramento-de-tres-fronteiras-no-alto-minho\\\/#breadcrumb\"},\"inLanguage\":\"pt-PT\",\"potentialAction\":[{\"@type\":\"ReadAction\",\"target\":[\"https:\\\/\\\/www.altominho.tv\\\/site\\\/2021\\\/02\\\/03\\\/psd-questiona-governo-sobre-encerramento-de-tres-fronteiras-no-alto-minho\\\/\"]}]},{\"@type\":\"ImageObject\",\"inLanguage\":\"pt-PT\",\"@id\":\"https:\\\/\\\/www.altominho.tv\\\/site\\\/2021\\\/02\\\/03\\\/psd-questiona-governo-sobre-encerramento-de-tres-fronteiras-no-alto-minho\\\/#primaryimage\",\"url\":\"https:\\\/\\\/www.altominho.tv\\\/site\\\/wp-content\\\/uploads\\\/2020\\\/10\\\/Untitled-Project-7-1.jpg\",\"contentUrl\":\"https:\\\/\\\/www.altominho.tv\\\/site\\\/wp-content\\\/uploads\\\/2020\\\/10\\\/Untitled-Project-7-1.jpg\",\"width\":1920,\"height\":1080},{\"@type\":\"BreadcrumbList\",\"@id\":\"https:\\\/\\\/www.altominho.tv\\\/site\\\/2021\\\/02\\\/03\\\/psd-questiona-governo-sobre-encerramento-de-tres-fronteiras-no-alto-minho\\\/#breadcrumb\",\"itemListElement\":[{\"@type\":\"ListItem\",\"position\":1,\"name\":\"In\u00edcio\",\"item\":\"https:\\\/\\\/www.altominho.tv\\\/site\\\/\"},{\"@type\":\"ListItem\",\"position\":2,\"name\":\"PSD questiona Governo sobre encerramento de tr\u00eas fronteiras no Alto Minho\"}]},{\"@type\":\"WebSite\",\"@id\":\"https:\\\/\\\/www.altominho.tv\\\/site\\\/#website\",\"url\":\"https:\\\/\\\/www.altominho.tv\\\/site\\\/\",\"name\":\"Altominho.tv\",\"description\":\"A sua regi\u00e3o \u00e0 dist\u00e2ncia de um clique...\",\"potentialAction\":[{\"@type\":\"SearchAction\",\"target\":{\"@type\":\"EntryPoint\",\"urlTemplate\":\"https:\\\/\\\/www.altominho.tv\\\/site\\\/?s={search_term_string}\"},\"query-input\":{\"@type\":\"PropertyValueSpecification\",\"valueRequired\":true,\"valueName\":\"search_term_string\"}}],\"inLanguage\":\"pt-PT\"},{\"@type\":\"Person\",\"@id\":\"https:\\\/\\\/www.altominho.tv\\\/site\\\/#\\\/schema\\\/person\\\/a0bff6dc1041aadd46fa81887444b017\",\"name\":\"Andreia Ferreira | Lusa\",\"image\":{\"@type\":\"ImageObject\",\"inLanguage\":\"pt-PT\",\"@id\":\"https:\\\/\\\/www.altominho.tv\\\/site\\\/wp-content\\\/uploads\\\/2018\\\/04\\\/Andreia-150x150.jpg\",\"url\":\"https:\\\/\\\/www.altominho.tv\\\/site\\\/wp-content\\\/uploads\\\/2018\\\/04\\\/Andreia-150x150.jpg\",\"contentUrl\":\"https:\\\/\\\/www.altominho.tv\\\/site\\\/wp-content\\\/uploads\\\/2018\\\/04\\\/Andreia-150x150.jpg\",\"caption\":\"Andreia Ferreira | Lusa\"},\"sameAs\":[\"https:\\\/\\\/www.altominho.tv\\\/site\"],\"url\":\"https:\\\/\\\/www.altominho.tv\\\/site\\\/author\\\/andreiaferreiralusa\\\/\"}]}<\/script>\n<!-- \/ Yoast SEO Premium plugin. -->","yoast_head_json":{"title":"PSD questiona Governo sobre encerramento de tr\u00eas fronteiras no Alto Minho","robots":{"index":"index","follow":"follow","max-snippet":"max-snippet:-1","max-image-preview":"max-image-preview:large","max-video-preview":"max-video-preview:-1"},"canonical":"https:\/\/www.altominho.tv\/site\/2021\/02\/03\/psd-questiona-governo-sobre-encerramento-de-tres-fronteiras-no-alto-minho\/","og_locale":"pt_PT","og_type":"article","og_title":"PSD questiona Governo sobre encerramento de tr\u00eas fronteiras no Alto Minho","og_description":"Os deputados do PSD eleitos pelo Alto Minho querem saber se o Governo vai &#8220;rever&#8221; o fecho das pontes que ligam Melga\u00e7o, Cerveira e Ponte da Barca \u00e0 Galiza, por considerarem que cria &#8220;graves preju\u00edzos&#8221; aos trabalhadores transfronteiri\u00e7os. Numa pergunta dirigida ao ministro da Administra\u00e7\u00e3o Interna, os deputados Em\u00edlia Cerqueira, Jorge Mendes e Eduardo Teixeira [&hellip;]","og_url":"https:\/\/www.altominho.tv\/site\/2021\/02\/03\/psd-questiona-governo-sobre-encerramento-de-tres-fronteiras-no-alto-minho\/","og_site_name":"Altominho.tv","article_publisher":"https:\/\/www.facebook.com\/altominhotv","article_published_time":"2021-02-03T18:40:06+00:00","article_modified_time":"2022-01-17T14:22:38+00:00","og_image":[{"width":1920,"height":1080,"url":"https:\/\/www.altominho.tv\/site\/wp-content\/uploads\/2020\/10\/Untitled-Project-7-1.jpg","type":"image\/jpeg"}],"author":"Andreia Ferreira | Lusa","twitter_card":"summary_large_image","twitter_creator":"@altominhoTV","twitter_site":"@altominhoTV","twitter_misc":{"Escrito por":"Andreia Ferreira | Lusa","Tempo estimado de leitura":"2 minutos"},"schema":{"@context":"https:\/\/schema.org","@graph":[{"@type":"Article","@id":"https:\/\/www.altominho.tv\/site\/2021\/02\/03\/psd-questiona-governo-sobre-encerramento-de-tres-fronteiras-no-alto-minho\/#article","isPartOf":{"@id":"https:\/\/www.altominho.tv\/site\/2021\/02\/03\/psd-questiona-governo-sobre-encerramento-de-tres-fronteiras-no-alto-minho\/"},"author":{"name":"Andreia Ferreira | Lusa","@id":"https:\/\/www.altominho.tv\/site\/#\/schema\/person\/a0bff6dc1041aadd46fa81887444b017"},"headline":"PSD questiona Governo sobre encerramento de tr\u00eas fronteiras no Alto Minho","datePublished":"2021-02-03T18:40:06+00:00","dateModified":"2022-01-17T14:22:38+00:00","mainEntityOfPage":{"@id":"https:\/\/www.altominho.tv\/site\/2021\/02\/03\/psd-questiona-governo-sobre-encerramento-de-tres-fronteiras-no-alto-minho\/"},"wordCount":478,"image":{"@id":"https:\/\/www.altominho.tv\/site\/2021\/02\/03\/psd-questiona-governo-sobre-encerramento-de-tres-fronteiras-no-alto-minho\/#primaryimage"},"thumbnailUrl":"https:\/\/www.altominho.tv\/site\/wp-content\/uploads\/2020\/10\/Untitled-Project-7-1.jpg","keywords":["Pol\u00edtica","Sociedade"],"articleSection":["Alto Minho"],"inLanguage":"pt-PT","copyrightYear":"2021","copyrightHolder":{"@id":"https:\/\/www.altominho.tv\/site\/#organization"}},{"@type":"WebPage","@id":"https:\/\/www.altominho.tv\/site\/2021\/02\/03\/psd-questiona-governo-sobre-encerramento-de-tres-fronteiras-no-alto-minho\/","url":"https:\/\/www.altominho.tv\/site\/2021\/02\/03\/psd-questiona-governo-sobre-encerramento-de-tres-fronteiras-no-alto-minho\/","name":"PSD questiona Governo sobre encerramento de tr\u00eas fronteiras no Alto Minho","isPartOf":{"@id":"https:\/\/www.altominho.tv\/site\/#website"},"primaryImageOfPage":{"@id":"https:\/\/www.altominho.tv\/site\/2021\/02\/03\/psd-questiona-governo-sobre-encerramento-de-tres-fronteiras-no-alto-minho\/#primaryimage"},"image":{"@id":"https:\/\/www.altominho.tv\/site\/2021\/02\/03\/psd-questiona-governo-sobre-encerramento-de-tres-fronteiras-no-alto-minho\/#primaryimage"},"thumbnailUrl":"https:\/\/www.altominho.tv\/site\/wp-content\/uploads\/2020\/10\/Untitled-Project-7-1.jpg","datePublished":"2021-02-03T18:40:06+00:00","dateModified":"2022-01-17T14:22:38+00:00","author":{"@id":"https:\/\/www.altominho.tv\/site\/#\/schema\/person\/a0bff6dc1041aadd46fa81887444b017"},"breadcrumb":{"@id":"https:\/\/www.altominho.tv\/site\/2021\/02\/03\/psd-questiona-governo-sobre-encerramento-de-tres-fronteiras-no-alto-minho\/#breadcrumb"},"inLanguage":"pt-PT","potentialAction":[{"@type":"ReadAction","target":["https:\/\/www.altominho.tv\/site\/2021\/02\/03\/psd-questiona-governo-sobre-encerramento-de-tres-fronteiras-no-alto-minho\/"]}]},{"@type":"ImageObject","inLanguage":"pt-PT","@id":"https:\/\/www.altominho.tv\/site\/2021\/02\/03\/psd-questiona-governo-sobre-encerramento-de-tres-fronteiras-no-alto-minho\/#primaryimage","url":"https:\/\/www.altominho.tv\/site\/wp-content\/uploads\/2020\/10\/Untitled-Project-7-1.jpg","contentUrl":"https:\/\/www.altominho.tv\/site\/wp-content\/uploads\/2020\/10\/Untitled-Project-7-1.jpg","width":1920,"height":1080},{"@type":"BreadcrumbList","@id":"https:\/\/www.altominho.tv\/site\/2021\/02\/03\/psd-questiona-governo-sobre-encerramento-de-tres-fronteiras-no-alto-minho\/#breadcrumb","itemListElement":[{"@type":"ListItem","position":1,"name":"In\u00edcio","item":"https:\/\/www.altominho.tv\/site\/"},{"@type":"ListItem","position":2,"name":"PSD questiona Governo sobre encerramento de tr\u00eas fronteiras no Alto Minho"}]},{"@type":"WebSite","@id":"https:\/\/www.altominho.tv\/site\/#website","url":"https:\/\/www.altominho.tv\/site\/","name":"Altominho.tv","description":"A sua regi\u00e3o \u00e0 dist\u00e2ncia de um clique...","potentialAction":[{"@type":"SearchAction","target":{"@type":"EntryPoint","urlTemplate":"https:\/\/www.altominho.tv\/site\/?s={search_term_string}"},"query-input":{"@type":"PropertyValueSpecification","valueRequired":true,"valueName":"search_term_string"}}],"inLanguage":"pt-PT"},{"@type":"Person","@id":"https:\/\/www.altominho.tv\/site\/#\/schema\/person\/a0bff6dc1041aadd46fa81887444b017","name":"Andreia Ferreira | Lusa","image":{"@type":"ImageObject","inLanguage":"pt-PT","@id":"https:\/\/www.altominho.tv\/site\/wp-content\/uploads\/2018\/04\/Andreia-150x150.jpg","url":"https:\/\/www.altominho.tv\/site\/wp-content\/uploads\/2018\/04\/Andreia-150x150.jpg","contentUrl":"https:\/\/www.altominho.tv\/site\/wp-content\/uploads\/2018\/04\/Andreia-150x150.jpg","caption":"Andreia Ferreira | Lusa"},"sameAs":["https:\/\/www.altominho.tv\/site"],"url":"https:\/\/www.altominho.tv\/site\/author\/andreiaferreiralusa\/"}]}},"_links":{"self":[{"href":"https:\/\/www.altominho.tv\/site\/wp-json\/wp\/v2\/posts\/61142","targetHints":{"allow":["GET"]}}],"collection":[{"href":"https:\/\/www.altominho.tv\/site\/wp-json\/wp\/v2\/posts"}],"about":[{"href":"https:\/\/www.altominho.tv\/site\/wp-json\/wp\/v2\/types\/post"}],"author":[{"embeddable":true,"href":"https:\/\/www.altominho.tv\/site\/wp-json\/wp\/v2\/users\/15"}],"replies":[{"embeddable":true,"href":"https:\/\/www.altominho.tv\/site\/wp-json\/wp\/v2\/comments?post=61142"}],"version-history":[{"count":0,"href":"https:\/\/www.altominho.tv\/site\/wp-json\/wp\/v2\/posts\/61142\/revisions"}],"wp:featuredmedia":[{"embeddable":true,"href":"https:\/\/www.altominho.tv\/site\/wp-json\/wp\/v2\/media\/54392"}],"wp:attachment":[{"href":"https:\/\/www.altominho.tv\/site\/wp-json\/wp\/v2\/media?parent=61142"}],"wp:term":[{"taxonomy":"category","embeddable":true,"href":"https:\/\/www.altominho.tv\/site\/wp-json\/wp\/v2\/categories?post=61142"},{"taxonomy":"post_tag","embeddable":true,"href":"https:\/\/www.altominho.tv\/site\/wp-json\/wp\/v2\/tags?post=61142"}],"curies":[{"name":"wp","href":"https:\/\/api.w.org\/{rel}","templated":true}]}}