{"id":61024,"date":"2021-02-01T22:31:19","date_gmt":"2021-02-01T22:31:19","guid":{"rendered":"https:\/\/www.altominho.tv\/site\/?p=61024"},"modified":"2021-02-01T22:31:22","modified_gmt":"2021-02-01T22:31:22","slug":"alto-minho-com-mais-13-mortes-ha-4182-casos-ativos-de-covid-19","status":"publish","type":"post","link":"https:\/\/www.altominho.tv\/site\/2021\/02\/01\/alto-minho-com-mais-13-mortes-ha-4182-casos-ativos-de-covid-19\/","title":{"rendered":"Alto Minho com mais 13 mortes. H\u00e1 4182 casos ativos de Covid-19"},"content":{"rendered":"<p><strong>A regi\u00e3o do Alto Minho registou desde a passada sexta-feira mais 13 mortes associadas \u00e0 Covid-19, 544 novas infe\u00e7\u00f5es e 903 recuperados. No total, h\u00e1 4182 casos ativos.<\/strong><\/p>\n<p>Segundo os dados divulgados esta segunda-feira pela Unidade Local de Sa\u00fade do Alto Minho (ULSAM), as v\u00edtimas mortais foram registadas nos concelhos de <a href=\"\/\/www.altominho.tv\/site\/2021\/02\/01\/mais-uma-morte-e-55-novos-casos-de-infecao-em-caminha\/\">Caminha<\/a> (1), <a href=\"\/\/www.altominho.tv\/site\/2021\/02\/01\/mais-uma-morte-em-melgaco-casos-ativos-descem-para-216\/\">Melga\u00e7o<\/a> (1), <a href=\"\/\/www.altominho.tv\/site\/2021\/02\/01\/moncao-regista-mais-uma-morte-e-37-novos-casos-de-covid-19\/\">Mon\u00e7\u00e3o<\/a>\u00a0(1),\u00a0<a href=\"\/\/www.altominho.tv\/site\/2021\/02\/01\/paredes-de-coura-regista-duas-mortes-e-28-novos-casos-de-infecao\/\">Paredes de Coura<\/a> (2), <a href=\"\/\/www.altominho.tv\/site\/2021\/02\/01\/mais-quatro-mortes-e-26-novos-casos-de-infecao-em-ponte-da-barca\/\">Ponte da Barca<\/a> (4), Ponte de Lima (1) e <a href=\"\/\/www.altominho.tv\/site\/2021\/02\/01\/tres-mortes-e-mais-159-casos-de-covid-19-em-viana-do-castelo\/\">Viana do Castelo<\/a> (3).<\/p>\n<p>Viana do Castelo continua a ser o concelho com maior n\u00famero de casos ativos (1106), seguido de <a href=\"\/\/www.altominho.tv\/site\/2021\/02\/01\/mais-uma-morte-e-109-casos-de-infecao-em-ponte-de-lima\/\">Ponte de Lima<\/a> (838) e <a href=\"\/\/www.altominho.tv\/site\/2021\/02\/01\/arcos-de-valdevez-regista-67-novos-casos-de-covid-19\/\">Arcos de Valdevez<\/a> (450).\u00a0<\/p>\n<p>Ainda de acordo com o relat\u00f3rio da ULSAM, o n\u00famero de casos ativos desceu nos 10 concelhos do distrito de Viana do Castelo, devido a um n\u00famero mais elevado de recupera\u00e7\u00f5es do que de novos casos de infe\u00e7\u00e3o.<\/p>\n<div class=\"entry-content\">\n<p>Desde o in\u00edcio da pandemia, o distrito de Viana do Castelo registou um total de 15.782 casos, 11.303 recuperados e 297 \u00f3bitos.<\/p>\n<\/div>\n\n\n<figure class=\"wp-block-image size-large\"><img loading=\"lazy\" decoding=\"async\" width=\"1024\" height=\"681\" src=\"https:\/\/www.altominho.tv\/site\/wp-content\/uploads\/2021\/02\/Tabela-01-02-1024x681.png\" alt=\"\" class=\"wp-image-61027\" srcset=\"https:\/\/www.altominho.tv\/site\/wp-content\/uploads\/2021\/02\/Tabela-01-02-1024x681.png 1024w, https:\/\/www.altominho.tv\/site\/wp-content\/uploads\/2021\/02\/Tabela-01-02-651x433.png 651w, https:\/\/www.altominho.tv\/site\/wp-content\/uploads\/2021\/02\/Tabela-01-02-768x511.png 768w, https:\/\/www.altominho.tv\/site\/wp-content\/uploads\/2021\/02\/Tabela-01-02-370x246.png 370w, https:\/\/www.altominho.tv\/site\/wp-content\/uploads\/2021\/02\/Tabela-01-02-270x180.png 270w, https:\/\/www.altominho.tv\/site\/wp-content\/uploads\/2021\/02\/Tabela-01-02-570x379.png 570w, https:\/\/www.altominho.tv\/site\/wp-content\/uploads\/2021\/02\/Tabela-01-02-740x492.png 740w, https:\/\/www.altominho.tv\/site\/wp-content\/uploads\/2021\/02\/Tabela-01-02.png 1147w\" sizes=\"auto, (max-width: 1024px) 100vw, 1024px\" \/><figcaption>ULSAM<\/figcaption><\/figure>\n\n\n\n<figure class=\"wp-block-image size-large\"><img loading=\"lazy\" decoding=\"async\" width=\"1024\" height=\"696\" src=\"https:\/\/www.altominho.tv\/site\/wp-content\/uploads\/2021\/02\/Gra\u0301fico-Casos-Covid_ATV_01_02_-1024x696.jpg\" alt=\"\" class=\"wp-image-61015\" srcset=\"https:\/\/www.altominho.tv\/site\/wp-content\/uploads\/2021\/02\/Gra\u0301fico-Casos-Covid_ATV_01_02_-1024x696.jpg 1024w, https:\/\/www.altominho.tv\/site\/wp-content\/uploads\/2021\/02\/Gra\u0301fico-Casos-Covid_ATV_01_02_-637x433.jpg 637w, https:\/\/www.altominho.tv\/site\/wp-content\/uploads\/2021\/02\/Gra\u0301fico-Casos-Covid_ATV_01_02_-768x522.jpg 768w, https:\/\/www.altominho.tv\/site\/wp-content\/uploads\/2021\/02\/Gra\u0301fico-Casos-Covid_ATV_01_02_-370x251.jpg 370w, https:\/\/www.altominho.tv\/site\/wp-content\/uploads\/2021\/02\/Gra\u0301fico-Casos-Covid_ATV_01_02_-270x183.jpg 270w, https:\/\/www.altominho.tv\/site\/wp-content\/uploads\/2021\/02\/Gra\u0301fico-Casos-Covid_ATV_01_02_-570x387.jpg 570w, https:\/\/www.altominho.tv\/site\/wp-content\/uploads\/2021\/02\/Gra\u0301fico-Casos-Covid_ATV_01_02_-740x503.jpg 740w, https:\/\/www.altominho.tv\/site\/wp-content\/uploads\/2021\/02\/Gra\u0301fico-Casos-Covid_ATV_01_02_.jpg 1504w\" sizes=\"auto, (max-width: 1024px) 100vw, 1024px\" \/><\/figure>\n","protected":false},"excerpt":{"rendered":"<p>A regi\u00e3o do Alto Minho registou desde a passada sexta-feira mais 13 mortes associadas \u00e0 Covid-19, 544 novas infe\u00e7\u00f5es e 903 recuperados. No total, h\u00e1 4182 casos ativos. Segundo os dados divulgados esta segunda-feira pela Unidade Local de Sa\u00fade do Alto Minho (ULSAM), as v\u00edtimas mortais foram registadas nos concelhos de Caminha (1), Melga\u00e7o (1), [&hellip;]<\/p>\n","protected":false},"author":12,"featured_media":60565,"comment_status":"closed","ping_status":"closed","sticky":false,"template":"","format":"standard","meta":{"_exactmetrics_skip_tracking":false,"footnotes":""},"categories":[73],"tags":[26,27],"class_list":["post-61024","post","type-post","status-publish","format-standard","has-post-thumbnail","hentry","category-alto-minho","tag-saude","tag-sociedade"],"yoast_head":"<!-- This site is optimized with the Yoast SEO Premium plugin v28.3 (Yoast SEO v28.3) - https:\/\/yoast.com\/product\/yoast-seo-premium-wordpress\/ -->\n<title>Alto Minho com mais 13 mortes. H\u00e1 4182 casos ativos de Covid-19<\/title>\n<meta name=\"robots\" content=\"index, follow, max-snippet:-1, max-image-preview:large, max-video-preview:-1\" \/>\n<link rel=\"canonical\" href=\"https:\/\/www.altominho.tv\/site\/2021\/02\/01\/alto-minho-com-mais-13-mortes-ha-4182-casos-ativos-de-covid-19\/\" \/>\n<meta property=\"og:locale\" content=\"pt_PT\" \/>\n<meta property=\"og:type\" content=\"article\" \/>\n<meta property=\"og:title\" content=\"Alto Minho com mais 13 mortes. H\u00e1 4182 casos ativos de Covid-19\" \/>\n<meta property=\"og:description\" content=\"A regi\u00e3o do Alto Minho registou desde a passada sexta-feira mais 13 mortes associadas \u00e0 Covid-19, 544 novas infe\u00e7\u00f5es e 903 recuperados. No total, h\u00e1 4182 casos ativos. Segundo os dados divulgados esta segunda-feira pela Unidade Local de Sa\u00fade do Alto Minho (ULSAM), as v\u00edtimas mortais foram registadas nos concelhos de Caminha (1), Melga\u00e7o (1), [&hellip;]\" \/>\n<meta property=\"og:url\" content=\"https:\/\/www.altominho.tv\/site\/2021\/02\/01\/alto-minho-com-mais-13-mortes-ha-4182-casos-ativos-de-covid-19\/\" \/>\n<meta property=\"og:site_name\" content=\"Altominho.tv\" \/>\n<meta property=\"article:publisher\" content=\"https:\/\/www.facebook.com\/altominhotv\" \/>\n<meta property=\"article:published_time\" content=\"2021-02-01T22:31:19+00:00\" \/>\n<meta property=\"article:modified_time\" content=\"2021-02-01T22:31:22+00:00\" \/>\n<meta property=\"og:image\" content=\"https:\/\/www.altominho.tv\/site\/wp-content\/uploads\/2021\/01\/ulsam_ATV-1-2.jpg\" \/>\n\t<meta property=\"og:image:width\" content=\"940\" \/>\n\t<meta property=\"og:image:height\" content=\"490\" \/>\n\t<meta property=\"og:image:type\" content=\"image\/jpeg\" \/>\n<meta name=\"author\" content=\"Andreia Ferreira\" \/>\n<meta name=\"twitter:card\" content=\"summary_large_image\" \/>\n<meta name=\"twitter:creator\" content=\"@altominhoTV\" \/>\n<meta name=\"twitter:site\" content=\"@altominhoTV\" \/>\n<meta name=\"twitter:label1\" content=\"Escrito por\" \/>\n\t<meta name=\"twitter:data1\" content=\"Andreia Ferreira\" \/>\n\t<meta name=\"twitter:label2\" content=\"Tempo estimado de leitura\" \/>\n\t<meta name=\"twitter:data2\" content=\"1 minuto\" \/>\n<script type=\"application\/ld+json\" class=\"yoast-schema-graph\">{\"@context\":\"https:\\\/\\\/schema.org\",\"@graph\":[{\"@type\":\"Article\",\"@id\":\"https:\\\/\\\/www.altominho.tv\\\/site\\\/2021\\\/02\\\/01\\\/alto-minho-com-mais-13-mortes-ha-4182-casos-ativos-de-covid-19\\\/#article\",\"isPartOf\":{\"@id\":\"https:\\\/\\\/www.altominho.tv\\\/site\\\/2021\\\/02\\\/01\\\/alto-minho-com-mais-13-mortes-ha-4182-casos-ativos-de-covid-19\\\/\"},\"author\":{\"name\":\"Andreia Ferreira\",\"@id\":\"https:\\\/\\\/www.altominho.tv\\\/site\\\/#\\\/schema\\\/person\\\/d9be4265364723f14ea8e0d56a1d38cd\"},\"headline\":\"Alto Minho com mais 13 mortes. H\u00e1 4182 casos ativos de Covid-19\",\"datePublished\":\"2021-02-01T22:31:19+00:00\",\"dateModified\":\"2021-02-01T22:31:22+00:00\",\"mainEntityOfPage\":{\"@id\":\"https:\\\/\\\/www.altominho.tv\\\/site\\\/2021\\\/02\\\/01\\\/alto-minho-com-mais-13-mortes-ha-4182-casos-ativos-de-covid-19\\\/\"},\"wordCount\":165,\"image\":{\"@id\":\"https:\\\/\\\/www.altominho.tv\\\/site\\\/2021\\\/02\\\/01\\\/alto-minho-com-mais-13-mortes-ha-4182-casos-ativos-de-covid-19\\\/#primaryimage\"},\"thumbnailUrl\":\"https:\\\/\\\/www.altominho.tv\\\/site\\\/wp-content\\\/uploads\\\/2021\\\/01\\\/ulsam_ATV-1-2.jpg\",\"keywords\":[\"Sa\u00fade\",\"Sociedade\"],\"articleSection\":[\"Alto Minho\"],\"inLanguage\":\"pt-PT\",\"copyrightYear\":\"2021\",\"copyrightHolder\":{\"@id\":\"https:\\\/\\\/www.altominho.tv\\\/site\\\/#organization\"}},{\"@type\":\"WebPage\",\"@id\":\"https:\\\/\\\/www.altominho.tv\\\/site\\\/2021\\\/02\\\/01\\\/alto-minho-com-mais-13-mortes-ha-4182-casos-ativos-de-covid-19\\\/\",\"url\":\"https:\\\/\\\/www.altominho.tv\\\/site\\\/2021\\\/02\\\/01\\\/alto-minho-com-mais-13-mortes-ha-4182-casos-ativos-de-covid-19\\\/\",\"name\":\"Alto Minho com mais 13 mortes. H\u00e1 4182 casos ativos de Covid-19\",\"isPartOf\":{\"@id\":\"https:\\\/\\\/www.altominho.tv\\\/site\\\/#website\"},\"primaryImageOfPage\":{\"@id\":\"https:\\\/\\\/www.altominho.tv\\\/site\\\/2021\\\/02\\\/01\\\/alto-minho-com-mais-13-mortes-ha-4182-casos-ativos-de-covid-19\\\/#primaryimage\"},\"image\":{\"@id\":\"https:\\\/\\\/www.altominho.tv\\\/site\\\/2021\\\/02\\\/01\\\/alto-minho-com-mais-13-mortes-ha-4182-casos-ativos-de-covid-19\\\/#primaryimage\"},\"thumbnailUrl\":\"https:\\\/\\\/www.altominho.tv\\\/site\\\/wp-content\\\/uploads\\\/2021\\\/01\\\/ulsam_ATV-1-2.jpg\",\"datePublished\":\"2021-02-01T22:31:19+00:00\",\"dateModified\":\"2021-02-01T22:31:22+00:00\",\"author\":{\"@id\":\"https:\\\/\\\/www.altominho.tv\\\/site\\\/#\\\/schema\\\/person\\\/d9be4265364723f14ea8e0d56a1d38cd\"},\"breadcrumb\":{\"@id\":\"https:\\\/\\\/www.altominho.tv\\\/site\\\/2021\\\/02\\\/01\\\/alto-minho-com-mais-13-mortes-ha-4182-casos-ativos-de-covid-19\\\/#breadcrumb\"},\"inLanguage\":\"pt-PT\",\"potentialAction\":[{\"@type\":\"ReadAction\",\"target\":[\"https:\\\/\\\/www.altominho.tv\\\/site\\\/2021\\\/02\\\/01\\\/alto-minho-com-mais-13-mortes-ha-4182-casos-ativos-de-covid-19\\\/\"]}]},{\"@type\":\"ImageObject\",\"inLanguage\":\"pt-PT\",\"@id\":\"https:\\\/\\\/www.altominho.tv\\\/site\\\/2021\\\/02\\\/01\\\/alto-minho-com-mais-13-mortes-ha-4182-casos-ativos-de-covid-19\\\/#primaryimage\",\"url\":\"https:\\\/\\\/www.altominho.tv\\\/site\\\/wp-content\\\/uploads\\\/2021\\\/01\\\/ulsam_ATV-1-2.jpg\",\"contentUrl\":\"https:\\\/\\\/www.altominho.tv\\\/site\\\/wp-content\\\/uploads\\\/2021\\\/01\\\/ulsam_ATV-1-2.jpg\",\"width\":940,\"height\":490},{\"@type\":\"BreadcrumbList\",\"@id\":\"https:\\\/\\\/www.altominho.tv\\\/site\\\/2021\\\/02\\\/01\\\/alto-minho-com-mais-13-mortes-ha-4182-casos-ativos-de-covid-19\\\/#breadcrumb\",\"itemListElement\":[{\"@type\":\"ListItem\",\"position\":1,\"name\":\"In\u00edcio\",\"item\":\"https:\\\/\\\/www.altominho.tv\\\/site\\\/\"},{\"@type\":\"ListItem\",\"position\":2,\"name\":\"Alto Minho com mais 13 mortes. H\u00e1 4182 casos ativos de Covid-19\"}]},{\"@type\":\"WebSite\",\"@id\":\"https:\\\/\\\/www.altominho.tv\\\/site\\\/#website\",\"url\":\"https:\\\/\\\/www.altominho.tv\\\/site\\\/\",\"name\":\"Altominho.tv\",\"description\":\"A sua regi\u00e3o \u00e0 dist\u00e2ncia de um clique...\",\"potentialAction\":[{\"@type\":\"SearchAction\",\"target\":{\"@type\":\"EntryPoint\",\"urlTemplate\":\"https:\\\/\\\/www.altominho.tv\\\/site\\\/?s={search_term_string}\"},\"query-input\":{\"@type\":\"PropertyValueSpecification\",\"valueRequired\":true,\"valueName\":\"search_term_string\"}}],\"inLanguage\":\"pt-PT\"},{\"@type\":\"Person\",\"@id\":\"https:\\\/\\\/www.altominho.tv\\\/site\\\/#\\\/schema\\\/person\\\/d9be4265364723f14ea8e0d56a1d38cd\",\"name\":\"Andreia Ferreira\",\"image\":{\"@type\":\"ImageObject\",\"inLanguage\":\"pt-PT\",\"@id\":\"https:\\\/\\\/www.altominho.tv\\\/site\\\/wp-content\\\/uploads\\\/2021\\\/01\\\/AndreiaFerreira-150x150.jpg\",\"url\":\"https:\\\/\\\/www.altominho.tv\\\/site\\\/wp-content\\\/uploads\\\/2021\\\/01\\\/AndreiaFerreira-150x150.jpg\",\"contentUrl\":\"https:\\\/\\\/www.altominho.tv\\\/site\\\/wp-content\\\/uploads\\\/2021\\\/01\\\/AndreiaFerreira-150x150.jpg\",\"caption\":\"Andreia Ferreira\"},\"url\":\"https:\\\/\\\/www.altominho.tv\\\/site\\\/author\\\/andreiaferreira\\\/\"}]}<\/script>\n<!-- \/ Yoast SEO Premium plugin. -->","yoast_head_json":{"title":"Alto Minho com mais 13 mortes. H\u00e1 4182 casos ativos de Covid-19","robots":{"index":"index","follow":"follow","max-snippet":"max-snippet:-1","max-image-preview":"max-image-preview:large","max-video-preview":"max-video-preview:-1"},"canonical":"https:\/\/www.altominho.tv\/site\/2021\/02\/01\/alto-minho-com-mais-13-mortes-ha-4182-casos-ativos-de-covid-19\/","og_locale":"pt_PT","og_type":"article","og_title":"Alto Minho com mais 13 mortes. H\u00e1 4182 casos ativos de Covid-19","og_description":"A regi\u00e3o do Alto Minho registou desde a passada sexta-feira mais 13 mortes associadas \u00e0 Covid-19, 544 novas infe\u00e7\u00f5es e 903 recuperados. No total, h\u00e1 4182 casos ativos. Segundo os dados divulgados esta segunda-feira pela Unidade Local de Sa\u00fade do Alto Minho (ULSAM), as v\u00edtimas mortais foram registadas nos concelhos de Caminha (1), Melga\u00e7o (1), [&hellip;]","og_url":"https:\/\/www.altominho.tv\/site\/2021\/02\/01\/alto-minho-com-mais-13-mortes-ha-4182-casos-ativos-de-covid-19\/","og_site_name":"Altominho.tv","article_publisher":"https:\/\/www.facebook.com\/altominhotv","article_published_time":"2021-02-01T22:31:19+00:00","article_modified_time":"2021-02-01T22:31:22+00:00","og_image":[{"width":940,"height":490,"url":"https:\/\/www.altominho.tv\/site\/wp-content\/uploads\/2021\/01\/ulsam_ATV-1-2.jpg","type":"image\/jpeg"}],"author":"Andreia Ferreira","twitter_card":"summary_large_image","twitter_creator":"@altominhoTV","twitter_site":"@altominhoTV","twitter_misc":{"Escrito por":"Andreia Ferreira","Tempo estimado de leitura":"1 minuto"},"schema":{"@context":"https:\/\/schema.org","@graph":[{"@type":"Article","@id":"https:\/\/www.altominho.tv\/site\/2021\/02\/01\/alto-minho-com-mais-13-mortes-ha-4182-casos-ativos-de-covid-19\/#article","isPartOf":{"@id":"https:\/\/www.altominho.tv\/site\/2021\/02\/01\/alto-minho-com-mais-13-mortes-ha-4182-casos-ativos-de-covid-19\/"},"author":{"name":"Andreia Ferreira","@id":"https:\/\/www.altominho.tv\/site\/#\/schema\/person\/d9be4265364723f14ea8e0d56a1d38cd"},"headline":"Alto Minho com mais 13 mortes. H\u00e1 4182 casos ativos de Covid-19","datePublished":"2021-02-01T22:31:19+00:00","dateModified":"2021-02-01T22:31:22+00:00","mainEntityOfPage":{"@id":"https:\/\/www.altominho.tv\/site\/2021\/02\/01\/alto-minho-com-mais-13-mortes-ha-4182-casos-ativos-de-covid-19\/"},"wordCount":165,"image":{"@id":"https:\/\/www.altominho.tv\/site\/2021\/02\/01\/alto-minho-com-mais-13-mortes-ha-4182-casos-ativos-de-covid-19\/#primaryimage"},"thumbnailUrl":"https:\/\/www.altominho.tv\/site\/wp-content\/uploads\/2021\/01\/ulsam_ATV-1-2.jpg","keywords":["Sa\u00fade","Sociedade"],"articleSection":["Alto Minho"],"inLanguage":"pt-PT","copyrightYear":"2021","copyrightHolder":{"@id":"https:\/\/www.altominho.tv\/site\/#organization"}},{"@type":"WebPage","@id":"https:\/\/www.altominho.tv\/site\/2021\/02\/01\/alto-minho-com-mais-13-mortes-ha-4182-casos-ativos-de-covid-19\/","url":"https:\/\/www.altominho.tv\/site\/2021\/02\/01\/alto-minho-com-mais-13-mortes-ha-4182-casos-ativos-de-covid-19\/","name":"Alto Minho com mais 13 mortes. H\u00e1 4182 casos ativos de Covid-19","isPartOf":{"@id":"https:\/\/www.altominho.tv\/site\/#website"},"primaryImageOfPage":{"@id":"https:\/\/www.altominho.tv\/site\/2021\/02\/01\/alto-minho-com-mais-13-mortes-ha-4182-casos-ativos-de-covid-19\/#primaryimage"},"image":{"@id":"https:\/\/www.altominho.tv\/site\/2021\/02\/01\/alto-minho-com-mais-13-mortes-ha-4182-casos-ativos-de-covid-19\/#primaryimage"},"thumbnailUrl":"https:\/\/www.altominho.tv\/site\/wp-content\/uploads\/2021\/01\/ulsam_ATV-1-2.jpg","datePublished":"2021-02-01T22:31:19+00:00","dateModified":"2021-02-01T22:31:22+00:00","author":{"@id":"https:\/\/www.altominho.tv\/site\/#\/schema\/person\/d9be4265364723f14ea8e0d56a1d38cd"},"breadcrumb":{"@id":"https:\/\/www.altominho.tv\/site\/2021\/02\/01\/alto-minho-com-mais-13-mortes-ha-4182-casos-ativos-de-covid-19\/#breadcrumb"},"inLanguage":"pt-PT","potentialAction":[{"@type":"ReadAction","target":["https:\/\/www.altominho.tv\/site\/2021\/02\/01\/alto-minho-com-mais-13-mortes-ha-4182-casos-ativos-de-covid-19\/"]}]},{"@type":"ImageObject","inLanguage":"pt-PT","@id":"https:\/\/www.altominho.tv\/site\/2021\/02\/01\/alto-minho-com-mais-13-mortes-ha-4182-casos-ativos-de-covid-19\/#primaryimage","url":"https:\/\/www.altominho.tv\/site\/wp-content\/uploads\/2021\/01\/ulsam_ATV-1-2.jpg","contentUrl":"https:\/\/www.altominho.tv\/site\/wp-content\/uploads\/2021\/01\/ulsam_ATV-1-2.jpg","width":940,"height":490},{"@type":"BreadcrumbList","@id":"https:\/\/www.altominho.tv\/site\/2021\/02\/01\/alto-minho-com-mais-13-mortes-ha-4182-casos-ativos-de-covid-19\/#breadcrumb","itemListElement":[{"@type":"ListItem","position":1,"name":"In\u00edcio","item":"https:\/\/www.altominho.tv\/site\/"},{"@type":"ListItem","position":2,"name":"Alto Minho com mais 13 mortes. H\u00e1 4182 casos ativos de Covid-19"}]},{"@type":"WebSite","@id":"https:\/\/www.altominho.tv\/site\/#website","url":"https:\/\/www.altominho.tv\/site\/","name":"Altominho.tv","description":"A sua regi\u00e3o \u00e0 dist\u00e2ncia de um clique...","potentialAction":[{"@type":"SearchAction","target":{"@type":"EntryPoint","urlTemplate":"https:\/\/www.altominho.tv\/site\/?s={search_term_string}"},"query-input":{"@type":"PropertyValueSpecification","valueRequired":true,"valueName":"search_term_string"}}],"inLanguage":"pt-PT"},{"@type":"Person","@id":"https:\/\/www.altominho.tv\/site\/#\/schema\/person\/d9be4265364723f14ea8e0d56a1d38cd","name":"Andreia Ferreira","image":{"@type":"ImageObject","inLanguage":"pt-PT","@id":"https:\/\/www.altominho.tv\/site\/wp-content\/uploads\/2021\/01\/AndreiaFerreira-150x150.jpg","url":"https:\/\/www.altominho.tv\/site\/wp-content\/uploads\/2021\/01\/AndreiaFerreira-150x150.jpg","contentUrl":"https:\/\/www.altominho.tv\/site\/wp-content\/uploads\/2021\/01\/AndreiaFerreira-150x150.jpg","caption":"Andreia Ferreira"},"url":"https:\/\/www.altominho.tv\/site\/author\/andreiaferreira\/"}]}},"_links":{"self":[{"href":"https:\/\/www.altominho.tv\/site\/wp-json\/wp\/v2\/posts\/61024","targetHints":{"allow":["GET"]}}],"collection":[{"href":"https:\/\/www.altominho.tv\/site\/wp-json\/wp\/v2\/posts"}],"about":[{"href":"https:\/\/www.altominho.tv\/site\/wp-json\/wp\/v2\/types\/post"}],"author":[{"embeddable":true,"href":"https:\/\/www.altominho.tv\/site\/wp-json\/wp\/v2\/users\/12"}],"replies":[{"embeddable":true,"href":"https:\/\/www.altominho.tv\/site\/wp-json\/wp\/v2\/comments?post=61024"}],"version-history":[{"count":0,"href":"https:\/\/www.altominho.tv\/site\/wp-json\/wp\/v2\/posts\/61024\/revisions"}],"wp:featuredmedia":[{"embeddable":true,"href":"https:\/\/www.altominho.tv\/site\/wp-json\/wp\/v2\/media\/60565"}],"wp:attachment":[{"href":"https:\/\/www.altominho.tv\/site\/wp-json\/wp\/v2\/media?parent=61024"}],"wp:term":[{"taxonomy":"category","embeddable":true,"href":"https:\/\/www.altominho.tv\/site\/wp-json\/wp\/v2\/categories?post=61024"},{"taxonomy":"post_tag","embeddable":true,"href":"https:\/\/www.altominho.tv\/site\/wp-json\/wp\/v2\/tags?post=61024"}],"curies":[{"name":"wp","href":"https:\/\/api.w.org\/{rel}","templated":true}]}}