{"id":60863,"date":"2021-01-30T21:49:53","date_gmt":"2021-01-30T21:49:53","guid":{"rendered":"https:\/\/www.altominho.tv\/site\/?p=60863"},"modified":"2021-01-30T21:53:18","modified_gmt":"2021-01-30T21:53:18","slug":"presidente-da-republica-recorda-jose-marques-como-um-dos-mais-distintos-medievalistas","status":"publish","type":"post","link":"https:\/\/www.altominho.tv\/site\/2021\/01\/30\/presidente-da-republica-recorda-jose-marques-como-um-dos-mais-distintos-medievalistas\/","title":{"rendered":"Presidente da Rep\u00fablica recorda Jos\u00e9 Marques como um dos &#8220;mais distintos medievalistas&#8221;"},"content":{"rendered":"<p>O Presidente da Rep\u00fablica recordou hoje como um dos &#8220;mais distintos medievalistas&#8221; o historiador e c\u00f3nego Jos\u00e9 Marques, que morreu no s\u00e1bado aos 83 anos, em Braga.<\/p>\n<p>&#8220;Com o desaparecimento do professor Jos\u00e9 Marques, a historiografia portuguesa perde um dos seus mais distintos medievalistas, autor de uma vasta obra que tem por territ\u00f3rio de elei\u00e7\u00e3o a arquidiocese de Braga e as regi\u00f5es do Minho e de Tr\u00e1s-os-Montes&#8221;, l\u00ea-se numa nota de Marcelo Rebelo de Sousa, publicada no \u2018site\u2019 da Presid\u00eancia da Rep\u00fablica.<\/p>\n<p>&#8220;Historiador prestigiado nacional e internacionalmente, vice-presidente do Comit\u00e9 de Paleografia Latina da UNESCO, membro da Academia Portuguesa da Hist\u00f3ria&#8221;, Jos\u00e9 Marques &#8220;foi tamb\u00e9m um destacado sacerdote da arquidiocese de Braga, por todos respeitado como exemplo de homem de ci\u00eancia e de f\u00e9&#8221;, acrescenta-se na nota.<\/p>\n<p>Jos\u00e9 Marques nasceu em 12 de agosto de 1937, em Roussas, no concelho de Melga\u00e7o. Estudou no semin\u00e1rio da arquidiocese de Braga, tendo sido ordenado sacerdote em 1961, e colocado no Semin\u00e1rio Conciliar, onde esteve at\u00e9 1970.<\/p>\n<p>Em 1974, licenciou-se em Hist\u00f3ria pela Faculdade de Letras da Universidade do Porto, e prosseguiu os estudos de Bibliotec\u00e1rio-Arquivista, na Faculdade de Letras da Universidade de Coimbra, em que se especializou.<\/p>\n<p>Apresentou uma tese de doutoramento, em 1982, sobre &#8220;A Arquidiocese de Braga no s\u00e9culo XV&#8221;, na Faculdade de Letras da Universidade do Porto, onde foi professor catedr\u00e1tico.<\/p>\n<p>Jos\u00e9 Marques colaborou com as universidades de Coimbra, A\u00e7ores, Cat\u00f3lica Portuguesa, Fluminense de Niter\u00f3i, no Brasil, e com a Universidade de Louvain-la-Neuve, na B\u00e9lgica.<\/p>\n<p>Foi diretor da Faculdade de Letras da Universidade do Porto (1982-1985) e coordenador, de 1984 a 1998, da &#8220;Revista da Faculdade de Letras&#8221;, nas s\u00e9ries de Hist\u00f3ria, Filosofia e L\u00ednguas e Literaturas Modernas.<\/p>\n<p>Membro, desde 1983, da Academia Portuguesa da Hist\u00f3ria, foi vice-presidente do Instituto Galaico-Minhoto, do qual foi um dos fundadores em 1982.<\/p>\n<p>Foi s\u00f3cio-correspondente da Real Academia de la Historia de Madrid, das sociedades de Estudos Medievais, portuguesa, da qual foi s\u00f3cio fundador, em 1985, e da espanhola, do Instituto Hist\u00f3rico e Geogr\u00e1fico Brasileiro, da Comission Internationalle de Diplomatique, tendo sido seu vice-presidente em 2008, e do Comit\u00e9 International de Pal\u00e9ographie Latine, da UNESCO (Organiza\u00e7\u00e3o das Na\u00e7\u00f5es Unidas para a Educa\u00e7\u00e3o, Ci\u00eancia e Cultura), desde 1989.<\/p>\n<p>A sua investiga\u00e7\u00e3o cient\u00edfica foi, essencialmente, sobre o per\u00edodo da Hist\u00f3ria Medieval Portuguesa, no quadro cronol\u00f3gico at\u00e9 ao s\u00e9culo XV e no contexto geogr\u00e1fico da arquidiocese de Braga (territ\u00f3rios do Minho e Tr\u00e1s-os-Montes).<\/p>\n<p>Em agosto de 2017, o munic\u00edpio de Melga\u00e7o honrou-o com o t\u00edtulo de Cidad\u00e3o de Honra:<\/p>\n\n\n<div class=\"wp-block-image\"><figure class=\"aligncenter size-large\"><img loading=\"lazy\" decoding=\"async\" width=\"1024\" height=\"833\" src=\"https:\/\/www.altominho.tv\/site\/wp-content\/uploads\/2021\/01\/Homenagem_Melgac\u0327o-1024x833.jpg\" alt=\"\" class=\"wp-image-60865\" srcset=\"https:\/\/www.altominho.tv\/site\/wp-content\/uploads\/2021\/01\/Homenagem_Melgac\u0327o-1024x833.jpg 1024w, https:\/\/www.altominho.tv\/site\/wp-content\/uploads\/2021\/01\/Homenagem_Melgac\u0327o-532x433.jpg 532w, https:\/\/www.altominho.tv\/site\/wp-content\/uploads\/2021\/01\/Homenagem_Melgac\u0327o-768x625.jpg 768w, https:\/\/www.altominho.tv\/site\/wp-content\/uploads\/2021\/01\/Homenagem_Melgac\u0327o-370x301.jpg 370w, https:\/\/www.altominho.tv\/site\/wp-content\/uploads\/2021\/01\/Homenagem_Melgac\u0327o-270x220.jpg 270w, https:\/\/www.altominho.tv\/site\/wp-content\/uploads\/2021\/01\/Homenagem_Melgac\u0327o-570x464.jpg 570w, https:\/\/www.altominho.tv\/site\/wp-content\/uploads\/2021\/01\/Homenagem_Melgac\u0327o-740x602.jpg 740w, https:\/\/www.altominho.tv\/site\/wp-content\/uploads\/2021\/01\/Homenagem_Melgac\u0327o.jpg 1260w\" sizes=\"auto, (max-width: 1024px) 100vw, 1024px\" \/><\/figure><\/div>\n","protected":false},"excerpt":{"rendered":"<p>O Presidente da Rep\u00fablica recordou hoje como um dos &#8220;mais distintos medievalistas&#8221; o historiador e c\u00f3nego Jos\u00e9 Marques, que morreu no s\u00e1bado aos 83 anos, em Braga. &#8220;Com o desaparecimento do professor Jos\u00e9 Marques, a historiografia portuguesa perde um dos seus mais distintos medievalistas, autor de uma vasta obra que tem por territ\u00f3rio de elei\u00e7\u00e3o [&hellip;]<\/p>\n","protected":false},"author":13,"featured_media":60864,"comment_status":"closed","ping_status":"closed","sticky":false,"template":"","format":"standard","meta":{"_exactmetrics_skip_tracking":false,"_exactmetrics_sitenote_active":false,"_exactmetrics_sitenote_note":"","_exactmetrics_sitenote_category":0,"footnotes":""},"categories":[8],"tags":[23],"class_list":["post-60863","post","type-post","status-publish","format-standard","has-post-thumbnail","hentry","category-melgaco","tag-gente"],"yoast_head":"<!-- This site is optimized with the Yoast SEO Premium plugin v27.5 (Yoast SEO v27.5) - https:\/\/yoast.com\/product\/yoast-seo-premium-wordpress\/ -->\n<title>Presidente da Rep\u00fablica recorda Jos\u00e9 Marques como um dos &quot;mais distintos medievalistas&quot;<\/title>\n<meta name=\"robots\" content=\"index, follow, max-snippet:-1, max-image-preview:large, max-video-preview:-1\" \/>\n<link rel=\"canonical\" href=\"https:\/\/www.altominho.tv\/site\/2021\/01\/30\/presidente-da-republica-recorda-jose-marques-como-um-dos-mais-distintos-medievalistas\/\" \/>\n<meta property=\"og:locale\" content=\"pt_PT\" \/>\n<meta property=\"og:type\" content=\"article\" \/>\n<meta property=\"og:title\" content=\"Presidente da Rep\u00fablica recorda Jos\u00e9 Marques como um dos &quot;mais distintos medievalistas&quot;\" \/>\n<meta property=\"og:description\" content=\"O Presidente da Rep\u00fablica recordou hoje como um dos &#8220;mais distintos medievalistas&#8221; o historiador e c\u00f3nego Jos\u00e9 Marques, que morreu no s\u00e1bado aos 83 anos, em Braga. &#8220;Com o desaparecimento do professor Jos\u00e9 Marques, a historiografia portuguesa perde um dos seus mais distintos medievalistas, autor de uma vasta obra que tem por territ\u00f3rio de elei\u00e7\u00e3o [&hellip;]\" \/>\n<meta property=\"og:url\" content=\"https:\/\/www.altominho.tv\/site\/2021\/01\/30\/presidente-da-republica-recorda-jose-marques-como-um-dos-mais-distintos-medievalistas\/\" \/>\n<meta property=\"og:site_name\" content=\"Altominho.tv\" \/>\n<meta property=\"article:publisher\" content=\"https:\/\/www.facebook.com\/altominhotv\" \/>\n<meta property=\"article:published_time\" content=\"2021-01-30T21:49:53+00:00\" \/>\n<meta property=\"article:modified_time\" content=\"2021-01-30T21:53:18+00:00\" \/>\n<meta property=\"og:image\" content=\"https:\/\/www.altominho.tv\/site\/wp-content\/uploads\/2021\/01\/Conego_JoseMarques.jpg\" \/>\n\t<meta property=\"og:image:width\" content=\"1260\" \/>\n\t<meta property=\"og:image:height\" content=\"708\" \/>\n\t<meta property=\"og:image:type\" content=\"image\/jpeg\" \/>\n<meta name=\"author\" content=\"Lusa\" \/>\n<meta name=\"twitter:card\" content=\"summary_large_image\" \/>\n<meta name=\"twitter:creator\" content=\"@altominhoTV\" \/>\n<meta name=\"twitter:site\" content=\"@altominhoTV\" \/>\n<meta name=\"twitter:label1\" content=\"Escrito por\" \/>\n\t<meta name=\"twitter:data1\" content=\"Lusa\" \/>\n\t<meta name=\"twitter:label2\" content=\"Tempo estimado de leitura\" \/>\n\t<meta name=\"twitter:data2\" content=\"2 minutos\" \/>\n<script type=\"application\/ld+json\" class=\"yoast-schema-graph\">{\"@context\":\"https:\\\/\\\/schema.org\",\"@graph\":[{\"@type\":\"Article\",\"@id\":\"https:\\\/\\\/www.altominho.tv\\\/site\\\/2021\\\/01\\\/30\\\/presidente-da-republica-recorda-jose-marques-como-um-dos-mais-distintos-medievalistas\\\/#article\",\"isPartOf\":{\"@id\":\"https:\\\/\\\/www.altominho.tv\\\/site\\\/2021\\\/01\\\/30\\\/presidente-da-republica-recorda-jose-marques-como-um-dos-mais-distintos-medievalistas\\\/\"},\"author\":{\"name\":\"Lusa\",\"@id\":\"https:\\\/\\\/www.altominho.tv\\\/site\\\/#\\\/schema\\\/person\\\/63f693da3e1899361cbe955c46f3232e\"},\"headline\":\"Presidente da Rep\u00fablica recorda Jos\u00e9 Marques como um dos &#8220;mais distintos medievalistas&#8221;\",\"datePublished\":\"2021-01-30T21:49:53+00:00\",\"dateModified\":\"2021-01-30T21:53:18+00:00\",\"mainEntityOfPage\":{\"@id\":\"https:\\\/\\\/www.altominho.tv\\\/site\\\/2021\\\/01\\\/30\\\/presidente-da-republica-recorda-jose-marques-como-um-dos-mais-distintos-medievalistas\\\/\"},\"wordCount\":461,\"image\":{\"@id\":\"https:\\\/\\\/www.altominho.tv\\\/site\\\/2021\\\/01\\\/30\\\/presidente-da-republica-recorda-jose-marques-como-um-dos-mais-distintos-medievalistas\\\/#primaryimage\"},\"thumbnailUrl\":\"https:\\\/\\\/www.altominho.tv\\\/site\\\/wp-content\\\/uploads\\\/2021\\\/01\\\/Conego_JoseMarques.jpg\",\"keywords\":[\"Gente\"],\"articleSection\":[\"Melga\u00e7o\"],\"inLanguage\":\"pt-PT\",\"copyrightYear\":\"2021\",\"copyrightHolder\":{\"@id\":\"https:\\\/\\\/www.altominho.tv\\\/site\\\/#organization\"}},{\"@type\":\"WebPage\",\"@id\":\"https:\\\/\\\/www.altominho.tv\\\/site\\\/2021\\\/01\\\/30\\\/presidente-da-republica-recorda-jose-marques-como-um-dos-mais-distintos-medievalistas\\\/\",\"url\":\"https:\\\/\\\/www.altominho.tv\\\/site\\\/2021\\\/01\\\/30\\\/presidente-da-republica-recorda-jose-marques-como-um-dos-mais-distintos-medievalistas\\\/\",\"name\":\"Presidente da Rep\u00fablica recorda Jos\u00e9 Marques como um dos \\\"mais distintos medievalistas\\\"\",\"isPartOf\":{\"@id\":\"https:\\\/\\\/www.altominho.tv\\\/site\\\/#website\"},\"primaryImageOfPage\":{\"@id\":\"https:\\\/\\\/www.altominho.tv\\\/site\\\/2021\\\/01\\\/30\\\/presidente-da-republica-recorda-jose-marques-como-um-dos-mais-distintos-medievalistas\\\/#primaryimage\"},\"image\":{\"@id\":\"https:\\\/\\\/www.altominho.tv\\\/site\\\/2021\\\/01\\\/30\\\/presidente-da-republica-recorda-jose-marques-como-um-dos-mais-distintos-medievalistas\\\/#primaryimage\"},\"thumbnailUrl\":\"https:\\\/\\\/www.altominho.tv\\\/site\\\/wp-content\\\/uploads\\\/2021\\\/01\\\/Conego_JoseMarques.jpg\",\"datePublished\":\"2021-01-30T21:49:53+00:00\",\"dateModified\":\"2021-01-30T21:53:18+00:00\",\"author\":{\"@id\":\"https:\\\/\\\/www.altominho.tv\\\/site\\\/#\\\/schema\\\/person\\\/63f693da3e1899361cbe955c46f3232e\"},\"breadcrumb\":{\"@id\":\"https:\\\/\\\/www.altominho.tv\\\/site\\\/2021\\\/01\\\/30\\\/presidente-da-republica-recorda-jose-marques-como-um-dos-mais-distintos-medievalistas\\\/#breadcrumb\"},\"inLanguage\":\"pt-PT\",\"potentialAction\":[{\"@type\":\"ReadAction\",\"target\":[\"https:\\\/\\\/www.altominho.tv\\\/site\\\/2021\\\/01\\\/30\\\/presidente-da-republica-recorda-jose-marques-como-um-dos-mais-distintos-medievalistas\\\/\"]}]},{\"@type\":\"ImageObject\",\"inLanguage\":\"pt-PT\",\"@id\":\"https:\\\/\\\/www.altominho.tv\\\/site\\\/2021\\\/01\\\/30\\\/presidente-da-republica-recorda-jose-marques-como-um-dos-mais-distintos-medievalistas\\\/#primaryimage\",\"url\":\"https:\\\/\\\/www.altominho.tv\\\/site\\\/wp-content\\\/uploads\\\/2021\\\/01\\\/Conego_JoseMarques.jpg\",\"contentUrl\":\"https:\\\/\\\/www.altominho.tv\\\/site\\\/wp-content\\\/uploads\\\/2021\\\/01\\\/Conego_JoseMarques.jpg\",\"width\":1260,\"height\":708},{\"@type\":\"BreadcrumbList\",\"@id\":\"https:\\\/\\\/www.altominho.tv\\\/site\\\/2021\\\/01\\\/30\\\/presidente-da-republica-recorda-jose-marques-como-um-dos-mais-distintos-medievalistas\\\/#breadcrumb\",\"itemListElement\":[{\"@type\":\"ListItem\",\"position\":1,\"name\":\"In\u00edcio\",\"item\":\"https:\\\/\\\/www.altominho.tv\\\/site\\\/\"},{\"@type\":\"ListItem\",\"position\":2,\"name\":\"Presidente da Rep\u00fablica recorda Jos\u00e9 Marques como um dos &#8220;mais distintos medievalistas&#8221;\"}]},{\"@type\":\"WebSite\",\"@id\":\"https:\\\/\\\/www.altominho.tv\\\/site\\\/#website\",\"url\":\"https:\\\/\\\/www.altominho.tv\\\/site\\\/\",\"name\":\"Altominho.tv\",\"description\":\"A sua regi\u00e3o \u00e0 dist\u00e2ncia de um clique...\",\"potentialAction\":[{\"@type\":\"SearchAction\",\"target\":{\"@type\":\"EntryPoint\",\"urlTemplate\":\"https:\\\/\\\/www.altominho.tv\\\/site\\\/?s={search_term_string}\"},\"query-input\":{\"@type\":\"PropertyValueSpecification\",\"valueRequired\":true,\"valueName\":\"search_term_string\"}}],\"inLanguage\":\"pt-PT\"},{\"@type\":\"Person\",\"@id\":\"https:\\\/\\\/www.altominho.tv\\\/site\\\/#\\\/schema\\\/person\\\/63f693da3e1899361cbe955c46f3232e\",\"name\":\"Lusa\",\"image\":{\"@type\":\"ImageObject\",\"inLanguage\":\"pt-PT\",\"@id\":\"https:\\\/\\\/www.altominho.tv\\\/site\\\/wp-content\\\/uploads\\\/2019\\\/08\\\/LUSA_Logo.gif\",\"url\":\"https:\\\/\\\/www.altominho.tv\\\/site\\\/wp-content\\\/uploads\\\/2019\\\/08\\\/LUSA_Logo.gif\",\"contentUrl\":\"https:\\\/\\\/www.altominho.tv\\\/site\\\/wp-content\\\/uploads\\\/2019\\\/08\\\/LUSA_Logo.gif\",\"caption\":\"Lusa\"},\"sameAs\":[\"http:\\\/\\\/\\\/\\\/www.altominho.tv\\\/site\"],\"url\":\"https:\\\/\\\/www.altominho.tv\\\/site\\\/author\\\/lusa\\\/\"}]}<\/script>\n<!-- \/ Yoast SEO Premium plugin. -->","yoast_head_json":{"title":"Presidente da Rep\u00fablica recorda Jos\u00e9 Marques como um dos \"mais distintos medievalistas\"","robots":{"index":"index","follow":"follow","max-snippet":"max-snippet:-1","max-image-preview":"max-image-preview:large","max-video-preview":"max-video-preview:-1"},"canonical":"https:\/\/www.altominho.tv\/site\/2021\/01\/30\/presidente-da-republica-recorda-jose-marques-como-um-dos-mais-distintos-medievalistas\/","og_locale":"pt_PT","og_type":"article","og_title":"Presidente da Rep\u00fablica recorda Jos\u00e9 Marques como um dos \"mais distintos medievalistas\"","og_description":"O Presidente da Rep\u00fablica recordou hoje como um dos &#8220;mais distintos medievalistas&#8221; o historiador e c\u00f3nego Jos\u00e9 Marques, que morreu no s\u00e1bado aos 83 anos, em Braga. &#8220;Com o desaparecimento do professor Jos\u00e9 Marques, a historiografia portuguesa perde um dos seus mais distintos medievalistas, autor de uma vasta obra que tem por territ\u00f3rio de elei\u00e7\u00e3o [&hellip;]","og_url":"https:\/\/www.altominho.tv\/site\/2021\/01\/30\/presidente-da-republica-recorda-jose-marques-como-um-dos-mais-distintos-medievalistas\/","og_site_name":"Altominho.tv","article_publisher":"https:\/\/www.facebook.com\/altominhotv","article_published_time":"2021-01-30T21:49:53+00:00","article_modified_time":"2021-01-30T21:53:18+00:00","og_image":[{"width":1260,"height":708,"url":"https:\/\/www.altominho.tv\/site\/wp-content\/uploads\/2021\/01\/Conego_JoseMarques.jpg","type":"image\/jpeg"}],"author":"Lusa","twitter_card":"summary_large_image","twitter_creator":"@altominhoTV","twitter_site":"@altominhoTV","twitter_misc":{"Escrito por":"Lusa","Tempo estimado de leitura":"2 minutos"},"schema":{"@context":"https:\/\/schema.org","@graph":[{"@type":"Article","@id":"https:\/\/www.altominho.tv\/site\/2021\/01\/30\/presidente-da-republica-recorda-jose-marques-como-um-dos-mais-distintos-medievalistas\/#article","isPartOf":{"@id":"https:\/\/www.altominho.tv\/site\/2021\/01\/30\/presidente-da-republica-recorda-jose-marques-como-um-dos-mais-distintos-medievalistas\/"},"author":{"name":"Lusa","@id":"https:\/\/www.altominho.tv\/site\/#\/schema\/person\/63f693da3e1899361cbe955c46f3232e"},"headline":"Presidente da Rep\u00fablica recorda Jos\u00e9 Marques como um dos &#8220;mais distintos medievalistas&#8221;","datePublished":"2021-01-30T21:49:53+00:00","dateModified":"2021-01-30T21:53:18+00:00","mainEntityOfPage":{"@id":"https:\/\/www.altominho.tv\/site\/2021\/01\/30\/presidente-da-republica-recorda-jose-marques-como-um-dos-mais-distintos-medievalistas\/"},"wordCount":461,"image":{"@id":"https:\/\/www.altominho.tv\/site\/2021\/01\/30\/presidente-da-republica-recorda-jose-marques-como-um-dos-mais-distintos-medievalistas\/#primaryimage"},"thumbnailUrl":"https:\/\/www.altominho.tv\/site\/wp-content\/uploads\/2021\/01\/Conego_JoseMarques.jpg","keywords":["Gente"],"articleSection":["Melga\u00e7o"],"inLanguage":"pt-PT","copyrightYear":"2021","copyrightHolder":{"@id":"https:\/\/www.altominho.tv\/site\/#organization"}},{"@type":"WebPage","@id":"https:\/\/www.altominho.tv\/site\/2021\/01\/30\/presidente-da-republica-recorda-jose-marques-como-um-dos-mais-distintos-medievalistas\/","url":"https:\/\/www.altominho.tv\/site\/2021\/01\/30\/presidente-da-republica-recorda-jose-marques-como-um-dos-mais-distintos-medievalistas\/","name":"Presidente da Rep\u00fablica recorda Jos\u00e9 Marques como um dos \"mais distintos medievalistas\"","isPartOf":{"@id":"https:\/\/www.altominho.tv\/site\/#website"},"primaryImageOfPage":{"@id":"https:\/\/www.altominho.tv\/site\/2021\/01\/30\/presidente-da-republica-recorda-jose-marques-como-um-dos-mais-distintos-medievalistas\/#primaryimage"},"image":{"@id":"https:\/\/www.altominho.tv\/site\/2021\/01\/30\/presidente-da-republica-recorda-jose-marques-como-um-dos-mais-distintos-medievalistas\/#primaryimage"},"thumbnailUrl":"https:\/\/www.altominho.tv\/site\/wp-content\/uploads\/2021\/01\/Conego_JoseMarques.jpg","datePublished":"2021-01-30T21:49:53+00:00","dateModified":"2021-01-30T21:53:18+00:00","author":{"@id":"https:\/\/www.altominho.tv\/site\/#\/schema\/person\/63f693da3e1899361cbe955c46f3232e"},"breadcrumb":{"@id":"https:\/\/www.altominho.tv\/site\/2021\/01\/30\/presidente-da-republica-recorda-jose-marques-como-um-dos-mais-distintos-medievalistas\/#breadcrumb"},"inLanguage":"pt-PT","potentialAction":[{"@type":"ReadAction","target":["https:\/\/www.altominho.tv\/site\/2021\/01\/30\/presidente-da-republica-recorda-jose-marques-como-um-dos-mais-distintos-medievalistas\/"]}]},{"@type":"ImageObject","inLanguage":"pt-PT","@id":"https:\/\/www.altominho.tv\/site\/2021\/01\/30\/presidente-da-republica-recorda-jose-marques-como-um-dos-mais-distintos-medievalistas\/#primaryimage","url":"https:\/\/www.altominho.tv\/site\/wp-content\/uploads\/2021\/01\/Conego_JoseMarques.jpg","contentUrl":"https:\/\/www.altominho.tv\/site\/wp-content\/uploads\/2021\/01\/Conego_JoseMarques.jpg","width":1260,"height":708},{"@type":"BreadcrumbList","@id":"https:\/\/www.altominho.tv\/site\/2021\/01\/30\/presidente-da-republica-recorda-jose-marques-como-um-dos-mais-distintos-medievalistas\/#breadcrumb","itemListElement":[{"@type":"ListItem","position":1,"name":"In\u00edcio","item":"https:\/\/www.altominho.tv\/site\/"},{"@type":"ListItem","position":2,"name":"Presidente da Rep\u00fablica recorda Jos\u00e9 Marques como um dos &#8220;mais distintos medievalistas&#8221;"}]},{"@type":"WebSite","@id":"https:\/\/www.altominho.tv\/site\/#website","url":"https:\/\/www.altominho.tv\/site\/","name":"Altominho.tv","description":"A sua regi\u00e3o \u00e0 dist\u00e2ncia de um clique...","potentialAction":[{"@type":"SearchAction","target":{"@type":"EntryPoint","urlTemplate":"https:\/\/www.altominho.tv\/site\/?s={search_term_string}"},"query-input":{"@type":"PropertyValueSpecification","valueRequired":true,"valueName":"search_term_string"}}],"inLanguage":"pt-PT"},{"@type":"Person","@id":"https:\/\/www.altominho.tv\/site\/#\/schema\/person\/63f693da3e1899361cbe955c46f3232e","name":"Lusa","image":{"@type":"ImageObject","inLanguage":"pt-PT","@id":"https:\/\/www.altominho.tv\/site\/wp-content\/uploads\/2019\/08\/LUSA_Logo.gif","url":"https:\/\/www.altominho.tv\/site\/wp-content\/uploads\/2019\/08\/LUSA_Logo.gif","contentUrl":"https:\/\/www.altominho.tv\/site\/wp-content\/uploads\/2019\/08\/LUSA_Logo.gif","caption":"Lusa"},"sameAs":["http:\/\/\/\/www.altominho.tv\/site"],"url":"https:\/\/www.altominho.tv\/site\/author\/lusa\/"}]}},"_links":{"self":[{"href":"https:\/\/www.altominho.tv\/site\/wp-json\/wp\/v2\/posts\/60863","targetHints":{"allow":["GET"]}}],"collection":[{"href":"https:\/\/www.altominho.tv\/site\/wp-json\/wp\/v2\/posts"}],"about":[{"href":"https:\/\/www.altominho.tv\/site\/wp-json\/wp\/v2\/types\/post"}],"author":[{"embeddable":true,"href":"https:\/\/www.altominho.tv\/site\/wp-json\/wp\/v2\/users\/13"}],"replies":[{"embeddable":true,"href":"https:\/\/www.altominho.tv\/site\/wp-json\/wp\/v2\/comments?post=60863"}],"version-history":[{"count":0,"href":"https:\/\/www.altominho.tv\/site\/wp-json\/wp\/v2\/posts\/60863\/revisions"}],"wp:featuredmedia":[{"embeddable":true,"href":"https:\/\/www.altominho.tv\/site\/wp-json\/wp\/v2\/media\/60864"}],"wp:attachment":[{"href":"https:\/\/www.altominho.tv\/site\/wp-json\/wp\/v2\/media?parent=60863"}],"wp:term":[{"taxonomy":"category","embeddable":true,"href":"https:\/\/www.altominho.tv\/site\/wp-json\/wp\/v2\/categories?post=60863"},{"taxonomy":"post_tag","embeddable":true,"href":"https:\/\/www.altominho.tv\/site\/wp-json\/wp\/v2\/tags?post=60863"}],"curies":[{"name":"wp","href":"https:\/\/api.w.org\/{rel}","templated":true}]}}