{"id":60857,"date":"2021-01-30T15:29:05","date_gmt":"2021-01-30T15:29:05","guid":{"rendered":"https:\/\/www.altominho.tv\/site\/?p=60857"},"modified":"2021-01-30T15:29:07","modified_gmt":"2021-01-30T15:29:07","slug":"alto-minho-e-galiza-contestam-por-todas-as-formas-legais-encerramento-de-pontes","status":"publish","type":"post","link":"https:\/\/www.altominho.tv\/site\/2021\/01\/30\/alto-minho-e-galiza-contestam-por-todas-as-formas-legais-encerramento-de-pontes\/","title":{"rendered":"Alto Minho e Galiza contestam por \u201ctodas as formas legais\u201d encerramento de pontes"},"content":{"rendered":"<p>O Agrupamento Europeu de Coopera\u00e7\u00e3o Territorial (AECT) Rio Minho anunciou hoje que vai &#8220;contestar pelas formas legais ao seu alcance&#8221;, o encerramento de tr\u00eas pontes entre o Alto e a Galiza, pelo &#8220;interesse superior dos trabalhadores transfronteiri\u00e7os&#8221;.<\/p>\n<p>&#8220;<strong>O AECT Rio Minho est\u00e1 completamente em desacordo com a medida governamental de encerramento de tr\u00eas pontes sobre o rio Minho, publicada num despacho do Minist\u00e9rio da Administra\u00e7\u00e3o Interna (\u2026). Consensualizadas pelos problemas causados por esta medida, as autarquias afetadas v\u00e3o contestar estes encerramentos pelas formas legais ao seu alcance, em interesse superior dos trabalhadores transfronteiri\u00e7os<\/strong>&#8220;, refere aquele organismo em comunicado hoje enviado \u00e0 ag\u00eancia Lusa.<\/p>\n<p>Na sexta-feira, o Minist\u00e9rio da Administra\u00e7\u00e3o Interna (MAI) explicou as regras que entram em vigor no domingo, aprovadas no Conselho de Ministros de quinta-feira e que contemplam o autoconfinamento (proibi\u00e7\u00e3o de sair do pa\u00eds) e a reposi\u00e7\u00e3o do controlo de fronteiras, com suspens\u00e3o de viagens de comboio e de barco.<\/p>\n<p>No comunicado, o <a href=\"\/\/www.altominho.tv\/site\/2021\/01\/30\/espanha-tambem-decreta-controlo-de-fronteiras-com-portugal\/\">Governo especifica que h\u00e1 oito pontos de passagem permanentes<\/a> (24 horas por dia), cinco pontos de passagem autorizados nos dias \u00fateis das 07h00 \u00e0s 09h00 e das 18h00 \u00e0s 20h00, e um ponto de passagem autorizado (Rio de Onor) \u00e0s quartas-feiras e aos s\u00e1bados das 10h00 \u00e0s 12h00.<\/p>\n<p><strong>No Alto Minho existem 2 pontos de passagem<\/strong>, a fronteira\u00a0<strong>Valen\u00e7a\/Tui<\/strong>\u00a0pela ponte internacional ( liga\u00e7\u00e3o IP 1-A 3) estar\u00e1 aberta de foram permanente 24 horas por dia, enquanto a ponte internacional que une\u00a0<strong>Mon\u00e7\u00e3o\/Salvaterra do Minho<\/strong>\u00a0estar\u00e1 aberta apenas nos d<span class=\"news_bold\">ias \u00fateis das 7h00 \u00e0s 9h00 e das 18h00 \u00e0s 20h00 (hora portuguesa) e ser\u00e1 encerrada aos fins-de-semana.<\/span><\/p>\n<p>Na nota hoje enviada hoje, o diretor do AECT Rio Minho, Fernando Nogueira, que \u00e9 tamb\u00e9m presidente da C\u00e2mara de Vila Nova de Cerveira, lamentou que o Governo n\u00e3o tenha &#8220;retirado ila\u00e7\u00f5es&#8221; do primeiro confinamento geral, em mar\u00e7o.<\/p>\n<p>&#8220;<strong>N\u00e3o descurando a necessidade desta medida de controlo terrestre das fronteiras para combater a grave situa\u00e7\u00e3o epidemiol\u00f3gica que vivemos, n\u00e3o \u00e9 potenciando o efeito funil num \u00fanico ponto de apoio que o problema ser\u00e1 minimizado. Al\u00e9m de que os hor\u00e1rios de abertura parcial estipulados para a ponte internacional entre Mon\u00e7\u00e3o e Salvaterra do Mi\u00f1o tamb\u00e9m n\u00e3o servem os trabalhadores transfronteiri\u00e7os que desempenham fun\u00e7\u00f5es por turnos diferenciados<\/strong>&#8220;, sustentou o respons\u00e1vel.<\/p>\n<p>Em mar\u00e7o, durante o primeiro confinamento geral, com a reposi\u00e7\u00e3o do controlo de fronteiras entre Portugal e Espanha, o \u00fanico ponto de passagem autorizado para trabalhadores transfronteiri\u00e7os e transporte de mercadorias, era a ponte nova, uma das duas que ligam Valen\u00e7a e Tui.<\/p>\n<p>Ap\u00f3s <a href=\"\/\/www.altominho.tv\/site\/2020\/06\/03\/autarcas-do-alto-minho-e-da-galiza-protestam-pela-reabertura-das-fronteiras\/\">v\u00e1rios protestos dos autarcas dos dois lados do rio Minho<\/a>, Portugal e Espanha acordaram a abertura das pontes que ligam o concelho de Melga\u00e7o a Arbo, Mon\u00e7\u00e3o a Salvaterra do Mi\u00f1o, e Vila Nova de Cerveira a Tomi\u00f1o, algo que o AECT, que abrange 10 munic\u00edpios portugueses e 16 concelhos galegos, queria ver agora repetido.<\/p>\n<p>&#8220;Na altura, nos protestos conjuntos das autarquias de ambos os lados da margem do rio Minho assistimos a testemunhos de trabalhadores desgastados, psicol\u00f3gica e economicamente, por despenderem de centenas de quil\u00f3metros desnecess\u00e1rios na sua rotina di\u00e1ria&#8221;, explica a hoje enviada.<\/p>\n<p>Segundo o AECT Rio Minho, nessa ocasi\u00e3o &#8220;<strong>ouviram-se os relatos de profissionais de sa\u00fade &#8211; m\u00e9dicos e enfermeiros &#8211; de concelhos galegos que tinham de ir a Valen\u00e7a e voltar para tr\u00e1s para chegarem ao hospital de Santa Luzia, em Viana do Castelo<\/strong>&#8220;.<\/p>\n<p>&#8220;Estamos a falar de pessoas essenciais neste momento de crise sanit\u00e1ria que t\u00eam de ter condi\u00e7\u00f5es de circula\u00e7\u00e3o facilitadas para puderem desempenhar a sua miss\u00e3o, nesta altura t\u00e3o dificultada pelas circunst\u00e2ncias&#8221;.<\/p>\n<p>No ano passado, em junho, a AltominhoTV mostrou atrav\u00e9s de uma reportagem, est\u00f3rias de quem reside numa margem do rio Minho e trabalha na outra, e pedia a reabertura de mais pontos de passagem:<\/p>\n\n\n<figure class=\"wp-block-embed is-type-video is-provider-youtube wp-block-embed-youtube wp-embed-aspect-16-9 wp-has-aspect-ratio\"><div class=\"wp-block-embed__wrapper\">\n<iframe loading=\"lazy\" title=\"Quase 200 quil\u00f3metros para ir trabalhar do outro lado do rio Minho | Altominho TV\" width=\"770\" height=\"433\" src=\"https:\/\/www.youtube.com\/embed\/2d3b1jHmvVU?feature=oembed\" frameborder=\"0\" allow=\"accelerometer; autoplay; clipboard-write; encrypted-media; gyroscope; picture-in-picture\" allowfullscreen><\/iframe>\n<\/div><\/figure>\n\n\n<p>O AECT Rio Minho destaca que &#8220;\u00e0 semelhan\u00e7a do que aconteceu na primeira vaga da covid-19, as autarquias desta regi\u00e3o de fronteira est\u00e3o dispon\u00edveis para colaborar com a administra\u00e7\u00e3o central e com as autoridades policiais para encontrar uma alternativa que realmente sirva os interesses dos trabalhadores transfronteiri\u00e7os, os verdadeiros afetados por esta medida&#8221;.<\/p>\n<p>Com sede em Valen\u00e7a, o AECT do rio Minho foi constitu\u00eddo em fevereiro de 2018 e abrange um total de 26 concelhos: os 10 munic\u00edpios do distrito de Viana do Castelo que comp\u00f5e a Comunidade Intermunicipal (CIM) do Alto Minho e 16 concelhos galegos da prov\u00edncia de Pontevedra.<\/p>","protected":false},"excerpt":{"rendered":"<p>O Agrupamento Europeu de Coopera\u00e7\u00e3o Territorial (AECT) Rio Minho anunciou hoje que vai &#8220;contestar pelas formas legais ao seu alcance&#8221;, o encerramento de tr\u00eas pontes entre o Alto e a Galiza, pelo &#8220;interesse superior dos trabalhadores transfronteiri\u00e7os&#8221;. &#8220;O AECT Rio Minho est\u00e1 completamente em desacordo com a medida governamental de encerramento de tr\u00eas pontes sobre [&hellip;]<\/p>\n","protected":false},"author":13,"featured_media":60858,"comment_status":"closed","ping_status":"closed","sticky":false,"template":"","format":"standard","meta":{"_exactmetrics_skip_tracking":false,"footnotes":""},"categories":[73],"tags":[21,27],"class_list":["post-60857","post","type-post","status-publish","format-standard","has-post-thumbnail","hentry","category-alto-minho","tag-economia","tag-sociedade"],"yoast_head":"<!-- This site is optimized with the Yoast SEO Premium plugin v28.3 (Yoast SEO v28.3) - https:\/\/yoast.com\/product\/yoast-seo-premium-wordpress\/ -->\n<title>Alto Minho e Galiza contestam por \u201ctodas as formas legais\u201d encerramento de pontes<\/title>\n<meta name=\"robots\" content=\"index, follow, max-snippet:-1, max-image-preview:large, max-video-preview:-1\" \/>\n<link rel=\"canonical\" href=\"https:\/\/www.altominho.tv\/site\/2021\/01\/30\/alto-minho-e-galiza-contestam-por-todas-as-formas-legais-encerramento-de-pontes\/\" \/>\n<meta property=\"og:locale\" content=\"pt_PT\" \/>\n<meta property=\"og:type\" content=\"article\" \/>\n<meta property=\"og:title\" content=\"Alto Minho e Galiza contestam por \u201ctodas as formas legais\u201d encerramento de pontes\" \/>\n<meta property=\"og:description\" content=\"O Agrupamento Europeu de Coopera\u00e7\u00e3o Territorial (AECT) Rio Minho anunciou hoje que vai &#8220;contestar pelas formas legais ao seu alcance&#8221;, o encerramento de tr\u00eas pontes entre o Alto e a Galiza, pelo &#8220;interesse superior dos trabalhadores transfronteiri\u00e7os&#8221;. &#8220;O AECT Rio Minho est\u00e1 completamente em desacordo com a medida governamental de encerramento de tr\u00eas pontes sobre [&hellip;]\" \/>\n<meta property=\"og:url\" content=\"https:\/\/www.altominho.tv\/site\/2021\/01\/30\/alto-minho-e-galiza-contestam-por-todas-as-formas-legais-encerramento-de-pontes\/\" \/>\n<meta property=\"og:site_name\" content=\"Altominho.tv\" \/>\n<meta property=\"article:publisher\" content=\"https:\/\/www.facebook.com\/altominhotv\" \/>\n<meta property=\"article:published_time\" content=\"2021-01-30T15:29:05+00:00\" \/>\n<meta property=\"article:modified_time\" content=\"2021-01-30T15:29:07+00:00\" \/>\n<meta property=\"og:image\" content=\"https:\/\/www.altominho.tv\/site\/wp-content\/uploads\/2021\/01\/SOS_Fronteiras_AltoMinho.jpg\" \/>\n\t<meta property=\"og:image:width\" content=\"1280\" \/>\n\t<meta property=\"og:image:height\" content=\"720\" \/>\n\t<meta property=\"og:image:type\" content=\"image\/jpeg\" \/>\n<meta name=\"author\" content=\"Lusa\" \/>\n<meta name=\"twitter:card\" content=\"summary_large_image\" \/>\n<meta name=\"twitter:creator\" content=\"@altominhoTV\" \/>\n<meta name=\"twitter:site\" content=\"@altominhoTV\" \/>\n<meta name=\"twitter:label1\" content=\"Escrito por\" \/>\n\t<meta name=\"twitter:data1\" content=\"Lusa\" \/>\n\t<meta name=\"twitter:label2\" content=\"Tempo estimado de leitura\" \/>\n\t<meta name=\"twitter:data2\" content=\"4 minutos\" \/>\n<script type=\"application\/ld+json\" class=\"yoast-schema-graph\">{\"@context\":\"https:\\\/\\\/schema.org\",\"@graph\":[{\"@type\":\"Article\",\"@id\":\"https:\\\/\\\/www.altominho.tv\\\/site\\\/2021\\\/01\\\/30\\\/alto-minho-e-galiza-contestam-por-todas-as-formas-legais-encerramento-de-pontes\\\/#article\",\"isPartOf\":{\"@id\":\"https:\\\/\\\/www.altominho.tv\\\/site\\\/2021\\\/01\\\/30\\\/alto-minho-e-galiza-contestam-por-todas-as-formas-legais-encerramento-de-pontes\\\/\"},\"author\":{\"name\":\"Lusa\",\"@id\":\"https:\\\/\\\/www.altominho.tv\\\/site\\\/#\\\/schema\\\/person\\\/63f693da3e1899361cbe955c46f3232e\"},\"headline\":\"Alto Minho e Galiza contestam por \u201ctodas as formas legais\u201d encerramento de pontes\",\"datePublished\":\"2021-01-30T15:29:05+00:00\",\"dateModified\":\"2021-01-30T15:29:07+00:00\",\"mainEntityOfPage\":{\"@id\":\"https:\\\/\\\/www.altominho.tv\\\/site\\\/2021\\\/01\\\/30\\\/alto-minho-e-galiza-contestam-por-todas-as-formas-legais-encerramento-de-pontes\\\/\"},\"wordCount\":800,\"image\":{\"@id\":\"https:\\\/\\\/www.altominho.tv\\\/site\\\/2021\\\/01\\\/30\\\/alto-minho-e-galiza-contestam-por-todas-as-formas-legais-encerramento-de-pontes\\\/#primaryimage\"},\"thumbnailUrl\":\"https:\\\/\\\/www.altominho.tv\\\/site\\\/wp-content\\\/uploads\\\/2021\\\/01\\\/SOS_Fronteiras_AltoMinho.jpg\",\"keywords\":[\"Economia\",\"Sociedade\"],\"articleSection\":[\"Alto Minho\"],\"inLanguage\":\"pt-PT\",\"copyrightYear\":\"2021\",\"copyrightHolder\":{\"@id\":\"https:\\\/\\\/www.altominho.tv\\\/site\\\/#organization\"}},{\"@type\":\"WebPage\",\"@id\":\"https:\\\/\\\/www.altominho.tv\\\/site\\\/2021\\\/01\\\/30\\\/alto-minho-e-galiza-contestam-por-todas-as-formas-legais-encerramento-de-pontes\\\/\",\"url\":\"https:\\\/\\\/www.altominho.tv\\\/site\\\/2021\\\/01\\\/30\\\/alto-minho-e-galiza-contestam-por-todas-as-formas-legais-encerramento-de-pontes\\\/\",\"name\":\"Alto Minho e Galiza contestam por \u201ctodas as formas legais\u201d encerramento de pontes\",\"isPartOf\":{\"@id\":\"https:\\\/\\\/www.altominho.tv\\\/site\\\/#website\"},\"primaryImageOfPage\":{\"@id\":\"https:\\\/\\\/www.altominho.tv\\\/site\\\/2021\\\/01\\\/30\\\/alto-minho-e-galiza-contestam-por-todas-as-formas-legais-encerramento-de-pontes\\\/#primaryimage\"},\"image\":{\"@id\":\"https:\\\/\\\/www.altominho.tv\\\/site\\\/2021\\\/01\\\/30\\\/alto-minho-e-galiza-contestam-por-todas-as-formas-legais-encerramento-de-pontes\\\/#primaryimage\"},\"thumbnailUrl\":\"https:\\\/\\\/www.altominho.tv\\\/site\\\/wp-content\\\/uploads\\\/2021\\\/01\\\/SOS_Fronteiras_AltoMinho.jpg\",\"datePublished\":\"2021-01-30T15:29:05+00:00\",\"dateModified\":\"2021-01-30T15:29:07+00:00\",\"author\":{\"@id\":\"https:\\\/\\\/www.altominho.tv\\\/site\\\/#\\\/schema\\\/person\\\/63f693da3e1899361cbe955c46f3232e\"},\"breadcrumb\":{\"@id\":\"https:\\\/\\\/www.altominho.tv\\\/site\\\/2021\\\/01\\\/30\\\/alto-minho-e-galiza-contestam-por-todas-as-formas-legais-encerramento-de-pontes\\\/#breadcrumb\"},\"inLanguage\":\"pt-PT\",\"potentialAction\":[{\"@type\":\"ReadAction\",\"target\":[\"https:\\\/\\\/www.altominho.tv\\\/site\\\/2021\\\/01\\\/30\\\/alto-minho-e-galiza-contestam-por-todas-as-formas-legais-encerramento-de-pontes\\\/\"]}]},{\"@type\":\"ImageObject\",\"inLanguage\":\"pt-PT\",\"@id\":\"https:\\\/\\\/www.altominho.tv\\\/site\\\/2021\\\/01\\\/30\\\/alto-minho-e-galiza-contestam-por-todas-as-formas-legais-encerramento-de-pontes\\\/#primaryimage\",\"url\":\"https:\\\/\\\/www.altominho.tv\\\/site\\\/wp-content\\\/uploads\\\/2021\\\/01\\\/SOS_Fronteiras_AltoMinho.jpg\",\"contentUrl\":\"https:\\\/\\\/www.altominho.tv\\\/site\\\/wp-content\\\/uploads\\\/2021\\\/01\\\/SOS_Fronteiras_AltoMinho.jpg\",\"width\":1280,\"height\":720},{\"@type\":\"BreadcrumbList\",\"@id\":\"https:\\\/\\\/www.altominho.tv\\\/site\\\/2021\\\/01\\\/30\\\/alto-minho-e-galiza-contestam-por-todas-as-formas-legais-encerramento-de-pontes\\\/#breadcrumb\",\"itemListElement\":[{\"@type\":\"ListItem\",\"position\":1,\"name\":\"In\u00edcio\",\"item\":\"https:\\\/\\\/www.altominho.tv\\\/site\\\/\"},{\"@type\":\"ListItem\",\"position\":2,\"name\":\"Alto Minho e Galiza contestam por \u201ctodas as formas legais\u201d encerramento de pontes\"}]},{\"@type\":\"WebSite\",\"@id\":\"https:\\\/\\\/www.altominho.tv\\\/site\\\/#website\",\"url\":\"https:\\\/\\\/www.altominho.tv\\\/site\\\/\",\"name\":\"Altominho.tv\",\"description\":\"A sua regi\u00e3o \u00e0 dist\u00e2ncia de um clique...\",\"potentialAction\":[{\"@type\":\"SearchAction\",\"target\":{\"@type\":\"EntryPoint\",\"urlTemplate\":\"https:\\\/\\\/www.altominho.tv\\\/site\\\/?s={search_term_string}\"},\"query-input\":{\"@type\":\"PropertyValueSpecification\",\"valueRequired\":true,\"valueName\":\"search_term_string\"}}],\"inLanguage\":\"pt-PT\"},{\"@type\":\"Person\",\"@id\":\"https:\\\/\\\/www.altominho.tv\\\/site\\\/#\\\/schema\\\/person\\\/63f693da3e1899361cbe955c46f3232e\",\"name\":\"Lusa\",\"image\":{\"@type\":\"ImageObject\",\"inLanguage\":\"pt-PT\",\"@id\":\"https:\\\/\\\/www.altominho.tv\\\/site\\\/wp-content\\\/uploads\\\/2019\\\/08\\\/LUSA_Logo.gif\",\"url\":\"https:\\\/\\\/www.altominho.tv\\\/site\\\/wp-content\\\/uploads\\\/2019\\\/08\\\/LUSA_Logo.gif\",\"contentUrl\":\"https:\\\/\\\/www.altominho.tv\\\/site\\\/wp-content\\\/uploads\\\/2019\\\/08\\\/LUSA_Logo.gif\",\"caption\":\"Lusa\"},\"sameAs\":[\"http:\\\/\\\/\\\/\\\/www.altominho.tv\\\/site\"],\"url\":\"https:\\\/\\\/www.altominho.tv\\\/site\\\/author\\\/lusa\\\/\"}]}<\/script>\n<meta property=\"og:video\" content=\"https:\/\/www.youtube.com\/embed\/2d3b1jHmvVU\" \/>\n<meta property=\"og:video:type\" content=\"text\/html\" \/>\n<meta property=\"og:video:duration\" content=\"215\" \/>\n<meta property=\"og:video:width\" content=\"480\" \/>\n<meta property=\"og:video:height\" content=\"270\" \/>\n<meta property=\"ya:ovs:adult\" content=\"false\" \/>\n<meta property=\"ya:ovs:upload_date\" content=\"2021-01-30T15:29:05+00:00\" \/>\n<meta property=\"ya:ovs:allow_embed\" content=\"true\" \/>\n<!-- \/ Yoast SEO Premium plugin. -->","yoast_head_json":{"title":"Alto Minho e Galiza contestam por \u201ctodas as formas legais\u201d encerramento de pontes","robots":{"index":"index","follow":"follow","max-snippet":"max-snippet:-1","max-image-preview":"max-image-preview:large","max-video-preview":"max-video-preview:-1"},"canonical":"https:\/\/www.altominho.tv\/site\/2021\/01\/30\/alto-minho-e-galiza-contestam-por-todas-as-formas-legais-encerramento-de-pontes\/","og_locale":"pt_PT","og_type":"article","og_title":"Alto Minho e Galiza contestam por \u201ctodas as formas legais\u201d encerramento de pontes","og_description":"O Agrupamento Europeu de Coopera\u00e7\u00e3o Territorial (AECT) Rio Minho anunciou hoje que vai &#8220;contestar pelas formas legais ao seu alcance&#8221;, o encerramento de tr\u00eas pontes entre o Alto e a Galiza, pelo &#8220;interesse superior dos trabalhadores transfronteiri\u00e7os&#8221;. &#8220;O AECT Rio Minho est\u00e1 completamente em desacordo com a medida governamental de encerramento de tr\u00eas pontes sobre [&hellip;]","og_url":"https:\/\/www.altominho.tv\/site\/2021\/01\/30\/alto-minho-e-galiza-contestam-por-todas-as-formas-legais-encerramento-de-pontes\/","og_site_name":"Altominho.tv","article_publisher":"https:\/\/www.facebook.com\/altominhotv","article_published_time":"2021-01-30T15:29:05+00:00","article_modified_time":"2021-01-30T15:29:07+00:00","og_image":[{"width":1280,"height":720,"url":"https:\/\/www.altominho.tv\/site\/wp-content\/uploads\/2021\/01\/SOS_Fronteiras_AltoMinho.jpg","type":"image\/jpeg"}],"author":"Lusa","twitter_card":"summary_large_image","twitter_creator":"@altominhoTV","twitter_site":"@altominhoTV","twitter_misc":{"Escrito por":"Lusa","Tempo estimado de leitura":"4 minutos"},"schema":{"@context":"https:\/\/schema.org","@graph":[{"@type":"Article","@id":"https:\/\/www.altominho.tv\/site\/2021\/01\/30\/alto-minho-e-galiza-contestam-por-todas-as-formas-legais-encerramento-de-pontes\/#article","isPartOf":{"@id":"https:\/\/www.altominho.tv\/site\/2021\/01\/30\/alto-minho-e-galiza-contestam-por-todas-as-formas-legais-encerramento-de-pontes\/"},"author":{"name":"Lusa","@id":"https:\/\/www.altominho.tv\/site\/#\/schema\/person\/63f693da3e1899361cbe955c46f3232e"},"headline":"Alto Minho e Galiza contestam por \u201ctodas as formas legais\u201d encerramento de pontes","datePublished":"2021-01-30T15:29:05+00:00","dateModified":"2021-01-30T15:29:07+00:00","mainEntityOfPage":{"@id":"https:\/\/www.altominho.tv\/site\/2021\/01\/30\/alto-minho-e-galiza-contestam-por-todas-as-formas-legais-encerramento-de-pontes\/"},"wordCount":800,"image":{"@id":"https:\/\/www.altominho.tv\/site\/2021\/01\/30\/alto-minho-e-galiza-contestam-por-todas-as-formas-legais-encerramento-de-pontes\/#primaryimage"},"thumbnailUrl":"https:\/\/www.altominho.tv\/site\/wp-content\/uploads\/2021\/01\/SOS_Fronteiras_AltoMinho.jpg","keywords":["Economia","Sociedade"],"articleSection":["Alto Minho"],"inLanguage":"pt-PT","copyrightYear":"2021","copyrightHolder":{"@id":"https:\/\/www.altominho.tv\/site\/#organization"}},{"@type":"WebPage","@id":"https:\/\/www.altominho.tv\/site\/2021\/01\/30\/alto-minho-e-galiza-contestam-por-todas-as-formas-legais-encerramento-de-pontes\/","url":"https:\/\/www.altominho.tv\/site\/2021\/01\/30\/alto-minho-e-galiza-contestam-por-todas-as-formas-legais-encerramento-de-pontes\/","name":"Alto Minho e Galiza contestam por \u201ctodas as formas legais\u201d encerramento de pontes","isPartOf":{"@id":"https:\/\/www.altominho.tv\/site\/#website"},"primaryImageOfPage":{"@id":"https:\/\/www.altominho.tv\/site\/2021\/01\/30\/alto-minho-e-galiza-contestam-por-todas-as-formas-legais-encerramento-de-pontes\/#primaryimage"},"image":{"@id":"https:\/\/www.altominho.tv\/site\/2021\/01\/30\/alto-minho-e-galiza-contestam-por-todas-as-formas-legais-encerramento-de-pontes\/#primaryimage"},"thumbnailUrl":"https:\/\/www.altominho.tv\/site\/wp-content\/uploads\/2021\/01\/SOS_Fronteiras_AltoMinho.jpg","datePublished":"2021-01-30T15:29:05+00:00","dateModified":"2021-01-30T15:29:07+00:00","author":{"@id":"https:\/\/www.altominho.tv\/site\/#\/schema\/person\/63f693da3e1899361cbe955c46f3232e"},"breadcrumb":{"@id":"https:\/\/www.altominho.tv\/site\/2021\/01\/30\/alto-minho-e-galiza-contestam-por-todas-as-formas-legais-encerramento-de-pontes\/#breadcrumb"},"inLanguage":"pt-PT","potentialAction":[{"@type":"ReadAction","target":["https:\/\/www.altominho.tv\/site\/2021\/01\/30\/alto-minho-e-galiza-contestam-por-todas-as-formas-legais-encerramento-de-pontes\/"]}]},{"@type":"ImageObject","inLanguage":"pt-PT","@id":"https:\/\/www.altominho.tv\/site\/2021\/01\/30\/alto-minho-e-galiza-contestam-por-todas-as-formas-legais-encerramento-de-pontes\/#primaryimage","url":"https:\/\/www.altominho.tv\/site\/wp-content\/uploads\/2021\/01\/SOS_Fronteiras_AltoMinho.jpg","contentUrl":"https:\/\/www.altominho.tv\/site\/wp-content\/uploads\/2021\/01\/SOS_Fronteiras_AltoMinho.jpg","width":1280,"height":720},{"@type":"BreadcrumbList","@id":"https:\/\/www.altominho.tv\/site\/2021\/01\/30\/alto-minho-e-galiza-contestam-por-todas-as-formas-legais-encerramento-de-pontes\/#breadcrumb","itemListElement":[{"@type":"ListItem","position":1,"name":"In\u00edcio","item":"https:\/\/www.altominho.tv\/site\/"},{"@type":"ListItem","position":2,"name":"Alto Minho e Galiza contestam por \u201ctodas as formas legais\u201d encerramento de pontes"}]},{"@type":"WebSite","@id":"https:\/\/www.altominho.tv\/site\/#website","url":"https:\/\/www.altominho.tv\/site\/","name":"Altominho.tv","description":"A sua regi\u00e3o \u00e0 dist\u00e2ncia de um clique...","potentialAction":[{"@type":"SearchAction","target":{"@type":"EntryPoint","urlTemplate":"https:\/\/www.altominho.tv\/site\/?s={search_term_string}"},"query-input":{"@type":"PropertyValueSpecification","valueRequired":true,"valueName":"search_term_string"}}],"inLanguage":"pt-PT"},{"@type":"Person","@id":"https:\/\/www.altominho.tv\/site\/#\/schema\/person\/63f693da3e1899361cbe955c46f3232e","name":"Lusa","image":{"@type":"ImageObject","inLanguage":"pt-PT","@id":"https:\/\/www.altominho.tv\/site\/wp-content\/uploads\/2019\/08\/LUSA_Logo.gif","url":"https:\/\/www.altominho.tv\/site\/wp-content\/uploads\/2019\/08\/LUSA_Logo.gif","contentUrl":"https:\/\/www.altominho.tv\/site\/wp-content\/uploads\/2019\/08\/LUSA_Logo.gif","caption":"Lusa"},"sameAs":["http:\/\/\/\/www.altominho.tv\/site"],"url":"https:\/\/www.altominho.tv\/site\/author\/lusa\/"}]},"og_video":"https:\/\/www.youtube.com\/embed\/2d3b1jHmvVU","og_video_type":"text\/html","og_video_duration":"215","og_video_width":"480","og_video_height":"270","ya_ovs_adult":"false","ya_ovs_upload_date":"2021-01-30T15:29:05+00:00","ya_ovs_allow_embed":"true"},"_links":{"self":[{"href":"https:\/\/www.altominho.tv\/site\/wp-json\/wp\/v2\/posts\/60857","targetHints":{"allow":["GET"]}}],"collection":[{"href":"https:\/\/www.altominho.tv\/site\/wp-json\/wp\/v2\/posts"}],"about":[{"href":"https:\/\/www.altominho.tv\/site\/wp-json\/wp\/v2\/types\/post"}],"author":[{"embeddable":true,"href":"https:\/\/www.altominho.tv\/site\/wp-json\/wp\/v2\/users\/13"}],"replies":[{"embeddable":true,"href":"https:\/\/www.altominho.tv\/site\/wp-json\/wp\/v2\/comments?post=60857"}],"version-history":[{"count":0,"href":"https:\/\/www.altominho.tv\/site\/wp-json\/wp\/v2\/posts\/60857\/revisions"}],"wp:featuredmedia":[{"embeddable":true,"href":"https:\/\/www.altominho.tv\/site\/wp-json\/wp\/v2\/media\/60858"}],"wp:attachment":[{"href":"https:\/\/www.altominho.tv\/site\/wp-json\/wp\/v2\/media?parent=60857"}],"wp:term":[{"taxonomy":"category","embeddable":true,"href":"https:\/\/www.altominho.tv\/site\/wp-json\/wp\/v2\/categories?post=60857"},{"taxonomy":"post_tag","embeddable":true,"href":"https:\/\/www.altominho.tv\/site\/wp-json\/wp\/v2\/tags?post=60857"}],"curies":[{"name":"wp","href":"https:\/\/api.w.org\/{rel}","templated":true}]}}