{"id":60630,"date":"2021-01-28T18:37:32","date_gmt":"2021-01-28T18:37:32","guid":{"rendered":"https:\/\/www.altominho.tv\/site\/?p=60630"},"modified":"2021-01-28T18:37:34","modified_gmt":"2021-01-28T18:37:34","slug":"governo-fecha-fronteiras-durante-os-proximos-15-dias","status":"publish","type":"post","link":"https:\/\/www.altominho.tv\/site\/2021\/01\/28\/governo-fecha-fronteiras-durante-os-proximos-15-dias\/","title":{"rendered":"Governo fecha fronteiras durante os pr\u00f3ximos 15 dias"},"content":{"rendered":"<p>Governo prepara-se para proibir as desloca\u00e7\u00f5es de cidad\u00e3os portugueses para o estrangeiro, por qualquer via, salvo situa\u00e7\u00f5es excecionais. A medida vai vigorar sexta-feira e pelos pr\u00f3ximos 15 dias, anunciou o ministro da Administra\u00e7\u00e3o Interna, Eduardo Cabrita.<\/p>\n<p>Segundo o governante, o Executivo<strong> \u201cadotar\u00e1 a medida de limita\u00e7\u00e3o de desloca\u00e7\u00f5es para o exterior nos pr\u00f3ximos 15 dias, de cidad\u00e3os nacionais, para proteger os cidad\u00e3os nacionais, para contribuir para a redu\u00e7\u00e3o de cont\u00e1gios para a limita\u00e7\u00e3o da pandemia, limitando as sa\u00eddas por via a\u00e9rea, fluvial ou terrestre de cidad\u00e3os nacionais, salvo casos excecionais, na pr\u00f3xima quinzena\u201d.<\/strong><\/p>\n<p>A <a href=\"\/\/www.altominho.tv\/site\/2021\/01\/27\/presidente-da-republica-envia-diploma-que-renova-estado-de-emergencia-ate-14-de-fevereiro\/\">renova\u00e7\u00e3o do estado de emerg\u00eancia por mais 15 dias<\/a> foi aprovada esta quinta-feira na Assembleia da Rep\u00fablica, depois de proposta pelo Presidente Marcelo Rebelo de Sousa.<\/p>\n<p><strong>O Governo vai agora reunir para decidir as medidas que executar\u00e3o o estado de emerg\u00eancia durante a quinzena, devendo ser anunciadas ainda durante o dia.<\/strong><\/p>\n<p>A decis\u00e3o anunciada pelo ministro Eduardo Cabrita surge numa semana em que a Comiss\u00e3o Europeia recomendou aos Estados-membros que desincentivem as viagens n\u00e3o essenciais, perante a amea\u00e7a das novas variantes brit\u00e2nica e sul-africana da Covid-19, que ser\u00e3o mais transmiss\u00edveis.<\/p>\n","protected":false},"excerpt":{"rendered":"<p>Governo prepara-se para proibir as desloca\u00e7\u00f5es de cidad\u00e3os portugueses para o estrangeiro, por qualquer via, salvo situa\u00e7\u00f5es excecionais. A medida vai vigorar sexta-feira e pelos pr\u00f3ximos 15 dias, anunciou o ministro da Administra\u00e7\u00e3o Interna, Eduardo Cabrita. Segundo o governante, o Executivo \u201cadotar\u00e1 a medida de limita\u00e7\u00e3o de desloca\u00e7\u00f5es para o exterior nos pr\u00f3ximos 15 dias, [&hellip;]<\/p>\n","protected":false},"author":1,"featured_media":60631,"comment_status":"closed","ping_status":"closed","sticky":false,"template":"","format":"standard","meta":{"_exactmetrics_skip_tracking":false,"footnotes":""},"categories":[73],"tags":[21,27],"class_list":["post-60630","post","type-post","status-publish","format-standard","has-post-thumbnail","hentry","category-alto-minho","tag-economia","tag-sociedade"],"yoast_head":"<!-- This site is optimized with the Yoast SEO Premium plugin v28.3 (Yoast SEO v28.3) - https:\/\/yoast.com\/product\/yoast-seo-premium-wordpress\/ -->\n<title>Governo fecha fronteiras durante os pr\u00f3ximos 15 dias<\/title>\n<meta name=\"robots\" content=\"index, follow, max-snippet:-1, max-image-preview:large, max-video-preview:-1\" \/>\n<link rel=\"canonical\" href=\"https:\/\/www.altominho.tv\/site\/2021\/01\/28\/governo-fecha-fronteiras-durante-os-proximos-15-dias\/\" \/>\n<meta property=\"og:locale\" content=\"pt_PT\" \/>\n<meta property=\"og:type\" content=\"article\" \/>\n<meta property=\"og:title\" content=\"Governo fecha fronteiras durante os pr\u00f3ximos 15 dias\" \/>\n<meta property=\"og:description\" content=\"Governo prepara-se para proibir as desloca\u00e7\u00f5es de cidad\u00e3os portugueses para o estrangeiro, por qualquer via, salvo situa\u00e7\u00f5es excecionais. A medida vai vigorar sexta-feira e pelos pr\u00f3ximos 15 dias, anunciou o ministro da Administra\u00e7\u00e3o Interna, Eduardo Cabrita. Segundo o governante, o Executivo \u201cadotar\u00e1 a medida de limita\u00e7\u00e3o de desloca\u00e7\u00f5es para o exterior nos pr\u00f3ximos 15 dias, [&hellip;]\" \/>\n<meta property=\"og:url\" content=\"https:\/\/www.altominho.tv\/site\/2021\/01\/28\/governo-fecha-fronteiras-durante-os-proximos-15-dias\/\" \/>\n<meta property=\"og:site_name\" content=\"Altominho.tv\" \/>\n<meta property=\"article:publisher\" content=\"https:\/\/www.facebook.com\/altominhotv\" \/>\n<meta property=\"article:published_time\" content=\"2021-01-28T18:37:32+00:00\" \/>\n<meta property=\"article:modified_time\" content=\"2021-01-28T18:37:34+00:00\" \/>\n<meta property=\"og:image\" content=\"https:\/\/www.altominho.tv\/site\/wp-content\/uploads\/2021\/01\/Fronteira_Valenc\u0327a_ATV.jpg\" \/>\n\t<meta property=\"og:image:width\" content=\"1536\" \/>\n\t<meta property=\"og:image:height\" content=\"865\" \/>\n\t<meta property=\"og:image:type\" content=\"image\/jpeg\" \/>\n<meta name=\"author\" content=\"Altominho.tv\" \/>\n<meta name=\"twitter:card\" content=\"summary_large_image\" \/>\n<meta name=\"twitter:creator\" content=\"@altominhoTV\" \/>\n<meta name=\"twitter:site\" content=\"@altominhoTV\" \/>\n<meta name=\"twitter:label1\" content=\"Escrito por\" \/>\n\t<meta name=\"twitter:data1\" content=\"Altominho.tv\" \/>\n\t<meta name=\"twitter:label2\" content=\"Tempo estimado de leitura\" \/>\n\t<meta name=\"twitter:data2\" content=\"1 minuto\" \/>\n<script type=\"application\/ld+json\" class=\"yoast-schema-graph\">{\"@context\":\"https:\\\/\\\/schema.org\",\"@graph\":[{\"@type\":\"Article\",\"@id\":\"https:\\\/\\\/www.altominho.tv\\\/site\\\/2021\\\/01\\\/28\\\/governo-fecha-fronteiras-durante-os-proximos-15-dias\\\/#article\",\"isPartOf\":{\"@id\":\"https:\\\/\\\/www.altominho.tv\\\/site\\\/2021\\\/01\\\/28\\\/governo-fecha-fronteiras-durante-os-proximos-15-dias\\\/\"},\"author\":{\"name\":\"Altominho.tv\",\"@id\":\"https:\\\/\\\/www.altominho.tv\\\/site\\\/#\\\/schema\\\/person\\\/4e536851627d7914baf3dac752b6af22\"},\"headline\":\"Governo fecha fronteiras durante os pr\u00f3ximos 15 dias\",\"datePublished\":\"2021-01-28T18:37:32+00:00\",\"dateModified\":\"2021-01-28T18:37:34+00:00\",\"mainEntityOfPage\":{\"@id\":\"https:\\\/\\\/www.altominho.tv\\\/site\\\/2021\\\/01\\\/28\\\/governo-fecha-fronteiras-durante-os-proximos-15-dias\\\/\"},\"wordCount\":218,\"image\":{\"@id\":\"https:\\\/\\\/www.altominho.tv\\\/site\\\/2021\\\/01\\\/28\\\/governo-fecha-fronteiras-durante-os-proximos-15-dias\\\/#primaryimage\"},\"thumbnailUrl\":\"https:\\\/\\\/www.altominho.tv\\\/site\\\/wp-content\\\/uploads\\\/2021\\\/01\\\/Fronteira_Valenc\u0327a_ATV.jpg\",\"keywords\":[\"Economia\",\"Sociedade\"],\"articleSection\":[\"Alto Minho\"],\"inLanguage\":\"pt-PT\",\"copyrightYear\":\"2021\",\"copyrightHolder\":{\"@id\":\"https:\\\/\\\/www.altominho.tv\\\/site\\\/#organization\"}},{\"@type\":\"WebPage\",\"@id\":\"https:\\\/\\\/www.altominho.tv\\\/site\\\/2021\\\/01\\\/28\\\/governo-fecha-fronteiras-durante-os-proximos-15-dias\\\/\",\"url\":\"https:\\\/\\\/www.altominho.tv\\\/site\\\/2021\\\/01\\\/28\\\/governo-fecha-fronteiras-durante-os-proximos-15-dias\\\/\",\"name\":\"Governo fecha fronteiras durante os pr\u00f3ximos 15 dias\",\"isPartOf\":{\"@id\":\"https:\\\/\\\/www.altominho.tv\\\/site\\\/#website\"},\"primaryImageOfPage\":{\"@id\":\"https:\\\/\\\/www.altominho.tv\\\/site\\\/2021\\\/01\\\/28\\\/governo-fecha-fronteiras-durante-os-proximos-15-dias\\\/#primaryimage\"},\"image\":{\"@id\":\"https:\\\/\\\/www.altominho.tv\\\/site\\\/2021\\\/01\\\/28\\\/governo-fecha-fronteiras-durante-os-proximos-15-dias\\\/#primaryimage\"},\"thumbnailUrl\":\"https:\\\/\\\/www.altominho.tv\\\/site\\\/wp-content\\\/uploads\\\/2021\\\/01\\\/Fronteira_Valenc\u0327a_ATV.jpg\",\"datePublished\":\"2021-01-28T18:37:32+00:00\",\"dateModified\":\"2021-01-28T18:37:34+00:00\",\"author\":{\"@id\":\"https:\\\/\\\/www.altominho.tv\\\/site\\\/#\\\/schema\\\/person\\\/4e536851627d7914baf3dac752b6af22\"},\"breadcrumb\":{\"@id\":\"https:\\\/\\\/www.altominho.tv\\\/site\\\/2021\\\/01\\\/28\\\/governo-fecha-fronteiras-durante-os-proximos-15-dias\\\/#breadcrumb\"},\"inLanguage\":\"pt-PT\",\"potentialAction\":[{\"@type\":\"ReadAction\",\"target\":[\"https:\\\/\\\/www.altominho.tv\\\/site\\\/2021\\\/01\\\/28\\\/governo-fecha-fronteiras-durante-os-proximos-15-dias\\\/\"]}]},{\"@type\":\"ImageObject\",\"inLanguage\":\"pt-PT\",\"@id\":\"https:\\\/\\\/www.altominho.tv\\\/site\\\/2021\\\/01\\\/28\\\/governo-fecha-fronteiras-durante-os-proximos-15-dias\\\/#primaryimage\",\"url\":\"https:\\\/\\\/www.altominho.tv\\\/site\\\/wp-content\\\/uploads\\\/2021\\\/01\\\/Fronteira_Valenc\u0327a_ATV.jpg\",\"contentUrl\":\"https:\\\/\\\/www.altominho.tv\\\/site\\\/wp-content\\\/uploads\\\/2021\\\/01\\\/Fronteira_Valenc\u0327a_ATV.jpg\",\"width\":1536,\"height\":865},{\"@type\":\"BreadcrumbList\",\"@id\":\"https:\\\/\\\/www.altominho.tv\\\/site\\\/2021\\\/01\\\/28\\\/governo-fecha-fronteiras-durante-os-proximos-15-dias\\\/#breadcrumb\",\"itemListElement\":[{\"@type\":\"ListItem\",\"position\":1,\"name\":\"In\u00edcio\",\"item\":\"https:\\\/\\\/www.altominho.tv\\\/site\\\/\"},{\"@type\":\"ListItem\",\"position\":2,\"name\":\"Governo fecha fronteiras durante os pr\u00f3ximos 15 dias\"}]},{\"@type\":\"WebSite\",\"@id\":\"https:\\\/\\\/www.altominho.tv\\\/site\\\/#website\",\"url\":\"https:\\\/\\\/www.altominho.tv\\\/site\\\/\",\"name\":\"Altominho.tv\",\"description\":\"A sua regi\u00e3o \u00e0 dist\u00e2ncia de um clique...\",\"potentialAction\":[{\"@type\":\"SearchAction\",\"target\":{\"@type\":\"EntryPoint\",\"urlTemplate\":\"https:\\\/\\\/www.altominho.tv\\\/site\\\/?s={search_term_string}\"},\"query-input\":{\"@type\":\"PropertyValueSpecification\",\"valueRequired\":true,\"valueName\":\"search_term_string\"}}],\"inLanguage\":\"pt-PT\"},{\"@type\":\"Person\",\"@id\":\"https:\\\/\\\/www.altominho.tv\\\/site\\\/#\\\/schema\\\/person\\\/4e536851627d7914baf3dac752b6af22\",\"name\":\"Altominho.tv\",\"image\":{\"@type\":\"ImageObject\",\"inLanguage\":\"pt-PT\",\"@id\":\"https:\\\/\\\/www.altominho.tv\\\/site\\\/wp-content\\\/uploads\\\/2019\\\/11\\\/Logo_Avatar_2-150x150.jpg\",\"url\":\"https:\\\/\\\/www.altominho.tv\\\/site\\\/wp-content\\\/uploads\\\/2019\\\/11\\\/Logo_Avatar_2-150x150.jpg\",\"contentUrl\":\"https:\\\/\\\/www.altominho.tv\\\/site\\\/wp-content\\\/uploads\\\/2019\\\/11\\\/Logo_Avatar_2-150x150.jpg\",\"caption\":\"Altominho.tv\"},\"url\":\"https:\\\/\\\/www.altominho.tv\\\/site\\\/author\\\/altominhotv-tecnico\\\/\"}]}<\/script>\n<!-- \/ Yoast SEO Premium plugin. -->","yoast_head_json":{"title":"Governo fecha fronteiras durante os pr\u00f3ximos 15 dias","robots":{"index":"index","follow":"follow","max-snippet":"max-snippet:-1","max-image-preview":"max-image-preview:large","max-video-preview":"max-video-preview:-1"},"canonical":"https:\/\/www.altominho.tv\/site\/2021\/01\/28\/governo-fecha-fronteiras-durante-os-proximos-15-dias\/","og_locale":"pt_PT","og_type":"article","og_title":"Governo fecha fronteiras durante os pr\u00f3ximos 15 dias","og_description":"Governo prepara-se para proibir as desloca\u00e7\u00f5es de cidad\u00e3os portugueses para o estrangeiro, por qualquer via, salvo situa\u00e7\u00f5es excecionais. A medida vai vigorar sexta-feira e pelos pr\u00f3ximos 15 dias, anunciou o ministro da Administra\u00e7\u00e3o Interna, Eduardo Cabrita. Segundo o governante, o Executivo \u201cadotar\u00e1 a medida de limita\u00e7\u00e3o de desloca\u00e7\u00f5es para o exterior nos pr\u00f3ximos 15 dias, [&hellip;]","og_url":"https:\/\/www.altominho.tv\/site\/2021\/01\/28\/governo-fecha-fronteiras-durante-os-proximos-15-dias\/","og_site_name":"Altominho.tv","article_publisher":"https:\/\/www.facebook.com\/altominhotv","article_published_time":"2021-01-28T18:37:32+00:00","article_modified_time":"2021-01-28T18:37:34+00:00","og_image":[{"width":1536,"height":865,"url":"https:\/\/www.altominho.tv\/site\/wp-content\/uploads\/2021\/01\/Fronteira_Valenc\u0327a_ATV.jpg","type":"image\/jpeg"}],"author":"Altominho.tv","twitter_card":"summary_large_image","twitter_creator":"@altominhoTV","twitter_site":"@altominhoTV","twitter_misc":{"Escrito por":"Altominho.tv","Tempo estimado de leitura":"1 minuto"},"schema":{"@context":"https:\/\/schema.org","@graph":[{"@type":"Article","@id":"https:\/\/www.altominho.tv\/site\/2021\/01\/28\/governo-fecha-fronteiras-durante-os-proximos-15-dias\/#article","isPartOf":{"@id":"https:\/\/www.altominho.tv\/site\/2021\/01\/28\/governo-fecha-fronteiras-durante-os-proximos-15-dias\/"},"author":{"name":"Altominho.tv","@id":"https:\/\/www.altominho.tv\/site\/#\/schema\/person\/4e536851627d7914baf3dac752b6af22"},"headline":"Governo fecha fronteiras durante os pr\u00f3ximos 15 dias","datePublished":"2021-01-28T18:37:32+00:00","dateModified":"2021-01-28T18:37:34+00:00","mainEntityOfPage":{"@id":"https:\/\/www.altominho.tv\/site\/2021\/01\/28\/governo-fecha-fronteiras-durante-os-proximos-15-dias\/"},"wordCount":218,"image":{"@id":"https:\/\/www.altominho.tv\/site\/2021\/01\/28\/governo-fecha-fronteiras-durante-os-proximos-15-dias\/#primaryimage"},"thumbnailUrl":"https:\/\/www.altominho.tv\/site\/wp-content\/uploads\/2021\/01\/Fronteira_Valenc\u0327a_ATV.jpg","keywords":["Economia","Sociedade"],"articleSection":["Alto Minho"],"inLanguage":"pt-PT","copyrightYear":"2021","copyrightHolder":{"@id":"https:\/\/www.altominho.tv\/site\/#organization"}},{"@type":"WebPage","@id":"https:\/\/www.altominho.tv\/site\/2021\/01\/28\/governo-fecha-fronteiras-durante-os-proximos-15-dias\/","url":"https:\/\/www.altominho.tv\/site\/2021\/01\/28\/governo-fecha-fronteiras-durante-os-proximos-15-dias\/","name":"Governo fecha fronteiras durante os pr\u00f3ximos 15 dias","isPartOf":{"@id":"https:\/\/www.altominho.tv\/site\/#website"},"primaryImageOfPage":{"@id":"https:\/\/www.altominho.tv\/site\/2021\/01\/28\/governo-fecha-fronteiras-durante-os-proximos-15-dias\/#primaryimage"},"image":{"@id":"https:\/\/www.altominho.tv\/site\/2021\/01\/28\/governo-fecha-fronteiras-durante-os-proximos-15-dias\/#primaryimage"},"thumbnailUrl":"https:\/\/www.altominho.tv\/site\/wp-content\/uploads\/2021\/01\/Fronteira_Valenc\u0327a_ATV.jpg","datePublished":"2021-01-28T18:37:32+00:00","dateModified":"2021-01-28T18:37:34+00:00","author":{"@id":"https:\/\/www.altominho.tv\/site\/#\/schema\/person\/4e536851627d7914baf3dac752b6af22"},"breadcrumb":{"@id":"https:\/\/www.altominho.tv\/site\/2021\/01\/28\/governo-fecha-fronteiras-durante-os-proximos-15-dias\/#breadcrumb"},"inLanguage":"pt-PT","potentialAction":[{"@type":"ReadAction","target":["https:\/\/www.altominho.tv\/site\/2021\/01\/28\/governo-fecha-fronteiras-durante-os-proximos-15-dias\/"]}]},{"@type":"ImageObject","inLanguage":"pt-PT","@id":"https:\/\/www.altominho.tv\/site\/2021\/01\/28\/governo-fecha-fronteiras-durante-os-proximos-15-dias\/#primaryimage","url":"https:\/\/www.altominho.tv\/site\/wp-content\/uploads\/2021\/01\/Fronteira_Valenc\u0327a_ATV.jpg","contentUrl":"https:\/\/www.altominho.tv\/site\/wp-content\/uploads\/2021\/01\/Fronteira_Valenc\u0327a_ATV.jpg","width":1536,"height":865},{"@type":"BreadcrumbList","@id":"https:\/\/www.altominho.tv\/site\/2021\/01\/28\/governo-fecha-fronteiras-durante-os-proximos-15-dias\/#breadcrumb","itemListElement":[{"@type":"ListItem","position":1,"name":"In\u00edcio","item":"https:\/\/www.altominho.tv\/site\/"},{"@type":"ListItem","position":2,"name":"Governo fecha fronteiras durante os pr\u00f3ximos 15 dias"}]},{"@type":"WebSite","@id":"https:\/\/www.altominho.tv\/site\/#website","url":"https:\/\/www.altominho.tv\/site\/","name":"Altominho.tv","description":"A sua regi\u00e3o \u00e0 dist\u00e2ncia de um clique...","potentialAction":[{"@type":"SearchAction","target":{"@type":"EntryPoint","urlTemplate":"https:\/\/www.altominho.tv\/site\/?s={search_term_string}"},"query-input":{"@type":"PropertyValueSpecification","valueRequired":true,"valueName":"search_term_string"}}],"inLanguage":"pt-PT"},{"@type":"Person","@id":"https:\/\/www.altominho.tv\/site\/#\/schema\/person\/4e536851627d7914baf3dac752b6af22","name":"Altominho.tv","image":{"@type":"ImageObject","inLanguage":"pt-PT","@id":"https:\/\/www.altominho.tv\/site\/wp-content\/uploads\/2019\/11\/Logo_Avatar_2-150x150.jpg","url":"https:\/\/www.altominho.tv\/site\/wp-content\/uploads\/2019\/11\/Logo_Avatar_2-150x150.jpg","contentUrl":"https:\/\/www.altominho.tv\/site\/wp-content\/uploads\/2019\/11\/Logo_Avatar_2-150x150.jpg","caption":"Altominho.tv"},"url":"https:\/\/www.altominho.tv\/site\/author\/altominhotv-tecnico\/"}]}},"_links":{"self":[{"href":"https:\/\/www.altominho.tv\/site\/wp-json\/wp\/v2\/posts\/60630","targetHints":{"allow":["GET"]}}],"collection":[{"href":"https:\/\/www.altominho.tv\/site\/wp-json\/wp\/v2\/posts"}],"about":[{"href":"https:\/\/www.altominho.tv\/site\/wp-json\/wp\/v2\/types\/post"}],"author":[{"embeddable":true,"href":"https:\/\/www.altominho.tv\/site\/wp-json\/wp\/v2\/users\/1"}],"replies":[{"embeddable":true,"href":"https:\/\/www.altominho.tv\/site\/wp-json\/wp\/v2\/comments?post=60630"}],"version-history":[{"count":0,"href":"https:\/\/www.altominho.tv\/site\/wp-json\/wp\/v2\/posts\/60630\/revisions"}],"wp:featuredmedia":[{"embeddable":true,"href":"https:\/\/www.altominho.tv\/site\/wp-json\/wp\/v2\/media\/60631"}],"wp:attachment":[{"href":"https:\/\/www.altominho.tv\/site\/wp-json\/wp\/v2\/media?parent=60630"}],"wp:term":[{"taxonomy":"category","embeddable":true,"href":"https:\/\/www.altominho.tv\/site\/wp-json\/wp\/v2\/categories?post=60630"},{"taxonomy":"post_tag","embeddable":true,"href":"https:\/\/www.altominho.tv\/site\/wp-json\/wp\/v2\/tags?post=60630"}],"curies":[{"name":"wp","href":"https:\/\/api.w.org\/{rel}","templated":true}]}}