{"id":60592,"date":"2021-01-28T10:53:15","date_gmt":"2021-01-28T10:53:15","guid":{"rendered":"https:\/\/www.altominho.tv\/site\/?p=60592"},"modified":"2021-01-28T10:53:19","modified_gmt":"2021-01-28T10:53:19","slug":"loja-social-de-melgaco-com-campanha-para-bens-alimentares-e-artigos-de-higiene-e-limpeza","status":"publish","type":"post","link":"https:\/\/www.altominho.tv\/site\/2021\/01\/28\/loja-social-de-melgaco-com-campanha-para-bens-alimentares-e-artigos-de-higiene-e-limpeza\/","title":{"rendered":"Loja Social de Melga\u00e7o com campanha para bens alimentares e artigos de higiene e limpeza"},"content":{"rendered":"<p>O munic\u00edpio e a Delega\u00e7\u00e3o de Melga\u00e7o da Cruz Vermelha Portuguesa reativaram a campanha de recolha de g\u00e9neros aliment\u00edcios, artigos de higiene pessoal e de limpeza, lan\u00e7ada na primeira vaga da pandemia de Covid-19. A iniciativa pretende &#8220;apoiar o n\u00famero crescente de fam\u00edlias que tem recorrido \u00e0 Loja Social&#8221;.<\/p>\n<p>&#8220;Sob o mote #OSeuContributo\u00e9Importante!, a campanha pretende fazer face \u00e0 atual conjuntura&#8221;, \u00a0nomeadamente o aumento do desemprego e consequente aumento ou agravamento das situa\u00e7\u00f5es de car\u00eancia econ\u00f3mica, que motivou o maior n\u00famero de pedidos de apoio, explica o munic\u00edpio em comunicado.<\/p>\n<p>Os interessados em contribuir para a <a href=\"\/\/www.altominho.tv\/site\/2020\/05\/04\/campanha-angaria-bens-essenciais-para-ajudar-familias-carenciadas-de-melgaco\/\">campanha<\/a> poder\u00e3o entregar os produtos na Loja Social da Cruz Vermelha Portuguesa, aberta de segunda a sexta-feira, entre as 09h00 e as 13h00 e entre as 14h00 e as 17h00.<\/p>\n<h3>Mais medidas de apoio \u00e0s fam\u00edlias<\/h3>\n<p>Perante o atual contexto de pandemia, a C\u00e2mara de Melga\u00e7o anunciou novas medidas de apoio \u00e0s fam\u00edlias do concelho, que se encontram numa situa\u00e7\u00e3o de vulnerabilidade socioecon\u00f3mica.<\/p>\n<p>Em articula\u00e7\u00e3o com a Loja Social, a autarquia decidiu reativar &#8220;o apoio extraordin\u00e1rio emergencial para suprimento das necessidades b\u00e1sicas de alimenta\u00e7\u00e3o, atrav\u00e9s da atribui\u00e7\u00e3o de um vale no valor de 50 euros, concedido a cada elemento do agregado familiar e por m\u00eas, que permitir\u00e1 a compra de bens de primeira necessidade a adquirir em supermercado local&#8221;.<\/p>\n<p>&#8220;Estamos a apoiar as v\u00e1rias fam\u00edlias que se encontram perante uma situa\u00e7\u00e3o de vulnerabilidade socioecon\u00f3mica, casos esses devidamente identificados, para que tenham acesso a bens essenciais, a uma alimenta\u00e7\u00e3o saud\u00e1vel e equilibrada&#8221;, sublinha o presidente da C\u00e2mara, Manoel Batista, citado naquela nota.<\/p>\n<p>O munic\u00edpio implementou ainda <a href=\"\/\/www.altominho.tv\/site\/2021\/01\/28\/melgaco-implementa-medidas-de-apoio-a-familias-empresas-e-comercio\/\">medidas de apoio<\/a> para as empresas e com\u00e9rcio local, em vigor durante os meses de janeiro e fevereiro.<\/p>\n","protected":false},"excerpt":{"rendered":"<p>O munic\u00edpio e a Delega\u00e7\u00e3o de Melga\u00e7o da Cruz Vermelha Portuguesa reativaram a campanha de recolha de g\u00e9neros aliment\u00edcios, artigos de higiene pessoal e de limpeza, lan\u00e7ada na primeira vaga da pandemia de Covid-19. A iniciativa pretende &#8220;apoiar o n\u00famero crescente de fam\u00edlias que tem recorrido \u00e0 Loja Social&#8221;. &#8220;Sob o mote #OSeuContributo\u00e9Importante!, a campanha [&hellip;]<\/p>\n","protected":false},"author":12,"featured_media":60594,"comment_status":"closed","ping_status":"closed","sticky":false,"template":"","format":"standard","meta":{"_exactmetrics_skip_tracking":false,"_exactmetrics_sitenote_active":false,"_exactmetrics_sitenote_note":"","_exactmetrics_sitenote_category":0,"footnotes":""},"categories":[8],"tags":[27],"class_list":["post-60592","post","type-post","status-publish","format-standard","has-post-thumbnail","hentry","category-melgaco","tag-sociedade"],"yoast_head":"<!-- This site is optimized with the Yoast SEO Premium plugin v27.5 (Yoast SEO v27.5) - https:\/\/yoast.com\/product\/yoast-seo-premium-wordpress\/ -->\n<title>Loja Social de Melga\u00e7o com campanha para bens alimentares e artigos de higiene e limpeza<\/title>\n<meta name=\"robots\" content=\"index, follow, max-snippet:-1, max-image-preview:large, max-video-preview:-1\" \/>\n<link rel=\"canonical\" href=\"https:\/\/www.altominho.tv\/site\/2021\/01\/28\/loja-social-de-melgaco-com-campanha-para-bens-alimentares-e-artigos-de-higiene-e-limpeza\/\" \/>\n<meta property=\"og:locale\" content=\"pt_PT\" \/>\n<meta property=\"og:type\" content=\"article\" \/>\n<meta property=\"og:title\" content=\"Loja Social de Melga\u00e7o com campanha para bens alimentares e artigos de higiene e limpeza\" \/>\n<meta property=\"og:description\" content=\"O munic\u00edpio e a Delega\u00e7\u00e3o de Melga\u00e7o da Cruz Vermelha Portuguesa reativaram a campanha de recolha de g\u00e9neros aliment\u00edcios, artigos de higiene pessoal e de limpeza, lan\u00e7ada na primeira vaga da pandemia de Covid-19. A iniciativa pretende &#8220;apoiar o n\u00famero crescente de fam\u00edlias que tem recorrido \u00e0 Loja Social&#8221;. &#8220;Sob o mote #OSeuContributo\u00e9Importante!, a campanha [&hellip;]\" \/>\n<meta property=\"og:url\" content=\"https:\/\/www.altominho.tv\/site\/2021\/01\/28\/loja-social-de-melgaco-com-campanha-para-bens-alimentares-e-artigos-de-higiene-e-limpeza\/\" \/>\n<meta property=\"og:site_name\" content=\"Altominho.tv\" \/>\n<meta property=\"article:publisher\" content=\"https:\/\/www.facebook.com\/altominhotv\" \/>\n<meta property=\"article:published_time\" content=\"2021-01-28T10:53:15+00:00\" \/>\n<meta property=\"article:modified_time\" content=\"2021-01-28T10:53:19+00:00\" \/>\n<meta property=\"og:image\" content=\"https:\/\/www.altominho.tv\/site\/wp-content\/uploads\/2021\/01\/Loja-Social-Melgaco.jpg\" \/>\n\t<meta property=\"og:image:width\" content=\"1920\" \/>\n\t<meta property=\"og:image:height\" content=\"1080\" \/>\n\t<meta property=\"og:image:type\" content=\"image\/jpeg\" \/>\n<meta name=\"author\" content=\"Andreia Ferreira\" \/>\n<meta name=\"twitter:card\" content=\"summary_large_image\" \/>\n<meta name=\"twitter:creator\" content=\"@altominhoTV\" \/>\n<meta name=\"twitter:site\" content=\"@altominhoTV\" \/>\n<meta name=\"twitter:label1\" content=\"Escrito por\" \/>\n\t<meta name=\"twitter:data1\" content=\"Andreia Ferreira\" \/>\n\t<meta name=\"twitter:label2\" content=\"Tempo estimado de leitura\" \/>\n\t<meta name=\"twitter:data2\" content=\"2 minutos\" \/>\n<script type=\"application\/ld+json\" class=\"yoast-schema-graph\">{\"@context\":\"https:\\\/\\\/schema.org\",\"@graph\":[{\"@type\":\"Article\",\"@id\":\"https:\\\/\\\/www.altominho.tv\\\/site\\\/2021\\\/01\\\/28\\\/loja-social-de-melgaco-com-campanha-para-bens-alimentares-e-artigos-de-higiene-e-limpeza\\\/#article\",\"isPartOf\":{\"@id\":\"https:\\\/\\\/www.altominho.tv\\\/site\\\/2021\\\/01\\\/28\\\/loja-social-de-melgaco-com-campanha-para-bens-alimentares-e-artigos-de-higiene-e-limpeza\\\/\"},\"author\":{\"name\":\"Andreia Ferreira\",\"@id\":\"https:\\\/\\\/www.altominho.tv\\\/site\\\/#\\\/schema\\\/person\\\/d9be4265364723f14ea8e0d56a1d38cd\"},\"headline\":\"Loja Social de Melga\u00e7o com campanha para bens alimentares e artigos de higiene e limpeza\",\"datePublished\":\"2021-01-28T10:53:15+00:00\",\"dateModified\":\"2021-01-28T10:53:19+00:00\",\"mainEntityOfPage\":{\"@id\":\"https:\\\/\\\/www.altominho.tv\\\/site\\\/2021\\\/01\\\/28\\\/loja-social-de-melgaco-com-campanha-para-bens-alimentares-e-artigos-de-higiene-e-limpeza\\\/\"},\"wordCount\":329,\"image\":{\"@id\":\"https:\\\/\\\/www.altominho.tv\\\/site\\\/2021\\\/01\\\/28\\\/loja-social-de-melgaco-com-campanha-para-bens-alimentares-e-artigos-de-higiene-e-limpeza\\\/#primaryimage\"},\"thumbnailUrl\":\"https:\\\/\\\/www.altominho.tv\\\/site\\\/wp-content\\\/uploads\\\/2021\\\/01\\\/Loja-Social-Melgaco.jpg\",\"keywords\":[\"Sociedade\"],\"articleSection\":[\"Melga\u00e7o\"],\"inLanguage\":\"pt-PT\",\"copyrightYear\":\"2021\",\"copyrightHolder\":{\"@id\":\"https:\\\/\\\/www.altominho.tv\\\/site\\\/#organization\"}},{\"@type\":\"WebPage\",\"@id\":\"https:\\\/\\\/www.altominho.tv\\\/site\\\/2021\\\/01\\\/28\\\/loja-social-de-melgaco-com-campanha-para-bens-alimentares-e-artigos-de-higiene-e-limpeza\\\/\",\"url\":\"https:\\\/\\\/www.altominho.tv\\\/site\\\/2021\\\/01\\\/28\\\/loja-social-de-melgaco-com-campanha-para-bens-alimentares-e-artigos-de-higiene-e-limpeza\\\/\",\"name\":\"Loja Social de Melga\u00e7o com campanha para bens alimentares e artigos de higiene e limpeza\",\"isPartOf\":{\"@id\":\"https:\\\/\\\/www.altominho.tv\\\/site\\\/#website\"},\"primaryImageOfPage\":{\"@id\":\"https:\\\/\\\/www.altominho.tv\\\/site\\\/2021\\\/01\\\/28\\\/loja-social-de-melgaco-com-campanha-para-bens-alimentares-e-artigos-de-higiene-e-limpeza\\\/#primaryimage\"},\"image\":{\"@id\":\"https:\\\/\\\/www.altominho.tv\\\/site\\\/2021\\\/01\\\/28\\\/loja-social-de-melgaco-com-campanha-para-bens-alimentares-e-artigos-de-higiene-e-limpeza\\\/#primaryimage\"},\"thumbnailUrl\":\"https:\\\/\\\/www.altominho.tv\\\/site\\\/wp-content\\\/uploads\\\/2021\\\/01\\\/Loja-Social-Melgaco.jpg\",\"datePublished\":\"2021-01-28T10:53:15+00:00\",\"dateModified\":\"2021-01-28T10:53:19+00:00\",\"author\":{\"@id\":\"https:\\\/\\\/www.altominho.tv\\\/site\\\/#\\\/schema\\\/person\\\/d9be4265364723f14ea8e0d56a1d38cd\"},\"breadcrumb\":{\"@id\":\"https:\\\/\\\/www.altominho.tv\\\/site\\\/2021\\\/01\\\/28\\\/loja-social-de-melgaco-com-campanha-para-bens-alimentares-e-artigos-de-higiene-e-limpeza\\\/#breadcrumb\"},\"inLanguage\":\"pt-PT\",\"potentialAction\":[{\"@type\":\"ReadAction\",\"target\":[\"https:\\\/\\\/www.altominho.tv\\\/site\\\/2021\\\/01\\\/28\\\/loja-social-de-melgaco-com-campanha-para-bens-alimentares-e-artigos-de-higiene-e-limpeza\\\/\"]}]},{\"@type\":\"ImageObject\",\"inLanguage\":\"pt-PT\",\"@id\":\"https:\\\/\\\/www.altominho.tv\\\/site\\\/2021\\\/01\\\/28\\\/loja-social-de-melgaco-com-campanha-para-bens-alimentares-e-artigos-de-higiene-e-limpeza\\\/#primaryimage\",\"url\":\"https:\\\/\\\/www.altominho.tv\\\/site\\\/wp-content\\\/uploads\\\/2021\\\/01\\\/Loja-Social-Melgaco.jpg\",\"contentUrl\":\"https:\\\/\\\/www.altominho.tv\\\/site\\\/wp-content\\\/uploads\\\/2021\\\/01\\\/Loja-Social-Melgaco.jpg\",\"width\":1920,\"height\":1080},{\"@type\":\"BreadcrumbList\",\"@id\":\"https:\\\/\\\/www.altominho.tv\\\/site\\\/2021\\\/01\\\/28\\\/loja-social-de-melgaco-com-campanha-para-bens-alimentares-e-artigos-de-higiene-e-limpeza\\\/#breadcrumb\",\"itemListElement\":[{\"@type\":\"ListItem\",\"position\":1,\"name\":\"In\u00edcio\",\"item\":\"https:\\\/\\\/www.altominho.tv\\\/site\\\/\"},{\"@type\":\"ListItem\",\"position\":2,\"name\":\"Loja Social de Melga\u00e7o com campanha para bens alimentares e artigos de higiene e limpeza\"}]},{\"@type\":\"WebSite\",\"@id\":\"https:\\\/\\\/www.altominho.tv\\\/site\\\/#website\",\"url\":\"https:\\\/\\\/www.altominho.tv\\\/site\\\/\",\"name\":\"Altominho.tv\",\"description\":\"A sua regi\u00e3o \u00e0 dist\u00e2ncia de um clique...\",\"potentialAction\":[{\"@type\":\"SearchAction\",\"target\":{\"@type\":\"EntryPoint\",\"urlTemplate\":\"https:\\\/\\\/www.altominho.tv\\\/site\\\/?s={search_term_string}\"},\"query-input\":{\"@type\":\"PropertyValueSpecification\",\"valueRequired\":true,\"valueName\":\"search_term_string\"}}],\"inLanguage\":\"pt-PT\"},{\"@type\":\"Person\",\"@id\":\"https:\\\/\\\/www.altominho.tv\\\/site\\\/#\\\/schema\\\/person\\\/d9be4265364723f14ea8e0d56a1d38cd\",\"name\":\"Andreia Ferreira\",\"image\":{\"@type\":\"ImageObject\",\"inLanguage\":\"pt-PT\",\"@id\":\"https:\\\/\\\/www.altominho.tv\\\/site\\\/wp-content\\\/uploads\\\/2021\\\/01\\\/AndreiaFerreira-150x150.jpg\",\"url\":\"https:\\\/\\\/www.altominho.tv\\\/site\\\/wp-content\\\/uploads\\\/2021\\\/01\\\/AndreiaFerreira-150x150.jpg\",\"contentUrl\":\"https:\\\/\\\/www.altominho.tv\\\/site\\\/wp-content\\\/uploads\\\/2021\\\/01\\\/AndreiaFerreira-150x150.jpg\",\"caption\":\"Andreia Ferreira\"},\"url\":\"https:\\\/\\\/www.altominho.tv\\\/site\\\/author\\\/andreiaferreira\\\/\"}]}<\/script>\n<!-- \/ Yoast SEO Premium plugin. -->","yoast_head_json":{"title":"Loja Social de Melga\u00e7o com campanha para bens alimentares e artigos de higiene e limpeza","robots":{"index":"index","follow":"follow","max-snippet":"max-snippet:-1","max-image-preview":"max-image-preview:large","max-video-preview":"max-video-preview:-1"},"canonical":"https:\/\/www.altominho.tv\/site\/2021\/01\/28\/loja-social-de-melgaco-com-campanha-para-bens-alimentares-e-artigos-de-higiene-e-limpeza\/","og_locale":"pt_PT","og_type":"article","og_title":"Loja Social de Melga\u00e7o com campanha para bens alimentares e artigos de higiene e limpeza","og_description":"O munic\u00edpio e a Delega\u00e7\u00e3o de Melga\u00e7o da Cruz Vermelha Portuguesa reativaram a campanha de recolha de g\u00e9neros aliment\u00edcios, artigos de higiene pessoal e de limpeza, lan\u00e7ada na primeira vaga da pandemia de Covid-19. A iniciativa pretende &#8220;apoiar o n\u00famero crescente de fam\u00edlias que tem recorrido \u00e0 Loja Social&#8221;. &#8220;Sob o mote #OSeuContributo\u00e9Importante!, a campanha [&hellip;]","og_url":"https:\/\/www.altominho.tv\/site\/2021\/01\/28\/loja-social-de-melgaco-com-campanha-para-bens-alimentares-e-artigos-de-higiene-e-limpeza\/","og_site_name":"Altominho.tv","article_publisher":"https:\/\/www.facebook.com\/altominhotv","article_published_time":"2021-01-28T10:53:15+00:00","article_modified_time":"2021-01-28T10:53:19+00:00","og_image":[{"width":1920,"height":1080,"url":"https:\/\/www.altominho.tv\/site\/wp-content\/uploads\/2021\/01\/Loja-Social-Melgaco.jpg","type":"image\/jpeg"}],"author":"Andreia Ferreira","twitter_card":"summary_large_image","twitter_creator":"@altominhoTV","twitter_site":"@altominhoTV","twitter_misc":{"Escrito por":"Andreia Ferreira","Tempo estimado de leitura":"2 minutos"},"schema":{"@context":"https:\/\/schema.org","@graph":[{"@type":"Article","@id":"https:\/\/www.altominho.tv\/site\/2021\/01\/28\/loja-social-de-melgaco-com-campanha-para-bens-alimentares-e-artigos-de-higiene-e-limpeza\/#article","isPartOf":{"@id":"https:\/\/www.altominho.tv\/site\/2021\/01\/28\/loja-social-de-melgaco-com-campanha-para-bens-alimentares-e-artigos-de-higiene-e-limpeza\/"},"author":{"name":"Andreia Ferreira","@id":"https:\/\/www.altominho.tv\/site\/#\/schema\/person\/d9be4265364723f14ea8e0d56a1d38cd"},"headline":"Loja Social de Melga\u00e7o com campanha para bens alimentares e artigos de higiene e limpeza","datePublished":"2021-01-28T10:53:15+00:00","dateModified":"2021-01-28T10:53:19+00:00","mainEntityOfPage":{"@id":"https:\/\/www.altominho.tv\/site\/2021\/01\/28\/loja-social-de-melgaco-com-campanha-para-bens-alimentares-e-artigos-de-higiene-e-limpeza\/"},"wordCount":329,"image":{"@id":"https:\/\/www.altominho.tv\/site\/2021\/01\/28\/loja-social-de-melgaco-com-campanha-para-bens-alimentares-e-artigos-de-higiene-e-limpeza\/#primaryimage"},"thumbnailUrl":"https:\/\/www.altominho.tv\/site\/wp-content\/uploads\/2021\/01\/Loja-Social-Melgaco.jpg","keywords":["Sociedade"],"articleSection":["Melga\u00e7o"],"inLanguage":"pt-PT","copyrightYear":"2021","copyrightHolder":{"@id":"https:\/\/www.altominho.tv\/site\/#organization"}},{"@type":"WebPage","@id":"https:\/\/www.altominho.tv\/site\/2021\/01\/28\/loja-social-de-melgaco-com-campanha-para-bens-alimentares-e-artigos-de-higiene-e-limpeza\/","url":"https:\/\/www.altominho.tv\/site\/2021\/01\/28\/loja-social-de-melgaco-com-campanha-para-bens-alimentares-e-artigos-de-higiene-e-limpeza\/","name":"Loja Social de Melga\u00e7o com campanha para bens alimentares e artigos de higiene e limpeza","isPartOf":{"@id":"https:\/\/www.altominho.tv\/site\/#website"},"primaryImageOfPage":{"@id":"https:\/\/www.altominho.tv\/site\/2021\/01\/28\/loja-social-de-melgaco-com-campanha-para-bens-alimentares-e-artigos-de-higiene-e-limpeza\/#primaryimage"},"image":{"@id":"https:\/\/www.altominho.tv\/site\/2021\/01\/28\/loja-social-de-melgaco-com-campanha-para-bens-alimentares-e-artigos-de-higiene-e-limpeza\/#primaryimage"},"thumbnailUrl":"https:\/\/www.altominho.tv\/site\/wp-content\/uploads\/2021\/01\/Loja-Social-Melgaco.jpg","datePublished":"2021-01-28T10:53:15+00:00","dateModified":"2021-01-28T10:53:19+00:00","author":{"@id":"https:\/\/www.altominho.tv\/site\/#\/schema\/person\/d9be4265364723f14ea8e0d56a1d38cd"},"breadcrumb":{"@id":"https:\/\/www.altominho.tv\/site\/2021\/01\/28\/loja-social-de-melgaco-com-campanha-para-bens-alimentares-e-artigos-de-higiene-e-limpeza\/#breadcrumb"},"inLanguage":"pt-PT","potentialAction":[{"@type":"ReadAction","target":["https:\/\/www.altominho.tv\/site\/2021\/01\/28\/loja-social-de-melgaco-com-campanha-para-bens-alimentares-e-artigos-de-higiene-e-limpeza\/"]}]},{"@type":"ImageObject","inLanguage":"pt-PT","@id":"https:\/\/www.altominho.tv\/site\/2021\/01\/28\/loja-social-de-melgaco-com-campanha-para-bens-alimentares-e-artigos-de-higiene-e-limpeza\/#primaryimage","url":"https:\/\/www.altominho.tv\/site\/wp-content\/uploads\/2021\/01\/Loja-Social-Melgaco.jpg","contentUrl":"https:\/\/www.altominho.tv\/site\/wp-content\/uploads\/2021\/01\/Loja-Social-Melgaco.jpg","width":1920,"height":1080},{"@type":"BreadcrumbList","@id":"https:\/\/www.altominho.tv\/site\/2021\/01\/28\/loja-social-de-melgaco-com-campanha-para-bens-alimentares-e-artigos-de-higiene-e-limpeza\/#breadcrumb","itemListElement":[{"@type":"ListItem","position":1,"name":"In\u00edcio","item":"https:\/\/www.altominho.tv\/site\/"},{"@type":"ListItem","position":2,"name":"Loja Social de Melga\u00e7o com campanha para bens alimentares e artigos de higiene e limpeza"}]},{"@type":"WebSite","@id":"https:\/\/www.altominho.tv\/site\/#website","url":"https:\/\/www.altominho.tv\/site\/","name":"Altominho.tv","description":"A sua regi\u00e3o \u00e0 dist\u00e2ncia de um clique...","potentialAction":[{"@type":"SearchAction","target":{"@type":"EntryPoint","urlTemplate":"https:\/\/www.altominho.tv\/site\/?s={search_term_string}"},"query-input":{"@type":"PropertyValueSpecification","valueRequired":true,"valueName":"search_term_string"}}],"inLanguage":"pt-PT"},{"@type":"Person","@id":"https:\/\/www.altominho.tv\/site\/#\/schema\/person\/d9be4265364723f14ea8e0d56a1d38cd","name":"Andreia Ferreira","image":{"@type":"ImageObject","inLanguage":"pt-PT","@id":"https:\/\/www.altominho.tv\/site\/wp-content\/uploads\/2021\/01\/AndreiaFerreira-150x150.jpg","url":"https:\/\/www.altominho.tv\/site\/wp-content\/uploads\/2021\/01\/AndreiaFerreira-150x150.jpg","contentUrl":"https:\/\/www.altominho.tv\/site\/wp-content\/uploads\/2021\/01\/AndreiaFerreira-150x150.jpg","caption":"Andreia Ferreira"},"url":"https:\/\/www.altominho.tv\/site\/author\/andreiaferreira\/"}]}},"_links":{"self":[{"href":"https:\/\/www.altominho.tv\/site\/wp-json\/wp\/v2\/posts\/60592","targetHints":{"allow":["GET"]}}],"collection":[{"href":"https:\/\/www.altominho.tv\/site\/wp-json\/wp\/v2\/posts"}],"about":[{"href":"https:\/\/www.altominho.tv\/site\/wp-json\/wp\/v2\/types\/post"}],"author":[{"embeddable":true,"href":"https:\/\/www.altominho.tv\/site\/wp-json\/wp\/v2\/users\/12"}],"replies":[{"embeddable":true,"href":"https:\/\/www.altominho.tv\/site\/wp-json\/wp\/v2\/comments?post=60592"}],"version-history":[{"count":0,"href":"https:\/\/www.altominho.tv\/site\/wp-json\/wp\/v2\/posts\/60592\/revisions"}],"wp:featuredmedia":[{"embeddable":true,"href":"https:\/\/www.altominho.tv\/site\/wp-json\/wp\/v2\/media\/60594"}],"wp:attachment":[{"href":"https:\/\/www.altominho.tv\/site\/wp-json\/wp\/v2\/media?parent=60592"}],"wp:term":[{"taxonomy":"category","embeddable":true,"href":"https:\/\/www.altominho.tv\/site\/wp-json\/wp\/v2\/categories?post=60592"},{"taxonomy":"post_tag","embeddable":true,"href":"https:\/\/www.altominho.tv\/site\/wp-json\/wp\/v2\/tags?post=60592"}],"curies":[{"name":"wp","href":"https:\/\/api.w.org\/{rel}","templated":true}]}}