{"id":60584,"date":"2021-01-28T09:35:34","date_gmt":"2021-01-28T09:35:34","guid":{"rendered":"https:\/\/www.altominho.tv\/site\/?p=60584"},"modified":"2021-01-28T09:35:36","modified_gmt":"2021-01-28T09:35:36","slug":"melgaco-implementa-medidas-de-apoio-a-familias-empresas-e-comercio","status":"publish","type":"post","link":"https:\/\/www.altominho.tv\/site\/2021\/01\/28\/melgaco-implementa-medidas-de-apoio-a-familias-empresas-e-comercio\/","title":{"rendered":"Melga\u00e7o implementa medidas de apoio a fam\u00edlias, empresas e com\u00e9rcio"},"content":{"rendered":"<div class=\"kvgmc6g5 cxmmr5t8 oygrvhab hcukyx3x c1et5uql ii04i59q\">\n<p dir=\"auto\">A C\u00e2mara de Melga\u00e7o anunciou que vai avan\u00e7ar com novas medidas de apoio \u00e0s fam\u00edlias, tecido empresarial e comerciantes locais.<\/p>\n<p dir=\"auto\">Em comunicado, a autarquia adianta que, nos meses de janeiro e fevereiro, \u201cos consumidores n\u00e3o dom\u00e9sticos ter\u00e3o isen\u00e7\u00e3o total das tarifas nos servi\u00e7os de abastecimento de \u00e1gua, saneamento e res\u00edduos urbanos\u201d, uma medida que \u201cabrange ind\u00fastrias, com\u00e9rcios, servi\u00e7os e equiparados\u201d.<\/p>\n<\/div>\n<p dir=\"auto\">A todos os consumidores dom\u00e9sticos, tamb\u00e9m nos meses de janeiro e fevereiro, \u201cser\u00e1 aplicado o 1\u00ba escal\u00e3o relativo \u00e0 tarifa vari\u00e1vel nos servi\u00e7os de abastecimento de \u00e1gua, saneamento e res\u00edduos urbanos\u201d. Segundo o munic\u00edpio, \u201co primeiro escal\u00e3o \u00e9 o valor mais baixo, o que vai ajudar as fam\u00edlias, uma vez que estando em casa e consumindo mais, usufruir\u00e3o desta forma de um significativo desconto\u201d.<\/p>\n<p dir=\"auto\"><span style=\"font-size: inherit\">Durante o per\u00edodo de 1 de janeiro e at\u00e9 28 de fevereiro, est\u00e1 tamb\u00e9m suspenso &#8220;<\/span><span style=\"font-size: inherit\">o pagamento de rendas relativas a contratos de arrendamento n\u00e3o habitacional, celebrados nos termos dos Regulamentos Municipais aplic\u00e1veis&#8221;.<\/span><\/p>\n<p dir=\"auto\"><span style=\"font-size: inherit\">A isen\u00e7\u00e3o do pagamento da taxa anual aplic\u00e1vel \u00e0 ocupa\u00e7\u00e3o do espa\u00e7o p\u00fablico, da taxa de lugares da feira semanal e da taxa de ocupa\u00e7\u00e3o do Mercado Municipal, durante o mesmo per\u00edodo, s\u00e3o outras das medidas anunciadas.<\/span><\/p>\n<p dir=\"auto\"><span style=\"font-size: inherit\">A autarquia vai ainda atribuir &#8220;um vale no valor de 50 euros, concedido a cada elemento do agregado familiar e por m\u00eas, que permitir\u00e1 a compra de bens de primeira necessidade a adquirir em supermercado local&#8221;. Um apoio que &#8220;ser\u00e1 atribu\u00eddo aos casos que realmente estejam em vulner\u00e1veis condi\u00e7\u00f5es e que ser\u00e3o identificados pelos servi\u00e7os&#8221;.<\/span><\/p>\n<p dir=\"auto\"><span style=\"font-size: inherit\">O munic\u00edpio sublinha que &#8220;todas as medidas ser\u00e3o reavaliadas e pass\u00edveis de renova\u00e7\u00e3o em fun\u00e7\u00e3o da evolu\u00e7\u00e3o da pandemia&#8221;.<\/span><\/p>\n","protected":false},"excerpt":{"rendered":"<p>A C\u00e2mara de Melga\u00e7o anunciou que vai avan\u00e7ar com novas medidas de apoio \u00e0s fam\u00edlias, tecido empresarial e comerciantes locais. Em comunicado, a autarquia adianta que, nos meses de janeiro e fevereiro, \u201cos consumidores n\u00e3o dom\u00e9sticos ter\u00e3o isen\u00e7\u00e3o total das tarifas nos servi\u00e7os de abastecimento de \u00e1gua, saneamento e res\u00edduos urbanos\u201d, uma medida que \u201cabrange [&hellip;]<\/p>\n","protected":false},"author":12,"featured_media":60585,"comment_status":"closed","ping_status":"closed","sticky":false,"template":"","format":"standard","meta":{"_exactmetrics_skip_tracking":false,"_exactmetrics_sitenote_active":false,"_exactmetrics_sitenote_note":"","_exactmetrics_sitenote_category":0,"footnotes":""},"categories":[8],"tags":[21],"class_list":["post-60584","post","type-post","status-publish","format-standard","has-post-thumbnail","hentry","category-melgaco","tag-economia"],"yoast_head":"<!-- This site is optimized with the Yoast SEO Premium plugin v27.5 (Yoast SEO v27.5) - https:\/\/yoast.com\/product\/yoast-seo-premium-wordpress\/ -->\n<title>Melga\u00e7o implementa medidas de apoio a fam\u00edlias, empresas e com\u00e9rcio<\/title>\n<meta name=\"robots\" content=\"index, follow, max-snippet:-1, max-image-preview:large, max-video-preview:-1\" \/>\n<link rel=\"canonical\" href=\"https:\/\/www.altominho.tv\/site\/2021\/01\/28\/melgaco-implementa-medidas-de-apoio-a-familias-empresas-e-comercio\/\" \/>\n<meta property=\"og:locale\" content=\"pt_PT\" \/>\n<meta property=\"og:type\" content=\"article\" \/>\n<meta property=\"og:title\" content=\"Melga\u00e7o implementa medidas de apoio a fam\u00edlias, empresas e com\u00e9rcio\" \/>\n<meta property=\"og:description\" content=\"A C\u00e2mara de Melga\u00e7o anunciou que vai avan\u00e7ar com novas medidas de apoio \u00e0s fam\u00edlias, tecido empresarial e comerciantes locais. Em comunicado, a autarquia adianta que, nos meses de janeiro e fevereiro, \u201cos consumidores n\u00e3o dom\u00e9sticos ter\u00e3o isen\u00e7\u00e3o total das tarifas nos servi\u00e7os de abastecimento de \u00e1gua, saneamento e res\u00edduos urbanos\u201d, uma medida que \u201cabrange [&hellip;]\" \/>\n<meta property=\"og:url\" content=\"https:\/\/www.altominho.tv\/site\/2021\/01\/28\/melgaco-implementa-medidas-de-apoio-a-familias-empresas-e-comercio\/\" \/>\n<meta property=\"og:site_name\" content=\"Altominho.tv\" \/>\n<meta property=\"article:publisher\" content=\"https:\/\/www.facebook.com\/altominhotv\" \/>\n<meta property=\"article:published_time\" content=\"2021-01-28T09:35:34+00:00\" \/>\n<meta property=\"article:modified_time\" content=\"2021-01-28T09:35:36+00:00\" \/>\n<meta property=\"og:image\" content=\"https:\/\/www.altominho.tv\/site\/wp-content\/uploads\/2021\/01\/139411870_3936060186459953_8327512733651514016_o.jpg\" \/>\n\t<meta property=\"og:image:width\" content=\"2048\" \/>\n\t<meta property=\"og:image:height\" content=\"1365\" \/>\n\t<meta property=\"og:image:type\" content=\"image\/jpeg\" \/>\n<meta name=\"author\" content=\"Andreia Ferreira\" \/>\n<meta name=\"twitter:card\" content=\"summary_large_image\" \/>\n<meta name=\"twitter:creator\" content=\"@altominhoTV\" \/>\n<meta name=\"twitter:site\" content=\"@altominhoTV\" \/>\n<meta name=\"twitter:label1\" content=\"Escrito por\" \/>\n\t<meta name=\"twitter:data1\" content=\"Andreia Ferreira\" \/>\n\t<meta name=\"twitter:label2\" content=\"Tempo estimado de leitura\" \/>\n\t<meta name=\"twitter:data2\" content=\"2 minutos\" \/>\n<script type=\"application\/ld+json\" class=\"yoast-schema-graph\">{\"@context\":\"https:\\\/\\\/schema.org\",\"@graph\":[{\"@type\":\"Article\",\"@id\":\"https:\\\/\\\/www.altominho.tv\\\/site\\\/2021\\\/01\\\/28\\\/melgaco-implementa-medidas-de-apoio-a-familias-empresas-e-comercio\\\/#article\",\"isPartOf\":{\"@id\":\"https:\\\/\\\/www.altominho.tv\\\/site\\\/2021\\\/01\\\/28\\\/melgaco-implementa-medidas-de-apoio-a-familias-empresas-e-comercio\\\/\"},\"author\":{\"name\":\"Andreia Ferreira\",\"@id\":\"https:\\\/\\\/www.altominho.tv\\\/site\\\/#\\\/schema\\\/person\\\/d9be4265364723f14ea8e0d56a1d38cd\"},\"headline\":\"Melga\u00e7o implementa medidas de apoio a fam\u00edlias, empresas e com\u00e9rcio\",\"datePublished\":\"2021-01-28T09:35:34+00:00\",\"dateModified\":\"2021-01-28T09:35:36+00:00\",\"mainEntityOfPage\":{\"@id\":\"https:\\\/\\\/www.altominho.tv\\\/site\\\/2021\\\/01\\\/28\\\/melgaco-implementa-medidas-de-apoio-a-familias-empresas-e-comercio\\\/\"},\"wordCount\":321,\"image\":{\"@id\":\"https:\\\/\\\/www.altominho.tv\\\/site\\\/2021\\\/01\\\/28\\\/melgaco-implementa-medidas-de-apoio-a-familias-empresas-e-comercio\\\/#primaryimage\"},\"thumbnailUrl\":\"https:\\\/\\\/www.altominho.tv\\\/site\\\/wp-content\\\/uploads\\\/2021\\\/01\\\/139411870_3936060186459953_8327512733651514016_o.jpg\",\"keywords\":[\"Economia\"],\"articleSection\":[\"Melga\u00e7o\"],\"inLanguage\":\"pt-PT\",\"copyrightYear\":\"2021\",\"copyrightHolder\":{\"@id\":\"https:\\\/\\\/www.altominho.tv\\\/site\\\/#organization\"}},{\"@type\":\"WebPage\",\"@id\":\"https:\\\/\\\/www.altominho.tv\\\/site\\\/2021\\\/01\\\/28\\\/melgaco-implementa-medidas-de-apoio-a-familias-empresas-e-comercio\\\/\",\"url\":\"https:\\\/\\\/www.altominho.tv\\\/site\\\/2021\\\/01\\\/28\\\/melgaco-implementa-medidas-de-apoio-a-familias-empresas-e-comercio\\\/\",\"name\":\"Melga\u00e7o implementa medidas de apoio a fam\u00edlias, empresas e com\u00e9rcio\",\"isPartOf\":{\"@id\":\"https:\\\/\\\/www.altominho.tv\\\/site\\\/#website\"},\"primaryImageOfPage\":{\"@id\":\"https:\\\/\\\/www.altominho.tv\\\/site\\\/2021\\\/01\\\/28\\\/melgaco-implementa-medidas-de-apoio-a-familias-empresas-e-comercio\\\/#primaryimage\"},\"image\":{\"@id\":\"https:\\\/\\\/www.altominho.tv\\\/site\\\/2021\\\/01\\\/28\\\/melgaco-implementa-medidas-de-apoio-a-familias-empresas-e-comercio\\\/#primaryimage\"},\"thumbnailUrl\":\"https:\\\/\\\/www.altominho.tv\\\/site\\\/wp-content\\\/uploads\\\/2021\\\/01\\\/139411870_3936060186459953_8327512733651514016_o.jpg\",\"datePublished\":\"2021-01-28T09:35:34+00:00\",\"dateModified\":\"2021-01-28T09:35:36+00:00\",\"author\":{\"@id\":\"https:\\\/\\\/www.altominho.tv\\\/site\\\/#\\\/schema\\\/person\\\/d9be4265364723f14ea8e0d56a1d38cd\"},\"breadcrumb\":{\"@id\":\"https:\\\/\\\/www.altominho.tv\\\/site\\\/2021\\\/01\\\/28\\\/melgaco-implementa-medidas-de-apoio-a-familias-empresas-e-comercio\\\/#breadcrumb\"},\"inLanguage\":\"pt-PT\",\"potentialAction\":[{\"@type\":\"ReadAction\",\"target\":[\"https:\\\/\\\/www.altominho.tv\\\/site\\\/2021\\\/01\\\/28\\\/melgaco-implementa-medidas-de-apoio-a-familias-empresas-e-comercio\\\/\"]}]},{\"@type\":\"ImageObject\",\"inLanguage\":\"pt-PT\",\"@id\":\"https:\\\/\\\/www.altominho.tv\\\/site\\\/2021\\\/01\\\/28\\\/melgaco-implementa-medidas-de-apoio-a-familias-empresas-e-comercio\\\/#primaryimage\",\"url\":\"https:\\\/\\\/www.altominho.tv\\\/site\\\/wp-content\\\/uploads\\\/2021\\\/01\\\/139411870_3936060186459953_8327512733651514016_o.jpg\",\"contentUrl\":\"https:\\\/\\\/www.altominho.tv\\\/site\\\/wp-content\\\/uploads\\\/2021\\\/01\\\/139411870_3936060186459953_8327512733651514016_o.jpg\",\"width\":2048,\"height\":1365,\"caption\":\"MUNIC\u00cdPIO DE MELGA\u00c7O\"},{\"@type\":\"BreadcrumbList\",\"@id\":\"https:\\\/\\\/www.altominho.tv\\\/site\\\/2021\\\/01\\\/28\\\/melgaco-implementa-medidas-de-apoio-a-familias-empresas-e-comercio\\\/#breadcrumb\",\"itemListElement\":[{\"@type\":\"ListItem\",\"position\":1,\"name\":\"In\u00edcio\",\"item\":\"https:\\\/\\\/www.altominho.tv\\\/site\\\/\"},{\"@type\":\"ListItem\",\"position\":2,\"name\":\"Melga\u00e7o implementa medidas de apoio a fam\u00edlias, empresas e com\u00e9rcio\"}]},{\"@type\":\"WebSite\",\"@id\":\"https:\\\/\\\/www.altominho.tv\\\/site\\\/#website\",\"url\":\"https:\\\/\\\/www.altominho.tv\\\/site\\\/\",\"name\":\"Altominho.tv\",\"description\":\"A sua regi\u00e3o \u00e0 dist\u00e2ncia de um clique...\",\"potentialAction\":[{\"@type\":\"SearchAction\",\"target\":{\"@type\":\"EntryPoint\",\"urlTemplate\":\"https:\\\/\\\/www.altominho.tv\\\/site\\\/?s={search_term_string}\"},\"query-input\":{\"@type\":\"PropertyValueSpecification\",\"valueRequired\":true,\"valueName\":\"search_term_string\"}}],\"inLanguage\":\"pt-PT\"},{\"@type\":\"Person\",\"@id\":\"https:\\\/\\\/www.altominho.tv\\\/site\\\/#\\\/schema\\\/person\\\/d9be4265364723f14ea8e0d56a1d38cd\",\"name\":\"Andreia Ferreira\",\"image\":{\"@type\":\"ImageObject\",\"inLanguage\":\"pt-PT\",\"@id\":\"https:\\\/\\\/www.altominho.tv\\\/site\\\/wp-content\\\/uploads\\\/2021\\\/01\\\/AndreiaFerreira-150x150.jpg\",\"url\":\"https:\\\/\\\/www.altominho.tv\\\/site\\\/wp-content\\\/uploads\\\/2021\\\/01\\\/AndreiaFerreira-150x150.jpg\",\"contentUrl\":\"https:\\\/\\\/www.altominho.tv\\\/site\\\/wp-content\\\/uploads\\\/2021\\\/01\\\/AndreiaFerreira-150x150.jpg\",\"caption\":\"Andreia Ferreira\"},\"url\":\"https:\\\/\\\/www.altominho.tv\\\/site\\\/author\\\/andreiaferreira\\\/\"}]}<\/script>\n<!-- \/ Yoast SEO Premium plugin. -->","yoast_head_json":{"title":"Melga\u00e7o implementa medidas de apoio a fam\u00edlias, empresas e com\u00e9rcio","robots":{"index":"index","follow":"follow","max-snippet":"max-snippet:-1","max-image-preview":"max-image-preview:large","max-video-preview":"max-video-preview:-1"},"canonical":"https:\/\/www.altominho.tv\/site\/2021\/01\/28\/melgaco-implementa-medidas-de-apoio-a-familias-empresas-e-comercio\/","og_locale":"pt_PT","og_type":"article","og_title":"Melga\u00e7o implementa medidas de apoio a fam\u00edlias, empresas e com\u00e9rcio","og_description":"A C\u00e2mara de Melga\u00e7o anunciou que vai avan\u00e7ar com novas medidas de apoio \u00e0s fam\u00edlias, tecido empresarial e comerciantes locais. Em comunicado, a autarquia adianta que, nos meses de janeiro e fevereiro, \u201cos consumidores n\u00e3o dom\u00e9sticos ter\u00e3o isen\u00e7\u00e3o total das tarifas nos servi\u00e7os de abastecimento de \u00e1gua, saneamento e res\u00edduos urbanos\u201d, uma medida que \u201cabrange [&hellip;]","og_url":"https:\/\/www.altominho.tv\/site\/2021\/01\/28\/melgaco-implementa-medidas-de-apoio-a-familias-empresas-e-comercio\/","og_site_name":"Altominho.tv","article_publisher":"https:\/\/www.facebook.com\/altominhotv","article_published_time":"2021-01-28T09:35:34+00:00","article_modified_time":"2021-01-28T09:35:36+00:00","og_image":[{"width":2048,"height":1365,"url":"https:\/\/www.altominho.tv\/site\/wp-content\/uploads\/2021\/01\/139411870_3936060186459953_8327512733651514016_o.jpg","type":"image\/jpeg"}],"author":"Andreia Ferreira","twitter_card":"summary_large_image","twitter_creator":"@altominhoTV","twitter_site":"@altominhoTV","twitter_misc":{"Escrito por":"Andreia Ferreira","Tempo estimado de leitura":"2 minutos"},"schema":{"@context":"https:\/\/schema.org","@graph":[{"@type":"Article","@id":"https:\/\/www.altominho.tv\/site\/2021\/01\/28\/melgaco-implementa-medidas-de-apoio-a-familias-empresas-e-comercio\/#article","isPartOf":{"@id":"https:\/\/www.altominho.tv\/site\/2021\/01\/28\/melgaco-implementa-medidas-de-apoio-a-familias-empresas-e-comercio\/"},"author":{"name":"Andreia Ferreira","@id":"https:\/\/www.altominho.tv\/site\/#\/schema\/person\/d9be4265364723f14ea8e0d56a1d38cd"},"headline":"Melga\u00e7o implementa medidas de apoio a fam\u00edlias, empresas e com\u00e9rcio","datePublished":"2021-01-28T09:35:34+00:00","dateModified":"2021-01-28T09:35:36+00:00","mainEntityOfPage":{"@id":"https:\/\/www.altominho.tv\/site\/2021\/01\/28\/melgaco-implementa-medidas-de-apoio-a-familias-empresas-e-comercio\/"},"wordCount":321,"image":{"@id":"https:\/\/www.altominho.tv\/site\/2021\/01\/28\/melgaco-implementa-medidas-de-apoio-a-familias-empresas-e-comercio\/#primaryimage"},"thumbnailUrl":"https:\/\/www.altominho.tv\/site\/wp-content\/uploads\/2021\/01\/139411870_3936060186459953_8327512733651514016_o.jpg","keywords":["Economia"],"articleSection":["Melga\u00e7o"],"inLanguage":"pt-PT","copyrightYear":"2021","copyrightHolder":{"@id":"https:\/\/www.altominho.tv\/site\/#organization"}},{"@type":"WebPage","@id":"https:\/\/www.altominho.tv\/site\/2021\/01\/28\/melgaco-implementa-medidas-de-apoio-a-familias-empresas-e-comercio\/","url":"https:\/\/www.altominho.tv\/site\/2021\/01\/28\/melgaco-implementa-medidas-de-apoio-a-familias-empresas-e-comercio\/","name":"Melga\u00e7o implementa medidas de apoio a fam\u00edlias, empresas e com\u00e9rcio","isPartOf":{"@id":"https:\/\/www.altominho.tv\/site\/#website"},"primaryImageOfPage":{"@id":"https:\/\/www.altominho.tv\/site\/2021\/01\/28\/melgaco-implementa-medidas-de-apoio-a-familias-empresas-e-comercio\/#primaryimage"},"image":{"@id":"https:\/\/www.altominho.tv\/site\/2021\/01\/28\/melgaco-implementa-medidas-de-apoio-a-familias-empresas-e-comercio\/#primaryimage"},"thumbnailUrl":"https:\/\/www.altominho.tv\/site\/wp-content\/uploads\/2021\/01\/139411870_3936060186459953_8327512733651514016_o.jpg","datePublished":"2021-01-28T09:35:34+00:00","dateModified":"2021-01-28T09:35:36+00:00","author":{"@id":"https:\/\/www.altominho.tv\/site\/#\/schema\/person\/d9be4265364723f14ea8e0d56a1d38cd"},"breadcrumb":{"@id":"https:\/\/www.altominho.tv\/site\/2021\/01\/28\/melgaco-implementa-medidas-de-apoio-a-familias-empresas-e-comercio\/#breadcrumb"},"inLanguage":"pt-PT","potentialAction":[{"@type":"ReadAction","target":["https:\/\/www.altominho.tv\/site\/2021\/01\/28\/melgaco-implementa-medidas-de-apoio-a-familias-empresas-e-comercio\/"]}]},{"@type":"ImageObject","inLanguage":"pt-PT","@id":"https:\/\/www.altominho.tv\/site\/2021\/01\/28\/melgaco-implementa-medidas-de-apoio-a-familias-empresas-e-comercio\/#primaryimage","url":"https:\/\/www.altominho.tv\/site\/wp-content\/uploads\/2021\/01\/139411870_3936060186459953_8327512733651514016_o.jpg","contentUrl":"https:\/\/www.altominho.tv\/site\/wp-content\/uploads\/2021\/01\/139411870_3936060186459953_8327512733651514016_o.jpg","width":2048,"height":1365,"caption":"MUNIC\u00cdPIO DE MELGA\u00c7O"},{"@type":"BreadcrumbList","@id":"https:\/\/www.altominho.tv\/site\/2021\/01\/28\/melgaco-implementa-medidas-de-apoio-a-familias-empresas-e-comercio\/#breadcrumb","itemListElement":[{"@type":"ListItem","position":1,"name":"In\u00edcio","item":"https:\/\/www.altominho.tv\/site\/"},{"@type":"ListItem","position":2,"name":"Melga\u00e7o implementa medidas de apoio a fam\u00edlias, empresas e com\u00e9rcio"}]},{"@type":"WebSite","@id":"https:\/\/www.altominho.tv\/site\/#website","url":"https:\/\/www.altominho.tv\/site\/","name":"Altominho.tv","description":"A sua regi\u00e3o \u00e0 dist\u00e2ncia de um clique...","potentialAction":[{"@type":"SearchAction","target":{"@type":"EntryPoint","urlTemplate":"https:\/\/www.altominho.tv\/site\/?s={search_term_string}"},"query-input":{"@type":"PropertyValueSpecification","valueRequired":true,"valueName":"search_term_string"}}],"inLanguage":"pt-PT"},{"@type":"Person","@id":"https:\/\/www.altominho.tv\/site\/#\/schema\/person\/d9be4265364723f14ea8e0d56a1d38cd","name":"Andreia Ferreira","image":{"@type":"ImageObject","inLanguage":"pt-PT","@id":"https:\/\/www.altominho.tv\/site\/wp-content\/uploads\/2021\/01\/AndreiaFerreira-150x150.jpg","url":"https:\/\/www.altominho.tv\/site\/wp-content\/uploads\/2021\/01\/AndreiaFerreira-150x150.jpg","contentUrl":"https:\/\/www.altominho.tv\/site\/wp-content\/uploads\/2021\/01\/AndreiaFerreira-150x150.jpg","caption":"Andreia Ferreira"},"url":"https:\/\/www.altominho.tv\/site\/author\/andreiaferreira\/"}]}},"_links":{"self":[{"href":"https:\/\/www.altominho.tv\/site\/wp-json\/wp\/v2\/posts\/60584","targetHints":{"allow":["GET"]}}],"collection":[{"href":"https:\/\/www.altominho.tv\/site\/wp-json\/wp\/v2\/posts"}],"about":[{"href":"https:\/\/www.altominho.tv\/site\/wp-json\/wp\/v2\/types\/post"}],"author":[{"embeddable":true,"href":"https:\/\/www.altominho.tv\/site\/wp-json\/wp\/v2\/users\/12"}],"replies":[{"embeddable":true,"href":"https:\/\/www.altominho.tv\/site\/wp-json\/wp\/v2\/comments?post=60584"}],"version-history":[{"count":0,"href":"https:\/\/www.altominho.tv\/site\/wp-json\/wp\/v2\/posts\/60584\/revisions"}],"wp:featuredmedia":[{"embeddable":true,"href":"https:\/\/www.altominho.tv\/site\/wp-json\/wp\/v2\/media\/60585"}],"wp:attachment":[{"href":"https:\/\/www.altominho.tv\/site\/wp-json\/wp\/v2\/media?parent=60584"}],"wp:term":[{"taxonomy":"category","embeddable":true,"href":"https:\/\/www.altominho.tv\/site\/wp-json\/wp\/v2\/categories?post=60584"},{"taxonomy":"post_tag","embeddable":true,"href":"https:\/\/www.altominho.tv\/site\/wp-json\/wp\/v2\/tags?post=60584"}],"curies":[{"name":"wp","href":"https:\/\/api.w.org\/{rel}","templated":true}]}}