{"id":60418,"date":"2021-01-26T15:48:50","date_gmt":"2021-01-26T15:48:50","guid":{"rendered":"https:\/\/www.altominho.tv\/site\/?p=60418"},"modified":"2021-01-26T15:49:34","modified_gmt":"2021-01-26T15:49:34","slug":"mais-de-22-mil-empresas-aderiram-ao-lay-off-simplificado-em-janeiro","status":"publish","type":"post","link":"https:\/\/www.altominho.tv\/site\/2021\/01\/26\/mais-de-22-mil-empresas-aderiram-ao-lay-off-simplificado-em-janeiro\/","title":{"rendered":"Mais de 22 mil empresas aderiram ao &#8216;lay-off&#8217; simplificado em janeiro"},"content":{"rendered":"\n<p>Mais de 22 mil empresas obrigadas a encerrar ou suspender a atividade devido ao novo confinamento aderiram ao \u2018lay-off\u2019 simplificado, anunciou hoje o Instituto da Seguran\u00e7a Social (ISS), garantindo que os apoios ser\u00e3o pagos na quinta-feira.<\/p>\n\n\n\n<p>De acordo com uma nota do ISS publicada na p\u00e1gina da Seguran\u00e7a Social, foi processado \u201co pagamento a 22,7 mil empresas que apresentaram o pedido de \u2018lay-off\u2019 j\u00e1 em janeiro, com um total de 86,3 mil trabalhadores\u201d.<\/p>\n\n\n\n<p>\u201cEstas empresas receber\u00e3o j\u00e1 no pr\u00f3ximo dia 28 um pagamento no montante total de 20,3 milh\u00f5es de euros, garantindo num espa\u00e7o curto de tempo uma inje\u00e7\u00e3o de liquidez nesta fase de paragem de atividade\u201d, acrescenta o instituto.<\/p>\n\n\n\n<p>O ISS lembra que em 2021, ao abrigo do \u2018lay-off\u2019, a Seguran\u00e7a Social assegura o pagamento adicional para garantir que os trabalhadores abrangidos por este regime recebem 100% da sua remunera\u00e7\u00e3o at\u00e9 ao limite de tr\u00eas sal\u00e1rios m\u00ednimos nacionais (1.995 euros).<\/p>\n\n\n\n<p>\u201cEsse apoio adicional ser\u00e1 pago em fevereiro, com efeitos a janeiro\u201d, l\u00ea-se na nota.<\/p>\n\n\n\n<p>O \u2018lay-off\u2019 simplificado esteve em vigor em 2020, durante a primeira fase da pandemia, tendo abrangido nessa altura cerca de 115 mil empresas e 950 mil trabalhadores.<\/p>\n\n\n\n<p>A medida voltou a estar dispon\u00edvel este m\u00eas devido \u00e0 evolu\u00e7\u00e3o da pandemia de covid-19 e na sequ\u00eancia do novo confinamento, mas apenas para as empresas obrigadas a encerrar ou a suspender a atividade.<\/p>\n\n\n\n<p>Este ano, os trabalhadores passam a ter direito a receber 100% da sua remunera\u00e7\u00e3o (contra os anteriores dois ter\u00e7os), sem encargos adicionais para as empresas, j\u00e1 que este encargo adicional \u00e9 financiado pela Seguran\u00e7a Social.<\/p>\n\n\n\n<p>Ou seja, \u00e0s empresas cabe pagar 19% dos 100% da remunera\u00e7\u00e3o (o equivalente aos anteriores 30% de dois ter\u00e7os).<\/p>\n\n\n\n<p>Al\u00e9m disso, as empresas est\u00e3o isentas da Taxa Social \u00danica (TSU) relativas aos trabalhadores abrangidos pelo \u2018lay-off\u2019 simplificado.<\/p>\n","protected":false},"excerpt":{"rendered":"<p>Mais de 22 mil empresas obrigadas a encerrar ou suspender a atividade devido ao novo confinamento aderiram ao \u2018lay-off\u2019 simplificado, anunciou hoje o Instituto da Seguran\u00e7a Social (ISS), garantindo que os apoios ser\u00e3o pagos na quinta-feira. De acordo com uma nota do ISS publicada na p\u00e1gina da Seguran\u00e7a Social, foi processado \u201co pagamento a 22,7 [&hellip;]<\/p>\n","protected":false},"author":16,"featured_media":60419,"comment_status":"closed","ping_status":"closed","sticky":false,"template":"","format":"standard","meta":{"_exactmetrics_skip_tracking":false,"_exactmetrics_sitenote_active":false,"_exactmetrics_sitenote_note":"","_exactmetrics_sitenote_category":0,"footnotes":""},"categories":[42722],"tags":[21],"class_list":["post-60418","post","type-post","status-publish","format-standard","has-post-thumbnail","hentry","category-covid-19","tag-economia"],"yoast_head":"<!-- This site is optimized with the Yoast SEO Premium plugin v27.5 (Yoast SEO v27.5) - https:\/\/yoast.com\/product\/yoast-seo-premium-wordpress\/ -->\n<title>Mais de 22 mil empresas aderiram ao &#039;lay-off&#039; simplificado em janeiro<\/title>\n<meta name=\"robots\" content=\"index, follow, max-snippet:-1, max-image-preview:large, max-video-preview:-1\" \/>\n<link rel=\"canonical\" href=\"https:\/\/www.altominho.tv\/site\/2021\/01\/26\/mais-de-22-mil-empresas-aderiram-ao-lay-off-simplificado-em-janeiro\/\" \/>\n<meta property=\"og:locale\" content=\"pt_PT\" \/>\n<meta property=\"og:type\" content=\"article\" \/>\n<meta property=\"og:title\" content=\"Mais de 22 mil empresas aderiram ao &#039;lay-off&#039; simplificado em janeiro\" \/>\n<meta property=\"og:description\" content=\"Mais de 22 mil empresas obrigadas a encerrar ou suspender a atividade devido ao novo confinamento aderiram ao \u2018lay-off\u2019 simplificado, anunciou hoje o Instituto da Seguran\u00e7a Social (ISS), garantindo que os apoios ser\u00e3o pagos na quinta-feira. De acordo com uma nota do ISS publicada na p\u00e1gina da Seguran\u00e7a Social, foi processado \u201co pagamento a 22,7 [&hellip;]\" \/>\n<meta property=\"og:url\" content=\"https:\/\/www.altominho.tv\/site\/2021\/01\/26\/mais-de-22-mil-empresas-aderiram-ao-lay-off-simplificado-em-janeiro\/\" \/>\n<meta property=\"og:site_name\" content=\"Altominho.tv\" \/>\n<meta property=\"article:publisher\" content=\"https:\/\/www.facebook.com\/altominhotv\" \/>\n<meta property=\"article:published_time\" content=\"2021-01-26T15:48:50+00:00\" \/>\n<meta property=\"article:modified_time\" content=\"2021-01-26T15:49:34+00:00\" \/>\n<meta property=\"og:image\" content=\"https:\/\/www.altominho.tv\/site\/wp-content\/uploads\/2021\/01\/lay-off.jpg\" \/>\n\t<meta property=\"og:image:width\" content=\"1400\" \/>\n\t<meta property=\"og:image:height\" content=\"1000\" \/>\n\t<meta property=\"og:image:type\" content=\"image\/jpeg\" \/>\n<meta name=\"author\" content=\"Andreia Cunha | Lusa\" \/>\n<meta name=\"twitter:card\" content=\"summary_large_image\" \/>\n<meta name=\"twitter:creator\" content=\"@altominhoTV\" \/>\n<meta name=\"twitter:site\" content=\"@altominhoTV\" \/>\n<meta name=\"twitter:label1\" content=\"Escrito por\" \/>\n\t<meta name=\"twitter:data1\" content=\"Andreia Cunha | Lusa\" \/>\n\t<meta name=\"twitter:label2\" content=\"Tempo estimado de leitura\" \/>\n\t<meta name=\"twitter:data2\" content=\"2 minutos\" \/>\n<script type=\"application\/ld+json\" class=\"yoast-schema-graph\">{\"@context\":\"https:\\\/\\\/schema.org\",\"@graph\":[{\"@type\":\"Article\",\"@id\":\"https:\\\/\\\/www.altominho.tv\\\/site\\\/2021\\\/01\\\/26\\\/mais-de-22-mil-empresas-aderiram-ao-lay-off-simplificado-em-janeiro\\\/#article\",\"isPartOf\":{\"@id\":\"https:\\\/\\\/www.altominho.tv\\\/site\\\/2021\\\/01\\\/26\\\/mais-de-22-mil-empresas-aderiram-ao-lay-off-simplificado-em-janeiro\\\/\"},\"author\":{\"name\":\"Andreia Cunha | Lusa\",\"@id\":\"https:\\\/\\\/www.altominho.tv\\\/site\\\/#\\\/schema\\\/person\\\/dbaf181c01b51ff40c9f461a905d321e\"},\"headline\":\"Mais de 22 mil empresas aderiram ao &#8216;lay-off&#8217; simplificado em janeiro\",\"datePublished\":\"2021-01-26T15:48:50+00:00\",\"dateModified\":\"2021-01-26T15:49:34+00:00\",\"mainEntityOfPage\":{\"@id\":\"https:\\\/\\\/www.altominho.tv\\\/site\\\/2021\\\/01\\\/26\\\/mais-de-22-mil-empresas-aderiram-ao-lay-off-simplificado-em-janeiro\\\/\"},\"wordCount\":317,\"image\":{\"@id\":\"https:\\\/\\\/www.altominho.tv\\\/site\\\/2021\\\/01\\\/26\\\/mais-de-22-mil-empresas-aderiram-ao-lay-off-simplificado-em-janeiro\\\/#primaryimage\"},\"thumbnailUrl\":\"https:\\\/\\\/www.altominho.tv\\\/site\\\/wp-content\\\/uploads\\\/2021\\\/01\\\/lay-off.jpg\",\"keywords\":[\"Economia\"],\"articleSection\":[\"Coronav\u00edrus\"],\"inLanguage\":\"pt-PT\",\"copyrightYear\":\"2021\",\"copyrightHolder\":{\"@id\":\"https:\\\/\\\/www.altominho.tv\\\/site\\\/#organization\"}},{\"@type\":\"WebPage\",\"@id\":\"https:\\\/\\\/www.altominho.tv\\\/site\\\/2021\\\/01\\\/26\\\/mais-de-22-mil-empresas-aderiram-ao-lay-off-simplificado-em-janeiro\\\/\",\"url\":\"https:\\\/\\\/www.altominho.tv\\\/site\\\/2021\\\/01\\\/26\\\/mais-de-22-mil-empresas-aderiram-ao-lay-off-simplificado-em-janeiro\\\/\",\"name\":\"Mais de 22 mil empresas aderiram ao 'lay-off' simplificado em janeiro\",\"isPartOf\":{\"@id\":\"https:\\\/\\\/www.altominho.tv\\\/site\\\/#website\"},\"primaryImageOfPage\":{\"@id\":\"https:\\\/\\\/www.altominho.tv\\\/site\\\/2021\\\/01\\\/26\\\/mais-de-22-mil-empresas-aderiram-ao-lay-off-simplificado-em-janeiro\\\/#primaryimage\"},\"image\":{\"@id\":\"https:\\\/\\\/www.altominho.tv\\\/site\\\/2021\\\/01\\\/26\\\/mais-de-22-mil-empresas-aderiram-ao-lay-off-simplificado-em-janeiro\\\/#primaryimage\"},\"thumbnailUrl\":\"https:\\\/\\\/www.altominho.tv\\\/site\\\/wp-content\\\/uploads\\\/2021\\\/01\\\/lay-off.jpg\",\"datePublished\":\"2021-01-26T15:48:50+00:00\",\"dateModified\":\"2021-01-26T15:49:34+00:00\",\"author\":{\"@id\":\"https:\\\/\\\/www.altominho.tv\\\/site\\\/#\\\/schema\\\/person\\\/dbaf181c01b51ff40c9f461a905d321e\"},\"breadcrumb\":{\"@id\":\"https:\\\/\\\/www.altominho.tv\\\/site\\\/2021\\\/01\\\/26\\\/mais-de-22-mil-empresas-aderiram-ao-lay-off-simplificado-em-janeiro\\\/#breadcrumb\"},\"inLanguage\":\"pt-PT\",\"potentialAction\":[{\"@type\":\"ReadAction\",\"target\":[\"https:\\\/\\\/www.altominho.tv\\\/site\\\/2021\\\/01\\\/26\\\/mais-de-22-mil-empresas-aderiram-ao-lay-off-simplificado-em-janeiro\\\/\"]}]},{\"@type\":\"ImageObject\",\"inLanguage\":\"pt-PT\",\"@id\":\"https:\\\/\\\/www.altominho.tv\\\/site\\\/2021\\\/01\\\/26\\\/mais-de-22-mil-empresas-aderiram-ao-lay-off-simplificado-em-janeiro\\\/#primaryimage\",\"url\":\"https:\\\/\\\/www.altominho.tv\\\/site\\\/wp-content\\\/uploads\\\/2021\\\/01\\\/lay-off.jpg\",\"contentUrl\":\"https:\\\/\\\/www.altominho.tv\\\/site\\\/wp-content\\\/uploads\\\/2021\\\/01\\\/lay-off.jpg\",\"width\":1400,\"height\":1000},{\"@type\":\"BreadcrumbList\",\"@id\":\"https:\\\/\\\/www.altominho.tv\\\/site\\\/2021\\\/01\\\/26\\\/mais-de-22-mil-empresas-aderiram-ao-lay-off-simplificado-em-janeiro\\\/#breadcrumb\",\"itemListElement\":[{\"@type\":\"ListItem\",\"position\":1,\"name\":\"In\u00edcio\",\"item\":\"https:\\\/\\\/www.altominho.tv\\\/site\\\/\"},{\"@type\":\"ListItem\",\"position\":2,\"name\":\"Mais de 22 mil empresas aderiram ao &#8216;lay-off&#8217; simplificado em janeiro\"}]},{\"@type\":\"WebSite\",\"@id\":\"https:\\\/\\\/www.altominho.tv\\\/site\\\/#website\",\"url\":\"https:\\\/\\\/www.altominho.tv\\\/site\\\/\",\"name\":\"Altominho.tv\",\"description\":\"A sua regi\u00e3o \u00e0 dist\u00e2ncia de um clique...\",\"potentialAction\":[{\"@type\":\"SearchAction\",\"target\":{\"@type\":\"EntryPoint\",\"urlTemplate\":\"https:\\\/\\\/www.altominho.tv\\\/site\\\/?s={search_term_string}\"},\"query-input\":{\"@type\":\"PropertyValueSpecification\",\"valueRequired\":true,\"valueName\":\"search_term_string\"}}],\"inLanguage\":\"pt-PT\"},{\"@type\":\"Person\",\"@id\":\"https:\\\/\\\/www.altominho.tv\\\/site\\\/#\\\/schema\\\/person\\\/dbaf181c01b51ff40c9f461a905d321e\",\"name\":\"Andreia Cunha | Lusa\",\"image\":{\"@type\":\"ImageObject\",\"inLanguage\":\"pt-PT\",\"@id\":\"https:\\\/\\\/www.altominho.tv\\\/site\\\/wp-content\\\/uploads\\\/2017\\\/11\\\/Andreia_Cunha-1-150x150.jpg\",\"url\":\"https:\\\/\\\/www.altominho.tv\\\/site\\\/wp-content\\\/uploads\\\/2017\\\/11\\\/Andreia_Cunha-1-150x150.jpg\",\"contentUrl\":\"https:\\\/\\\/www.altominho.tv\\\/site\\\/wp-content\\\/uploads\\\/2017\\\/11\\\/Andreia_Cunha-1-150x150.jpg\",\"caption\":\"Andreia Cunha | Lusa\"},\"sameAs\":[\"https:\\\/\\\/www.altominho.tv\\\/site\"],\"url\":\"https:\\\/\\\/www.altominho.tv\\\/site\\\/author\\\/andreiacunhalusa\\\/\"}]}<\/script>\n<!-- \/ Yoast SEO Premium plugin. -->","yoast_head_json":{"title":"Mais de 22 mil empresas aderiram ao 'lay-off' simplificado em janeiro","robots":{"index":"index","follow":"follow","max-snippet":"max-snippet:-1","max-image-preview":"max-image-preview:large","max-video-preview":"max-video-preview:-1"},"canonical":"https:\/\/www.altominho.tv\/site\/2021\/01\/26\/mais-de-22-mil-empresas-aderiram-ao-lay-off-simplificado-em-janeiro\/","og_locale":"pt_PT","og_type":"article","og_title":"Mais de 22 mil empresas aderiram ao 'lay-off' simplificado em janeiro","og_description":"Mais de 22 mil empresas obrigadas a encerrar ou suspender a atividade devido ao novo confinamento aderiram ao \u2018lay-off\u2019 simplificado, anunciou hoje o Instituto da Seguran\u00e7a Social (ISS), garantindo que os apoios ser\u00e3o pagos na quinta-feira. De acordo com uma nota do ISS publicada na p\u00e1gina da Seguran\u00e7a Social, foi processado \u201co pagamento a 22,7 [&hellip;]","og_url":"https:\/\/www.altominho.tv\/site\/2021\/01\/26\/mais-de-22-mil-empresas-aderiram-ao-lay-off-simplificado-em-janeiro\/","og_site_name":"Altominho.tv","article_publisher":"https:\/\/www.facebook.com\/altominhotv","article_published_time":"2021-01-26T15:48:50+00:00","article_modified_time":"2021-01-26T15:49:34+00:00","og_image":[{"width":1400,"height":1000,"url":"https:\/\/www.altominho.tv\/site\/wp-content\/uploads\/2021\/01\/lay-off.jpg","type":"image\/jpeg"}],"author":"Andreia Cunha | Lusa","twitter_card":"summary_large_image","twitter_creator":"@altominhoTV","twitter_site":"@altominhoTV","twitter_misc":{"Escrito por":"Andreia Cunha | Lusa","Tempo estimado de leitura":"2 minutos"},"schema":{"@context":"https:\/\/schema.org","@graph":[{"@type":"Article","@id":"https:\/\/www.altominho.tv\/site\/2021\/01\/26\/mais-de-22-mil-empresas-aderiram-ao-lay-off-simplificado-em-janeiro\/#article","isPartOf":{"@id":"https:\/\/www.altominho.tv\/site\/2021\/01\/26\/mais-de-22-mil-empresas-aderiram-ao-lay-off-simplificado-em-janeiro\/"},"author":{"name":"Andreia Cunha | Lusa","@id":"https:\/\/www.altominho.tv\/site\/#\/schema\/person\/dbaf181c01b51ff40c9f461a905d321e"},"headline":"Mais de 22 mil empresas aderiram ao &#8216;lay-off&#8217; simplificado em janeiro","datePublished":"2021-01-26T15:48:50+00:00","dateModified":"2021-01-26T15:49:34+00:00","mainEntityOfPage":{"@id":"https:\/\/www.altominho.tv\/site\/2021\/01\/26\/mais-de-22-mil-empresas-aderiram-ao-lay-off-simplificado-em-janeiro\/"},"wordCount":317,"image":{"@id":"https:\/\/www.altominho.tv\/site\/2021\/01\/26\/mais-de-22-mil-empresas-aderiram-ao-lay-off-simplificado-em-janeiro\/#primaryimage"},"thumbnailUrl":"https:\/\/www.altominho.tv\/site\/wp-content\/uploads\/2021\/01\/lay-off.jpg","keywords":["Economia"],"articleSection":["Coronav\u00edrus"],"inLanguage":"pt-PT","copyrightYear":"2021","copyrightHolder":{"@id":"https:\/\/www.altominho.tv\/site\/#organization"}},{"@type":"WebPage","@id":"https:\/\/www.altominho.tv\/site\/2021\/01\/26\/mais-de-22-mil-empresas-aderiram-ao-lay-off-simplificado-em-janeiro\/","url":"https:\/\/www.altominho.tv\/site\/2021\/01\/26\/mais-de-22-mil-empresas-aderiram-ao-lay-off-simplificado-em-janeiro\/","name":"Mais de 22 mil empresas aderiram ao 'lay-off' simplificado em janeiro","isPartOf":{"@id":"https:\/\/www.altominho.tv\/site\/#website"},"primaryImageOfPage":{"@id":"https:\/\/www.altominho.tv\/site\/2021\/01\/26\/mais-de-22-mil-empresas-aderiram-ao-lay-off-simplificado-em-janeiro\/#primaryimage"},"image":{"@id":"https:\/\/www.altominho.tv\/site\/2021\/01\/26\/mais-de-22-mil-empresas-aderiram-ao-lay-off-simplificado-em-janeiro\/#primaryimage"},"thumbnailUrl":"https:\/\/www.altominho.tv\/site\/wp-content\/uploads\/2021\/01\/lay-off.jpg","datePublished":"2021-01-26T15:48:50+00:00","dateModified":"2021-01-26T15:49:34+00:00","author":{"@id":"https:\/\/www.altominho.tv\/site\/#\/schema\/person\/dbaf181c01b51ff40c9f461a905d321e"},"breadcrumb":{"@id":"https:\/\/www.altominho.tv\/site\/2021\/01\/26\/mais-de-22-mil-empresas-aderiram-ao-lay-off-simplificado-em-janeiro\/#breadcrumb"},"inLanguage":"pt-PT","potentialAction":[{"@type":"ReadAction","target":["https:\/\/www.altominho.tv\/site\/2021\/01\/26\/mais-de-22-mil-empresas-aderiram-ao-lay-off-simplificado-em-janeiro\/"]}]},{"@type":"ImageObject","inLanguage":"pt-PT","@id":"https:\/\/www.altominho.tv\/site\/2021\/01\/26\/mais-de-22-mil-empresas-aderiram-ao-lay-off-simplificado-em-janeiro\/#primaryimage","url":"https:\/\/www.altominho.tv\/site\/wp-content\/uploads\/2021\/01\/lay-off.jpg","contentUrl":"https:\/\/www.altominho.tv\/site\/wp-content\/uploads\/2021\/01\/lay-off.jpg","width":1400,"height":1000},{"@type":"BreadcrumbList","@id":"https:\/\/www.altominho.tv\/site\/2021\/01\/26\/mais-de-22-mil-empresas-aderiram-ao-lay-off-simplificado-em-janeiro\/#breadcrumb","itemListElement":[{"@type":"ListItem","position":1,"name":"In\u00edcio","item":"https:\/\/www.altominho.tv\/site\/"},{"@type":"ListItem","position":2,"name":"Mais de 22 mil empresas aderiram ao &#8216;lay-off&#8217; simplificado em janeiro"}]},{"@type":"WebSite","@id":"https:\/\/www.altominho.tv\/site\/#website","url":"https:\/\/www.altominho.tv\/site\/","name":"Altominho.tv","description":"A sua regi\u00e3o \u00e0 dist\u00e2ncia de um clique...","potentialAction":[{"@type":"SearchAction","target":{"@type":"EntryPoint","urlTemplate":"https:\/\/www.altominho.tv\/site\/?s={search_term_string}"},"query-input":{"@type":"PropertyValueSpecification","valueRequired":true,"valueName":"search_term_string"}}],"inLanguage":"pt-PT"},{"@type":"Person","@id":"https:\/\/www.altominho.tv\/site\/#\/schema\/person\/dbaf181c01b51ff40c9f461a905d321e","name":"Andreia Cunha | Lusa","image":{"@type":"ImageObject","inLanguage":"pt-PT","@id":"https:\/\/www.altominho.tv\/site\/wp-content\/uploads\/2017\/11\/Andreia_Cunha-1-150x150.jpg","url":"https:\/\/www.altominho.tv\/site\/wp-content\/uploads\/2017\/11\/Andreia_Cunha-1-150x150.jpg","contentUrl":"https:\/\/www.altominho.tv\/site\/wp-content\/uploads\/2017\/11\/Andreia_Cunha-1-150x150.jpg","caption":"Andreia Cunha | Lusa"},"sameAs":["https:\/\/www.altominho.tv\/site"],"url":"https:\/\/www.altominho.tv\/site\/author\/andreiacunhalusa\/"}]}},"_links":{"self":[{"href":"https:\/\/www.altominho.tv\/site\/wp-json\/wp\/v2\/posts\/60418","targetHints":{"allow":["GET"]}}],"collection":[{"href":"https:\/\/www.altominho.tv\/site\/wp-json\/wp\/v2\/posts"}],"about":[{"href":"https:\/\/www.altominho.tv\/site\/wp-json\/wp\/v2\/types\/post"}],"author":[{"embeddable":true,"href":"https:\/\/www.altominho.tv\/site\/wp-json\/wp\/v2\/users\/16"}],"replies":[{"embeddable":true,"href":"https:\/\/www.altominho.tv\/site\/wp-json\/wp\/v2\/comments?post=60418"}],"version-history":[{"count":0,"href":"https:\/\/www.altominho.tv\/site\/wp-json\/wp\/v2\/posts\/60418\/revisions"}],"wp:featuredmedia":[{"embeddable":true,"href":"https:\/\/www.altominho.tv\/site\/wp-json\/wp\/v2\/media\/60419"}],"wp:attachment":[{"href":"https:\/\/www.altominho.tv\/site\/wp-json\/wp\/v2\/media?parent=60418"}],"wp:term":[{"taxonomy":"category","embeddable":true,"href":"https:\/\/www.altominho.tv\/site\/wp-json\/wp\/v2\/categories?post=60418"},{"taxonomy":"post_tag","embeddable":true,"href":"https:\/\/www.altominho.tv\/site\/wp-json\/wp\/v2\/tags?post=60418"}],"curies":[{"name":"wp","href":"https:\/\/api.w.org\/{rel}","templated":true}]}}