{"id":60304,"date":"2021-01-25T15:57:48","date_gmt":"2021-01-25T15:57:48","guid":{"rendered":"https:\/\/www.altominho.tv\/site\/?p=60304"},"modified":"2021-01-25T15:57:50","modified_gmt":"2021-01-25T15:57:50","slug":"abertas-candidaturas-para-premio-jean-loup-passek","status":"publish","type":"post","link":"https:\/\/www.altominho.tv\/site\/2021\/01\/25\/abertas-candidaturas-para-premio-jean-loup-passek\/","title":{"rendered":"Abertas candidaturas para Pr\u00e9mio Jean Loup Passek"},"content":{"rendered":"<div class=\"kvgmc6g5 cxmmr5t8 oygrvhab hcukyx3x c1et5uql ii04i59q\">\n<p>Document\u00e1rios cinematogr\u00e1ficos, produzidos em qualquer pa\u00eds e com qualquer dura\u00e7\u00e3o, que abordam os temas identidade, mem\u00f3ria e fronteira j\u00e1 podem concorrer ao pr\u00e9mio Jean Loup Passek, integrado no Festival Internacional de Document\u00e1rio de Melga\u00e7o (MDOC). As candidaturas decorrem at\u00e9 ao dia 19 de abril.<\/p>\n<p>Os document\u00e1rios selecionados ser\u00e3o exibidos durante o MDOC, que este ano vai decorrer de 2 a 8 de agosto, altura em que ser\u00e3o anunciados os vencedores. Os filmes submetidos ser\u00e3o analisados pelo j\u00fari que, nesta edi\u00e7\u00e3o, vai ser constitu\u00eddo pelos realizadores Alessandro Negrini, Alfonso Palaz\u00f3n Meseguer, Julia Kushnarenko&nbsp;e&nbsp;Susana de Sousa Dias&nbsp;e pela professora e programadora&nbsp;Jane Pinheiro.<\/p>\n<p>O vencedor na categoria de longa-metragem ser\u00e1 premiado com tr\u00eas mil euros, a melhor curta-metragem receber\u00e1 1.500 euros e o melhor document\u00e1rio portugu\u00eas a concurso arrecadar\u00e1 o pr\u00e9mio nacional, no valor de mil euros.<\/p>\n<p>Al\u00e9m do Pr\u00e9mio Jean Loup Passek, os filmes a concurso ficar\u00e3o automaticamente candidatos ao Pr\u00e9mio D. Quixote, promovido pela Federa\u00e7\u00e3o Internacional de Cineclubes e com j\u00fari pr\u00f3prio.<\/p>\n<p>Nesta edi\u00e7\u00e3o, pela primeira vez, o Pr\u00e9mio Jean Loup Passek abre tamb\u00e9m candidaturas para o&nbsp;melhor cartaz de cinema. A distin\u00e7\u00e3o ser\u00e1 atribu\u00edda a um cartaz original criado para um filme document\u00e1rio, de anima\u00e7\u00e3o ou de fic\u00e7\u00e3o, de curta, m\u00e9dia ou longa-metragem, com produ\u00e7\u00e3o portuguesa ou galega. O concurso est\u00e1 aberto a <em>designers<\/em> e os cartazes devem promover filmes terminados depois de 1 de janeiro de 2018. A data limite para inscri\u00e7\u00e3o \u00e9 dia 30 de abril.<\/p>\n<p>A edi\u00e7\u00e3o de 2020 do MDOC foi cancelada devido \u00e0 pandemia de Covid-19 e todos os filmes que j\u00e1 tinham sido submetidos est\u00e3o automaticamente inscritos, sendo considerados no processo de sele\u00e7\u00e3o da edi\u00e7\u00e3o de 2021.<\/p>\n<p>O Festival Internacional de Document\u00e1rio de Melga\u00e7o (antes designado por Filmes do Homem \u2013 Festival Internacional de Document\u00e1rio de Melga\u00e7o) \u00e9 organizado pela C\u00e2mara Municipal de Melga\u00e7o em parceria com a AO NORTE \u2013 Associa\u00e7\u00e3o de Produ\u00e7\u00e3o e Anima\u00e7\u00e3o Audiovisual desde 2014, e&nbsp;pretende &#8220;promover e divulgar o cinema etnogr\u00e1fico e social, refletir sobre identidade, mem\u00f3ria e fronteira e contribuir para um arquivo audiovisual sobre o territ\u00f3rio&#8221;.<\/p>\n<p>O nome do galard\u00e3o homenageia o cr\u00edtico franc\u00eas Jean Loup Passek (1936-2016), respons\u00e1vel pela instala\u00e7\u00e3o no munic\u00edpio do Museu de Cinema de Melga\u00e7o.<\/p>\n<\/div>\n","protected":false},"excerpt":{"rendered":"<p>Document\u00e1rios cinematogr\u00e1ficos, produzidos em qualquer pa\u00eds e com qualquer dura\u00e7\u00e3o, que abordam os temas identidade, mem\u00f3ria e fronteira j\u00e1 podem concorrer ao pr\u00e9mio Jean Loup Passek, integrado no Festival Internacional de Document\u00e1rio de Melga\u00e7o (MDOC). As candidaturas decorrem at\u00e9 ao dia 19 de abril. Os document\u00e1rios selecionados ser\u00e3o exibidos durante o MDOC, que este ano [&hellip;]<\/p>\n","protected":false},"author":12,"featured_media":60306,"comment_status":"closed","ping_status":"closed","sticky":false,"template":"","format":"standard","meta":{"_exactmetrics_skip_tracking":false,"_exactmetrics_sitenote_active":false,"_exactmetrics_sitenote_note":"","_exactmetrics_sitenote_category":0,"footnotes":""},"categories":[8],"tags":[19],"class_list":["post-60304","post","type-post","status-publish","format-standard","has-post-thumbnail","hentry","category-melgaco","tag-cultura"],"yoast_head":"<!-- This site is optimized with the Yoast SEO Premium plugin v27.5 (Yoast SEO v27.5) - https:\/\/yoast.com\/product\/yoast-seo-premium-wordpress\/ -->\n<title>Abertas candidaturas para Pr\u00e9mio Jean Loup Passek<\/title>\n<meta name=\"robots\" content=\"index, follow, max-snippet:-1, max-image-preview:large, max-video-preview:-1\" \/>\n<link rel=\"canonical\" href=\"https:\/\/www.altominho.tv\/site\/2021\/01\/25\/abertas-candidaturas-para-premio-jean-loup-passek\/\" \/>\n<meta property=\"og:locale\" content=\"pt_PT\" \/>\n<meta property=\"og:type\" content=\"article\" \/>\n<meta property=\"og:title\" content=\"Abertas candidaturas para Pr\u00e9mio Jean Loup Passek\" \/>\n<meta property=\"og:description\" content=\"Document\u00e1rios cinematogr\u00e1ficos, produzidos em qualquer pa\u00eds e com qualquer dura\u00e7\u00e3o, que abordam os temas identidade, mem\u00f3ria e fronteira j\u00e1 podem concorrer ao pr\u00e9mio Jean Loup Passek, integrado no Festival Internacional de Document\u00e1rio de Melga\u00e7o (MDOC). As candidaturas decorrem at\u00e9 ao dia 19 de abril. Os document\u00e1rios selecionados ser\u00e3o exibidos durante o MDOC, que este ano [&hellip;]\" \/>\n<meta property=\"og:url\" content=\"https:\/\/www.altominho.tv\/site\/2021\/01\/25\/abertas-candidaturas-para-premio-jean-loup-passek\/\" \/>\n<meta property=\"og:site_name\" content=\"Altominho.tv\" \/>\n<meta property=\"article:publisher\" content=\"https:\/\/www.facebook.com\/altominhotv\" \/>\n<meta property=\"article:published_time\" content=\"2021-01-25T15:57:48+00:00\" \/>\n<meta property=\"article:modified_time\" content=\"2021-01-25T15:57:50+00:00\" \/>\n<meta property=\"og:image\" content=\"https:\/\/www.altominho.tv\/site\/wp-content\/uploads\/2021\/01\/cinema-ar-livre-melgaco-2-1030x686-1.jpg\" \/>\n\t<meta property=\"og:image:width\" content=\"1030\" \/>\n\t<meta property=\"og:image:height\" content=\"686\" \/>\n\t<meta property=\"og:image:type\" content=\"image\/jpeg\" \/>\n<meta name=\"author\" content=\"Andreia Ferreira\" \/>\n<meta name=\"twitter:card\" content=\"summary_large_image\" \/>\n<meta name=\"twitter:creator\" content=\"@altominhoTV\" \/>\n<meta name=\"twitter:site\" content=\"@altominhoTV\" \/>\n<meta name=\"twitter:label1\" content=\"Escrito por\" \/>\n\t<meta name=\"twitter:data1\" content=\"Andreia Ferreira\" \/>\n\t<meta name=\"twitter:label2\" content=\"Tempo estimado de leitura\" \/>\n\t<meta name=\"twitter:data2\" content=\"2 minutos\" \/>\n<script type=\"application\/ld+json\" class=\"yoast-schema-graph\">{\"@context\":\"https:\\\/\\\/schema.org\",\"@graph\":[{\"@type\":\"Article\",\"@id\":\"https:\\\/\\\/www.altominho.tv\\\/site\\\/2021\\\/01\\\/25\\\/abertas-candidaturas-para-premio-jean-loup-passek\\\/#article\",\"isPartOf\":{\"@id\":\"https:\\\/\\\/www.altominho.tv\\\/site\\\/2021\\\/01\\\/25\\\/abertas-candidaturas-para-premio-jean-loup-passek\\\/\"},\"author\":{\"name\":\"Andreia Ferreira\",\"@id\":\"https:\\\/\\\/www.altominho.tv\\\/site\\\/#\\\/schema\\\/person\\\/d9be4265364723f14ea8e0d56a1d38cd\"},\"headline\":\"Abertas candidaturas para Pr\u00e9mio Jean Loup Passek\",\"datePublished\":\"2021-01-25T15:57:48+00:00\",\"dateModified\":\"2021-01-25T15:57:50+00:00\",\"mainEntityOfPage\":{\"@id\":\"https:\\\/\\\/www.altominho.tv\\\/site\\\/2021\\\/01\\\/25\\\/abertas-candidaturas-para-premio-jean-loup-passek\\\/\"},\"wordCount\":427,\"image\":{\"@id\":\"https:\\\/\\\/www.altominho.tv\\\/site\\\/2021\\\/01\\\/25\\\/abertas-candidaturas-para-premio-jean-loup-passek\\\/#primaryimage\"},\"thumbnailUrl\":\"https:\\\/\\\/www.altominho.tv\\\/site\\\/wp-content\\\/uploads\\\/2021\\\/01\\\/cinema-ar-livre-melgaco-2-1030x686-1.jpg\",\"keywords\":[\"Cultura\"],\"articleSection\":[\"Melga\u00e7o\"],\"inLanguage\":\"pt-PT\",\"copyrightYear\":\"2021\",\"copyrightHolder\":{\"@id\":\"https:\\\/\\\/www.altominho.tv\\\/site\\\/#organization\"}},{\"@type\":\"WebPage\",\"@id\":\"https:\\\/\\\/www.altominho.tv\\\/site\\\/2021\\\/01\\\/25\\\/abertas-candidaturas-para-premio-jean-loup-passek\\\/\",\"url\":\"https:\\\/\\\/www.altominho.tv\\\/site\\\/2021\\\/01\\\/25\\\/abertas-candidaturas-para-premio-jean-loup-passek\\\/\",\"name\":\"Abertas candidaturas para Pr\u00e9mio Jean Loup Passek\",\"isPartOf\":{\"@id\":\"https:\\\/\\\/www.altominho.tv\\\/site\\\/#website\"},\"primaryImageOfPage\":{\"@id\":\"https:\\\/\\\/www.altominho.tv\\\/site\\\/2021\\\/01\\\/25\\\/abertas-candidaturas-para-premio-jean-loup-passek\\\/#primaryimage\"},\"image\":{\"@id\":\"https:\\\/\\\/www.altominho.tv\\\/site\\\/2021\\\/01\\\/25\\\/abertas-candidaturas-para-premio-jean-loup-passek\\\/#primaryimage\"},\"thumbnailUrl\":\"https:\\\/\\\/www.altominho.tv\\\/site\\\/wp-content\\\/uploads\\\/2021\\\/01\\\/cinema-ar-livre-melgaco-2-1030x686-1.jpg\",\"datePublished\":\"2021-01-25T15:57:48+00:00\",\"dateModified\":\"2021-01-25T15:57:50+00:00\",\"author\":{\"@id\":\"https:\\\/\\\/www.altominho.tv\\\/site\\\/#\\\/schema\\\/person\\\/d9be4265364723f14ea8e0d56a1d38cd\"},\"breadcrumb\":{\"@id\":\"https:\\\/\\\/www.altominho.tv\\\/site\\\/2021\\\/01\\\/25\\\/abertas-candidaturas-para-premio-jean-loup-passek\\\/#breadcrumb\"},\"inLanguage\":\"pt-PT\",\"potentialAction\":[{\"@type\":\"ReadAction\",\"target\":[\"https:\\\/\\\/www.altominho.tv\\\/site\\\/2021\\\/01\\\/25\\\/abertas-candidaturas-para-premio-jean-loup-passek\\\/\"]}]},{\"@type\":\"ImageObject\",\"inLanguage\":\"pt-PT\",\"@id\":\"https:\\\/\\\/www.altominho.tv\\\/site\\\/2021\\\/01\\\/25\\\/abertas-candidaturas-para-premio-jean-loup-passek\\\/#primaryimage\",\"url\":\"https:\\\/\\\/www.altominho.tv\\\/site\\\/wp-content\\\/uploads\\\/2021\\\/01\\\/cinema-ar-livre-melgaco-2-1030x686-1.jpg\",\"contentUrl\":\"https:\\\/\\\/www.altominho.tv\\\/site\\\/wp-content\\\/uploads\\\/2021\\\/01\\\/cinema-ar-livre-melgaco-2-1030x686-1.jpg\",\"width\":1030,\"height\":686,\"caption\":\"MUNIC\u00cdPIO DE MELGA\u00c7O\"},{\"@type\":\"BreadcrumbList\",\"@id\":\"https:\\\/\\\/www.altominho.tv\\\/site\\\/2021\\\/01\\\/25\\\/abertas-candidaturas-para-premio-jean-loup-passek\\\/#breadcrumb\",\"itemListElement\":[{\"@type\":\"ListItem\",\"position\":1,\"name\":\"In\u00edcio\",\"item\":\"https:\\\/\\\/www.altominho.tv\\\/site\\\/\"},{\"@type\":\"ListItem\",\"position\":2,\"name\":\"Abertas candidaturas para Pr\u00e9mio Jean Loup Passek\"}]},{\"@type\":\"WebSite\",\"@id\":\"https:\\\/\\\/www.altominho.tv\\\/site\\\/#website\",\"url\":\"https:\\\/\\\/www.altominho.tv\\\/site\\\/\",\"name\":\"Altominho.tv\",\"description\":\"A sua regi\u00e3o \u00e0 dist\u00e2ncia de um clique...\",\"potentialAction\":[{\"@type\":\"SearchAction\",\"target\":{\"@type\":\"EntryPoint\",\"urlTemplate\":\"https:\\\/\\\/www.altominho.tv\\\/site\\\/?s={search_term_string}\"},\"query-input\":{\"@type\":\"PropertyValueSpecification\",\"valueRequired\":true,\"valueName\":\"search_term_string\"}}],\"inLanguage\":\"pt-PT\"},{\"@type\":\"Person\",\"@id\":\"https:\\\/\\\/www.altominho.tv\\\/site\\\/#\\\/schema\\\/person\\\/d9be4265364723f14ea8e0d56a1d38cd\",\"name\":\"Andreia Ferreira\",\"image\":{\"@type\":\"ImageObject\",\"inLanguage\":\"pt-PT\",\"@id\":\"https:\\\/\\\/www.altominho.tv\\\/site\\\/wp-content\\\/uploads\\\/2021\\\/01\\\/AndreiaFerreira-150x150.jpg\",\"url\":\"https:\\\/\\\/www.altominho.tv\\\/site\\\/wp-content\\\/uploads\\\/2021\\\/01\\\/AndreiaFerreira-150x150.jpg\",\"contentUrl\":\"https:\\\/\\\/www.altominho.tv\\\/site\\\/wp-content\\\/uploads\\\/2021\\\/01\\\/AndreiaFerreira-150x150.jpg\",\"caption\":\"Andreia Ferreira\"},\"url\":\"https:\\\/\\\/www.altominho.tv\\\/site\\\/author\\\/andreiaferreira\\\/\"}]}<\/script>\n<!-- \/ Yoast SEO Premium plugin. -->","yoast_head_json":{"title":"Abertas candidaturas para Pr\u00e9mio Jean Loup Passek","robots":{"index":"index","follow":"follow","max-snippet":"max-snippet:-1","max-image-preview":"max-image-preview:large","max-video-preview":"max-video-preview:-1"},"canonical":"https:\/\/www.altominho.tv\/site\/2021\/01\/25\/abertas-candidaturas-para-premio-jean-loup-passek\/","og_locale":"pt_PT","og_type":"article","og_title":"Abertas candidaturas para Pr\u00e9mio Jean Loup Passek","og_description":"Document\u00e1rios cinematogr\u00e1ficos, produzidos em qualquer pa\u00eds e com qualquer dura\u00e7\u00e3o, que abordam os temas identidade, mem\u00f3ria e fronteira j\u00e1 podem concorrer ao pr\u00e9mio Jean Loup Passek, integrado no Festival Internacional de Document\u00e1rio de Melga\u00e7o (MDOC). As candidaturas decorrem at\u00e9 ao dia 19 de abril. Os document\u00e1rios selecionados ser\u00e3o exibidos durante o MDOC, que este ano [&hellip;]","og_url":"https:\/\/www.altominho.tv\/site\/2021\/01\/25\/abertas-candidaturas-para-premio-jean-loup-passek\/","og_site_name":"Altominho.tv","article_publisher":"https:\/\/www.facebook.com\/altominhotv","article_published_time":"2021-01-25T15:57:48+00:00","article_modified_time":"2021-01-25T15:57:50+00:00","og_image":[{"width":1030,"height":686,"url":"https:\/\/www.altominho.tv\/site\/wp-content\/uploads\/2021\/01\/cinema-ar-livre-melgaco-2-1030x686-1.jpg","type":"image\/jpeg"}],"author":"Andreia Ferreira","twitter_card":"summary_large_image","twitter_creator":"@altominhoTV","twitter_site":"@altominhoTV","twitter_misc":{"Escrito por":"Andreia Ferreira","Tempo estimado de leitura":"2 minutos"},"schema":{"@context":"https:\/\/schema.org","@graph":[{"@type":"Article","@id":"https:\/\/www.altominho.tv\/site\/2021\/01\/25\/abertas-candidaturas-para-premio-jean-loup-passek\/#article","isPartOf":{"@id":"https:\/\/www.altominho.tv\/site\/2021\/01\/25\/abertas-candidaturas-para-premio-jean-loup-passek\/"},"author":{"name":"Andreia Ferreira","@id":"https:\/\/www.altominho.tv\/site\/#\/schema\/person\/d9be4265364723f14ea8e0d56a1d38cd"},"headline":"Abertas candidaturas para Pr\u00e9mio Jean Loup Passek","datePublished":"2021-01-25T15:57:48+00:00","dateModified":"2021-01-25T15:57:50+00:00","mainEntityOfPage":{"@id":"https:\/\/www.altominho.tv\/site\/2021\/01\/25\/abertas-candidaturas-para-premio-jean-loup-passek\/"},"wordCount":427,"image":{"@id":"https:\/\/www.altominho.tv\/site\/2021\/01\/25\/abertas-candidaturas-para-premio-jean-loup-passek\/#primaryimage"},"thumbnailUrl":"https:\/\/www.altominho.tv\/site\/wp-content\/uploads\/2021\/01\/cinema-ar-livre-melgaco-2-1030x686-1.jpg","keywords":["Cultura"],"articleSection":["Melga\u00e7o"],"inLanguage":"pt-PT","copyrightYear":"2021","copyrightHolder":{"@id":"https:\/\/www.altominho.tv\/site\/#organization"}},{"@type":"WebPage","@id":"https:\/\/www.altominho.tv\/site\/2021\/01\/25\/abertas-candidaturas-para-premio-jean-loup-passek\/","url":"https:\/\/www.altominho.tv\/site\/2021\/01\/25\/abertas-candidaturas-para-premio-jean-loup-passek\/","name":"Abertas candidaturas para Pr\u00e9mio Jean Loup Passek","isPartOf":{"@id":"https:\/\/www.altominho.tv\/site\/#website"},"primaryImageOfPage":{"@id":"https:\/\/www.altominho.tv\/site\/2021\/01\/25\/abertas-candidaturas-para-premio-jean-loup-passek\/#primaryimage"},"image":{"@id":"https:\/\/www.altominho.tv\/site\/2021\/01\/25\/abertas-candidaturas-para-premio-jean-loup-passek\/#primaryimage"},"thumbnailUrl":"https:\/\/www.altominho.tv\/site\/wp-content\/uploads\/2021\/01\/cinema-ar-livre-melgaco-2-1030x686-1.jpg","datePublished":"2021-01-25T15:57:48+00:00","dateModified":"2021-01-25T15:57:50+00:00","author":{"@id":"https:\/\/www.altominho.tv\/site\/#\/schema\/person\/d9be4265364723f14ea8e0d56a1d38cd"},"breadcrumb":{"@id":"https:\/\/www.altominho.tv\/site\/2021\/01\/25\/abertas-candidaturas-para-premio-jean-loup-passek\/#breadcrumb"},"inLanguage":"pt-PT","potentialAction":[{"@type":"ReadAction","target":["https:\/\/www.altominho.tv\/site\/2021\/01\/25\/abertas-candidaturas-para-premio-jean-loup-passek\/"]}]},{"@type":"ImageObject","inLanguage":"pt-PT","@id":"https:\/\/www.altominho.tv\/site\/2021\/01\/25\/abertas-candidaturas-para-premio-jean-loup-passek\/#primaryimage","url":"https:\/\/www.altominho.tv\/site\/wp-content\/uploads\/2021\/01\/cinema-ar-livre-melgaco-2-1030x686-1.jpg","contentUrl":"https:\/\/www.altominho.tv\/site\/wp-content\/uploads\/2021\/01\/cinema-ar-livre-melgaco-2-1030x686-1.jpg","width":1030,"height":686,"caption":"MUNIC\u00cdPIO DE MELGA\u00c7O"},{"@type":"BreadcrumbList","@id":"https:\/\/www.altominho.tv\/site\/2021\/01\/25\/abertas-candidaturas-para-premio-jean-loup-passek\/#breadcrumb","itemListElement":[{"@type":"ListItem","position":1,"name":"In\u00edcio","item":"https:\/\/www.altominho.tv\/site\/"},{"@type":"ListItem","position":2,"name":"Abertas candidaturas para Pr\u00e9mio Jean Loup Passek"}]},{"@type":"WebSite","@id":"https:\/\/www.altominho.tv\/site\/#website","url":"https:\/\/www.altominho.tv\/site\/","name":"Altominho.tv","description":"A sua regi\u00e3o \u00e0 dist\u00e2ncia de um clique...","potentialAction":[{"@type":"SearchAction","target":{"@type":"EntryPoint","urlTemplate":"https:\/\/www.altominho.tv\/site\/?s={search_term_string}"},"query-input":{"@type":"PropertyValueSpecification","valueRequired":true,"valueName":"search_term_string"}}],"inLanguage":"pt-PT"},{"@type":"Person","@id":"https:\/\/www.altominho.tv\/site\/#\/schema\/person\/d9be4265364723f14ea8e0d56a1d38cd","name":"Andreia Ferreira","image":{"@type":"ImageObject","inLanguage":"pt-PT","@id":"https:\/\/www.altominho.tv\/site\/wp-content\/uploads\/2021\/01\/AndreiaFerreira-150x150.jpg","url":"https:\/\/www.altominho.tv\/site\/wp-content\/uploads\/2021\/01\/AndreiaFerreira-150x150.jpg","contentUrl":"https:\/\/www.altominho.tv\/site\/wp-content\/uploads\/2021\/01\/AndreiaFerreira-150x150.jpg","caption":"Andreia Ferreira"},"url":"https:\/\/www.altominho.tv\/site\/author\/andreiaferreira\/"}]}},"_links":{"self":[{"href":"https:\/\/www.altominho.tv\/site\/wp-json\/wp\/v2\/posts\/60304","targetHints":{"allow":["GET"]}}],"collection":[{"href":"https:\/\/www.altominho.tv\/site\/wp-json\/wp\/v2\/posts"}],"about":[{"href":"https:\/\/www.altominho.tv\/site\/wp-json\/wp\/v2\/types\/post"}],"author":[{"embeddable":true,"href":"https:\/\/www.altominho.tv\/site\/wp-json\/wp\/v2\/users\/12"}],"replies":[{"embeddable":true,"href":"https:\/\/www.altominho.tv\/site\/wp-json\/wp\/v2\/comments?post=60304"}],"version-history":[{"count":0,"href":"https:\/\/www.altominho.tv\/site\/wp-json\/wp\/v2\/posts\/60304\/revisions"}],"wp:featuredmedia":[{"embeddable":true,"href":"https:\/\/www.altominho.tv\/site\/wp-json\/wp\/v2\/media\/60306"}],"wp:attachment":[{"href":"https:\/\/www.altominho.tv\/site\/wp-json\/wp\/v2\/media?parent=60304"}],"wp:term":[{"taxonomy":"category","embeddable":true,"href":"https:\/\/www.altominho.tv\/site\/wp-json\/wp\/v2\/categories?post=60304"},{"taxonomy":"post_tag","embeddable":true,"href":"https:\/\/www.altominho.tv\/site\/wp-json\/wp\/v2\/tags?post=60304"}],"curies":[{"name":"wp","href":"https:\/\/api.w.org\/{rel}","templated":true}]}}