{"id":6027,"date":"2016-06-03T16:11:15","date_gmt":"2016-06-03T16:11:15","guid":{"rendered":"http:\/\/www.altominho.tv\/site\/?p=6027"},"modified":"2017-11-30T16:12:28","modified_gmt":"2017-11-30T16:12:28","slug":"spot-publicitario-corpo-de-deus-e-festa-da-coca","status":"publish","type":"post","link":"https:\/\/www.altominho.tv\/site\/2016\/06\/03\/spot-publicitario-corpo-de-deus-e-festa-da-coca\/","title":{"rendered":"Spot Publicit\u00e1rio &#8220;Corpo de Deus e Festa da Coca&#8221;"},"content":{"rendered":"<p>&nbsp;<\/p>\n<p><iframe loading=\"lazy\" width=\"770\" height=\"433\" src=\"https:\/\/www.youtube.com\/embed\/3oXy5VSamD0?feature=oembed\" frameborder=\"0\" gesture=\"media\" allow=\"encrypted-media\" allowfullscreen><\/iframe><\/p>\n<p>Spot Publicit\u00e1rio do evento &#8220;Corpo de Deus e Festa da Coca&#8221;<\/p>\n<p>Cliente: Munic\u00edpio de Mon\u00e7\u00e3o<\/p>\n","protected":false},"excerpt":{"rendered":"<p>&nbsp; Spot Publicit\u00e1rio do evento &#8220;Corpo de Deus e Festa da Coca&#8221; Cliente: Munic\u00edpio de Mon\u00e7\u00e3o<\/p>\n","protected":false},"author":8,"featured_media":6030,"comment_status":"closed","ping_status":"closed","sticky":false,"template":"","format":"video","meta":{"_exactmetrics_skip_tracking":false,"_exactmetrics_sitenote_active":false,"_exactmetrics_sitenote_note":"","_exactmetrics_sitenote_category":0,"footnotes":""},"categories":[4],"tags":[],"class_list":["post-6027","post","type-post","status-publish","format-video","has-post-thumbnail","hentry","category-spots-publicitarios","post_format-post-format-video"],"yoast_head":"<!-- This site is optimized with the Yoast SEO Premium plugin v27.5 (Yoast SEO v27.5) - https:\/\/yoast.com\/product\/yoast-seo-premium-wordpress\/ -->\n<title>Spot Publicit\u00e1rio &quot;Corpo de Deus e Festa da Coca&quot;<\/title>\n<meta name=\"robots\" content=\"index, follow, max-snippet:-1, max-image-preview:large, max-video-preview:-1\" \/>\n<link rel=\"canonical\" href=\"https:\/\/www.altominho.tv\/site\/2016\/06\/03\/spot-publicitario-corpo-de-deus-e-festa-da-coca\/\" \/>\n<meta property=\"og:locale\" content=\"pt_PT\" \/>\n<meta property=\"og:type\" content=\"article\" \/>\n<meta property=\"og:title\" content=\"Spot Publicit\u00e1rio &quot;Corpo de Deus e Festa da Coca&quot;\" \/>\n<meta property=\"og:description\" content=\"&nbsp; Spot Publicit\u00e1rio do evento &#8220;Corpo de Deus e Festa da Coca&#8221; Cliente: Munic\u00edpio de Mon\u00e7\u00e3o\" \/>\n<meta property=\"og:url\" content=\"https:\/\/www.altominho.tv\/site\/2016\/06\/03\/spot-publicitario-corpo-de-deus-e-festa-da-coca\/\" \/>\n<meta property=\"og:site_name\" content=\"Altominho.tv\" \/>\n<meta property=\"article:publisher\" content=\"https:\/\/www.facebook.com\/altominhotv\" \/>\n<meta property=\"article:published_time\" content=\"2016-06-03T16:11:15+00:00\" \/>\n<meta property=\"article:modified_time\" content=\"2017-11-30T16:12:28+00:00\" \/>\n<meta property=\"og:image\" content=\"https:\/\/www.altominho.tv\/site\/wp-content\/uploads\/2017\/11\/Coca.jpg\" \/>\n\t<meta property=\"og:image:width\" content=\"1530\" \/>\n\t<meta property=\"og:image:height\" content=\"830\" \/>\n\t<meta property=\"og:image:type\" content=\"image\/jpeg\" \/>\n<meta name=\"author\" content=\"Alexandre Ferreira\" \/>\n<meta name=\"twitter:card\" content=\"summary_large_image\" \/>\n<meta name=\"twitter:creator\" content=\"@altominhoTV\" \/>\n<meta name=\"twitter:site\" content=\"@altominhoTV\" \/>\n<meta name=\"twitter:label1\" content=\"Escrito por\" \/>\n\t<meta name=\"twitter:data1\" content=\"Alexandre Ferreira\" \/>\n<script type=\"application\/ld+json\" class=\"yoast-schema-graph\">{\"@context\":\"https:\\\/\\\/schema.org\",\"@graph\":[{\"@type\":\"Article\",\"@id\":\"https:\\\/\\\/www.altominho.tv\\\/site\\\/2016\\\/06\\\/03\\\/spot-publicitario-corpo-de-deus-e-festa-da-coca\\\/#article\",\"isPartOf\":{\"@id\":\"https:\\\/\\\/www.altominho.tv\\\/site\\\/2016\\\/06\\\/03\\\/spot-publicitario-corpo-de-deus-e-festa-da-coca\\\/\"},\"author\":{\"name\":\"Alexandre Ferreira\",\"@id\":\"https:\\\/\\\/www.altominho.tv\\\/site\\\/#\\\/schema\\\/person\\\/56c462a0f6591602f4e9fb3fa6ea49bd\"},\"headline\":\"Spot Publicit\u00e1rio &#8220;Corpo de Deus e Festa da Coca&#8221;\",\"datePublished\":\"2016-06-03T16:11:15+00:00\",\"dateModified\":\"2017-11-30T16:12:28+00:00\",\"mainEntityOfPage\":{\"@id\":\"https:\\\/\\\/www.altominho.tv\\\/site\\\/2016\\\/06\\\/03\\\/spot-publicitario-corpo-de-deus-e-festa-da-coca\\\/\"},\"wordCount\":39,\"image\":{\"@id\":\"https:\\\/\\\/www.altominho.tv\\\/site\\\/2016\\\/06\\\/03\\\/spot-publicitario-corpo-de-deus-e-festa-da-coca\\\/#primaryimage\"},\"thumbnailUrl\":\"https:\\\/\\\/www.altominho.tv\\\/site\\\/wp-content\\\/uploads\\\/2017\\\/11\\\/Coca.jpg\",\"articleSection\":[\"Spots Publicit\u00e1rios\"],\"inLanguage\":\"pt-PT\",\"copyrightYear\":\"2016\",\"copyrightHolder\":{\"@id\":\"https:\\\/\\\/www.altominho.tv\\\/site\\\/#organization\"}},{\"@type\":\"WebPage\",\"@id\":\"https:\\\/\\\/www.altominho.tv\\\/site\\\/2016\\\/06\\\/03\\\/spot-publicitario-corpo-de-deus-e-festa-da-coca\\\/\",\"url\":\"https:\\\/\\\/www.altominho.tv\\\/site\\\/2016\\\/06\\\/03\\\/spot-publicitario-corpo-de-deus-e-festa-da-coca\\\/\",\"name\":\"Spot Publicit\u00e1rio \\\"Corpo de Deus e Festa da Coca\\\"\",\"isPartOf\":{\"@id\":\"https:\\\/\\\/www.altominho.tv\\\/site\\\/#website\"},\"primaryImageOfPage\":{\"@id\":\"https:\\\/\\\/www.altominho.tv\\\/site\\\/2016\\\/06\\\/03\\\/spot-publicitario-corpo-de-deus-e-festa-da-coca\\\/#primaryimage\"},\"image\":{\"@id\":\"https:\\\/\\\/www.altominho.tv\\\/site\\\/2016\\\/06\\\/03\\\/spot-publicitario-corpo-de-deus-e-festa-da-coca\\\/#primaryimage\"},\"thumbnailUrl\":\"https:\\\/\\\/www.altominho.tv\\\/site\\\/wp-content\\\/uploads\\\/2017\\\/11\\\/Coca.jpg\",\"datePublished\":\"2016-06-03T16:11:15+00:00\",\"dateModified\":\"2017-11-30T16:12:28+00:00\",\"author\":{\"@id\":\"https:\\\/\\\/www.altominho.tv\\\/site\\\/#\\\/schema\\\/person\\\/56c462a0f6591602f4e9fb3fa6ea49bd\"},\"breadcrumb\":{\"@id\":\"https:\\\/\\\/www.altominho.tv\\\/site\\\/2016\\\/06\\\/03\\\/spot-publicitario-corpo-de-deus-e-festa-da-coca\\\/#breadcrumb\"},\"inLanguage\":\"pt-PT\",\"potentialAction\":[{\"@type\":\"ReadAction\",\"target\":[\"https:\\\/\\\/www.altominho.tv\\\/site\\\/2016\\\/06\\\/03\\\/spot-publicitario-corpo-de-deus-e-festa-da-coca\\\/\"]}]},{\"@type\":\"ImageObject\",\"inLanguage\":\"pt-PT\",\"@id\":\"https:\\\/\\\/www.altominho.tv\\\/site\\\/2016\\\/06\\\/03\\\/spot-publicitario-corpo-de-deus-e-festa-da-coca\\\/#primaryimage\",\"url\":\"https:\\\/\\\/www.altominho.tv\\\/site\\\/wp-content\\\/uploads\\\/2017\\\/11\\\/Coca.jpg\",\"contentUrl\":\"https:\\\/\\\/www.altominho.tv\\\/site\\\/wp-content\\\/uploads\\\/2017\\\/11\\\/Coca.jpg\",\"width\":1530,\"height\":830},{\"@type\":\"BreadcrumbList\",\"@id\":\"https:\\\/\\\/www.altominho.tv\\\/site\\\/2016\\\/06\\\/03\\\/spot-publicitario-corpo-de-deus-e-festa-da-coca\\\/#breadcrumb\",\"itemListElement\":[{\"@type\":\"ListItem\",\"position\":1,\"name\":\"In\u00edcio\",\"item\":\"https:\\\/\\\/www.altominho.tv\\\/site\\\/\"},{\"@type\":\"ListItem\",\"position\":2,\"name\":\"Spot Publicit\u00e1rio &#8220;Corpo de Deus e Festa da Coca&#8221;\"}]},{\"@type\":\"WebSite\",\"@id\":\"https:\\\/\\\/www.altominho.tv\\\/site\\\/#website\",\"url\":\"https:\\\/\\\/www.altominho.tv\\\/site\\\/\",\"name\":\"Altominho.tv\",\"description\":\"A sua regi\u00e3o \u00e0 dist\u00e2ncia de um clique...\",\"potentialAction\":[{\"@type\":\"SearchAction\",\"target\":{\"@type\":\"EntryPoint\",\"urlTemplate\":\"https:\\\/\\\/www.altominho.tv\\\/site\\\/?s={search_term_string}\"},\"query-input\":{\"@type\":\"PropertyValueSpecification\",\"valueRequired\":true,\"valueName\":\"search_term_string\"}}],\"inLanguage\":\"pt-PT\"},{\"@type\":\"Person\",\"@id\":\"https:\\\/\\\/www.altominho.tv\\\/site\\\/#\\\/schema\\\/person\\\/56c462a0f6591602f4e9fb3fa6ea49bd\",\"name\":\"Alexandre Ferreira\",\"image\":{\"@type\":\"ImageObject\",\"inLanguage\":\"pt-PT\",\"@id\":\"https:\\\/\\\/www.altominho.tv\\\/site\\\/wp-content\\\/uploads\\\/2017\\\/11\\\/Alexandre-150x150.jpg\",\"url\":\"https:\\\/\\\/www.altominho.tv\\\/site\\\/wp-content\\\/uploads\\\/2017\\\/11\\\/Alexandre-150x150.jpg\",\"contentUrl\":\"https:\\\/\\\/www.altominho.tv\\\/site\\\/wp-content\\\/uploads\\\/2017\\\/11\\\/Alexandre-150x150.jpg\",\"caption\":\"Alexandre Ferreira\"},\"url\":\"https:\\\/\\\/www.altominho.tv\\\/site\\\/author\\\/alexandreferreira\\\/\"}]}<\/script>\n<!-- \/ Yoast SEO Premium plugin. -->","yoast_head_json":{"title":"Spot Publicit\u00e1rio \"Corpo de Deus e Festa da Coca\"","robots":{"index":"index","follow":"follow","max-snippet":"max-snippet:-1","max-image-preview":"max-image-preview:large","max-video-preview":"max-video-preview:-1"},"canonical":"https:\/\/www.altominho.tv\/site\/2016\/06\/03\/spot-publicitario-corpo-de-deus-e-festa-da-coca\/","og_locale":"pt_PT","og_type":"article","og_title":"Spot Publicit\u00e1rio \"Corpo de Deus e Festa da Coca\"","og_description":"&nbsp; Spot Publicit\u00e1rio do evento &#8220;Corpo de Deus e Festa da Coca&#8221; Cliente: Munic\u00edpio de Mon\u00e7\u00e3o","og_url":"https:\/\/www.altominho.tv\/site\/2016\/06\/03\/spot-publicitario-corpo-de-deus-e-festa-da-coca\/","og_site_name":"Altominho.tv","article_publisher":"https:\/\/www.facebook.com\/altominhotv","article_published_time":"2016-06-03T16:11:15+00:00","article_modified_time":"2017-11-30T16:12:28+00:00","og_image":[{"width":1530,"height":830,"url":"https:\/\/www.altominho.tv\/site\/wp-content\/uploads\/2017\/11\/Coca.jpg","type":"image\/jpeg"}],"author":"Alexandre Ferreira","twitter_card":"summary_large_image","twitter_creator":"@altominhoTV","twitter_site":"@altominhoTV","twitter_misc":{"Escrito por":"Alexandre Ferreira"},"schema":{"@context":"https:\/\/schema.org","@graph":[{"@type":"Article","@id":"https:\/\/www.altominho.tv\/site\/2016\/06\/03\/spot-publicitario-corpo-de-deus-e-festa-da-coca\/#article","isPartOf":{"@id":"https:\/\/www.altominho.tv\/site\/2016\/06\/03\/spot-publicitario-corpo-de-deus-e-festa-da-coca\/"},"author":{"name":"Alexandre Ferreira","@id":"https:\/\/www.altominho.tv\/site\/#\/schema\/person\/56c462a0f6591602f4e9fb3fa6ea49bd"},"headline":"Spot Publicit\u00e1rio &#8220;Corpo de Deus e Festa da Coca&#8221;","datePublished":"2016-06-03T16:11:15+00:00","dateModified":"2017-11-30T16:12:28+00:00","mainEntityOfPage":{"@id":"https:\/\/www.altominho.tv\/site\/2016\/06\/03\/spot-publicitario-corpo-de-deus-e-festa-da-coca\/"},"wordCount":39,"image":{"@id":"https:\/\/www.altominho.tv\/site\/2016\/06\/03\/spot-publicitario-corpo-de-deus-e-festa-da-coca\/#primaryimage"},"thumbnailUrl":"https:\/\/www.altominho.tv\/site\/wp-content\/uploads\/2017\/11\/Coca.jpg","articleSection":["Spots Publicit\u00e1rios"],"inLanguage":"pt-PT","copyrightYear":"2016","copyrightHolder":{"@id":"https:\/\/www.altominho.tv\/site\/#organization"}},{"@type":"WebPage","@id":"https:\/\/www.altominho.tv\/site\/2016\/06\/03\/spot-publicitario-corpo-de-deus-e-festa-da-coca\/","url":"https:\/\/www.altominho.tv\/site\/2016\/06\/03\/spot-publicitario-corpo-de-deus-e-festa-da-coca\/","name":"Spot Publicit\u00e1rio \"Corpo de Deus e Festa da Coca\"","isPartOf":{"@id":"https:\/\/www.altominho.tv\/site\/#website"},"primaryImageOfPage":{"@id":"https:\/\/www.altominho.tv\/site\/2016\/06\/03\/spot-publicitario-corpo-de-deus-e-festa-da-coca\/#primaryimage"},"image":{"@id":"https:\/\/www.altominho.tv\/site\/2016\/06\/03\/spot-publicitario-corpo-de-deus-e-festa-da-coca\/#primaryimage"},"thumbnailUrl":"https:\/\/www.altominho.tv\/site\/wp-content\/uploads\/2017\/11\/Coca.jpg","datePublished":"2016-06-03T16:11:15+00:00","dateModified":"2017-11-30T16:12:28+00:00","author":{"@id":"https:\/\/www.altominho.tv\/site\/#\/schema\/person\/56c462a0f6591602f4e9fb3fa6ea49bd"},"breadcrumb":{"@id":"https:\/\/www.altominho.tv\/site\/2016\/06\/03\/spot-publicitario-corpo-de-deus-e-festa-da-coca\/#breadcrumb"},"inLanguage":"pt-PT","potentialAction":[{"@type":"ReadAction","target":["https:\/\/www.altominho.tv\/site\/2016\/06\/03\/spot-publicitario-corpo-de-deus-e-festa-da-coca\/"]}]},{"@type":"ImageObject","inLanguage":"pt-PT","@id":"https:\/\/www.altominho.tv\/site\/2016\/06\/03\/spot-publicitario-corpo-de-deus-e-festa-da-coca\/#primaryimage","url":"https:\/\/www.altominho.tv\/site\/wp-content\/uploads\/2017\/11\/Coca.jpg","contentUrl":"https:\/\/www.altominho.tv\/site\/wp-content\/uploads\/2017\/11\/Coca.jpg","width":1530,"height":830},{"@type":"BreadcrumbList","@id":"https:\/\/www.altominho.tv\/site\/2016\/06\/03\/spot-publicitario-corpo-de-deus-e-festa-da-coca\/#breadcrumb","itemListElement":[{"@type":"ListItem","position":1,"name":"In\u00edcio","item":"https:\/\/www.altominho.tv\/site\/"},{"@type":"ListItem","position":2,"name":"Spot Publicit\u00e1rio &#8220;Corpo de Deus e Festa da Coca&#8221;"}]},{"@type":"WebSite","@id":"https:\/\/www.altominho.tv\/site\/#website","url":"https:\/\/www.altominho.tv\/site\/","name":"Altominho.tv","description":"A sua regi\u00e3o \u00e0 dist\u00e2ncia de um clique...","potentialAction":[{"@type":"SearchAction","target":{"@type":"EntryPoint","urlTemplate":"https:\/\/www.altominho.tv\/site\/?s={search_term_string}"},"query-input":{"@type":"PropertyValueSpecification","valueRequired":true,"valueName":"search_term_string"}}],"inLanguage":"pt-PT"},{"@type":"Person","@id":"https:\/\/www.altominho.tv\/site\/#\/schema\/person\/56c462a0f6591602f4e9fb3fa6ea49bd","name":"Alexandre Ferreira","image":{"@type":"ImageObject","inLanguage":"pt-PT","@id":"https:\/\/www.altominho.tv\/site\/wp-content\/uploads\/2017\/11\/Alexandre-150x150.jpg","url":"https:\/\/www.altominho.tv\/site\/wp-content\/uploads\/2017\/11\/Alexandre-150x150.jpg","contentUrl":"https:\/\/www.altominho.tv\/site\/wp-content\/uploads\/2017\/11\/Alexandre-150x150.jpg","caption":"Alexandre Ferreira"},"url":"https:\/\/www.altominho.tv\/site\/author\/alexandreferreira\/"}]}},"_links":{"self":[{"href":"https:\/\/www.altominho.tv\/site\/wp-json\/wp\/v2\/posts\/6027","targetHints":{"allow":["GET"]}}],"collection":[{"href":"https:\/\/www.altominho.tv\/site\/wp-json\/wp\/v2\/posts"}],"about":[{"href":"https:\/\/www.altominho.tv\/site\/wp-json\/wp\/v2\/types\/post"}],"author":[{"embeddable":true,"href":"https:\/\/www.altominho.tv\/site\/wp-json\/wp\/v2\/users\/8"}],"replies":[{"embeddable":true,"href":"https:\/\/www.altominho.tv\/site\/wp-json\/wp\/v2\/comments?post=6027"}],"version-history":[{"count":0,"href":"https:\/\/www.altominho.tv\/site\/wp-json\/wp\/v2\/posts\/6027\/revisions"}],"wp:featuredmedia":[{"embeddable":true,"href":"https:\/\/www.altominho.tv\/site\/wp-json\/wp\/v2\/media\/6030"}],"wp:attachment":[{"href":"https:\/\/www.altominho.tv\/site\/wp-json\/wp\/v2\/media?parent=6027"}],"wp:term":[{"taxonomy":"category","embeddable":true,"href":"https:\/\/www.altominho.tv\/site\/wp-json\/wp\/v2\/categories?post=6027"},{"taxonomy":"post_tag","embeddable":true,"href":"https:\/\/www.altominho.tv\/site\/wp-json\/wp\/v2\/tags?post=6027"}],"curies":[{"name":"wp","href":"https:\/\/api.w.org\/{rel}","templated":true}]}}